{"id":5204,"date":"2024-03-20T18:18:11","date_gmt":"2024-03-20T17:18:11","guid":{"rendered":"https:\/\/vosgesinfo.fr\/remiremontinfo\/?p=5204"},"modified":"2024-03-20T18:18:11","modified_gmt":"2024-03-20T17:18:11","slug":"assemblee-generale-de-lassociation-des-amis-lorrains-du-laos-samedi-6-avril","status":"publish","type":"post","link":"https:\/\/vosgesinfo.fr\/remiremontinfo\/2024\/03\/assemblee-generale-de-lassociation-des-amis-lorrains-du-laos-samedi-6-avril\/","title":{"rendered":"Assembl\u00e9e G\u00e9n\u00e9rale de l\u2019association des Amis Lorrains du Laos Samedi 6 avril"},"content":{"rendered":"<p><strong><img decoding=\"async\" class=\"alignright size-medium wp-image-5210\" src=\"https:\/\/vosgesinfo.fr\/app\/uploads\/sites\/5\/2024\/03\/amis-lorrains-du-laos-4-300x200.jpg\" alt=\"\" width=\"300\" height=\"200\" srcset=\"https:\/\/vosgesinfo.fr\/app\/uploads\/sites\/5\/2024\/03\/amis-lorrains-du-laos-4-300x200.jpg 300w, https:\/\/vosgesinfo.fr\/app\/uploads\/sites\/5\/2024\/03\/amis-lorrains-du-laos-4-1024x683.jpg 1024w, https:\/\/vosgesinfo.fr\/app\/uploads\/sites\/5\/2024\/03\/amis-lorrains-du-laos-4-768x512.jpg 768w, https:\/\/vosgesinfo.fr\/app\/uploads\/sites\/5\/2024\/03\/amis-lorrains-du-laos-4-1536x1024.jpg 1536w, https:\/\/vosgesinfo.fr\/app\/uploads\/sites\/5\/2024\/03\/amis-lorrains-du-laos-4-2048x1365.jpg 2048w\" sizes=\"(max-width: 300px) 100vw, 300px\" \/><\/strong><\/p>\n<p>L\u2019Assembl\u00e9e g\u00e9n\u00e9rale aura lieu le 6 avril 2024 \u00e0 17h au Centre socio culturel \u00e0 St Nabord, (salle \u201cEurope\u201d) suivie d&rsquo;un repas Lao vers 19h30, sur r\u00e9servation, 20\u20ac\/personne<br \/>\nMerci de r\u00e9server votre repas au plus tard pour le 1er avril \u2013 <u>Attention ! places limit\u00e9es &#8211;<\/u><br \/>\nPar courrier : ALL 23 rue du Ballon d&rsquo;Alsace 88560 St Maurice sur Moselle<br \/>\navec votre r\u00e8glement \u00e0 l&rsquo;ordre de \u201cAmis Lorrains du Laos\u201d<br \/>\npar mail : contact@amislorrainsdulaos.org et paiement sur place.<\/p>\n<p><strong><u>Un petit rappel sur notre association :<\/u><\/strong><\/p>\n<p>L\u2019association \u00ab Amis Lorrains du Laos \u00bb (ALL) existe depuis 1996, \u00e0 l\u2019\u00e9poque sous une autre d\u00e9nomination : \u00ab Les Amis d\u2019\u00c9tienne et Lulu \u00bb. Elle s\u2019est constitu\u00e9e dans les Vosges, suite au d\u00e9part pour le Laos du Dr \u00c9tienne G\u00e9hin et de son \u00e9pouse Lucienne.<\/p>\n<p>Elle avait pour but de soutenir les actions de d\u00e9veloppement non prise en compte par l\u2019ONG \u00ab Les Enfants d\u2019Ailleurs \u00bb qui employait le couple pour un programme de soins de sant\u00e9 primaires et un programme de soins de sant\u00e9 reproductive. Ils travaillaient dans le nord du Laos, dans la province d\u2019Oudomxay, au niveau des structures de sant\u00e9 de la Province, de deux districts et aupr\u00e8s d\u2019une vingtaine de villages.<\/p>\n<p>Les besoins des communaut\u00e9s villageoises d\u00e9passaient largement le cadre du programme pour lequel ils \u00e9taient mandat\u00e9s<\/p>\n<p>Actuellement, ALL est pr\u00e9sid\u00e9e par le Dr \u00c9tienne G\u00e9hin.<\/p>\n<p><u>2) Combien de membres compte-t-elle ?<\/u><\/p>\n<p>Une centaine d&rsquo;adh\u00e9rents actuellement en bonne voie d&rsquo;augmentation, repr\u00e9sent\u00e9e par un conseil d&rsquo;administration de 15 membres.<\/p>\n<p><u>Qui peut en faire partie ?<\/u><\/p>\n<p>Toutes les personnes de bonne volont\u00e9 ouvertes \u00e0 la solidarit\u00e9 internationale.<\/p>\n<p><u>3) Quelles actions m\u00e8ne-t-elle ?<\/u><\/p>\n<p>L&rsquo;association travaille toujours dans le domaine de la sant\u00e9, de l&rsquo;\u00e9ducation, et forme les populations concern\u00e9es au bon usage des actions mises en place, en accord avec les instances gouvernementales.<\/p>\n<p>Dans un premier temps, apr\u00e8s s\u00e9lection des actions les plus pertinentes \u00e0 mettre en place, un comit\u00e9 ALL doit \u00e9tudier et pr\u00e9senter des dossiers bien \u00e9tay\u00e9s, afin de convaincre un maximum de nos bailleurs de fonds.<\/p>\n<p>Pour les ann\u00e9es 2023\/2024, nous finan\u00e7ons principalement :<\/p>\n<p>&#8211; la construction d&rsquo;une \u00e9cole \u00e0 Saysamphanh-Poussang.<\/p>\n<p>&#8211; Nous allons travailler avec 4 villages pour mettre en place des r\u00e9seaux d&rsquo;eau et avec 6 villages pour la construction de 155 latrines.<\/p>\n<p>&#8211; Coordination d&rsquo;actions de formation l\u00e0 o\u00f9 elles sont n\u00e9cessaires.<\/p>\n<p>A noter que les changements climatiques compliquent les t\u00e2ches sachant que la rar\u00e9faction de l&rsquo;eau n\u00e9cessite des \u00e9tudes s\u00e9rieuses et complexes.<\/p>\n<p>La r\u00e9alisation et l&rsquo;entretien des installations demande beaucoup de rigueur de la part des institutions comp\u00e9tentes et des habitants. Beaucoup de formations sont encore \u00e0 pr\u00e9voir afin d&rsquo;anticiper les probl\u00e8mes.<\/p>\n<p>Nos principaux bailleurs de fonds sont :<\/p>\n<p>&#8211; l&rsquo;agence de l&rsquo;eau Rhin\/Meuse<\/p>\n<p>&#8211; Terre d&rsquo;eau en partage<\/p>\n<p>&#8211; La r\u00e9gion Grand Est<\/p>\n<p>&#8211; L\u2019agence des Micro-projets<\/p>\n<p>&#8211; Les adh\u00e9rents et les donateurs priv\u00e9s<\/p>\n<p>A savoir que les habitants r\u00e9alisent les travaux sous l&rsquo;\u0153il avis\u00e9 des personnes expertes d\u00e9sign\u00e9es par les instances laotiennes de la Sant\u00e9 concern\u00e9es. Des audits sont r\u00e9alis\u00e9s par nos bailleurs de fonds et ALL effectue lui aussi des \u00e9valuations r\u00e9guli\u00e8res.<\/p>\n<p>&nbsp;<\/p>\n","protected":false},"excerpt":{"rendered":"<p>L\u2019Assembl\u00e9e g\u00e9n\u00e9rale aura lieu le 6 avril 2024 \u00e0 17h au Centre socio culturel \u00e0 St Nabord, (salle \u201cEurope\u201d) suivie [&hellip;]<\/p>\n","protected":false},"author":413,"featured_media":5209,"comment_status":"open","ping_status":"open","sticky":false,"template":"","format":"standard","meta":{"footnotes":""},"categories":[26,35,60,17],"tags":[923],"class_list":["post-5204","post","type-post","status-publish","format-standard","has-post-thumbnail","hentry","category-a-la-une","category-remiremont-son-canton","category-solidarite","category-vie-associative","tag-association-des-amis-lorrains-du-laos"],"acf":[],"yoast_head":"<!-- This site is optimized with the Yoast SEO plugin v22.5 - https:\/\/yoast.com\/wordpress\/plugins\/seo\/ -->\n<title>Assembl\u00e9e G\u00e9n\u00e9rale de l\u2019association des Amis Lorrains du Laos Samedi 6 avril - Remiremont Info<\/title>\n<meta name=\"robots\" content=\"index, follow, max-snippet:-1, max-image-preview:large, max-video-preview:-1\" \/>\n<link rel=\"canonical\" href=\"https:\/\/vosgesinfo.fr\/remiremontinfo\/2024\/03\/assemblee-generale-de-lassociation-des-amis-lorrains-du-laos-samedi-6-avril\/\" \/>\n<meta name=\"twitter:card\" content=\"summary_large_image\" \/>\n<meta name=\"twitter:title\" content=\"Assembl\u00e9e G\u00e9n\u00e9rale de l\u2019association des Amis Lorrains du Laos Samedi 6 avril - Remiremont Info\" \/>\n<meta name=\"twitter:description\" content=\"L\u2019Assembl\u00e9e g\u00e9n\u00e9rale aura lieu le 6 avril 2024 \u00e0 17h au Centre socio culturel \u00e0 St Nabord, (salle \u201cEurope\u201d) suivie [&hellip;]\" \/>\n<meta name=\"twitter:image\" content=\"https:\/\/vosgesinfo.fr\/app\/uploads\/sites\/5\/2024\/03\/amis-lorrains-du-laos-1-scaled.jpg\" \/>\n<meta name=\"twitter:creator\" content=\"@VosgesInfo88\" \/>\n<meta name=\"twitter:site\" content=\"@VosgesInfo88\" \/>\n<meta name=\"twitter:label1\" content=\"\u00c9crit par\" \/>\n\t<meta name=\"twitter:data1\" content=\"P.M\" \/>\n\t<meta name=\"twitter:label2\" content=\"Dur\u00e9e de lecture estim\u00e9e\" \/>\n\t<meta name=\"twitter:data2\" content=\"3 minutes\" \/>\n<script type=\"application\/ld+json\" class=\"yoast-schema-graph\">{\"@context\":\"https:\/\/schema.org\",\"@graph\":[{\"@type\":\"Article\",\"@id\":\"https:\/\/vosgesinfo.fr\/remiremontinfo\/2024\/03\/assemblee-generale-de-lassociation-des-amis-lorrains-du-laos-samedi-6-avril\/#article\",\"isPartOf\":{\"@id\":\"https:\/\/vosgesinfo.fr\/remiremontinfo\/2024\/03\/assemblee-generale-de-lassociation-des-amis-lorrains-du-laos-samedi-6-avril\/\"},\"author\":{\"name\":\"P.M\",\"@id\":\"https:\/\/vosgesinfo.fr\/remiremontinfo\/#\/schema\/person\/a6fd2dde36da20be3679f2058b94c5b8\"},\"headline\":\"Assembl\u00e9e G\u00e9n\u00e9rale de l\u2019association des Amis Lorrains du Laos Samedi 6 avril\",\"datePublished\":\"2024-03-20T17:18:11+00:00\",\"dateModified\":\"2024-03-20T17:18:11+00:00\",\"mainEntityOfPage\":{\"@id\":\"https:\/\/vosgesinfo.fr\/remiremontinfo\/2024\/03\/assemblee-generale-de-lassociation-des-amis-lorrains-du-laos-samedi-6-avril\/\"},\"wordCount\":570,\"commentCount\":1,\"publisher\":{\"@id\":\"https:\/\/vosgesinfo.fr\/remiremontinfo\/#organization\"},\"image\":{\"@id\":\"https:\/\/vosgesinfo.fr\/remiremontinfo\/2024\/03\/assemblee-generale-de-lassociation-des-amis-lorrains-du-laos-samedi-6-avril\/#primaryimage\"},\"thumbnailUrl\":\"https:\/\/vosgesinfo.fr\/app\/uploads\/sites\/5\/2024\/03\/amis-lorrains-du-laos-1-scaled.jpg\",\"keywords\":[\"association des amis Lorrains du Laos\"],\"articleSection\":[\"A la Une\",\"Remiremont &amp; son canton\",\"Solidarit\u00e9\",\"Vie associative\"],\"inLanguage\":\"fr-FR\",\"potentialAction\":[{\"@type\":\"CommentAction\",\"name\":\"Comment\",\"target\":[\"https:\/\/vosgesinfo.fr\/remiremontinfo\/2024\/03\/assemblee-generale-de-lassociation-des-amis-lorrains-du-laos-samedi-6-avril\/#respond\"]}]},{\"@type\":\"WebPage\",\"@id\":\"https:\/\/vosgesinfo.fr\/remiremontinfo\/2024\/03\/assemblee-generale-de-lassociation-des-amis-lorrains-du-laos-samedi-6-avril\/\",\"url\":\"https:\/\/vosgesinfo.fr\/remiremontinfo\/2024\/03\/assemblee-generale-de-lassociation-des-amis-lorrains-du-laos-samedi-6-avril\/\",\"name\":\"Assembl\u00e9e G\u00e9n\u00e9rale de l\u2019association des Amis Lorrains du Laos Samedi 6 avril - Remiremont Info\",\"isPartOf\":{\"@id\":\"https:\/\/vosgesinfo.fr\/remiremontinfo\/#website\"},\"primaryImageOfPage\":{\"@id\":\"https:\/\/vosgesinfo.fr\/remiremontinfo\/2024\/03\/assemblee-generale-de-lassociation-des-amis-lorrains-du-laos-samedi-6-avril\/#primaryimage\"},\"image\":{\"@id\":\"https:\/\/vosgesinfo.fr\/remiremontinfo\/2024\/03\/assemblee-generale-de-lassociation-des-amis-lorrains-du-laos-samedi-6-avril\/#primaryimage\"},\"thumbnailUrl\":\"https:\/\/vosgesinfo.fr\/app\/uploads\/sites\/5\/2024\/03\/amis-lorrains-du-laos-1-scaled.jpg\",\"datePublished\":\"2024-03-20T17:18:11+00:00\",\"dateModified\":\"2024-03-20T17:18:11+00:00\",\"breadcrumb\":{\"@id\":\"https:\/\/vosgesinfo.fr\/remiremontinfo\/2024\/03\/assemblee-generale-de-lassociation-des-amis-lorrains-du-laos-samedi-6-avril\/#breadcrumb\"},\"inLanguage\":\"fr-FR\",\"potentialAction\":[{\"@type\":\"ReadAction\",\"target\":[\"https:\/\/vosgesinfo.fr\/remiremontinfo\/2024\/03\/assemblee-generale-de-lassociation-des-amis-lorrains-du-laos-samedi-6-avril\/\"]}]},{\"@type\":\"ImageObject\",\"inLanguage\":\"fr-FR\",\"@id\":\"https:\/\/vosgesinfo.fr\/remiremontinfo\/2024\/03\/assemblee-generale-de-lassociation-des-amis-lorrains-du-laos-samedi-6-avril\/#primaryimage\",\"url\":\"https:\/\/vosgesinfo.fr\/app\/uploads\/sites\/5\/2024\/03\/amis-lorrains-du-laos-1-scaled.jpg\",\"contentUrl\":\"https:\/\/vosgesinfo.fr\/app\/uploads\/sites\/5\/2024\/03\/amis-lorrains-du-laos-1-scaled.jpg\",\"width\":2560,\"height\":1707},{\"@type\":\"BreadcrumbList\",\"@id\":\"https:\/\/vosgesinfo.fr\/remiremontinfo\/2024\/03\/assemblee-generale-de-lassociation-des-amis-lorrains-du-laos-samedi-6-avril\/#breadcrumb\",\"itemListElement\":[{\"@type\":\"ListItem\",\"position\":1,\"name\":\"Home\",\"item\":\"https:\/\/vosgesinfo.fr\/remiremontinfo\/\"},{\"@type\":\"ListItem\",\"position\":2,\"name\":\"Assembl\u00e9e G\u00e9n\u00e9rale de l\u2019association des Amis Lorrains du Laos Samedi 6 avril\"}]},{\"@type\":\"WebSite\",\"@id\":\"https:\/\/vosgesinfo.fr\/remiremontinfo\/#website\",\"url\":\"https:\/\/vosgesinfo.fr\/remiremontinfo\/\",\"name\":\"Remiremont Info\",\"description\":\"Toute l&#039;actualit\u00e9 de Remiremont\",\"publisher\":{\"@id\":\"https:\/\/vosgesinfo.fr\/remiremontinfo\/#organization\"},\"alternateName\":\"Toute l'actualit\u00e9 de Remiremont\",\"potentialAction\":[{\"@type\":\"SearchAction\",\"target\":{\"@type\":\"EntryPoint\",\"urlTemplate\":\"https:\/\/vosgesinfo.fr\/remiremontinfo\/?s={search_term_string}\"},\"query-input\":\"required name=search_term_string\"}],\"inLanguage\":\"fr-FR\"},{\"@type\":\"Organization\",\"@id\":\"https:\/\/vosgesinfo.fr\/remiremontinfo\/#organization\",\"name\":\"Remiremont Info\",\"url\":\"https:\/\/vosgesinfo.fr\/remiremontinfo\/\",\"logo\":{\"@type\":\"ImageObject\",\"inLanguage\":\"fr-FR\",\"@id\":\"https:\/\/vosgesinfo.fr\/remiremontinfo\/#\/schema\/logo\/image\/\",\"url\":\"https:\/\/vosgesinfo.fr\/app\/uploads\/sites\/5\/2023\/08\/favicon-remiremontinfo.png\",\"contentUrl\":\"https:\/\/vosgesinfo.fr\/app\/uploads\/sites\/5\/2023\/08\/favicon-remiremontinfo.png\",\"width\":512,\"height\":512,\"caption\":\"Remiremont Info\"},\"image\":{\"@id\":\"https:\/\/vosgesinfo.fr\/remiremontinfo\/#\/schema\/logo\/image\/\"},\"sameAs\":[\"https:\/\/www.facebook.com\/remiremontinfo\",\"https:\/\/x.com\/VosgesInfo88\",\"https:\/\/www.youtube.com\/@vosgesinfo\"]},{\"@type\":\"Person\",\"@id\":\"https:\/\/vosgesinfo.fr\/remiremontinfo\/#\/schema\/person\/a6fd2dde36da20be3679f2058b94c5b8\",\"name\":\"P.M\",\"image\":{\"@type\":\"ImageObject\",\"inLanguage\":\"fr-FR\",\"@id\":\"https:\/\/vosgesinfo.fr\/remiremontinfo\/#\/schema\/person\/image\/\",\"url\":\"https:\/\/secure.gravatar.com\/avatar\/db38f6ef38bb165f6f4d352563f264129673ed4536984fbbcddf700bd12f8a9a?s=96&d=mm&r=g\",\"contentUrl\":\"https:\/\/secure.gravatar.com\/avatar\/db38f6ef38bb165f6f4d352563f264129673ed4536984fbbcddf700bd12f8a9a?s=96&d=mm&r=g\",\"caption\":\"P.M\"},\"url\":\"https:\/\/vosgesinfo.fr\/remiremontinfo\/author\/p-mangel88\/\"}]}<\/script>\n<!-- \/ Yoast SEO plugin. -->","yoast_head_json":{"title":"Assembl\u00e9e G\u00e9n\u00e9rale de l\u2019association des Amis Lorrains du Laos Samedi 6 avril - Remiremont Info","robots":{"index":"index","follow":"follow","max-snippet":"max-snippet:-1","max-image-preview":"max-image-preview:large","max-video-preview":"max-video-preview:-1"},"canonical":"https:\/\/vosgesinfo.fr\/remiremontinfo\/2024\/03\/assemblee-generale-de-lassociation-des-amis-lorrains-du-laos-samedi-6-avril\/","twitter_card":"summary_large_image","twitter_title":"Assembl\u00e9e G\u00e9n\u00e9rale de l\u2019association des Amis Lorrains du Laos Samedi 6 avril - Remiremont Info","twitter_description":"L\u2019Assembl\u00e9e g\u00e9n\u00e9rale aura lieu le 6 avril 2024 \u00e0 17h au Centre socio culturel \u00e0 St Nabord, (salle \u201cEurope\u201d) suivie [&hellip;]","twitter_image":"https:\/\/vosgesinfo.fr\/app\/uploads\/sites\/5\/2024\/03\/amis-lorrains-du-laos-1-scaled.jpg","twitter_creator":"@VosgesInfo88","twitter_site":"@VosgesInfo88","twitter_misc":{"\u00c9crit par":"P.M","Dur\u00e9e de lecture estim\u00e9e":"3 minutes"},"schema":{"@context":"https:\/\/schema.org","@graph":[{"@type":"Article","@id":"https:\/\/vosgesinfo.fr\/remiremontinfo\/2024\/03\/assemblee-generale-de-lassociation-des-amis-lorrains-du-laos-samedi-6-avril\/#article","isPartOf":{"@id":"https:\/\/vosgesinfo.fr\/remiremontinfo\/2024\/03\/assemblee-generale-de-lassociation-des-amis-lorrains-du-laos-samedi-6-avril\/"},"author":{"name":"P.M","@id":"https:\/\/vosgesinfo.fr\/remiremontinfo\/#\/schema\/person\/a6fd2dde36da20be3679f2058b94c5b8"},"headline":"Assembl\u00e9e G\u00e9n\u00e9rale de l\u2019association des Amis Lorrains du Laos Samedi 6 avril","datePublished":"2024-03-20T17:18:11+00:00","dateModified":"2024-03-20T17:18:11+00:00","mainEntityOfPage":{"@id":"https:\/\/vosgesinfo.fr\/remiremontinfo\/2024\/03\/assemblee-generale-de-lassociation-des-amis-lorrains-du-laos-samedi-6-avril\/"},"wordCount":570,"commentCount":1,"publisher":{"@id":"https:\/\/vosgesinfo.fr\/remiremontinfo\/#organization"},"image":{"@id":"https:\/\/vosgesinfo.fr\/remiremontinfo\/2024\/03\/assemblee-generale-de-lassociation-des-amis-lorrains-du-laos-samedi-6-avril\/#primaryimage"},"thumbnailUrl":"https:\/\/vosgesinfo.fr\/app\/uploads\/sites\/5\/2024\/03\/amis-lorrains-du-laos-1-scaled.jpg","keywords":["association des amis Lorrains du Laos"],"articleSection":["A la Une","Remiremont &amp; son canton","Solidarit\u00e9","Vie associative"],"inLanguage":"fr-FR","potentialAction":[{"@type":"CommentAction","name":"Comment","target":["https:\/\/vosgesinfo.fr\/remiremontinfo\/2024\/03\/assemblee-generale-de-lassociation-des-amis-lorrains-du-laos-samedi-6-avril\/#respond"]}]},{"@type":"WebPage","@id":"https:\/\/vosgesinfo.fr\/remiremontinfo\/2024\/03\/assemblee-generale-de-lassociation-des-amis-lorrains-du-laos-samedi-6-avril\/","url":"https:\/\/vosgesinfo.fr\/remiremontinfo\/2024\/03\/assemblee-generale-de-lassociation-des-amis-lorrains-du-laos-samedi-6-avril\/","name":"Assembl\u00e9e G\u00e9n\u00e9rale de l\u2019association des Amis Lorrains du Laos Samedi 6 avril - Remiremont Info","isPartOf":{"@id":"https:\/\/vosgesinfo.fr\/remiremontinfo\/#website"},"primaryImageOfPage":{"@id":"https:\/\/vosgesinfo.fr\/remiremontinfo\/2024\/03\/assemblee-generale-de-lassociation-des-amis-lorrains-du-laos-samedi-6-avril\/#primaryimage"},"image":{"@id":"https:\/\/vosgesinfo.fr\/remiremontinfo\/2024\/03\/assemblee-generale-de-lassociation-des-amis-lorrains-du-laos-samedi-6-avril\/#primaryimage"},"thumbnailUrl":"https:\/\/vosgesinfo.fr\/app\/uploads\/sites\/5\/2024\/03\/amis-lorrains-du-laos-1-scaled.jpg","datePublished":"2024-03-20T17:18:11+00:00","dateModified":"2024-03-20T17:18:11+00:00","breadcrumb":{"@id":"https:\/\/vosgesinfo.fr\/remiremontinfo\/2024\/03\/assemblee-generale-de-lassociation-des-amis-lorrains-du-laos-samedi-6-avril\/#breadcrumb"},"inLanguage":"fr-FR","potentialAction":[{"@type":"ReadAction","target":["https:\/\/vosgesinfo.fr\/remiremontinfo\/2024\/03\/assemblee-generale-de-lassociation-des-amis-lorrains-du-laos-samedi-6-avril\/"]}]},{"@type":"ImageObject","inLanguage":"fr-FR","@id":"https:\/\/vosgesinfo.fr\/remiremontinfo\/2024\/03\/assemblee-generale-de-lassociation-des-amis-lorrains-du-laos-samedi-6-avril\/#primaryimage","url":"https:\/\/vosgesinfo.fr\/app\/uploads\/sites\/5\/2024\/03\/amis-lorrains-du-laos-1-scaled.jpg","contentUrl":"https:\/\/vosgesinfo.fr\/app\/uploads\/sites\/5\/2024\/03\/amis-lorrains-du-laos-1-scaled.jpg","width":2560,"height":1707},{"@type":"BreadcrumbList","@id":"https:\/\/vosgesinfo.fr\/remiremontinfo\/2024\/03\/assemblee-generale-de-lassociation-des-amis-lorrains-du-laos-samedi-6-avril\/#breadcrumb","itemListElement":[{"@type":"ListItem","position":1,"name":"Home","item":"https:\/\/vosgesinfo.fr\/remiremontinfo\/"},{"@type":"ListItem","position":2,"name":"Assembl\u00e9e G\u00e9n\u00e9rale de l\u2019association des Amis Lorrains du Laos Samedi 6 avril"}]},{"@type":"WebSite","@id":"https:\/\/vosgesinfo.fr\/remiremontinfo\/#website","url":"https:\/\/vosgesinfo.fr\/remiremontinfo\/","name":"Remiremont Info","description":"Toute l&#039;actualit\u00e9 de Remiremont","publisher":{"@id":"https:\/\/vosgesinfo.fr\/remiremontinfo\/#organization"},"alternateName":"Toute l'actualit\u00e9 de Remiremont","potentialAction":[{"@type":"SearchAction","target":{"@type":"EntryPoint","urlTemplate":"https:\/\/vosgesinfo.fr\/remiremontinfo\/?s={search_term_string}"},"query-input":"required name=search_term_string"}],"inLanguage":"fr-FR"},{"@type":"Organization","@id":"https:\/\/vosgesinfo.fr\/remiremontinfo\/#organization","name":"Remiremont Info","url":"https:\/\/vosgesinfo.fr\/remiremontinfo\/","logo":{"@type":"ImageObject","inLanguage":"fr-FR","@id":"https:\/\/vosgesinfo.fr\/remiremontinfo\/#\/schema\/logo\/image\/","url":"https:\/\/vosgesinfo.fr\/app\/uploads\/sites\/5\/2023\/08\/favicon-remiremontinfo.png","contentUrl":"https:\/\/vosgesinfo.fr\/app\/uploads\/sites\/5\/2023\/08\/favicon-remiremontinfo.png","width":512,"height":512,"caption":"Remiremont Info"},"image":{"@id":"https:\/\/vosgesinfo.fr\/remiremontinfo\/#\/schema\/logo\/image\/"},"sameAs":["https:\/\/www.facebook.com\/remiremontinfo","https:\/\/x.com\/VosgesInfo88","https:\/\/www.youtube.com\/@vosgesinfo"]},{"@type":"Person","@id":"https:\/\/vosgesinfo.fr\/remiremontinfo\/#\/schema\/person\/a6fd2dde36da20be3679f2058b94c5b8","name":"P.M","image":{"@type":"ImageObject","inLanguage":"fr-FR","@id":"https:\/\/vosgesinfo.fr\/remiremontinfo\/#\/schema\/person\/image\/","url":"https:\/\/secure.gravatar.com\/avatar\/db38f6ef38bb165f6f4d352563f264129673ed4536984fbbcddf700bd12f8a9a?s=96&d=mm&r=g","contentUrl":"https:\/\/secure.gravatar.com\/avatar\/db38f6ef38bb165f6f4d352563f264129673ed4536984fbbcddf700bd12f8a9a?s=96&d=mm&r=g","caption":"P.M"},"url":"https:\/\/vosgesinfo.fr\/remiremontinfo\/author\/p-mangel88\/"}]}},"_links":{"self":[{"href":"https:\/\/vosgesinfo.fr\/remiremontinfo\/wp-json\/wp\/v2\/posts\/5204","targetHints":{"allow":["GET"]}}],"collection":[{"href":"https:\/\/vosgesinfo.fr\/remiremontinfo\/wp-json\/wp\/v2\/posts"}],"about":[{"href":"https:\/\/vosgesinfo.fr\/remiremontinfo\/wp-json\/wp\/v2\/types\/post"}],"author":[{"embeddable":true,"href":"https:\/\/vosgesinfo.fr\/remiremontinfo\/wp-json\/wp\/v2\/users\/413"}],"replies":[{"embeddable":true,"href":"https:\/\/vosgesinfo.fr\/remiremontinfo\/wp-json\/wp\/v2\/comments?post=5204"}],"version-history":[{"count":1,"href":"https:\/\/vosgesinfo.fr\/remiremontinfo\/wp-json\/wp\/v2\/posts\/5204\/revisions"}],"predecessor-version":[{"id":5211,"href":"https:\/\/vosgesinfo.fr\/remiremontinfo\/wp-json\/wp\/v2\/posts\/5204\/revisions\/5211"}],"wp:featuredmedia":[{"embeddable":true,"href":"https:\/\/vosgesinfo.fr\/remiremontinfo\/wp-json\/wp\/v2\/media\/5209"}],"wp:attachment":[{"href":"https:\/\/vosgesinfo.fr\/remiremontinfo\/wp-json\/wp\/v2\/media?parent=5204"}],"wp:term":[{"taxonomy":"category","embeddable":true,"href":"https:\/\/vosgesinfo.fr\/remiremontinfo\/wp-json\/wp\/v2\/categories?post=5204"},{"taxonomy":"post_tag","embeddable":true,"href":"https:\/\/vosgesinfo.fr\/remiremontinfo\/wp-json\/wp\/v2\/tags?post=5204"}],"curies":[{"name":"wp","href":"https:\/\/api.w.org\/{rel}","templated":true}]}}