{"id":52602,"date":"2022-03-14T07:58:01","date_gmt":"2022-03-14T06:58:01","guid":{"rendered":"https:\/\/vosgesinfo.fr\/remiremontinfo\/2022\/03\/randonett-benevoles-ramassent-13-kilos-de-dechets-a-thiefosse\/"},"modified":"2022-03-14T07:58:01","modified_gmt":"2022-03-14T06:58:01","slug":"randonett-benevoles-ramassent-13-kilos-de-dechets-a-thiefosse","status":"publish","type":"post","link":"https:\/\/vosgesinfo.fr\/remiremontinfo\/2022\/03\/randonett-benevoles-ramassent-13-kilos-de-dechets-a-thiefosse\/","title":{"rendered":"Rando&rsquo;nett : des b\u00e9n\u00e9voles ramassent 13 kilos de d\u00e9chets \u00e0 Thi\u00e9fosse"},"content":{"rendered":"<p><a href=\"\/2022\/03\/275502952_450312943443666_8045939687439166730_n1.jpg\"><img decoding=\"async\" class=\"alignnone size-large wp-image-338968\" src=\"\/2022\/03\/275502952_450312943443666_8045939687439166730_n1-1024x770.jpg\" alt=\"275502952_450312943443666_8045939687439166730_n\" width=\"960\" height=\"722\" \/><\/a><\/p>\n<p><span style=\"font-size: 10pt;\"><em>Photos par\u00a0Rando&rsquo;nett Hautes Vosges<\/em><\/span><\/p>\n<div class=\"kvgmc6g5 cxmmr5t8 oygrvhab hcukyx3x c1et5uql ii04i59q\">\n<h2 dir=\"auto\"><span style=\"font-size: 12pt;\"><strong><span class=\"pq6dq46d tbxw36s4 knj5qynh kvgmc6g5 ditlmg2l oygrvhab nvdbi5me sf5mxxl7 gl3lb2sf hhz5lgdu\">Ce samedi,\u00a0\u00a06 b\u00e9n\u00e9voles de l&rsquo;association\u00a0Rando&rsquo;nett se ront donn\u00e9 rendez-vous pour un d\u00e9crassage de la voie verte entre le crosery et l&rsquo;h\u00f4tel restaurant du Joli coeur \u00e0 Thi\u00e9fosse.\u00a0Ils ont\u00a0\u00e9galement nettoy\u00e9 le centre du village.\u00a0<\/span>\u00c9norm\u00e9ment de papier d&#8217;emballage et de plastique, mais \u00e9galement de masques chirurgicaux, une bonne vingtaine, et quelques cannettes m\u00e9talliques et verres. R\u00e9sultats : 13 kilos de d\u00e9chets ramass\u00e9s.\u00a0<\/strong><\/span><\/h2>\n<\/div>\n<div class=\"cxmmr5t8 oygrvhab hcukyx3x c1et5uql o9v6fnle ii04i59q\">\n<div dir=\"auto\">\u00ab\u00a0Ambiance printani\u00e8re qui fait du bien au moral\u00a0\u00bb, affirme l&rsquo;\u00e9quipe\u00a0Rando&rsquo;nett. \u00ab\u00a0Merci \u00e0 V\u00e9ronique et son mari d&rsquo;avoir \u00e9t\u00e9 de la partie, notre \u00e9ternel Jack chasseur de cannettes et le reste de l&rsquo;\u00e9quipe pour ce bon moment\u00a0\u00bb.\u00a0L\u2019association est sp\u00e9cialis\u00e9e dans l\u2019organisation d\u2019op\u00e9rations de ramassage de d\u00e9chets, afin de permettre la pr\u00e9servation d\u2019un environnement et d\u2019espaces propres. Depuis sa cr\u00e9ation, plusieurs tonnes ont \u00e9t\u00e9 retir\u00e9es des espaces urbains, naturels, des abords des routes. L\u2019association se bat sur plusieurs fronts \u00e0 la fois. Depuis Ao\u00fbt 2020 et la cr\u00e9ation de Rando\u2019nett environ 450 b\u00e9n\u00e9voles se sont r\u00e9unis pour collecter et recycler plus de 4 tonnes de d\u00e9chets. L\u2019ann\u00e9e 2021 a vu le d\u00e9marrage d\u2019une nouvelle activit\u00e9 avec la sensibilisation en milieu scolaire et p\u00e9riscolaire\u00a0: pas moins de 400 enfants d\u2019\u00e9coles du secteur allant du primaire jusqu\u2019au coll\u00e8ge ont ainsi \u00e9t\u00e9 rencontr\u00e9s. Pour suivre l\u2019actualit\u00e9 de l\u2019association, rendez-vous ici\u00a0:\u00a0<a href=\"https:\/\/www.facebook.com\/Randonetthautesvosges\/\">Rando\u2019nett Hautes Vosges | Facebook<\/a><\/div>\n<\/div>\n<div dir=\"auto\"><\/div>\n<div dir=\"auto\">\n\n<\/div>\n<div class=\"cxmmr5t8 oygrvhab hcukyx3x c1et5uql o9v6fnle ii04i59q\"><\/div>\n","protected":false},"excerpt":{"rendered":"<p>Photos par\u00a0Rando&rsquo;nett Hautes Vosges Ce samedi,\u00a0\u00a06 b\u00e9n\u00e9voles de l&rsquo;association\u00a0Rando&rsquo;nett se ront donn\u00e9 rendez-vous pour un d\u00e9crassage de la voie verte [&hellip;]<\/p>\n","protected":false},"author":407,"featured_media":52603,"comment_status":"open","ping_status":"open","sticky":false,"template":"","format":"standard","meta":{"footnotes":""},"categories":[26,7,25,306],"tags":[555,2479,307],"class_list":["post-52602","post","type-post","status-publish","format-standard","has-post-thumbnail","hentry","category-a-la-une","category-environnement","category-la-bresse-son-canton","category-thiefosse","tag-dechets","tag-randonett","tag-thiefosse"],"acf":[],"yoast_head":"<!-- This site is optimized with the Yoast SEO plugin v22.5 - https:\/\/yoast.com\/wordpress\/plugins\/seo\/ -->\n<title>Rando&#039;nett : des b\u00e9n\u00e9voles ramassent 13 kilos de d\u00e9chets \u00e0 Thi\u00e9fosse - Remiremont Info<\/title>\n<meta name=\"robots\" content=\"index, follow, max-snippet:-1, max-image-preview:large, max-video-preview:-1\" \/>\n<link rel=\"canonical\" href=\"https:\/\/vosgesinfo.fr\/remiremontinfo\/2022\/03\/randonett-benevoles-ramassent-13-kilos-de-dechets-a-thiefosse\/\" \/>\n<meta name=\"twitter:card\" content=\"summary_large_image\" \/>\n<meta name=\"twitter:title\" content=\"Rando&#039;nett : des b\u00e9n\u00e9voles ramassent 13 kilos de d\u00e9chets \u00e0 Thi\u00e9fosse - Remiremont Info\" \/>\n<meta name=\"twitter:description\" content=\"Photos par\u00a0Rando&rsquo;nett Hautes Vosges Ce samedi,\u00a0\u00a06 b\u00e9n\u00e9voles de l&rsquo;association\u00a0Rando&rsquo;nett se ront donn\u00e9 rendez-vous pour un d\u00e9crassage de la voie verte [&hellip;]\" \/>\n<meta name=\"twitter:image\" content=\"https:\/\/vosgesinfo.fr\/app\/uploads\/sites\/5\/2024\/09\/202203275502952-450312943443666-8045939687439166730-n1.jpg\" \/>\n<meta name=\"twitter:creator\" content=\"@VosgesInfo88\" \/>\n<meta name=\"twitter:site\" content=\"@VosgesInfo88\" \/>\n<meta name=\"twitter:label1\" content=\"\u00c9crit par\" \/>\n\t<meta name=\"twitter:data1\" content=\"C D\" \/>\n\t<meta name=\"twitter:label2\" content=\"Dur\u00e9e de lecture estim\u00e9e\" \/>\n\t<meta name=\"twitter:data2\" content=\"1 minute\" \/>\n<script type=\"application\/ld+json\" class=\"yoast-schema-graph\">{\"@context\":\"https:\/\/schema.org\",\"@graph\":[{\"@type\":\"Article\",\"@id\":\"https:\/\/vosgesinfo.fr\/remiremontinfo\/2022\/03\/randonett-benevoles-ramassent-13-kilos-de-dechets-a-thiefosse\/#article\",\"isPartOf\":{\"@id\":\"https:\/\/vosgesinfo.fr\/remiremontinfo\/2022\/03\/randonett-benevoles-ramassent-13-kilos-de-dechets-a-thiefosse\/\"},\"author\":{\"name\":\"C D\",\"@id\":\"https:\/\/vosgesinfo.fr\/remiremontinfo\/#\/schema\/person\/3bfd164d5218a185b1db68655a265316\"},\"headline\":\"Rando&rsquo;nett : des b\u00e9n\u00e9voles ramassent 13 kilos de d\u00e9chets \u00e0 Thi\u00e9fosse\",\"datePublished\":\"2022-03-14T06:58:01+00:00\",\"dateModified\":\"2022-03-14T06:58:01+00:00\",\"mainEntityOfPage\":{\"@id\":\"https:\/\/vosgesinfo.fr\/remiremontinfo\/2022\/03\/randonett-benevoles-ramassent-13-kilos-de-dechets-a-thiefosse\/\"},\"wordCount\":284,\"commentCount\":0,\"publisher\":{\"@id\":\"https:\/\/vosgesinfo.fr\/remiremontinfo\/#organization\"},\"image\":{\"@id\":\"https:\/\/vosgesinfo.fr\/remiremontinfo\/2022\/03\/randonett-benevoles-ramassent-13-kilos-de-dechets-a-thiefosse\/#primaryimage\"},\"thumbnailUrl\":\"https:\/\/vosgesinfo.fr\/app\/uploads\/sites\/5\/2024\/09\/202203275502952-450312943443666-8045939687439166730-n1.jpg\",\"keywords\":[\"D\u00e9chets\",\"rando'nett\",\"Thi\u00e9fosse\"],\"articleSection\":[\"A la Une\",\"Environnement\",\"La Bresse &amp; son canton\",\"Thi\u00e9fosse\"],\"inLanguage\":\"fr-FR\",\"potentialAction\":[{\"@type\":\"CommentAction\",\"name\":\"Comment\",\"target\":[\"https:\/\/vosgesinfo.fr\/remiremontinfo\/2022\/03\/randonett-benevoles-ramassent-13-kilos-de-dechets-a-thiefosse\/#respond\"]}]},{\"@type\":\"WebPage\",\"@id\":\"https:\/\/vosgesinfo.fr\/remiremontinfo\/2022\/03\/randonett-benevoles-ramassent-13-kilos-de-dechets-a-thiefosse\/\",\"url\":\"https:\/\/vosgesinfo.fr\/remiremontinfo\/2022\/03\/randonett-benevoles-ramassent-13-kilos-de-dechets-a-thiefosse\/\",\"name\":\"Rando'nett : des b\u00e9n\u00e9voles ramassent 13 kilos de d\u00e9chets \u00e0 Thi\u00e9fosse - Remiremont Info\",\"isPartOf\":{\"@id\":\"https:\/\/vosgesinfo.fr\/remiremontinfo\/#website\"},\"primaryImageOfPage\":{\"@id\":\"https:\/\/vosgesinfo.fr\/remiremontinfo\/2022\/03\/randonett-benevoles-ramassent-13-kilos-de-dechets-a-thiefosse\/#primaryimage\"},\"image\":{\"@id\":\"https:\/\/vosgesinfo.fr\/remiremontinfo\/2022\/03\/randonett-benevoles-ramassent-13-kilos-de-dechets-a-thiefosse\/#primaryimage\"},\"thumbnailUrl\":\"https:\/\/vosgesinfo.fr\/app\/uploads\/sites\/5\/2024\/09\/202203275502952-450312943443666-8045939687439166730-n1.jpg\",\"datePublished\":\"2022-03-14T06:58:01+00:00\",\"dateModified\":\"2022-03-14T06:58:01+00:00\",\"breadcrumb\":{\"@id\":\"https:\/\/vosgesinfo.fr\/remiremontinfo\/2022\/03\/randonett-benevoles-ramassent-13-kilos-de-dechets-a-thiefosse\/#breadcrumb\"},\"inLanguage\":\"fr-FR\",\"potentialAction\":[{\"@type\":\"ReadAction\",\"target\":[\"https:\/\/vosgesinfo.fr\/remiremontinfo\/2022\/03\/randonett-benevoles-ramassent-13-kilos-de-dechets-a-thiefosse\/\"]}]},{\"@type\":\"ImageObject\",\"inLanguage\":\"fr-FR\",\"@id\":\"https:\/\/vosgesinfo.fr\/remiremontinfo\/2022\/03\/randonett-benevoles-ramassent-13-kilos-de-dechets-a-thiefosse\/#primaryimage\",\"url\":\"https:\/\/vosgesinfo.fr\/app\/uploads\/sites\/5\/2024\/09\/202203275502952-450312943443666-8045939687439166730-n1.jpg\",\"contentUrl\":\"https:\/\/vosgesinfo.fr\/app\/uploads\/sites\/5\/2024\/09\/202203275502952-450312943443666-8045939687439166730-n1.jpg\",\"width\":1594,\"height\":1198},{\"@type\":\"BreadcrumbList\",\"@id\":\"https:\/\/vosgesinfo.fr\/remiremontinfo\/2022\/03\/randonett-benevoles-ramassent-13-kilos-de-dechets-a-thiefosse\/#breadcrumb\",\"itemListElement\":[{\"@type\":\"ListItem\",\"position\":1,\"name\":\"Home\",\"item\":\"https:\/\/vosgesinfo.fr\/remiremontinfo\/\"},{\"@type\":\"ListItem\",\"position\":2,\"name\":\"Rando&rsquo;nett : des b\u00e9n\u00e9voles ramassent 13 kilos de d\u00e9chets \u00e0 Thi\u00e9fosse\"}]},{\"@type\":\"WebSite\",\"@id\":\"https:\/\/vosgesinfo.fr\/remiremontinfo\/#website\",\"url\":\"https:\/\/vosgesinfo.fr\/remiremontinfo\/\",\"name\":\"Remiremont Info\",\"description\":\"Toute l&#039;actualit\u00e9 de Remiremont\",\"publisher\":{\"@id\":\"https:\/\/vosgesinfo.fr\/remiremontinfo\/#organization\"},\"alternateName\":\"Toute l'actualit\u00e9 de Remiremont\",\"potentialAction\":[{\"@type\":\"SearchAction\",\"target\":{\"@type\":\"EntryPoint\",\"urlTemplate\":\"https:\/\/vosgesinfo.fr\/remiremontinfo\/?s={search_term_string}\"},\"query-input\":\"required name=search_term_string\"}],\"inLanguage\":\"fr-FR\"},{\"@type\":\"Organization\",\"@id\":\"https:\/\/vosgesinfo.fr\/remiremontinfo\/#organization\",\"name\":\"Remiremont Info\",\"url\":\"https:\/\/vosgesinfo.fr\/remiremontinfo\/\",\"logo\":{\"@type\":\"ImageObject\",\"inLanguage\":\"fr-FR\",\"@id\":\"https:\/\/vosgesinfo.fr\/remiremontinfo\/#\/schema\/logo\/image\/\",\"url\":\"https:\/\/vosgesinfo.fr\/app\/uploads\/sites\/5\/2023\/08\/favicon-remiremontinfo.png\",\"contentUrl\":\"https:\/\/vosgesinfo.fr\/app\/uploads\/sites\/5\/2023\/08\/favicon-remiremontinfo.png\",\"width\":512,\"height\":512,\"caption\":\"Remiremont Info\"},\"image\":{\"@id\":\"https:\/\/vosgesinfo.fr\/remiremontinfo\/#\/schema\/logo\/image\/\"},\"sameAs\":[\"https:\/\/www.facebook.com\/remiremontinfo\",\"https:\/\/x.com\/VosgesInfo88\",\"https:\/\/www.youtube.com\/@vosgesinfo\"]},{\"@type\":\"Person\",\"@id\":\"https:\/\/vosgesinfo.fr\/remiremontinfo\/#\/schema\/person\/3bfd164d5218a185b1db68655a265316\",\"name\":\"C D\",\"image\":{\"@type\":\"ImageObject\",\"inLanguage\":\"fr-FR\",\"@id\":\"https:\/\/vosgesinfo.fr\/remiremontinfo\/#\/schema\/person\/image\/\",\"url\":\"https:\/\/secure.gravatar.com\/avatar\/1f9a70007336511a47468b8f1c66f922b8b7cf617b02a31149ada43893a5d48f?s=96&d=mm&r=g\",\"contentUrl\":\"https:\/\/secure.gravatar.com\/avatar\/1f9a70007336511a47468b8f1c66f922b8b7cf617b02a31149ada43893a5d48f?s=96&d=mm&r=g\",\"caption\":\"C D\"},\"url\":\"https:\/\/vosgesinfo.fr\/remiremontinfo\/author\/cedric-drevet\/\"}]}<\/script>\n<!-- \/ Yoast SEO plugin. -->","yoast_head_json":{"title":"Rando'nett : des b\u00e9n\u00e9voles ramassent 13 kilos de d\u00e9chets \u00e0 Thi\u00e9fosse - Remiremont Info","robots":{"index":"index","follow":"follow","max-snippet":"max-snippet:-1","max-image-preview":"max-image-preview:large","max-video-preview":"max-video-preview:-1"},"canonical":"https:\/\/vosgesinfo.fr\/remiremontinfo\/2022\/03\/randonett-benevoles-ramassent-13-kilos-de-dechets-a-thiefosse\/","twitter_card":"summary_large_image","twitter_title":"Rando'nett : des b\u00e9n\u00e9voles ramassent 13 kilos de d\u00e9chets \u00e0 Thi\u00e9fosse - Remiremont Info","twitter_description":"Photos par\u00a0Rando&rsquo;nett Hautes Vosges Ce samedi,\u00a0\u00a06 b\u00e9n\u00e9voles de l&rsquo;association\u00a0Rando&rsquo;nett se ront donn\u00e9 rendez-vous pour un d\u00e9crassage de la voie verte [&hellip;]","twitter_image":"https:\/\/vosgesinfo.fr\/app\/uploads\/sites\/5\/2024\/09\/202203275502952-450312943443666-8045939687439166730-n1.jpg","twitter_creator":"@VosgesInfo88","twitter_site":"@VosgesInfo88","twitter_misc":{"\u00c9crit par":"C D","Dur\u00e9e de lecture estim\u00e9e":"1 minute"},"schema":{"@context":"https:\/\/schema.org","@graph":[{"@type":"Article","@id":"https:\/\/vosgesinfo.fr\/remiremontinfo\/2022\/03\/randonett-benevoles-ramassent-13-kilos-de-dechets-a-thiefosse\/#article","isPartOf":{"@id":"https:\/\/vosgesinfo.fr\/remiremontinfo\/2022\/03\/randonett-benevoles-ramassent-13-kilos-de-dechets-a-thiefosse\/"},"author":{"name":"C D","@id":"https:\/\/vosgesinfo.fr\/remiremontinfo\/#\/schema\/person\/3bfd164d5218a185b1db68655a265316"},"headline":"Rando&rsquo;nett : des b\u00e9n\u00e9voles ramassent 13 kilos de d\u00e9chets \u00e0 Thi\u00e9fosse","datePublished":"2022-03-14T06:58:01+00:00","dateModified":"2022-03-14T06:58:01+00:00","mainEntityOfPage":{"@id":"https:\/\/vosgesinfo.fr\/remiremontinfo\/2022\/03\/randonett-benevoles-ramassent-13-kilos-de-dechets-a-thiefosse\/"},"wordCount":284,"commentCount":0,"publisher":{"@id":"https:\/\/vosgesinfo.fr\/remiremontinfo\/#organization"},"image":{"@id":"https:\/\/vosgesinfo.fr\/remiremontinfo\/2022\/03\/randonett-benevoles-ramassent-13-kilos-de-dechets-a-thiefosse\/#primaryimage"},"thumbnailUrl":"https:\/\/vosgesinfo.fr\/app\/uploads\/sites\/5\/2024\/09\/202203275502952-450312943443666-8045939687439166730-n1.jpg","keywords":["D\u00e9chets","rando'nett","Thi\u00e9fosse"],"articleSection":["A la Une","Environnement","La Bresse &amp; son canton","Thi\u00e9fosse"],"inLanguage":"fr-FR","potentialAction":[{"@type":"CommentAction","name":"Comment","target":["https:\/\/vosgesinfo.fr\/remiremontinfo\/2022\/03\/randonett-benevoles-ramassent-13-kilos-de-dechets-a-thiefosse\/#respond"]}]},{"@type":"WebPage","@id":"https:\/\/vosgesinfo.fr\/remiremontinfo\/2022\/03\/randonett-benevoles-ramassent-13-kilos-de-dechets-a-thiefosse\/","url":"https:\/\/vosgesinfo.fr\/remiremontinfo\/2022\/03\/randonett-benevoles-ramassent-13-kilos-de-dechets-a-thiefosse\/","name":"Rando'nett : des b\u00e9n\u00e9voles ramassent 13 kilos de d\u00e9chets \u00e0 Thi\u00e9fosse - Remiremont Info","isPartOf":{"@id":"https:\/\/vosgesinfo.fr\/remiremontinfo\/#website"},"primaryImageOfPage":{"@id":"https:\/\/vosgesinfo.fr\/remiremontinfo\/2022\/03\/randonett-benevoles-ramassent-13-kilos-de-dechets-a-thiefosse\/#primaryimage"},"image":{"@id":"https:\/\/vosgesinfo.fr\/remiremontinfo\/2022\/03\/randonett-benevoles-ramassent-13-kilos-de-dechets-a-thiefosse\/#primaryimage"},"thumbnailUrl":"https:\/\/vosgesinfo.fr\/app\/uploads\/sites\/5\/2024\/09\/202203275502952-450312943443666-8045939687439166730-n1.jpg","datePublished":"2022-03-14T06:58:01+00:00","dateModified":"2022-03-14T06:58:01+00:00","breadcrumb":{"@id":"https:\/\/vosgesinfo.fr\/remiremontinfo\/2022\/03\/randonett-benevoles-ramassent-13-kilos-de-dechets-a-thiefosse\/#breadcrumb"},"inLanguage":"fr-FR","potentialAction":[{"@type":"ReadAction","target":["https:\/\/vosgesinfo.fr\/remiremontinfo\/2022\/03\/randonett-benevoles-ramassent-13-kilos-de-dechets-a-thiefosse\/"]}]},{"@type":"ImageObject","inLanguage":"fr-FR","@id":"https:\/\/vosgesinfo.fr\/remiremontinfo\/2022\/03\/randonett-benevoles-ramassent-13-kilos-de-dechets-a-thiefosse\/#primaryimage","url":"https:\/\/vosgesinfo.fr\/app\/uploads\/sites\/5\/2024\/09\/202203275502952-450312943443666-8045939687439166730-n1.jpg","contentUrl":"https:\/\/vosgesinfo.fr\/app\/uploads\/sites\/5\/2024\/09\/202203275502952-450312943443666-8045939687439166730-n1.jpg","width":1594,"height":1198},{"@type":"BreadcrumbList","@id":"https:\/\/vosgesinfo.fr\/remiremontinfo\/2022\/03\/randonett-benevoles-ramassent-13-kilos-de-dechets-a-thiefosse\/#breadcrumb","itemListElement":[{"@type":"ListItem","position":1,"name":"Home","item":"https:\/\/vosgesinfo.fr\/remiremontinfo\/"},{"@type":"ListItem","position":2,"name":"Rando&rsquo;nett : des b\u00e9n\u00e9voles ramassent 13 kilos de d\u00e9chets \u00e0 Thi\u00e9fosse"}]},{"@type":"WebSite","@id":"https:\/\/vosgesinfo.fr\/remiremontinfo\/#website","url":"https:\/\/vosgesinfo.fr\/remiremontinfo\/","name":"Remiremont Info","description":"Toute l&#039;actualit\u00e9 de Remiremont","publisher":{"@id":"https:\/\/vosgesinfo.fr\/remiremontinfo\/#organization"},"alternateName":"Toute l'actualit\u00e9 de Remiremont","potentialAction":[{"@type":"SearchAction","target":{"@type":"EntryPoint","urlTemplate":"https:\/\/vosgesinfo.fr\/remiremontinfo\/?s={search_term_string}"},"query-input":"required name=search_term_string"}],"inLanguage":"fr-FR"},{"@type":"Organization","@id":"https:\/\/vosgesinfo.fr\/remiremontinfo\/#organization","name":"Remiremont Info","url":"https:\/\/vosgesinfo.fr\/remiremontinfo\/","logo":{"@type":"ImageObject","inLanguage":"fr-FR","@id":"https:\/\/vosgesinfo.fr\/remiremontinfo\/#\/schema\/logo\/image\/","url":"https:\/\/vosgesinfo.fr\/app\/uploads\/sites\/5\/2023\/08\/favicon-remiremontinfo.png","contentUrl":"https:\/\/vosgesinfo.fr\/app\/uploads\/sites\/5\/2023\/08\/favicon-remiremontinfo.png","width":512,"height":512,"caption":"Remiremont Info"},"image":{"@id":"https:\/\/vosgesinfo.fr\/remiremontinfo\/#\/schema\/logo\/image\/"},"sameAs":["https:\/\/www.facebook.com\/remiremontinfo","https:\/\/x.com\/VosgesInfo88","https:\/\/www.youtube.com\/@vosgesinfo"]},{"@type":"Person","@id":"https:\/\/vosgesinfo.fr\/remiremontinfo\/#\/schema\/person\/3bfd164d5218a185b1db68655a265316","name":"C D","image":{"@type":"ImageObject","inLanguage":"fr-FR","@id":"https:\/\/vosgesinfo.fr\/remiremontinfo\/#\/schema\/person\/image\/","url":"https:\/\/secure.gravatar.com\/avatar\/1f9a70007336511a47468b8f1c66f922b8b7cf617b02a31149ada43893a5d48f?s=96&d=mm&r=g","contentUrl":"https:\/\/secure.gravatar.com\/avatar\/1f9a70007336511a47468b8f1c66f922b8b7cf617b02a31149ada43893a5d48f?s=96&d=mm&r=g","caption":"C D"},"url":"https:\/\/vosgesinfo.fr\/remiremontinfo\/author\/cedric-drevet\/"}]}},"_links":{"self":[{"href":"https:\/\/vosgesinfo.fr\/remiremontinfo\/wp-json\/wp\/v2\/posts\/52602","targetHints":{"allow":["GET"]}}],"collection":[{"href":"https:\/\/vosgesinfo.fr\/remiremontinfo\/wp-json\/wp\/v2\/posts"}],"about":[{"href":"https:\/\/vosgesinfo.fr\/remiremontinfo\/wp-json\/wp\/v2\/types\/post"}],"author":[{"embeddable":true,"href":"https:\/\/vosgesinfo.fr\/remiremontinfo\/wp-json\/wp\/v2\/users\/407"}],"replies":[{"embeddable":true,"href":"https:\/\/vosgesinfo.fr\/remiremontinfo\/wp-json\/wp\/v2\/comments?post=52602"}],"version-history":[{"count":0,"href":"https:\/\/vosgesinfo.fr\/remiremontinfo\/wp-json\/wp\/v2\/posts\/52602\/revisions"}],"wp:featuredmedia":[{"embeddable":true,"href":"https:\/\/vosgesinfo.fr\/remiremontinfo\/wp-json\/wp\/v2\/media\/52603"}],"wp:attachment":[{"href":"https:\/\/vosgesinfo.fr\/remiremontinfo\/wp-json\/wp\/v2\/media?parent=52602"}],"wp:term":[{"taxonomy":"category","embeddable":true,"href":"https:\/\/vosgesinfo.fr\/remiremontinfo\/wp-json\/wp\/v2\/categories?post=52602"},{"taxonomy":"post_tag","embeddable":true,"href":"https:\/\/vosgesinfo.fr\/remiremontinfo\/wp-json\/wp\/v2\/tags?post=52602"}],"curies":[{"name":"wp","href":"https:\/\/api.w.org\/{rel}","templated":true}]}}