{"id":52633,"date":"2022-03-15T06:48:06","date_gmt":"2022-03-15T05:48:06","guid":{"rendered":"https:\/\/vosgesinfo.fr\/remiremontinfo\/2022\/03\/bresse-reunion-publique-concernant-travaux-futur-giratoire-champions\/"},"modified":"2022-03-15T06:48:06","modified_gmt":"2022-03-15T05:48:06","slug":"bresse-reunion-publique-concernant-travaux-futur-giratoire-champions","status":"publish","type":"post","link":"https:\/\/vosgesinfo.fr\/remiremontinfo\/2022\/03\/bresse-reunion-publique-concernant-travaux-futur-giratoire-champions\/","title":{"rendered":"La Bresse : une r\u00e9union publique concernant les travaux du futur giratoire des Champions"},"content":{"rendered":"<p><a href=\"\/2022\/03\/Capture-d\u2019\u00e9cran-2022-03-15-094749.png\"><img decoding=\"async\" class=\"alignnone size-full wp-image-339012\" src=\"\/2022\/03\/Capture-d\u2019\u00e9cran-2022-03-15-094749.png\" alt=\"Capture d\u2019\u00e9cran 2022-03-15 094749\" width=\"873\" height=\"636\" \/><\/a><\/p>\n<p><span style=\"font-size: 10pt;\"><em>Photo d&rsquo;illustration, Google Maps<\/em><\/span><\/p>\n<h2><span style=\"font-size: 12pt;\"><strong>Les travaux du giratoire des Champions d\u00e9buteront courant avril, pour une dur\u00e9e d\u2019environ 10 mois. L\u2019ach\u00e8vement des travaux est pr\u00e9vu pour le printemps 2023, avec une interruption du chantier pour l\u2019hiver, du 15 novembre 2022 au 15 mars 2022. Une r\u00e9union publique se d\u00e9roulera le 23 mars \u00e0 18h30 \u00e0 la Salle des f\u00eates. <\/strong><\/span><\/h2>\n<p>Les points qui seront \u00e9voqu\u00e9s :<\/p>\n<p>La pr\u00e9sentation des travaux<br \/>\nLes contraintes de circulation<br \/>\nLa circulation pi\u00e9tonne<br \/>\nDes \u00e9changes questions-r\u00e9ponses<\/p>\n<p><em>Communiqu\u00e9\u00a0<\/em><\/p>\n","protected":false},"excerpt":{"rendered":"<p>Photo d&rsquo;illustration, Google Maps Les travaux du giratoire des Champions d\u00e9buteront courant avril, pour une dur\u00e9e d\u2019environ 10 mois. L\u2019ach\u00e8vement [&hellip;]<\/p>\n","protected":false},"author":407,"featured_media":52634,"comment_status":"open","ping_status":"open","sticky":false,"template":"","format":"standard","meta":{"footnotes":""},"categories":[26,104,25],"tags":[1056,105,136],"class_list":["post-52633","post","type-post","status-publish","format-standard","has-post-thumbnail","hentry","category-a-la-une","category-la-bresse-la-bresse-son-canton","category-la-bresse-son-canton","tag-giratoire","tag-la-bresse","tag-travaux"],"acf":[],"yoast_head":"<!-- This site is optimized with the Yoast SEO plugin v22.5 - https:\/\/yoast.com\/wordpress\/plugins\/seo\/ -->\n<title>La Bresse : une r\u00e9union publique concernant les travaux du futur giratoire des Champions - Remiremont Info<\/title>\n<meta name=\"robots\" content=\"index, follow, max-snippet:-1, max-image-preview:large, max-video-preview:-1\" \/>\n<link rel=\"canonical\" href=\"https:\/\/vosgesinfo.fr\/remiremontinfo\/2022\/03\/bresse-reunion-publique-concernant-travaux-futur-giratoire-champions\/\" \/>\n<meta name=\"twitter:card\" content=\"summary_large_image\" \/>\n<meta name=\"twitter:title\" content=\"La Bresse : une r\u00e9union publique concernant les travaux du futur giratoire des Champions - Remiremont Info\" \/>\n<meta name=\"twitter:description\" content=\"Photo d&rsquo;illustration, Google Maps Les travaux du giratoire des Champions d\u00e9buteront courant avril, pour une dur\u00e9e d\u2019environ 10 mois. L\u2019ach\u00e8vement [&hellip;]\" \/>\n<meta name=\"twitter:image\" content=\"https:\/\/vosgesinfo.fr\/app\/uploads\/sites\/5\/2024\/09\/202203capture-decran-2022-03-15-094749.png\" \/>\n<meta name=\"twitter:creator\" content=\"@VosgesInfo88\" \/>\n<meta name=\"twitter:site\" content=\"@VosgesInfo88\" \/>\n<meta name=\"twitter:label1\" content=\"\u00c9crit par\" \/>\n\t<meta name=\"twitter:data1\" content=\"C D\" \/>\n<script type=\"application\/ld+json\" class=\"yoast-schema-graph\">{\"@context\":\"https:\/\/schema.org\",\"@graph\":[{\"@type\":\"Article\",\"@id\":\"https:\/\/vosgesinfo.fr\/remiremontinfo\/2022\/03\/bresse-reunion-publique-concernant-travaux-futur-giratoire-champions\/#article\",\"isPartOf\":{\"@id\":\"https:\/\/vosgesinfo.fr\/remiremontinfo\/2022\/03\/bresse-reunion-publique-concernant-travaux-futur-giratoire-champions\/\"},\"author\":{\"name\":\"C D\",\"@id\":\"https:\/\/vosgesinfo.fr\/remiremontinfo\/#\/schema\/person\/3bfd164d5218a185b1db68655a265316\"},\"headline\":\"La Bresse : une r\u00e9union publique concernant les travaux du futur giratoire des Champions\",\"datePublished\":\"2022-03-15T05:48:06+00:00\",\"dateModified\":\"2022-03-15T05:48:06+00:00\",\"mainEntityOfPage\":{\"@id\":\"https:\/\/vosgesinfo.fr\/remiremontinfo\/2022\/03\/bresse-reunion-publique-concernant-travaux-futur-giratoire-champions\/\"},\"wordCount\":98,\"commentCount\":0,\"publisher\":{\"@id\":\"https:\/\/vosgesinfo.fr\/remiremontinfo\/#organization\"},\"image\":{\"@id\":\"https:\/\/vosgesinfo.fr\/remiremontinfo\/2022\/03\/bresse-reunion-publique-concernant-travaux-futur-giratoire-champions\/#primaryimage\"},\"thumbnailUrl\":\"https:\/\/vosgesinfo.fr\/app\/uploads\/sites\/5\/2024\/09\/202203capture-decran-2022-03-15-094749.png\",\"keywords\":[\"giratoire\",\"la bresse\",\"travaux\"],\"articleSection\":[\"A la Une\",\"La Bresse\",\"La Bresse &amp; son canton\"],\"inLanguage\":\"fr-FR\",\"potentialAction\":[{\"@type\":\"CommentAction\",\"name\":\"Comment\",\"target\":[\"https:\/\/vosgesinfo.fr\/remiremontinfo\/2022\/03\/bresse-reunion-publique-concernant-travaux-futur-giratoire-champions\/#respond\"]}]},{\"@type\":\"WebPage\",\"@id\":\"https:\/\/vosgesinfo.fr\/remiremontinfo\/2022\/03\/bresse-reunion-publique-concernant-travaux-futur-giratoire-champions\/\",\"url\":\"https:\/\/vosgesinfo.fr\/remiremontinfo\/2022\/03\/bresse-reunion-publique-concernant-travaux-futur-giratoire-champions\/\",\"name\":\"La Bresse : une r\u00e9union publique concernant les travaux du futur giratoire des Champions - Remiremont Info\",\"isPartOf\":{\"@id\":\"https:\/\/vosgesinfo.fr\/remiremontinfo\/#website\"},\"primaryImageOfPage\":{\"@id\":\"https:\/\/vosgesinfo.fr\/remiremontinfo\/2022\/03\/bresse-reunion-publique-concernant-travaux-futur-giratoire-champions\/#primaryimage\"},\"image\":{\"@id\":\"https:\/\/vosgesinfo.fr\/remiremontinfo\/2022\/03\/bresse-reunion-publique-concernant-travaux-futur-giratoire-champions\/#primaryimage\"},\"thumbnailUrl\":\"https:\/\/vosgesinfo.fr\/app\/uploads\/sites\/5\/2024\/09\/202203capture-decran-2022-03-15-094749.png\",\"datePublished\":\"2022-03-15T05:48:06+00:00\",\"dateModified\":\"2022-03-15T05:48:06+00:00\",\"breadcrumb\":{\"@id\":\"https:\/\/vosgesinfo.fr\/remiremontinfo\/2022\/03\/bresse-reunion-publique-concernant-travaux-futur-giratoire-champions\/#breadcrumb\"},\"inLanguage\":\"fr-FR\",\"potentialAction\":[{\"@type\":\"ReadAction\",\"target\":[\"https:\/\/vosgesinfo.fr\/remiremontinfo\/2022\/03\/bresse-reunion-publique-concernant-travaux-futur-giratoire-champions\/\"]}]},{\"@type\":\"ImageObject\",\"inLanguage\":\"fr-FR\",\"@id\":\"https:\/\/vosgesinfo.fr\/remiremontinfo\/2022\/03\/bresse-reunion-publique-concernant-travaux-futur-giratoire-champions\/#primaryimage\",\"url\":\"https:\/\/vosgesinfo.fr\/app\/uploads\/sites\/5\/2024\/09\/202203capture-decran-2022-03-15-094749.png\",\"contentUrl\":\"https:\/\/vosgesinfo.fr\/app\/uploads\/sites\/5\/2024\/09\/202203capture-decran-2022-03-15-094749.png\",\"width\":873,\"height\":636},{\"@type\":\"BreadcrumbList\",\"@id\":\"https:\/\/vosgesinfo.fr\/remiremontinfo\/2022\/03\/bresse-reunion-publique-concernant-travaux-futur-giratoire-champions\/#breadcrumb\",\"itemListElement\":[{\"@type\":\"ListItem\",\"position\":1,\"name\":\"Home\",\"item\":\"https:\/\/vosgesinfo.fr\/remiremontinfo\/\"},{\"@type\":\"ListItem\",\"position\":2,\"name\":\"La Bresse : une r\u00e9union publique concernant les travaux du futur giratoire des Champions\"}]},{\"@type\":\"WebSite\",\"@id\":\"https:\/\/vosgesinfo.fr\/remiremontinfo\/#website\",\"url\":\"https:\/\/vosgesinfo.fr\/remiremontinfo\/\",\"name\":\"Remiremont Info\",\"description\":\"Toute l&#039;actualit\u00e9 de Remiremont\",\"publisher\":{\"@id\":\"https:\/\/vosgesinfo.fr\/remiremontinfo\/#organization\"},\"alternateName\":\"Toute l'actualit\u00e9 de Remiremont\",\"potentialAction\":[{\"@type\":\"SearchAction\",\"target\":{\"@type\":\"EntryPoint\",\"urlTemplate\":\"https:\/\/vosgesinfo.fr\/remiremontinfo\/?s={search_term_string}\"},\"query-input\":\"required name=search_term_string\"}],\"inLanguage\":\"fr-FR\"},{\"@type\":\"Organization\",\"@id\":\"https:\/\/vosgesinfo.fr\/remiremontinfo\/#organization\",\"name\":\"Remiremont Info\",\"url\":\"https:\/\/vosgesinfo.fr\/remiremontinfo\/\",\"logo\":{\"@type\":\"ImageObject\",\"inLanguage\":\"fr-FR\",\"@id\":\"https:\/\/vosgesinfo.fr\/remiremontinfo\/#\/schema\/logo\/image\/\",\"url\":\"https:\/\/vosgesinfo.fr\/app\/uploads\/sites\/5\/2023\/08\/favicon-remiremontinfo.png\",\"contentUrl\":\"https:\/\/vosgesinfo.fr\/app\/uploads\/sites\/5\/2023\/08\/favicon-remiremontinfo.png\",\"width\":512,\"height\":512,\"caption\":\"Remiremont Info\"},\"image\":{\"@id\":\"https:\/\/vosgesinfo.fr\/remiremontinfo\/#\/schema\/logo\/image\/\"},\"sameAs\":[\"https:\/\/www.facebook.com\/remiremontinfo\",\"https:\/\/x.com\/VosgesInfo88\",\"https:\/\/www.youtube.com\/@vosgesinfo\"]},{\"@type\":\"Person\",\"@id\":\"https:\/\/vosgesinfo.fr\/remiremontinfo\/#\/schema\/person\/3bfd164d5218a185b1db68655a265316\",\"name\":\"C D\",\"image\":{\"@type\":\"ImageObject\",\"inLanguage\":\"fr-FR\",\"@id\":\"https:\/\/vosgesinfo.fr\/remiremontinfo\/#\/schema\/person\/image\/\",\"url\":\"https:\/\/secure.gravatar.com\/avatar\/1f9a70007336511a47468b8f1c66f922b8b7cf617b02a31149ada43893a5d48f?s=96&d=mm&r=g\",\"contentUrl\":\"https:\/\/secure.gravatar.com\/avatar\/1f9a70007336511a47468b8f1c66f922b8b7cf617b02a31149ada43893a5d48f?s=96&d=mm&r=g\",\"caption\":\"C D\"},\"url\":\"https:\/\/vosgesinfo.fr\/remiremontinfo\/author\/cedric-drevet\/\"}]}<\/script>\n<!-- \/ Yoast SEO plugin. -->","yoast_head_json":{"title":"La Bresse : une r\u00e9union publique concernant les travaux du futur giratoire des Champions - Remiremont Info","robots":{"index":"index","follow":"follow","max-snippet":"max-snippet:-1","max-image-preview":"max-image-preview:large","max-video-preview":"max-video-preview:-1"},"canonical":"https:\/\/vosgesinfo.fr\/remiremontinfo\/2022\/03\/bresse-reunion-publique-concernant-travaux-futur-giratoire-champions\/","twitter_card":"summary_large_image","twitter_title":"La Bresse : une r\u00e9union publique concernant les travaux du futur giratoire des Champions - Remiremont Info","twitter_description":"Photo d&rsquo;illustration, Google Maps Les travaux du giratoire des Champions d\u00e9buteront courant avril, pour une dur\u00e9e d\u2019environ 10 mois. L\u2019ach\u00e8vement [&hellip;]","twitter_image":"https:\/\/vosgesinfo.fr\/app\/uploads\/sites\/5\/2024\/09\/202203capture-decran-2022-03-15-094749.png","twitter_creator":"@VosgesInfo88","twitter_site":"@VosgesInfo88","twitter_misc":{"\u00c9crit par":"C D"},"schema":{"@context":"https:\/\/schema.org","@graph":[{"@type":"Article","@id":"https:\/\/vosgesinfo.fr\/remiremontinfo\/2022\/03\/bresse-reunion-publique-concernant-travaux-futur-giratoire-champions\/#article","isPartOf":{"@id":"https:\/\/vosgesinfo.fr\/remiremontinfo\/2022\/03\/bresse-reunion-publique-concernant-travaux-futur-giratoire-champions\/"},"author":{"name":"C D","@id":"https:\/\/vosgesinfo.fr\/remiremontinfo\/#\/schema\/person\/3bfd164d5218a185b1db68655a265316"},"headline":"La Bresse : une r\u00e9union publique concernant les travaux du futur giratoire des Champions","datePublished":"2022-03-15T05:48:06+00:00","dateModified":"2022-03-15T05:48:06+00:00","mainEntityOfPage":{"@id":"https:\/\/vosgesinfo.fr\/remiremontinfo\/2022\/03\/bresse-reunion-publique-concernant-travaux-futur-giratoire-champions\/"},"wordCount":98,"commentCount":0,"publisher":{"@id":"https:\/\/vosgesinfo.fr\/remiremontinfo\/#organization"},"image":{"@id":"https:\/\/vosgesinfo.fr\/remiremontinfo\/2022\/03\/bresse-reunion-publique-concernant-travaux-futur-giratoire-champions\/#primaryimage"},"thumbnailUrl":"https:\/\/vosgesinfo.fr\/app\/uploads\/sites\/5\/2024\/09\/202203capture-decran-2022-03-15-094749.png","keywords":["giratoire","la bresse","travaux"],"articleSection":["A la Une","La Bresse","La Bresse &amp; son canton"],"inLanguage":"fr-FR","potentialAction":[{"@type":"CommentAction","name":"Comment","target":["https:\/\/vosgesinfo.fr\/remiremontinfo\/2022\/03\/bresse-reunion-publique-concernant-travaux-futur-giratoire-champions\/#respond"]}]},{"@type":"WebPage","@id":"https:\/\/vosgesinfo.fr\/remiremontinfo\/2022\/03\/bresse-reunion-publique-concernant-travaux-futur-giratoire-champions\/","url":"https:\/\/vosgesinfo.fr\/remiremontinfo\/2022\/03\/bresse-reunion-publique-concernant-travaux-futur-giratoire-champions\/","name":"La Bresse : une r\u00e9union publique concernant les travaux du futur giratoire des Champions - Remiremont Info","isPartOf":{"@id":"https:\/\/vosgesinfo.fr\/remiremontinfo\/#website"},"primaryImageOfPage":{"@id":"https:\/\/vosgesinfo.fr\/remiremontinfo\/2022\/03\/bresse-reunion-publique-concernant-travaux-futur-giratoire-champions\/#primaryimage"},"image":{"@id":"https:\/\/vosgesinfo.fr\/remiremontinfo\/2022\/03\/bresse-reunion-publique-concernant-travaux-futur-giratoire-champions\/#primaryimage"},"thumbnailUrl":"https:\/\/vosgesinfo.fr\/app\/uploads\/sites\/5\/2024\/09\/202203capture-decran-2022-03-15-094749.png","datePublished":"2022-03-15T05:48:06+00:00","dateModified":"2022-03-15T05:48:06+00:00","breadcrumb":{"@id":"https:\/\/vosgesinfo.fr\/remiremontinfo\/2022\/03\/bresse-reunion-publique-concernant-travaux-futur-giratoire-champions\/#breadcrumb"},"inLanguage":"fr-FR","potentialAction":[{"@type":"ReadAction","target":["https:\/\/vosgesinfo.fr\/remiremontinfo\/2022\/03\/bresse-reunion-publique-concernant-travaux-futur-giratoire-champions\/"]}]},{"@type":"ImageObject","inLanguage":"fr-FR","@id":"https:\/\/vosgesinfo.fr\/remiremontinfo\/2022\/03\/bresse-reunion-publique-concernant-travaux-futur-giratoire-champions\/#primaryimage","url":"https:\/\/vosgesinfo.fr\/app\/uploads\/sites\/5\/2024\/09\/202203capture-decran-2022-03-15-094749.png","contentUrl":"https:\/\/vosgesinfo.fr\/app\/uploads\/sites\/5\/2024\/09\/202203capture-decran-2022-03-15-094749.png","width":873,"height":636},{"@type":"BreadcrumbList","@id":"https:\/\/vosgesinfo.fr\/remiremontinfo\/2022\/03\/bresse-reunion-publique-concernant-travaux-futur-giratoire-champions\/#breadcrumb","itemListElement":[{"@type":"ListItem","position":1,"name":"Home","item":"https:\/\/vosgesinfo.fr\/remiremontinfo\/"},{"@type":"ListItem","position":2,"name":"La Bresse : une r\u00e9union publique concernant les travaux du futur giratoire des Champions"}]},{"@type":"WebSite","@id":"https:\/\/vosgesinfo.fr\/remiremontinfo\/#website","url":"https:\/\/vosgesinfo.fr\/remiremontinfo\/","name":"Remiremont Info","description":"Toute l&#039;actualit\u00e9 de Remiremont","publisher":{"@id":"https:\/\/vosgesinfo.fr\/remiremontinfo\/#organization"},"alternateName":"Toute l'actualit\u00e9 de Remiremont","potentialAction":[{"@type":"SearchAction","target":{"@type":"EntryPoint","urlTemplate":"https:\/\/vosgesinfo.fr\/remiremontinfo\/?s={search_term_string}"},"query-input":"required name=search_term_string"}],"inLanguage":"fr-FR"},{"@type":"Organization","@id":"https:\/\/vosgesinfo.fr\/remiremontinfo\/#organization","name":"Remiremont Info","url":"https:\/\/vosgesinfo.fr\/remiremontinfo\/","logo":{"@type":"ImageObject","inLanguage":"fr-FR","@id":"https:\/\/vosgesinfo.fr\/remiremontinfo\/#\/schema\/logo\/image\/","url":"https:\/\/vosgesinfo.fr\/app\/uploads\/sites\/5\/2023\/08\/favicon-remiremontinfo.png","contentUrl":"https:\/\/vosgesinfo.fr\/app\/uploads\/sites\/5\/2023\/08\/favicon-remiremontinfo.png","width":512,"height":512,"caption":"Remiremont Info"},"image":{"@id":"https:\/\/vosgesinfo.fr\/remiremontinfo\/#\/schema\/logo\/image\/"},"sameAs":["https:\/\/www.facebook.com\/remiremontinfo","https:\/\/x.com\/VosgesInfo88","https:\/\/www.youtube.com\/@vosgesinfo"]},{"@type":"Person","@id":"https:\/\/vosgesinfo.fr\/remiremontinfo\/#\/schema\/person\/3bfd164d5218a185b1db68655a265316","name":"C D","image":{"@type":"ImageObject","inLanguage":"fr-FR","@id":"https:\/\/vosgesinfo.fr\/remiremontinfo\/#\/schema\/person\/image\/","url":"https:\/\/secure.gravatar.com\/avatar\/1f9a70007336511a47468b8f1c66f922b8b7cf617b02a31149ada43893a5d48f?s=96&d=mm&r=g","contentUrl":"https:\/\/secure.gravatar.com\/avatar\/1f9a70007336511a47468b8f1c66f922b8b7cf617b02a31149ada43893a5d48f?s=96&d=mm&r=g","caption":"C D"},"url":"https:\/\/vosgesinfo.fr\/remiremontinfo\/author\/cedric-drevet\/"}]}},"_links":{"self":[{"href":"https:\/\/vosgesinfo.fr\/remiremontinfo\/wp-json\/wp\/v2\/posts\/52633","targetHints":{"allow":["GET"]}}],"collection":[{"href":"https:\/\/vosgesinfo.fr\/remiremontinfo\/wp-json\/wp\/v2\/posts"}],"about":[{"href":"https:\/\/vosgesinfo.fr\/remiremontinfo\/wp-json\/wp\/v2\/types\/post"}],"author":[{"embeddable":true,"href":"https:\/\/vosgesinfo.fr\/remiremontinfo\/wp-json\/wp\/v2\/users\/407"}],"replies":[{"embeddable":true,"href":"https:\/\/vosgesinfo.fr\/remiremontinfo\/wp-json\/wp\/v2\/comments?post=52633"}],"version-history":[{"count":0,"href":"https:\/\/vosgesinfo.fr\/remiremontinfo\/wp-json\/wp\/v2\/posts\/52633\/revisions"}],"wp:featuredmedia":[{"embeddable":true,"href":"https:\/\/vosgesinfo.fr\/remiremontinfo\/wp-json\/wp\/v2\/media\/52634"}],"wp:attachment":[{"href":"https:\/\/vosgesinfo.fr\/remiremontinfo\/wp-json\/wp\/v2\/media?parent=52633"}],"wp:term":[{"taxonomy":"category","embeddable":true,"href":"https:\/\/vosgesinfo.fr\/remiremontinfo\/wp-json\/wp\/v2\/categories?post=52633"},{"taxonomy":"post_tag","embeddable":true,"href":"https:\/\/vosgesinfo.fr\/remiremontinfo\/wp-json\/wp\/v2\/tags?post=52633"}],"curies":[{"name":"wp","href":"https:\/\/api.w.org\/{rel}","templated":true}]}}