{"id":52772,"date":"2022-03-17T11:53:34","date_gmt":"2022-03-17T10:53:34","guid":{"rendered":"https:\/\/vosgesinfo.fr\/remiremontinfo\/2022\/03\/cornimont-organisent-convoi-a-destination-de-lukraine\/"},"modified":"2022-03-17T11:53:34","modified_gmt":"2022-03-17T10:53:34","slug":"cornimont-organisent-convoi-a-destination-de-lukraine","status":"publish","type":"post","link":"https:\/\/vosgesinfo.fr\/remiremontinfo\/2022\/03\/cornimont-organisent-convoi-a-destination-de-lukraine\/","title":{"rendered":"Cornimont\u00a0: ils organisent un convoi \u00e0 destination de l\u2019Ukraine"},"content":{"rendered":"<p><a href=\"\/2022\/03\/Capture-d\u2019\u00e9cran-2022-03-17-123336.png\"><img decoding=\"async\" class=\"alignnone size-full wp-image-339227\" src=\"\/2022\/03\/Capture-d\u2019\u00e9cran-2022-03-17-123336.png\" alt=\"Capture d\u2019\u00e9cran 2022-03-17 123336\" width=\"831\" height=\"563\" \/><\/a><\/p>\n<h2><span style=\"font-size: 12pt;\"><strong>Depuis le lancement d\u2019une op\u00e9ration militaire en Ukraine par le pr\u00e9sident de la F\u00e9d\u00e9ration de Russie Vladimir Poutine, les regards sont tourn\u00e9s vers l\u2019Est du continent. De nombreuses actions de solidarit\u00e9 se sont organis\u00e9es en France, et notamment dans les Vosges.<\/strong><\/span><\/h2>\n<p>Jean et Elisabeth Krawczyk, habitant Cornimont, sont les repr\u00e9sentants de l\u2019association \u00ab Jean XXIII sans Fronti\u00e8res \u00bb. Ils organisent un convoi allant jusqu\u2019en Pologne, et \u00e0 destination de l\u2019Ukraine. Ce convoi quittera Cornimont le 21 mars prochain. Les membres de l\u2019Association, de la Croix Rouge locale et des habitants b\u00e9n\u00e9voles se retrouvent depuis quelques jours dans une salle de l\u2019\u00e9cole de Xoulces mise \u00e0 disposition par la municipalit\u00e9. Dans cette salle, sont stock\u00e9s et tri\u00e9s les dons apport\u00e9s g\u00e9n\u00e9reusement par la population counehette\u00a0: v\u00eatements, couvertures, m\u00e9dicaments, jouets, etc. Mais les besoins \u00e9voluent et concernent aussi les produits suivants : pansements, lampes de poches, piles, bougies, produits d\u2019hygi\u00e8ne, tels que le savon, le shampoing, les couches pour b\u00e9b\u00e9s, le dentifrice, etc. Les particuliers qui souhaiteraient faire part d\u2019offres d\u2019h\u00e9bergement solidaire ou d\u2019autres marques de solidarit\u00e9 pour accueillir les personnes d\u00e9plac\u00e9es d\u2019Ukraine sont invit\u00e9s \u00e0 se signaler sur le site : <a href=\"https:\/\/parrainage.refugies.info\/\">https:\/\/parrainage.refugies.info\/<\/a>. Vous pouvez apporter l\u2019ensemble des dons mat\u00e9riels \u00e0 la Mairie jusqu\u2019au 18 mars 2022. A ce jour, les dons financiers sont \u00e0 prioriser : Par ch\u00e8que \u00e0 l\u2019ordre de l\u2019Association \u00ab Jean XXIII sans Fronti\u00e8res Op\u00e9ration soutien pour l\u2019Ukraine \u00bb. Une urne est \u00e0 votre disposition \u00e0 la Mairie \u2013 rue des Grands Meix. Vous pouvez \u00e9galement envoyer votre ch\u00e8que \u00e0 l\u2019adresse suivante : Association Jean XXIII sans Fronti\u00e8res \u2013 12 rue du Mettey 88120 SAPOIS, ou effectuer un virement sur le compte suivant : Cr\u00e9dit Agricole Alsace Vosges \u2014 IBAN : FR76 1720 6002 6863 0214 0786 252.<\/p>\n<p><span style=\"font-size: 10pt;\"><em>Source\u00a0: Cornimont Info num\u00e9ro 262<\/em><\/span><\/p>\n","protected":false},"excerpt":{"rendered":"<p>Depuis le lancement d\u2019une op\u00e9ration militaire en Ukraine par le pr\u00e9sident de la F\u00e9d\u00e9ration de Russie Vladimir Poutine, les regards [&hellip;]<\/p>\n","protected":false},"author":407,"featured_media":52773,"comment_status":"open","ping_status":"open","sticky":false,"template":"","format":"standard","meta":{"footnotes":""},"categories":[26,34,25],"tags":[79,158,3484],"class_list":["post-52772","post","type-post","status-publish","format-standard","has-post-thumbnail","hentry","category-a-la-une","category-cornimont","category-la-bresse-son-canton","tag-cornimont","tag-solidarite","tag-ukraine"],"acf":[],"yoast_head":"<!-- This site is optimized with the Yoast SEO plugin v22.5 - https:\/\/yoast.com\/wordpress\/plugins\/seo\/ -->\n<title>Cornimont\u00a0: ils organisent un convoi \u00e0 destination de l\u2019Ukraine - Remiremont Info<\/title>\n<meta name=\"robots\" content=\"index, follow, max-snippet:-1, max-image-preview:large, max-video-preview:-1\" \/>\n<link rel=\"canonical\" href=\"https:\/\/vosgesinfo.fr\/remiremontinfo\/2022\/03\/cornimont-organisent-convoi-a-destination-de-lukraine\/\" \/>\n<meta name=\"twitter:card\" content=\"summary_large_image\" \/>\n<meta name=\"twitter:title\" content=\"Cornimont\u00a0: ils organisent un convoi \u00e0 destination de l\u2019Ukraine - Remiremont Info\" \/>\n<meta name=\"twitter:description\" content=\"Depuis le lancement d\u2019une op\u00e9ration militaire en Ukraine par le pr\u00e9sident de la F\u00e9d\u00e9ration de Russie Vladimir Poutine, les regards [&hellip;]\" \/>\n<meta name=\"twitter:image\" content=\"https:\/\/vosgesinfo.fr\/app\/uploads\/sites\/5\/2024\/09\/202203capture-decran-2022-03-17-123336.png\" \/>\n<meta name=\"twitter:creator\" content=\"@VosgesInfo88\" \/>\n<meta name=\"twitter:site\" content=\"@VosgesInfo88\" \/>\n<meta name=\"twitter:label1\" content=\"\u00c9crit par\" \/>\n\t<meta name=\"twitter:data1\" content=\"C D\" \/>\n\t<meta name=\"twitter:label2\" content=\"Dur\u00e9e de lecture estim\u00e9e\" \/>\n\t<meta name=\"twitter:data2\" content=\"2 minutes\" \/>\n<script type=\"application\/ld+json\" class=\"yoast-schema-graph\">{\"@context\":\"https:\/\/schema.org\",\"@graph\":[{\"@type\":\"Article\",\"@id\":\"https:\/\/vosgesinfo.fr\/remiremontinfo\/2022\/03\/cornimont-organisent-convoi-a-destination-de-lukraine\/#article\",\"isPartOf\":{\"@id\":\"https:\/\/vosgesinfo.fr\/remiremontinfo\/2022\/03\/cornimont-organisent-convoi-a-destination-de-lukraine\/\"},\"author\":{\"name\":\"C D\",\"@id\":\"https:\/\/vosgesinfo.fr\/remiremontinfo\/#\/schema\/person\/3bfd164d5218a185b1db68655a265316\"},\"headline\":\"Cornimont\u00a0: ils organisent un convoi \u00e0 destination de l\u2019Ukraine\",\"datePublished\":\"2022-03-17T10:53:34+00:00\",\"dateModified\":\"2022-03-17T10:53:34+00:00\",\"mainEntityOfPage\":{\"@id\":\"https:\/\/vosgesinfo.fr\/remiremontinfo\/2022\/03\/cornimont-organisent-convoi-a-destination-de-lukraine\/\"},\"wordCount\":323,\"commentCount\":0,\"publisher\":{\"@id\":\"https:\/\/vosgesinfo.fr\/remiremontinfo\/#organization\"},\"image\":{\"@id\":\"https:\/\/vosgesinfo.fr\/remiremontinfo\/2022\/03\/cornimont-organisent-convoi-a-destination-de-lukraine\/#primaryimage\"},\"thumbnailUrl\":\"https:\/\/vosgesinfo.fr\/app\/uploads\/sites\/5\/2024\/09\/202203capture-decran-2022-03-17-123336.png\",\"keywords\":[\"cornimont\",\"solidarit\u00e9\",\"ukraine\"],\"articleSection\":[\"A la Une\",\"Cornimont\",\"La Bresse &amp; son canton\"],\"inLanguage\":\"fr-FR\",\"potentialAction\":[{\"@type\":\"CommentAction\",\"name\":\"Comment\",\"target\":[\"https:\/\/vosgesinfo.fr\/remiremontinfo\/2022\/03\/cornimont-organisent-convoi-a-destination-de-lukraine\/#respond\"]}]},{\"@type\":\"WebPage\",\"@id\":\"https:\/\/vosgesinfo.fr\/remiremontinfo\/2022\/03\/cornimont-organisent-convoi-a-destination-de-lukraine\/\",\"url\":\"https:\/\/vosgesinfo.fr\/remiremontinfo\/2022\/03\/cornimont-organisent-convoi-a-destination-de-lukraine\/\",\"name\":\"Cornimont\u00a0: ils organisent un convoi \u00e0 destination de l\u2019Ukraine - Remiremont Info\",\"isPartOf\":{\"@id\":\"https:\/\/vosgesinfo.fr\/remiremontinfo\/#website\"},\"primaryImageOfPage\":{\"@id\":\"https:\/\/vosgesinfo.fr\/remiremontinfo\/2022\/03\/cornimont-organisent-convoi-a-destination-de-lukraine\/#primaryimage\"},\"image\":{\"@id\":\"https:\/\/vosgesinfo.fr\/remiremontinfo\/2022\/03\/cornimont-organisent-convoi-a-destination-de-lukraine\/#primaryimage\"},\"thumbnailUrl\":\"https:\/\/vosgesinfo.fr\/app\/uploads\/sites\/5\/2024\/09\/202203capture-decran-2022-03-17-123336.png\",\"datePublished\":\"2022-03-17T10:53:34+00:00\",\"dateModified\":\"2022-03-17T10:53:34+00:00\",\"breadcrumb\":{\"@id\":\"https:\/\/vosgesinfo.fr\/remiremontinfo\/2022\/03\/cornimont-organisent-convoi-a-destination-de-lukraine\/#breadcrumb\"},\"inLanguage\":\"fr-FR\",\"potentialAction\":[{\"@type\":\"ReadAction\",\"target\":[\"https:\/\/vosgesinfo.fr\/remiremontinfo\/2022\/03\/cornimont-organisent-convoi-a-destination-de-lukraine\/\"]}]},{\"@type\":\"ImageObject\",\"inLanguage\":\"fr-FR\",\"@id\":\"https:\/\/vosgesinfo.fr\/remiremontinfo\/2022\/03\/cornimont-organisent-convoi-a-destination-de-lukraine\/#primaryimage\",\"url\":\"https:\/\/vosgesinfo.fr\/app\/uploads\/sites\/5\/2024\/09\/202203capture-decran-2022-03-17-123336.png\",\"contentUrl\":\"https:\/\/vosgesinfo.fr\/app\/uploads\/sites\/5\/2024\/09\/202203capture-decran-2022-03-17-123336.png\",\"width\":831,\"height\":563},{\"@type\":\"BreadcrumbList\",\"@id\":\"https:\/\/vosgesinfo.fr\/remiremontinfo\/2022\/03\/cornimont-organisent-convoi-a-destination-de-lukraine\/#breadcrumb\",\"itemListElement\":[{\"@type\":\"ListItem\",\"position\":1,\"name\":\"Home\",\"item\":\"https:\/\/vosgesinfo.fr\/remiremontinfo\/\"},{\"@type\":\"ListItem\",\"position\":2,\"name\":\"Cornimont\u00a0: ils organisent un convoi \u00e0 destination de l\u2019Ukraine\"}]},{\"@type\":\"WebSite\",\"@id\":\"https:\/\/vosgesinfo.fr\/remiremontinfo\/#website\",\"url\":\"https:\/\/vosgesinfo.fr\/remiremontinfo\/\",\"name\":\"Remiremont Info\",\"description\":\"Toute l&#039;actualit\u00e9 de Remiremont\",\"publisher\":{\"@id\":\"https:\/\/vosgesinfo.fr\/remiremontinfo\/#organization\"},\"alternateName\":\"Toute l'actualit\u00e9 de Remiremont\",\"potentialAction\":[{\"@type\":\"SearchAction\",\"target\":{\"@type\":\"EntryPoint\",\"urlTemplate\":\"https:\/\/vosgesinfo.fr\/remiremontinfo\/?s={search_term_string}\"},\"query-input\":\"required name=search_term_string\"}],\"inLanguage\":\"fr-FR\"},{\"@type\":\"Organization\",\"@id\":\"https:\/\/vosgesinfo.fr\/remiremontinfo\/#organization\",\"name\":\"Remiremont Info\",\"url\":\"https:\/\/vosgesinfo.fr\/remiremontinfo\/\",\"logo\":{\"@type\":\"ImageObject\",\"inLanguage\":\"fr-FR\",\"@id\":\"https:\/\/vosgesinfo.fr\/remiremontinfo\/#\/schema\/logo\/image\/\",\"url\":\"https:\/\/vosgesinfo.fr\/app\/uploads\/sites\/5\/2023\/08\/favicon-remiremontinfo.png\",\"contentUrl\":\"https:\/\/vosgesinfo.fr\/app\/uploads\/sites\/5\/2023\/08\/favicon-remiremontinfo.png\",\"width\":512,\"height\":512,\"caption\":\"Remiremont Info\"},\"image\":{\"@id\":\"https:\/\/vosgesinfo.fr\/remiremontinfo\/#\/schema\/logo\/image\/\"},\"sameAs\":[\"https:\/\/www.facebook.com\/remiremontinfo\",\"https:\/\/x.com\/VosgesInfo88\",\"https:\/\/www.youtube.com\/@vosgesinfo\"]},{\"@type\":\"Person\",\"@id\":\"https:\/\/vosgesinfo.fr\/remiremontinfo\/#\/schema\/person\/3bfd164d5218a185b1db68655a265316\",\"name\":\"C D\",\"image\":{\"@type\":\"ImageObject\",\"inLanguage\":\"fr-FR\",\"@id\":\"https:\/\/vosgesinfo.fr\/remiremontinfo\/#\/schema\/person\/image\/\",\"url\":\"https:\/\/secure.gravatar.com\/avatar\/1f9a70007336511a47468b8f1c66f922b8b7cf617b02a31149ada43893a5d48f?s=96&d=mm&r=g\",\"contentUrl\":\"https:\/\/secure.gravatar.com\/avatar\/1f9a70007336511a47468b8f1c66f922b8b7cf617b02a31149ada43893a5d48f?s=96&d=mm&r=g\",\"caption\":\"C D\"},\"url\":\"https:\/\/vosgesinfo.fr\/remiremontinfo\/author\/cedric-drevet\/\"}]}<\/script>\n<!-- \/ Yoast SEO plugin. -->","yoast_head_json":{"title":"Cornimont\u00a0: ils organisent un convoi \u00e0 destination de l\u2019Ukraine - Remiremont Info","robots":{"index":"index","follow":"follow","max-snippet":"max-snippet:-1","max-image-preview":"max-image-preview:large","max-video-preview":"max-video-preview:-1"},"canonical":"https:\/\/vosgesinfo.fr\/remiremontinfo\/2022\/03\/cornimont-organisent-convoi-a-destination-de-lukraine\/","twitter_card":"summary_large_image","twitter_title":"Cornimont\u00a0: ils organisent un convoi \u00e0 destination de l\u2019Ukraine - Remiremont Info","twitter_description":"Depuis le lancement d\u2019une op\u00e9ration militaire en Ukraine par le pr\u00e9sident de la F\u00e9d\u00e9ration de Russie Vladimir Poutine, les regards [&hellip;]","twitter_image":"https:\/\/vosgesinfo.fr\/app\/uploads\/sites\/5\/2024\/09\/202203capture-decran-2022-03-17-123336.png","twitter_creator":"@VosgesInfo88","twitter_site":"@VosgesInfo88","twitter_misc":{"\u00c9crit par":"C D","Dur\u00e9e de lecture estim\u00e9e":"2 minutes"},"schema":{"@context":"https:\/\/schema.org","@graph":[{"@type":"Article","@id":"https:\/\/vosgesinfo.fr\/remiremontinfo\/2022\/03\/cornimont-organisent-convoi-a-destination-de-lukraine\/#article","isPartOf":{"@id":"https:\/\/vosgesinfo.fr\/remiremontinfo\/2022\/03\/cornimont-organisent-convoi-a-destination-de-lukraine\/"},"author":{"name":"C D","@id":"https:\/\/vosgesinfo.fr\/remiremontinfo\/#\/schema\/person\/3bfd164d5218a185b1db68655a265316"},"headline":"Cornimont\u00a0: ils organisent un convoi \u00e0 destination de l\u2019Ukraine","datePublished":"2022-03-17T10:53:34+00:00","dateModified":"2022-03-17T10:53:34+00:00","mainEntityOfPage":{"@id":"https:\/\/vosgesinfo.fr\/remiremontinfo\/2022\/03\/cornimont-organisent-convoi-a-destination-de-lukraine\/"},"wordCount":323,"commentCount":0,"publisher":{"@id":"https:\/\/vosgesinfo.fr\/remiremontinfo\/#organization"},"image":{"@id":"https:\/\/vosgesinfo.fr\/remiremontinfo\/2022\/03\/cornimont-organisent-convoi-a-destination-de-lukraine\/#primaryimage"},"thumbnailUrl":"https:\/\/vosgesinfo.fr\/app\/uploads\/sites\/5\/2024\/09\/202203capture-decran-2022-03-17-123336.png","keywords":["cornimont","solidarit\u00e9","ukraine"],"articleSection":["A la Une","Cornimont","La Bresse &amp; son canton"],"inLanguage":"fr-FR","potentialAction":[{"@type":"CommentAction","name":"Comment","target":["https:\/\/vosgesinfo.fr\/remiremontinfo\/2022\/03\/cornimont-organisent-convoi-a-destination-de-lukraine\/#respond"]}]},{"@type":"WebPage","@id":"https:\/\/vosgesinfo.fr\/remiremontinfo\/2022\/03\/cornimont-organisent-convoi-a-destination-de-lukraine\/","url":"https:\/\/vosgesinfo.fr\/remiremontinfo\/2022\/03\/cornimont-organisent-convoi-a-destination-de-lukraine\/","name":"Cornimont\u00a0: ils organisent un convoi \u00e0 destination de l\u2019Ukraine - Remiremont Info","isPartOf":{"@id":"https:\/\/vosgesinfo.fr\/remiremontinfo\/#website"},"primaryImageOfPage":{"@id":"https:\/\/vosgesinfo.fr\/remiremontinfo\/2022\/03\/cornimont-organisent-convoi-a-destination-de-lukraine\/#primaryimage"},"image":{"@id":"https:\/\/vosgesinfo.fr\/remiremontinfo\/2022\/03\/cornimont-organisent-convoi-a-destination-de-lukraine\/#primaryimage"},"thumbnailUrl":"https:\/\/vosgesinfo.fr\/app\/uploads\/sites\/5\/2024\/09\/202203capture-decran-2022-03-17-123336.png","datePublished":"2022-03-17T10:53:34+00:00","dateModified":"2022-03-17T10:53:34+00:00","breadcrumb":{"@id":"https:\/\/vosgesinfo.fr\/remiremontinfo\/2022\/03\/cornimont-organisent-convoi-a-destination-de-lukraine\/#breadcrumb"},"inLanguage":"fr-FR","potentialAction":[{"@type":"ReadAction","target":["https:\/\/vosgesinfo.fr\/remiremontinfo\/2022\/03\/cornimont-organisent-convoi-a-destination-de-lukraine\/"]}]},{"@type":"ImageObject","inLanguage":"fr-FR","@id":"https:\/\/vosgesinfo.fr\/remiremontinfo\/2022\/03\/cornimont-organisent-convoi-a-destination-de-lukraine\/#primaryimage","url":"https:\/\/vosgesinfo.fr\/app\/uploads\/sites\/5\/2024\/09\/202203capture-decran-2022-03-17-123336.png","contentUrl":"https:\/\/vosgesinfo.fr\/app\/uploads\/sites\/5\/2024\/09\/202203capture-decran-2022-03-17-123336.png","width":831,"height":563},{"@type":"BreadcrumbList","@id":"https:\/\/vosgesinfo.fr\/remiremontinfo\/2022\/03\/cornimont-organisent-convoi-a-destination-de-lukraine\/#breadcrumb","itemListElement":[{"@type":"ListItem","position":1,"name":"Home","item":"https:\/\/vosgesinfo.fr\/remiremontinfo\/"},{"@type":"ListItem","position":2,"name":"Cornimont\u00a0: ils organisent un convoi \u00e0 destination de l\u2019Ukraine"}]},{"@type":"WebSite","@id":"https:\/\/vosgesinfo.fr\/remiremontinfo\/#website","url":"https:\/\/vosgesinfo.fr\/remiremontinfo\/","name":"Remiremont Info","description":"Toute l&#039;actualit\u00e9 de Remiremont","publisher":{"@id":"https:\/\/vosgesinfo.fr\/remiremontinfo\/#organization"},"alternateName":"Toute l'actualit\u00e9 de Remiremont","potentialAction":[{"@type":"SearchAction","target":{"@type":"EntryPoint","urlTemplate":"https:\/\/vosgesinfo.fr\/remiremontinfo\/?s={search_term_string}"},"query-input":"required name=search_term_string"}],"inLanguage":"fr-FR"},{"@type":"Organization","@id":"https:\/\/vosgesinfo.fr\/remiremontinfo\/#organization","name":"Remiremont Info","url":"https:\/\/vosgesinfo.fr\/remiremontinfo\/","logo":{"@type":"ImageObject","inLanguage":"fr-FR","@id":"https:\/\/vosgesinfo.fr\/remiremontinfo\/#\/schema\/logo\/image\/","url":"https:\/\/vosgesinfo.fr\/app\/uploads\/sites\/5\/2023\/08\/favicon-remiremontinfo.png","contentUrl":"https:\/\/vosgesinfo.fr\/app\/uploads\/sites\/5\/2023\/08\/favicon-remiremontinfo.png","width":512,"height":512,"caption":"Remiremont Info"},"image":{"@id":"https:\/\/vosgesinfo.fr\/remiremontinfo\/#\/schema\/logo\/image\/"},"sameAs":["https:\/\/www.facebook.com\/remiremontinfo","https:\/\/x.com\/VosgesInfo88","https:\/\/www.youtube.com\/@vosgesinfo"]},{"@type":"Person","@id":"https:\/\/vosgesinfo.fr\/remiremontinfo\/#\/schema\/person\/3bfd164d5218a185b1db68655a265316","name":"C D","image":{"@type":"ImageObject","inLanguage":"fr-FR","@id":"https:\/\/vosgesinfo.fr\/remiremontinfo\/#\/schema\/person\/image\/","url":"https:\/\/secure.gravatar.com\/avatar\/1f9a70007336511a47468b8f1c66f922b8b7cf617b02a31149ada43893a5d48f?s=96&d=mm&r=g","contentUrl":"https:\/\/secure.gravatar.com\/avatar\/1f9a70007336511a47468b8f1c66f922b8b7cf617b02a31149ada43893a5d48f?s=96&d=mm&r=g","caption":"C D"},"url":"https:\/\/vosgesinfo.fr\/remiremontinfo\/author\/cedric-drevet\/"}]}},"_links":{"self":[{"href":"https:\/\/vosgesinfo.fr\/remiremontinfo\/wp-json\/wp\/v2\/posts\/52772","targetHints":{"allow":["GET"]}}],"collection":[{"href":"https:\/\/vosgesinfo.fr\/remiremontinfo\/wp-json\/wp\/v2\/posts"}],"about":[{"href":"https:\/\/vosgesinfo.fr\/remiremontinfo\/wp-json\/wp\/v2\/types\/post"}],"author":[{"embeddable":true,"href":"https:\/\/vosgesinfo.fr\/remiremontinfo\/wp-json\/wp\/v2\/users\/407"}],"replies":[{"embeddable":true,"href":"https:\/\/vosgesinfo.fr\/remiremontinfo\/wp-json\/wp\/v2\/comments?post=52772"}],"version-history":[{"count":0,"href":"https:\/\/vosgesinfo.fr\/remiremontinfo\/wp-json\/wp\/v2\/posts\/52772\/revisions"}],"wp:featuredmedia":[{"embeddable":true,"href":"https:\/\/vosgesinfo.fr\/remiremontinfo\/wp-json\/wp\/v2\/media\/52773"}],"wp:attachment":[{"href":"https:\/\/vosgesinfo.fr\/remiremontinfo\/wp-json\/wp\/v2\/media?parent=52772"}],"wp:term":[{"taxonomy":"category","embeddable":true,"href":"https:\/\/vosgesinfo.fr\/remiremontinfo\/wp-json\/wp\/v2\/categories?post=52772"},{"taxonomy":"post_tag","embeddable":true,"href":"https:\/\/vosgesinfo.fr\/remiremontinfo\/wp-json\/wp\/v2\/tags?post=52772"}],"curies":[{"name":"wp","href":"https:\/\/api.w.org\/{rel}","templated":true}]}}