{"id":5294,"date":"2024-03-24T07:29:16","date_gmt":"2024-03-24T06:29:16","guid":{"rendered":"https:\/\/vosgesinfo.fr\/remiremontinfo\/?p=5294"},"modified":"2024-03-24T08:37:33","modified_gmt":"2024-03-24T07:37:33","slug":"remiremont-la-giboulee-du-matin-neffraie-pas-le-costume-venitien","status":"publish","type":"post","link":"https:\/\/vosgesinfo.fr\/remiremontinfo\/2024\/03\/remiremont-la-giboulee-du-matin-neffraie-pas-le-costume-venitien\/","title":{"rendered":"Remiremont &#8211; La giboul\u00e9e du matin n\u2019effraie pas le costum\u00e9 v\u00e9nitien\u00a0\u00a0"},"content":{"rendered":"\n\t\t<style type=\"text\/css\">\n\t\t\t#gallery-1 {\n\t\t\t\tmargin: auto;\n\t\t\t}\n\t\t\t#gallery-1 .gallery-item {\n\t\t\t\tfloat: left;\n\t\t\t\tmargin-top: 10px;\n\t\t\t\ttext-align: center;\n\t\t\t\twidth: 50%;\n\t\t\t}\n\t\t\t#gallery-1 img {\n\t\t\t\tborder: 2px solid #cfcfcf;\n\t\t\t}\n\t\t\t#gallery-1 .gallery-caption {\n\t\t\t\tmargin-left: 0;\n\t\t\t}\n\t\t\t\/* see gallery_shortcode() in wp-includes\/media.php *\/\n\t\t<\/style>\n\t\t<div id='gallery-1' class='gallery galleryid-5294 gallery-columns-2 gallery-size-large'><dl class='gallery-item'>\n\t\t\t<dt class='gallery-icon landscape'>\n\t\t\t\t<a href='https:\/\/vosgesinfo.fr\/app\/uploads\/sites\/5\/2024\/03\/carn5--scaled.jpg'><img decoding=\"async\" width=\"1024\" height=\"764\" src=\"https:\/\/vosgesinfo.fr\/app\/uploads\/sites\/5\/2024\/03\/carn5--1024x764.jpg\" class=\"attachment-large size-large\" alt=\"\" srcset=\"https:\/\/vosgesinfo.fr\/app\/uploads\/sites\/5\/2024\/03\/carn5--1024x764.jpg 1024w, https:\/\/vosgesinfo.fr\/app\/uploads\/sites\/5\/2024\/03\/carn5--300x224.jpg 300w, https:\/\/vosgesinfo.fr\/app\/uploads\/sites\/5\/2024\/03\/carn5--768x573.jpg 768w, https:\/\/vosgesinfo.fr\/app\/uploads\/sites\/5\/2024\/03\/carn5--1536x1147.jpg 1536w, https:\/\/vosgesinfo.fr\/app\/uploads\/sites\/5\/2024\/03\/carn5--2048x1529.jpg 2048w\" sizes=\"(max-width: 1024px) 100vw, 1024px\" \/><\/a>\n\t\t\t<\/dt><\/dl><dl class='gallery-item'>\n\t\t\t<dt class='gallery-icon portrait'>\n\t\t\t\t<a href='https:\/\/vosgesinfo.fr\/app\/uploads\/sites\/5\/2024\/03\/carn3-scaled.jpg'><img decoding=\"async\" width=\"764\" height=\"1024\" src=\"https:\/\/vosgesinfo.fr\/app\/uploads\/sites\/5\/2024\/03\/carn3-764x1024.jpg\" class=\"attachment-large size-large\" alt=\"\" srcset=\"https:\/\/vosgesinfo.fr\/app\/uploads\/sites\/5\/2024\/03\/carn3-764x1024.jpg 764w, https:\/\/vosgesinfo.fr\/app\/uploads\/sites\/5\/2024\/03\/carn3-224x300.jpg 224w, https:\/\/vosgesinfo.fr\/app\/uploads\/sites\/5\/2024\/03\/carn3-768x1029.jpg 768w, https:\/\/vosgesinfo.fr\/app\/uploads\/sites\/5\/2024\/03\/carn3-1147x1536.jpg 1147w, https:\/\/vosgesinfo.fr\/app\/uploads\/sites\/5\/2024\/03\/carn3-1529x2048.jpg 1529w, https:\/\/vosgesinfo.fr\/app\/uploads\/sites\/5\/2024\/03\/carn3-scaled.jpg 1911w\" sizes=\"(max-width: 764px) 100vw, 764px\" \/><\/a>\n\t\t\t<\/dt><\/dl><br style=\"clear: both\" \/><dl class='gallery-item'>\n\t\t\t<dt class='gallery-icon landscape'>\n\t\t\t\t<a href='https:\/\/vosgesinfo.fr\/app\/uploads\/sites\/5\/2024\/03\/carn4jpg-scaled.jpg'><img decoding=\"async\" width=\"1024\" height=\"764\" src=\"https:\/\/vosgesinfo.fr\/app\/uploads\/sites\/5\/2024\/03\/carn4jpg-1024x764.jpg\" class=\"attachment-large size-large\" alt=\"\" srcset=\"https:\/\/vosgesinfo.fr\/app\/uploads\/sites\/5\/2024\/03\/carn4jpg-1024x764.jpg 1024w, https:\/\/vosgesinfo.fr\/app\/uploads\/sites\/5\/2024\/03\/carn4jpg-300x224.jpg 300w, https:\/\/vosgesinfo.fr\/app\/uploads\/sites\/5\/2024\/03\/carn4jpg-768x573.jpg 768w, https:\/\/vosgesinfo.fr\/app\/uploads\/sites\/5\/2024\/03\/carn4jpg-1536x1147.jpg 1536w, https:\/\/vosgesinfo.fr\/app\/uploads\/sites\/5\/2024\/03\/carn4jpg-2048x1529.jpg 2048w\" sizes=\"(max-width: 1024px) 100vw, 1024px\" \/><\/a>\n\t\t\t<\/dt><\/dl><dl class='gallery-item'>\n\t\t\t<dt class='gallery-icon landscape'>\n\t\t\t\t<a href='https:\/\/vosgesinfo.fr\/app\/uploads\/sites\/5\/2024\/03\/carn1-scaled.jpg'><img decoding=\"async\" width=\"1024\" height=\"764\" src=\"https:\/\/vosgesinfo.fr\/app\/uploads\/sites\/5\/2024\/03\/carn1-1024x764.jpg\" class=\"attachment-large size-large\" alt=\"\" srcset=\"https:\/\/vosgesinfo.fr\/app\/uploads\/sites\/5\/2024\/03\/carn1-1024x764.jpg 1024w, https:\/\/vosgesinfo.fr\/app\/uploads\/sites\/5\/2024\/03\/carn1-300x224.jpg 300w, https:\/\/vosgesinfo.fr\/app\/uploads\/sites\/5\/2024\/03\/carn1-768x573.jpg 768w, https:\/\/vosgesinfo.fr\/app\/uploads\/sites\/5\/2024\/03\/carn1-1536x1147.jpg 1536w, https:\/\/vosgesinfo.fr\/app\/uploads\/sites\/5\/2024\/03\/carn1-2048x1529.jpg 2048w\" sizes=\"(max-width: 1024px) 100vw, 1024px\" \/><\/a>\n\t\t\t<\/dt><\/dl><br style=\"clear: both\" \/><dl class='gallery-item'>\n\t\t\t<dt class='gallery-icon landscape'>\n\t\t\t\t<a href='https:\/\/vosgesinfo.fr\/app\/uploads\/sites\/5\/2024\/03\/carn2-scaled.jpg'><img decoding=\"async\" width=\"1024\" height=\"764\" src=\"https:\/\/vosgesinfo.fr\/app\/uploads\/sites\/5\/2024\/03\/carn2-1024x764.jpg\" class=\"attachment-large size-large\" alt=\"\" srcset=\"https:\/\/vosgesinfo.fr\/app\/uploads\/sites\/5\/2024\/03\/carn2-1024x764.jpg 1024w, https:\/\/vosgesinfo.fr\/app\/uploads\/sites\/5\/2024\/03\/carn2-300x224.jpg 300w, https:\/\/vosgesinfo.fr\/app\/uploads\/sites\/5\/2024\/03\/carn2-768x573.jpg 768w, https:\/\/vosgesinfo.fr\/app\/uploads\/sites\/5\/2024\/03\/carn2-1536x1147.jpg 1536w, https:\/\/vosgesinfo.fr\/app\/uploads\/sites\/5\/2024\/03\/carn2-2048x1529.jpg 2048w\" sizes=\"(max-width: 1024px) 100vw, 1024px\" \/><\/a>\n\t\t\t<\/dt><\/dl><dl class='gallery-item'>\n\t\t\t<dt class='gallery-icon portrait'>\n\t\t\t\t<a href='https:\/\/vosgesinfo.fr\/app\/uploads\/sites\/5\/2024\/03\/carn6.--scaled.jpg'><img decoding=\"async\" width=\"764\" height=\"1024\" src=\"https:\/\/vosgesinfo.fr\/app\/uploads\/sites\/5\/2024\/03\/carn6.--764x1024.jpg\" class=\"attachment-large size-large\" alt=\"\" srcset=\"https:\/\/vosgesinfo.fr\/app\/uploads\/sites\/5\/2024\/03\/carn6.--764x1024.jpg 764w, https:\/\/vosgesinfo.fr\/app\/uploads\/sites\/5\/2024\/03\/carn6.--224x300.jpg 224w, https:\/\/vosgesinfo.fr\/app\/uploads\/sites\/5\/2024\/03\/carn6.--768x1029.jpg 768w, https:\/\/vosgesinfo.fr\/app\/uploads\/sites\/5\/2024\/03\/carn6.--1147x1536.jpg 1147w, https:\/\/vosgesinfo.fr\/app\/uploads\/sites\/5\/2024\/03\/carn6.--1529x2048.jpg 1529w, https:\/\/vosgesinfo.fr\/app\/uploads\/sites\/5\/2024\/03\/carn6.--scaled.jpg 1911w\" sizes=\"(max-width: 764px) 100vw, 764px\" \/><\/a>\n\t\t\t<\/dt><\/dl><br style=\"clear: both\" \/>\n\t\t<\/div>\n\n<p><strong>On connaissait le proverbe : \u00ab la pluie du matin n\u2019effraie pas le p\u00e8lerin \u00bb. La 27\u00e8me \u00e9dition du carnaval v\u00e9nitien a transform\u00e9 le vieil adage, d\u2019autant que les spectateurs sont venus en nombre ce samedi. <\/strong><\/p>\n<p>Il en faudrait sans doute beaucoup plus pour ralentir l\u2019enthousiasme des costum\u00e9s, de m\u00eame que celui du public. Ce ne sont pas les giboul\u00e9es du jour qui ont perturb\u00e9 le programme de ce samedi, \u00e0 quelques petites exceptions pr\u00e8s. Le carnaval v\u00e9nitien de Remiremont s\u2019est poursuivi sur sa lanc\u00e9e, s\u2019adaptant sans faillir aux conditions m\u00e9t\u00e9orologiques.<\/p>\n<p>Si les c\u00e9l\u00e8bres arcades de la cit\u00e9 des chanoinesses ont \u00e9t\u00e9 la solution de repli le temps de deux ou trois giboul\u00e9es, places et rues ont vite refait le plein au moment des \u00e9claircies ayant finalement rythm\u00e9 l\u2019apr\u00e8s-midi. La preuve en images\u2026<\/p>\n<p>&nbsp;<\/p>\n","protected":false},"excerpt":{"rendered":"<p>On connaissait le proverbe : \u00ab la pluie du matin n\u2019effraie pas le p\u00e8lerin \u00bb. La 27\u00e8me \u00e9dition du carnaval [&hellip;]<\/p>\n","protected":false},"author":391,"featured_media":5300,"comment_status":"open","ping_status":"open","sticky":false,"template":"","format":"standard","meta":{"footnotes":""},"categories":[26,18],"tags":[929,931,365,928,930],"class_list":["post-5294","post","type-post","status-publish","format-standard","has-post-thumbnail","hentry","category-a-la-une","category-vosges","tag-carvanal","tag-costumes","tag-defile","tag-remiremont-info","tag-venitien"],"acf":[],"yoast_head":"<!-- This site is optimized with the Yoast SEO plugin v22.5 - https:\/\/yoast.com\/wordpress\/plugins\/seo\/ -->\n<title>Remiremont - La giboul\u00e9e du matin n\u2019effraie pas le costum\u00e9 v\u00e9nitien\u00a0\u00a0 - Remiremont Info<\/title>\n<meta name=\"robots\" content=\"index, follow, max-snippet:-1, max-image-preview:large, max-video-preview:-1\" \/>\n<link rel=\"canonical\" href=\"https:\/\/vosgesinfo.fr\/remiremontinfo\/2024\/03\/remiremont-la-giboulee-du-matin-neffraie-pas-le-costume-venitien\/\" \/>\n<meta name=\"twitter:card\" content=\"summary_large_image\" \/>\n<meta name=\"twitter:title\" content=\"Remiremont - La giboul\u00e9e du matin n\u2019effraie pas le costum\u00e9 v\u00e9nitien\u00a0\u00a0 - Remiremont Info\" \/>\n<meta name=\"twitter:description\" content=\"On connaissait le proverbe : \u00ab la pluie du matin n\u2019effraie pas le p\u00e8lerin \u00bb. La 27\u00e8me \u00e9dition du carnaval [&hellip;]\" \/>\n<meta name=\"twitter:image\" content=\"https:\/\/vosgesinfo.fr\/app\/uploads\/sites\/5\/2024\/03\/carn6.--scaled.jpg\" \/>\n<meta name=\"twitter:creator\" content=\"@VosgesInfo88\" \/>\n<meta name=\"twitter:site\" content=\"@VosgesInfo88\" \/>\n<meta name=\"twitter:label1\" content=\"\u00c9crit par\" \/>\n\t<meta name=\"twitter:data1\" content=\"La redaction\" \/>\n\t<meta name=\"twitter:label2\" content=\"Dur\u00e9e de lecture estim\u00e9e\" \/>\n\t<meta name=\"twitter:data2\" content=\"1 minute\" \/>\n<script type=\"application\/ld+json\" class=\"yoast-schema-graph\">{\"@context\":\"https:\/\/schema.org\",\"@graph\":[{\"@type\":\"Article\",\"@id\":\"https:\/\/vosgesinfo.fr\/remiremontinfo\/2024\/03\/remiremont-la-giboulee-du-matin-neffraie-pas-le-costume-venitien\/#article\",\"isPartOf\":{\"@id\":\"https:\/\/vosgesinfo.fr\/remiremontinfo\/2024\/03\/remiremont-la-giboulee-du-matin-neffraie-pas-le-costume-venitien\/\"},\"author\":{\"name\":\"La redaction\",\"@id\":\"https:\/\/vosgesinfo.fr\/remiremontinfo\/#\/schema\/person\/27a3695b06db98895b354c0765cdfc31\"},\"headline\":\"Remiremont &#8211; La giboul\u00e9e du matin n\u2019effraie pas le costum\u00e9 v\u00e9nitien\u00a0\u00a0\",\"datePublished\":\"2024-03-24T06:29:16+00:00\",\"dateModified\":\"2024-03-24T07:37:33+00:00\",\"mainEntityOfPage\":{\"@id\":\"https:\/\/vosgesinfo.fr\/remiremontinfo\/2024\/03\/remiremont-la-giboulee-du-matin-neffraie-pas-le-costume-venitien\/\"},\"wordCount\":173,\"commentCount\":0,\"publisher\":{\"@id\":\"https:\/\/vosgesinfo.fr\/remiremontinfo\/#organization\"},\"image\":{\"@id\":\"https:\/\/vosgesinfo.fr\/remiremontinfo\/2024\/03\/remiremont-la-giboulee-du-matin-neffraie-pas-le-costume-venitien\/#primaryimage\"},\"thumbnailUrl\":\"https:\/\/vosgesinfo.fr\/app\/uploads\/sites\/5\/2024\/03\/carn6.--scaled.jpg\",\"keywords\":[\"Carvanal\",\"costumes\",\"D\u00e9fil\u00e9\",\"Remiremont Info\",\"venitien\"],\"articleSection\":[\"A la Une\",\"Vosges\"],\"inLanguage\":\"fr-FR\",\"potentialAction\":[{\"@type\":\"CommentAction\",\"name\":\"Comment\",\"target\":[\"https:\/\/vosgesinfo.fr\/remiremontinfo\/2024\/03\/remiremont-la-giboulee-du-matin-neffraie-pas-le-costume-venitien\/#respond\"]}]},{\"@type\":\"WebPage\",\"@id\":\"https:\/\/vosgesinfo.fr\/remiremontinfo\/2024\/03\/remiremont-la-giboulee-du-matin-neffraie-pas-le-costume-venitien\/\",\"url\":\"https:\/\/vosgesinfo.fr\/remiremontinfo\/2024\/03\/remiremont-la-giboulee-du-matin-neffraie-pas-le-costume-venitien\/\",\"name\":\"Remiremont - La giboul\u00e9e du matin n\u2019effraie pas le costum\u00e9 v\u00e9nitien\u00a0\u00a0 - Remiremont Info\",\"isPartOf\":{\"@id\":\"https:\/\/vosgesinfo.fr\/remiremontinfo\/#website\"},\"primaryImageOfPage\":{\"@id\":\"https:\/\/vosgesinfo.fr\/remiremontinfo\/2024\/03\/remiremont-la-giboulee-du-matin-neffraie-pas-le-costume-venitien\/#primaryimage\"},\"image\":{\"@id\":\"https:\/\/vosgesinfo.fr\/remiremontinfo\/2024\/03\/remiremont-la-giboulee-du-matin-neffraie-pas-le-costume-venitien\/#primaryimage\"},\"thumbnailUrl\":\"https:\/\/vosgesinfo.fr\/app\/uploads\/sites\/5\/2024\/03\/carn6.--scaled.jpg\",\"datePublished\":\"2024-03-24T06:29:16+00:00\",\"dateModified\":\"2024-03-24T07:37:33+00:00\",\"breadcrumb\":{\"@id\":\"https:\/\/vosgesinfo.fr\/remiremontinfo\/2024\/03\/remiremont-la-giboulee-du-matin-neffraie-pas-le-costume-venitien\/#breadcrumb\"},\"inLanguage\":\"fr-FR\",\"potentialAction\":[{\"@type\":\"ReadAction\",\"target\":[\"https:\/\/vosgesinfo.fr\/remiremontinfo\/2024\/03\/remiremont-la-giboulee-du-matin-neffraie-pas-le-costume-venitien\/\"]}]},{\"@type\":\"ImageObject\",\"inLanguage\":\"fr-FR\",\"@id\":\"https:\/\/vosgesinfo.fr\/remiremontinfo\/2024\/03\/remiremont-la-giboulee-du-matin-neffraie-pas-le-costume-venitien\/#primaryimage\",\"url\":\"https:\/\/vosgesinfo.fr\/app\/uploads\/sites\/5\/2024\/03\/carn6.--scaled.jpg\",\"contentUrl\":\"https:\/\/vosgesinfo.fr\/app\/uploads\/sites\/5\/2024\/03\/carn6.--scaled.jpg\",\"width\":1911,\"height\":2560},{\"@type\":\"BreadcrumbList\",\"@id\":\"https:\/\/vosgesinfo.fr\/remiremontinfo\/2024\/03\/remiremont-la-giboulee-du-matin-neffraie-pas-le-costume-venitien\/#breadcrumb\",\"itemListElement\":[{\"@type\":\"ListItem\",\"position\":1,\"name\":\"Home\",\"item\":\"https:\/\/vosgesinfo.fr\/remiremontinfo\/\"},{\"@type\":\"ListItem\",\"position\":2,\"name\":\"Remiremont &#8211; La giboul\u00e9e du matin n\u2019effraie pas le costum\u00e9 v\u00e9nitien\u00a0\u00a0\"}]},{\"@type\":\"WebSite\",\"@id\":\"https:\/\/vosgesinfo.fr\/remiremontinfo\/#website\",\"url\":\"https:\/\/vosgesinfo.fr\/remiremontinfo\/\",\"name\":\"Remiremont Info\",\"description\":\"Toute l&#039;actualit\u00e9 de Remiremont\",\"publisher\":{\"@id\":\"https:\/\/vosgesinfo.fr\/remiremontinfo\/#organization\"},\"alternateName\":\"Toute l'actualit\u00e9 de Remiremont\",\"potentialAction\":[{\"@type\":\"SearchAction\",\"target\":{\"@type\":\"EntryPoint\",\"urlTemplate\":\"https:\/\/vosgesinfo.fr\/remiremontinfo\/?s={search_term_string}\"},\"query-input\":\"required name=search_term_string\"}],\"inLanguage\":\"fr-FR\"},{\"@type\":\"Organization\",\"@id\":\"https:\/\/vosgesinfo.fr\/remiremontinfo\/#organization\",\"name\":\"Remiremont Info\",\"url\":\"https:\/\/vosgesinfo.fr\/remiremontinfo\/\",\"logo\":{\"@type\":\"ImageObject\",\"inLanguage\":\"fr-FR\",\"@id\":\"https:\/\/vosgesinfo.fr\/remiremontinfo\/#\/schema\/logo\/image\/\",\"url\":\"https:\/\/vosgesinfo.fr\/app\/uploads\/sites\/5\/2023\/08\/favicon-remiremontinfo.png\",\"contentUrl\":\"https:\/\/vosgesinfo.fr\/app\/uploads\/sites\/5\/2023\/08\/favicon-remiremontinfo.png\",\"width\":512,\"height\":512,\"caption\":\"Remiremont Info\"},\"image\":{\"@id\":\"https:\/\/vosgesinfo.fr\/remiremontinfo\/#\/schema\/logo\/image\/\"},\"sameAs\":[\"https:\/\/www.facebook.com\/remiremontinfo\",\"https:\/\/x.com\/VosgesInfo88\",\"https:\/\/www.youtube.com\/@vosgesinfo\"]},{\"@type\":\"Person\",\"@id\":\"https:\/\/vosgesinfo.fr\/remiremontinfo\/#\/schema\/person\/27a3695b06db98895b354c0765cdfc31\",\"name\":\"La redaction\",\"image\":{\"@type\":\"ImageObject\",\"inLanguage\":\"fr-FR\",\"@id\":\"https:\/\/vosgesinfo.fr\/remiremontinfo\/#\/schema\/person\/image\/\",\"url\":\"https:\/\/secure.gravatar.com\/avatar\/64c76a78e501cedee55736f43f332df901e1896ae9cd8fad269ae2236dd0e8b6?s=96&d=mm&r=g\",\"contentUrl\":\"https:\/\/secure.gravatar.com\/avatar\/64c76a78e501cedee55736f43f332df901e1896ae9cd8fad269ae2236dd0e8b6?s=96&d=mm&r=g\",\"caption\":\"La redaction\"},\"url\":\"https:\/\/vosgesinfo.fr\/remiremontinfo\/author\/la-redaction\/\"}]}<\/script>\n<!-- \/ Yoast SEO plugin. -->","yoast_head_json":{"title":"Remiremont - La giboul\u00e9e du matin n\u2019effraie pas le costum\u00e9 v\u00e9nitien\u00a0\u00a0 - Remiremont Info","robots":{"index":"index","follow":"follow","max-snippet":"max-snippet:-1","max-image-preview":"max-image-preview:large","max-video-preview":"max-video-preview:-1"},"canonical":"https:\/\/vosgesinfo.fr\/remiremontinfo\/2024\/03\/remiremont-la-giboulee-du-matin-neffraie-pas-le-costume-venitien\/","twitter_card":"summary_large_image","twitter_title":"Remiremont - La giboul\u00e9e du matin n\u2019effraie pas le costum\u00e9 v\u00e9nitien\u00a0\u00a0 - Remiremont Info","twitter_description":"On connaissait le proverbe : \u00ab la pluie du matin n\u2019effraie pas le p\u00e8lerin \u00bb. La 27\u00e8me \u00e9dition du carnaval [&hellip;]","twitter_image":"https:\/\/vosgesinfo.fr\/app\/uploads\/sites\/5\/2024\/03\/carn6.--scaled.jpg","twitter_creator":"@VosgesInfo88","twitter_site":"@VosgesInfo88","twitter_misc":{"\u00c9crit par":"La redaction","Dur\u00e9e de lecture estim\u00e9e":"1 minute"},"schema":{"@context":"https:\/\/schema.org","@graph":[{"@type":"Article","@id":"https:\/\/vosgesinfo.fr\/remiremontinfo\/2024\/03\/remiremont-la-giboulee-du-matin-neffraie-pas-le-costume-venitien\/#article","isPartOf":{"@id":"https:\/\/vosgesinfo.fr\/remiremontinfo\/2024\/03\/remiremont-la-giboulee-du-matin-neffraie-pas-le-costume-venitien\/"},"author":{"name":"La redaction","@id":"https:\/\/vosgesinfo.fr\/remiremontinfo\/#\/schema\/person\/27a3695b06db98895b354c0765cdfc31"},"headline":"Remiremont &#8211; La giboul\u00e9e du matin n\u2019effraie pas le costum\u00e9 v\u00e9nitien\u00a0\u00a0","datePublished":"2024-03-24T06:29:16+00:00","dateModified":"2024-03-24T07:37:33+00:00","mainEntityOfPage":{"@id":"https:\/\/vosgesinfo.fr\/remiremontinfo\/2024\/03\/remiremont-la-giboulee-du-matin-neffraie-pas-le-costume-venitien\/"},"wordCount":173,"commentCount":0,"publisher":{"@id":"https:\/\/vosgesinfo.fr\/remiremontinfo\/#organization"},"image":{"@id":"https:\/\/vosgesinfo.fr\/remiremontinfo\/2024\/03\/remiremont-la-giboulee-du-matin-neffraie-pas-le-costume-venitien\/#primaryimage"},"thumbnailUrl":"https:\/\/vosgesinfo.fr\/app\/uploads\/sites\/5\/2024\/03\/carn6.--scaled.jpg","keywords":["Carvanal","costumes","D\u00e9fil\u00e9","Remiremont Info","venitien"],"articleSection":["A la Une","Vosges"],"inLanguage":"fr-FR","potentialAction":[{"@type":"CommentAction","name":"Comment","target":["https:\/\/vosgesinfo.fr\/remiremontinfo\/2024\/03\/remiremont-la-giboulee-du-matin-neffraie-pas-le-costume-venitien\/#respond"]}]},{"@type":"WebPage","@id":"https:\/\/vosgesinfo.fr\/remiremontinfo\/2024\/03\/remiremont-la-giboulee-du-matin-neffraie-pas-le-costume-venitien\/","url":"https:\/\/vosgesinfo.fr\/remiremontinfo\/2024\/03\/remiremont-la-giboulee-du-matin-neffraie-pas-le-costume-venitien\/","name":"Remiremont - La giboul\u00e9e du matin n\u2019effraie pas le costum\u00e9 v\u00e9nitien\u00a0\u00a0 - Remiremont Info","isPartOf":{"@id":"https:\/\/vosgesinfo.fr\/remiremontinfo\/#website"},"primaryImageOfPage":{"@id":"https:\/\/vosgesinfo.fr\/remiremontinfo\/2024\/03\/remiremont-la-giboulee-du-matin-neffraie-pas-le-costume-venitien\/#primaryimage"},"image":{"@id":"https:\/\/vosgesinfo.fr\/remiremontinfo\/2024\/03\/remiremont-la-giboulee-du-matin-neffraie-pas-le-costume-venitien\/#primaryimage"},"thumbnailUrl":"https:\/\/vosgesinfo.fr\/app\/uploads\/sites\/5\/2024\/03\/carn6.--scaled.jpg","datePublished":"2024-03-24T06:29:16+00:00","dateModified":"2024-03-24T07:37:33+00:00","breadcrumb":{"@id":"https:\/\/vosgesinfo.fr\/remiremontinfo\/2024\/03\/remiremont-la-giboulee-du-matin-neffraie-pas-le-costume-venitien\/#breadcrumb"},"inLanguage":"fr-FR","potentialAction":[{"@type":"ReadAction","target":["https:\/\/vosgesinfo.fr\/remiremontinfo\/2024\/03\/remiremont-la-giboulee-du-matin-neffraie-pas-le-costume-venitien\/"]}]},{"@type":"ImageObject","inLanguage":"fr-FR","@id":"https:\/\/vosgesinfo.fr\/remiremontinfo\/2024\/03\/remiremont-la-giboulee-du-matin-neffraie-pas-le-costume-venitien\/#primaryimage","url":"https:\/\/vosgesinfo.fr\/app\/uploads\/sites\/5\/2024\/03\/carn6.--scaled.jpg","contentUrl":"https:\/\/vosgesinfo.fr\/app\/uploads\/sites\/5\/2024\/03\/carn6.--scaled.jpg","width":1911,"height":2560},{"@type":"BreadcrumbList","@id":"https:\/\/vosgesinfo.fr\/remiremontinfo\/2024\/03\/remiremont-la-giboulee-du-matin-neffraie-pas-le-costume-venitien\/#breadcrumb","itemListElement":[{"@type":"ListItem","position":1,"name":"Home","item":"https:\/\/vosgesinfo.fr\/remiremontinfo\/"},{"@type":"ListItem","position":2,"name":"Remiremont &#8211; La giboul\u00e9e du matin n\u2019effraie pas le costum\u00e9 v\u00e9nitien\u00a0\u00a0"}]},{"@type":"WebSite","@id":"https:\/\/vosgesinfo.fr\/remiremontinfo\/#website","url":"https:\/\/vosgesinfo.fr\/remiremontinfo\/","name":"Remiremont Info","description":"Toute l&#039;actualit\u00e9 de Remiremont","publisher":{"@id":"https:\/\/vosgesinfo.fr\/remiremontinfo\/#organization"},"alternateName":"Toute l'actualit\u00e9 de Remiremont","potentialAction":[{"@type":"SearchAction","target":{"@type":"EntryPoint","urlTemplate":"https:\/\/vosgesinfo.fr\/remiremontinfo\/?s={search_term_string}"},"query-input":"required name=search_term_string"}],"inLanguage":"fr-FR"},{"@type":"Organization","@id":"https:\/\/vosgesinfo.fr\/remiremontinfo\/#organization","name":"Remiremont Info","url":"https:\/\/vosgesinfo.fr\/remiremontinfo\/","logo":{"@type":"ImageObject","inLanguage":"fr-FR","@id":"https:\/\/vosgesinfo.fr\/remiremontinfo\/#\/schema\/logo\/image\/","url":"https:\/\/vosgesinfo.fr\/app\/uploads\/sites\/5\/2023\/08\/favicon-remiremontinfo.png","contentUrl":"https:\/\/vosgesinfo.fr\/app\/uploads\/sites\/5\/2023\/08\/favicon-remiremontinfo.png","width":512,"height":512,"caption":"Remiremont Info"},"image":{"@id":"https:\/\/vosgesinfo.fr\/remiremontinfo\/#\/schema\/logo\/image\/"},"sameAs":["https:\/\/www.facebook.com\/remiremontinfo","https:\/\/x.com\/VosgesInfo88","https:\/\/www.youtube.com\/@vosgesinfo"]},{"@type":"Person","@id":"https:\/\/vosgesinfo.fr\/remiremontinfo\/#\/schema\/person\/27a3695b06db98895b354c0765cdfc31","name":"La redaction","image":{"@type":"ImageObject","inLanguage":"fr-FR","@id":"https:\/\/vosgesinfo.fr\/remiremontinfo\/#\/schema\/person\/image\/","url":"https:\/\/secure.gravatar.com\/avatar\/64c76a78e501cedee55736f43f332df901e1896ae9cd8fad269ae2236dd0e8b6?s=96&d=mm&r=g","contentUrl":"https:\/\/secure.gravatar.com\/avatar\/64c76a78e501cedee55736f43f332df901e1896ae9cd8fad269ae2236dd0e8b6?s=96&d=mm&r=g","caption":"La redaction"},"url":"https:\/\/vosgesinfo.fr\/remiremontinfo\/author\/la-redaction\/"}]}},"_links":{"self":[{"href":"https:\/\/vosgesinfo.fr\/remiremontinfo\/wp-json\/wp\/v2\/posts\/5294","targetHints":{"allow":["GET"]}}],"collection":[{"href":"https:\/\/vosgesinfo.fr\/remiremontinfo\/wp-json\/wp\/v2\/posts"}],"about":[{"href":"https:\/\/vosgesinfo.fr\/remiremontinfo\/wp-json\/wp\/v2\/types\/post"}],"author":[{"embeddable":true,"href":"https:\/\/vosgesinfo.fr\/remiremontinfo\/wp-json\/wp\/v2\/users\/391"}],"replies":[{"embeddable":true,"href":"https:\/\/vosgesinfo.fr\/remiremontinfo\/wp-json\/wp\/v2\/comments?post=5294"}],"version-history":[{"count":1,"href":"https:\/\/vosgesinfo.fr\/remiremontinfo\/wp-json\/wp\/v2\/posts\/5294\/revisions"}],"predecessor-version":[{"id":5301,"href":"https:\/\/vosgesinfo.fr\/remiremontinfo\/wp-json\/wp\/v2\/posts\/5294\/revisions\/5301"}],"wp:featuredmedia":[{"embeddable":true,"href":"https:\/\/vosgesinfo.fr\/remiremontinfo\/wp-json\/wp\/v2\/media\/5300"}],"wp:attachment":[{"href":"https:\/\/vosgesinfo.fr\/remiremontinfo\/wp-json\/wp\/v2\/media?parent=5294"}],"wp:term":[{"taxonomy":"category","embeddable":true,"href":"https:\/\/vosgesinfo.fr\/remiremontinfo\/wp-json\/wp\/v2\/categories?post=5294"},{"taxonomy":"post_tag","embeddable":true,"href":"https:\/\/vosgesinfo.fr\/remiremontinfo\/wp-json\/wp\/v2\/tags?post=5294"}],"curies":[{"name":"wp","href":"https:\/\/api.w.org\/{rel}","templated":true}]}}