{"id":53667,"date":"2022-03-30T07:18:59","date_gmt":"2022-03-30T05:18:59","guid":{"rendered":"https:\/\/vosgesinfo.fr\/remiremontinfo\/2022\/03\/jo-clement-noel-fabien-claude-decores-emmanuel-macron\/"},"modified":"2022-03-30T07:18:59","modified_gmt":"2022-03-30T05:18:59","slug":"jo-clement-noel-fabien-claude-decores-emmanuel-macron","status":"publish","type":"post","link":"https:\/\/vosgesinfo.fr\/remiremontinfo\/2022\/03\/jo-clement-noel-fabien-claude-decores-emmanuel-macron\/","title":{"rendered":"JO\u00a0: Cl\u00e9ment No\u00ebl et Fabien Claude d\u00e9cor\u00e9s par Emmanuel Macron"},"content":{"rendered":"\n<p><span style=\"font-size: 10pt;\"><em>Captures d\u2019\u00e9cran, \u00c9lys\u00e9e \u2013 Pr\u00e9sidence de la R\u00e9publique fran\u00e7aise<\/em><\/span><\/p>\n<h2><span style=\"font-size: 12pt;\"><strong>Les m\u00e9daill\u00e9s des Jeux olympiques et paralympiques de P\u00e9kin 2022 ont \u00e9t\u00e9 re\u00e7us ce mardi soir au palais de l&rsquo;Elys\u00e9e. Ils ont \u00e9t\u00e9 d\u00e9cor\u00e9s par Emmanuel Macron. Apr\u00e8s un discours d\u2019introduction, l\u2019actuel occupant de la pr\u00e9sidence de la R\u00e9publique est venu \u00e9pingler les traditionnelles m\u00e9dailles et rubans.\u00a0<\/strong><\/span><\/h2>\n<p>Les sept champions olympiques et paralympiques r\u00e9compens\u00e9s \u00e0 l\u2019occasion des Jeux d\u2019hiver de P\u00e9kin ont \u00e9t\u00e9 d\u00e9cor\u00e9s de la L\u00e9gion d\u2019honneur au grade de Chevalier. Le vosgien Cl\u00e9ment No\u00ebl, ancien licenci\u00e9 \u00e0 L\u2019US Ventron, est parmi eux. Le skieur vosgien de Basse sur le Rupt Fabien Claude, qui a remport\u00e9 une m\u00e9daille d\u2019argent par \u00e9quipe en f\u00e9vrier dernier, a \u00e9t\u00e9 nomm\u00e9 \u00e0 l\u2019ordre national du m\u00e9rite au grade de chevalier.<\/p>\n<p>&nbsp;<\/p>\n","protected":false},"excerpt":{"rendered":"<p>Captures d\u2019\u00e9cran, \u00c9lys\u00e9e \u2013 Pr\u00e9sidence de la R\u00e9publique fran\u00e7aise Les m\u00e9daill\u00e9s des Jeux olympiques et paralympiques de P\u00e9kin 2022 ont [&hellip;]<\/p>\n","protected":false},"author":407,"featured_media":53668,"comment_status":"open","ping_status":"open","sticky":false,"template":"","format":"standard","meta":{"footnotes":""},"categories":[26,14,18],"tags":[1558,3138,3311,61,32],"class_list":["post-53667","post","type-post","status-publish","format-standard","has-post-thumbnail","hentry","category-a-la-une","category-sport","category-vosges","tag-clement-noel","tag-fabien-claude","tag-jo","tag-sport","tag-vosges"],"acf":[],"yoast_head":"<!-- This site is optimized with the Yoast SEO plugin v22.5 - https:\/\/yoast.com\/wordpress\/plugins\/seo\/ -->\n<title>JO\u00a0: Cl\u00e9ment No\u00ebl et Fabien Claude d\u00e9cor\u00e9s par Emmanuel Macron - Remiremont Info<\/title>\n<meta name=\"robots\" content=\"index, follow, max-snippet:-1, max-image-preview:large, max-video-preview:-1\" \/>\n<link rel=\"canonical\" href=\"https:\/\/vosgesinfo.fr\/remiremontinfo\/2022\/03\/jo-clement-noel-fabien-claude-decores-emmanuel-macron\/\" \/>\n<meta name=\"twitter:card\" content=\"summary_large_image\" \/>\n<meta name=\"twitter:title\" content=\"JO\u00a0: Cl\u00e9ment No\u00ebl et Fabien Claude d\u00e9cor\u00e9s par Emmanuel Macron - Remiremont Info\" \/>\n<meta name=\"twitter:description\" content=\"Captures d\u2019\u00e9cran, \u00c9lys\u00e9e \u2013 Pr\u00e9sidence de la R\u00e9publique fran\u00e7aise Les m\u00e9daill\u00e9s des Jeux olympiques et paralympiques de P\u00e9kin 2022 ont [&hellip;]\" \/>\n<meta name=\"twitter:image\" content=\"https:\/\/vosgesinfo.fr\/app\/uploads\/sites\/5\/2024\/09\/202203capture-decran-2022-03-30-090158.png\" \/>\n<meta name=\"twitter:creator\" content=\"@VosgesInfo88\" \/>\n<meta name=\"twitter:site\" content=\"@VosgesInfo88\" \/>\n<meta name=\"twitter:label1\" content=\"\u00c9crit par\" \/>\n\t<meta name=\"twitter:data1\" content=\"C D\" \/>\n\t<meta name=\"twitter:label2\" content=\"Dur\u00e9e de lecture estim\u00e9e\" \/>\n\t<meta name=\"twitter:data2\" content=\"1 minute\" \/>\n<script type=\"application\/ld+json\" class=\"yoast-schema-graph\">{\"@context\":\"https:\/\/schema.org\",\"@graph\":[{\"@type\":\"Article\",\"@id\":\"https:\/\/vosgesinfo.fr\/remiremontinfo\/2022\/03\/jo-clement-noel-fabien-claude-decores-emmanuel-macron\/#article\",\"isPartOf\":{\"@id\":\"https:\/\/vosgesinfo.fr\/remiremontinfo\/2022\/03\/jo-clement-noel-fabien-claude-decores-emmanuel-macron\/\"},\"author\":{\"name\":\"C D\",\"@id\":\"https:\/\/vosgesinfo.fr\/remiremontinfo\/#\/schema\/person\/3bfd164d5218a185b1db68655a265316\"},\"headline\":\"JO\u00a0: Cl\u00e9ment No\u00ebl et Fabien Claude d\u00e9cor\u00e9s par Emmanuel Macron\",\"datePublished\":\"2022-03-30T05:18:59+00:00\",\"dateModified\":\"2022-03-30T05:18:59+00:00\",\"mainEntityOfPage\":{\"@id\":\"https:\/\/vosgesinfo.fr\/remiremontinfo\/2022\/03\/jo-clement-noel-fabien-claude-decores-emmanuel-macron\/\"},\"wordCount\":180,\"commentCount\":0,\"publisher\":{\"@id\":\"https:\/\/vosgesinfo.fr\/remiremontinfo\/#organization\"},\"image\":{\"@id\":\"https:\/\/vosgesinfo.fr\/remiremontinfo\/2022\/03\/jo-clement-noel-fabien-claude-decores-emmanuel-macron\/#primaryimage\"},\"thumbnailUrl\":\"https:\/\/vosgesinfo.fr\/app\/uploads\/sites\/5\/2024\/09\/202203capture-decran-2022-03-30-090158.png\",\"keywords\":[\"clement noel\",\"Fabien Claude\",\"JO\",\"sport\",\"Vosges\"],\"articleSection\":[\"A la Une\",\"Sport\",\"Vosges\"],\"inLanguage\":\"fr-FR\",\"potentialAction\":[{\"@type\":\"CommentAction\",\"name\":\"Comment\",\"target\":[\"https:\/\/vosgesinfo.fr\/remiremontinfo\/2022\/03\/jo-clement-noel-fabien-claude-decores-emmanuel-macron\/#respond\"]}]},{\"@type\":\"WebPage\",\"@id\":\"https:\/\/vosgesinfo.fr\/remiremontinfo\/2022\/03\/jo-clement-noel-fabien-claude-decores-emmanuel-macron\/\",\"url\":\"https:\/\/vosgesinfo.fr\/remiremontinfo\/2022\/03\/jo-clement-noel-fabien-claude-decores-emmanuel-macron\/\",\"name\":\"JO\u00a0: Cl\u00e9ment No\u00ebl et Fabien Claude d\u00e9cor\u00e9s par Emmanuel Macron - Remiremont Info\",\"isPartOf\":{\"@id\":\"https:\/\/vosgesinfo.fr\/remiremontinfo\/#website\"},\"primaryImageOfPage\":{\"@id\":\"https:\/\/vosgesinfo.fr\/remiremontinfo\/2022\/03\/jo-clement-noel-fabien-claude-decores-emmanuel-macron\/#primaryimage\"},\"image\":{\"@id\":\"https:\/\/vosgesinfo.fr\/remiremontinfo\/2022\/03\/jo-clement-noel-fabien-claude-decores-emmanuel-macron\/#primaryimage\"},\"thumbnailUrl\":\"https:\/\/vosgesinfo.fr\/app\/uploads\/sites\/5\/2024\/09\/202203capture-decran-2022-03-30-090158.png\",\"datePublished\":\"2022-03-30T05:18:59+00:00\",\"dateModified\":\"2022-03-30T05:18:59+00:00\",\"breadcrumb\":{\"@id\":\"https:\/\/vosgesinfo.fr\/remiremontinfo\/2022\/03\/jo-clement-noel-fabien-claude-decores-emmanuel-macron\/#breadcrumb\"},\"inLanguage\":\"fr-FR\",\"potentialAction\":[{\"@type\":\"ReadAction\",\"target\":[\"https:\/\/vosgesinfo.fr\/remiremontinfo\/2022\/03\/jo-clement-noel-fabien-claude-decores-emmanuel-macron\/\"]}]},{\"@type\":\"ImageObject\",\"inLanguage\":\"fr-FR\",\"@id\":\"https:\/\/vosgesinfo.fr\/remiremontinfo\/2022\/03\/jo-clement-noel-fabien-claude-decores-emmanuel-macron\/#primaryimage\",\"url\":\"https:\/\/vosgesinfo.fr\/app\/uploads\/sites\/5\/2024\/09\/202203capture-decran-2022-03-30-090158.png\",\"contentUrl\":\"https:\/\/vosgesinfo.fr\/app\/uploads\/sites\/5\/2024\/09\/202203capture-decran-2022-03-30-090158.png\",\"width\":1097,\"height\":738},{\"@type\":\"BreadcrumbList\",\"@id\":\"https:\/\/vosgesinfo.fr\/remiremontinfo\/2022\/03\/jo-clement-noel-fabien-claude-decores-emmanuel-macron\/#breadcrumb\",\"itemListElement\":[{\"@type\":\"ListItem\",\"position\":1,\"name\":\"Home\",\"item\":\"https:\/\/vosgesinfo.fr\/remiremontinfo\/\"},{\"@type\":\"ListItem\",\"position\":2,\"name\":\"JO\u00a0: Cl\u00e9ment No\u00ebl et Fabien Claude d\u00e9cor\u00e9s par Emmanuel Macron\"}]},{\"@type\":\"WebSite\",\"@id\":\"https:\/\/vosgesinfo.fr\/remiremontinfo\/#website\",\"url\":\"https:\/\/vosgesinfo.fr\/remiremontinfo\/\",\"name\":\"Remiremont Info\",\"description\":\"Toute l&#039;actualit\u00e9 de Remiremont\",\"publisher\":{\"@id\":\"https:\/\/vosgesinfo.fr\/remiremontinfo\/#organization\"},\"alternateName\":\"Toute l'actualit\u00e9 de Remiremont\",\"potentialAction\":[{\"@type\":\"SearchAction\",\"target\":{\"@type\":\"EntryPoint\",\"urlTemplate\":\"https:\/\/vosgesinfo.fr\/remiremontinfo\/?s={search_term_string}\"},\"query-input\":\"required name=search_term_string\"}],\"inLanguage\":\"fr-FR\"},{\"@type\":\"Organization\",\"@id\":\"https:\/\/vosgesinfo.fr\/remiremontinfo\/#organization\",\"name\":\"Remiremont Info\",\"url\":\"https:\/\/vosgesinfo.fr\/remiremontinfo\/\",\"logo\":{\"@type\":\"ImageObject\",\"inLanguage\":\"fr-FR\",\"@id\":\"https:\/\/vosgesinfo.fr\/remiremontinfo\/#\/schema\/logo\/image\/\",\"url\":\"https:\/\/vosgesinfo.fr\/app\/uploads\/sites\/5\/2023\/08\/favicon-remiremontinfo.png\",\"contentUrl\":\"https:\/\/vosgesinfo.fr\/app\/uploads\/sites\/5\/2023\/08\/favicon-remiremontinfo.png\",\"width\":512,\"height\":512,\"caption\":\"Remiremont Info\"},\"image\":{\"@id\":\"https:\/\/vosgesinfo.fr\/remiremontinfo\/#\/schema\/logo\/image\/\"},\"sameAs\":[\"https:\/\/www.facebook.com\/remiremontinfo\",\"https:\/\/x.com\/VosgesInfo88\",\"https:\/\/www.youtube.com\/@vosgesinfo\"]},{\"@type\":\"Person\",\"@id\":\"https:\/\/vosgesinfo.fr\/remiremontinfo\/#\/schema\/person\/3bfd164d5218a185b1db68655a265316\",\"name\":\"C D\",\"image\":{\"@type\":\"ImageObject\",\"inLanguage\":\"fr-FR\",\"@id\":\"https:\/\/vosgesinfo.fr\/remiremontinfo\/#\/schema\/person\/image\/\",\"url\":\"https:\/\/secure.gravatar.com\/avatar\/1f9a70007336511a47468b8f1c66f922b8b7cf617b02a31149ada43893a5d48f?s=96&d=mm&r=g\",\"contentUrl\":\"https:\/\/secure.gravatar.com\/avatar\/1f9a70007336511a47468b8f1c66f922b8b7cf617b02a31149ada43893a5d48f?s=96&d=mm&r=g\",\"caption\":\"C D\"},\"url\":\"https:\/\/vosgesinfo.fr\/remiremontinfo\/author\/cedric-drevet\/\"}]}<\/script>\n<!-- \/ Yoast SEO plugin. -->","yoast_head_json":{"title":"JO\u00a0: Cl\u00e9ment No\u00ebl et Fabien Claude d\u00e9cor\u00e9s par Emmanuel Macron - Remiremont Info","robots":{"index":"index","follow":"follow","max-snippet":"max-snippet:-1","max-image-preview":"max-image-preview:large","max-video-preview":"max-video-preview:-1"},"canonical":"https:\/\/vosgesinfo.fr\/remiremontinfo\/2022\/03\/jo-clement-noel-fabien-claude-decores-emmanuel-macron\/","twitter_card":"summary_large_image","twitter_title":"JO\u00a0: Cl\u00e9ment No\u00ebl et Fabien Claude d\u00e9cor\u00e9s par Emmanuel Macron - Remiremont Info","twitter_description":"Captures d\u2019\u00e9cran, \u00c9lys\u00e9e \u2013 Pr\u00e9sidence de la R\u00e9publique fran\u00e7aise Les m\u00e9daill\u00e9s des Jeux olympiques et paralympiques de P\u00e9kin 2022 ont [&hellip;]","twitter_image":"https:\/\/vosgesinfo.fr\/app\/uploads\/sites\/5\/2024\/09\/202203capture-decran-2022-03-30-090158.png","twitter_creator":"@VosgesInfo88","twitter_site":"@VosgesInfo88","twitter_misc":{"\u00c9crit par":"C D","Dur\u00e9e de lecture estim\u00e9e":"1 minute"},"schema":{"@context":"https:\/\/schema.org","@graph":[{"@type":"Article","@id":"https:\/\/vosgesinfo.fr\/remiremontinfo\/2022\/03\/jo-clement-noel-fabien-claude-decores-emmanuel-macron\/#article","isPartOf":{"@id":"https:\/\/vosgesinfo.fr\/remiremontinfo\/2022\/03\/jo-clement-noel-fabien-claude-decores-emmanuel-macron\/"},"author":{"name":"C D","@id":"https:\/\/vosgesinfo.fr\/remiremontinfo\/#\/schema\/person\/3bfd164d5218a185b1db68655a265316"},"headline":"JO\u00a0: Cl\u00e9ment No\u00ebl et Fabien Claude d\u00e9cor\u00e9s par Emmanuel Macron","datePublished":"2022-03-30T05:18:59+00:00","dateModified":"2022-03-30T05:18:59+00:00","mainEntityOfPage":{"@id":"https:\/\/vosgesinfo.fr\/remiremontinfo\/2022\/03\/jo-clement-noel-fabien-claude-decores-emmanuel-macron\/"},"wordCount":180,"commentCount":0,"publisher":{"@id":"https:\/\/vosgesinfo.fr\/remiremontinfo\/#organization"},"image":{"@id":"https:\/\/vosgesinfo.fr\/remiremontinfo\/2022\/03\/jo-clement-noel-fabien-claude-decores-emmanuel-macron\/#primaryimage"},"thumbnailUrl":"https:\/\/vosgesinfo.fr\/app\/uploads\/sites\/5\/2024\/09\/202203capture-decran-2022-03-30-090158.png","keywords":["clement noel","Fabien Claude","JO","sport","Vosges"],"articleSection":["A la Une","Sport","Vosges"],"inLanguage":"fr-FR","potentialAction":[{"@type":"CommentAction","name":"Comment","target":["https:\/\/vosgesinfo.fr\/remiremontinfo\/2022\/03\/jo-clement-noel-fabien-claude-decores-emmanuel-macron\/#respond"]}]},{"@type":"WebPage","@id":"https:\/\/vosgesinfo.fr\/remiremontinfo\/2022\/03\/jo-clement-noel-fabien-claude-decores-emmanuel-macron\/","url":"https:\/\/vosgesinfo.fr\/remiremontinfo\/2022\/03\/jo-clement-noel-fabien-claude-decores-emmanuel-macron\/","name":"JO\u00a0: Cl\u00e9ment No\u00ebl et Fabien Claude d\u00e9cor\u00e9s par Emmanuel Macron - Remiremont Info","isPartOf":{"@id":"https:\/\/vosgesinfo.fr\/remiremontinfo\/#website"},"primaryImageOfPage":{"@id":"https:\/\/vosgesinfo.fr\/remiremontinfo\/2022\/03\/jo-clement-noel-fabien-claude-decores-emmanuel-macron\/#primaryimage"},"image":{"@id":"https:\/\/vosgesinfo.fr\/remiremontinfo\/2022\/03\/jo-clement-noel-fabien-claude-decores-emmanuel-macron\/#primaryimage"},"thumbnailUrl":"https:\/\/vosgesinfo.fr\/app\/uploads\/sites\/5\/2024\/09\/202203capture-decran-2022-03-30-090158.png","datePublished":"2022-03-30T05:18:59+00:00","dateModified":"2022-03-30T05:18:59+00:00","breadcrumb":{"@id":"https:\/\/vosgesinfo.fr\/remiremontinfo\/2022\/03\/jo-clement-noel-fabien-claude-decores-emmanuel-macron\/#breadcrumb"},"inLanguage":"fr-FR","potentialAction":[{"@type":"ReadAction","target":["https:\/\/vosgesinfo.fr\/remiremontinfo\/2022\/03\/jo-clement-noel-fabien-claude-decores-emmanuel-macron\/"]}]},{"@type":"ImageObject","inLanguage":"fr-FR","@id":"https:\/\/vosgesinfo.fr\/remiremontinfo\/2022\/03\/jo-clement-noel-fabien-claude-decores-emmanuel-macron\/#primaryimage","url":"https:\/\/vosgesinfo.fr\/app\/uploads\/sites\/5\/2024\/09\/202203capture-decran-2022-03-30-090158.png","contentUrl":"https:\/\/vosgesinfo.fr\/app\/uploads\/sites\/5\/2024\/09\/202203capture-decran-2022-03-30-090158.png","width":1097,"height":738},{"@type":"BreadcrumbList","@id":"https:\/\/vosgesinfo.fr\/remiremontinfo\/2022\/03\/jo-clement-noel-fabien-claude-decores-emmanuel-macron\/#breadcrumb","itemListElement":[{"@type":"ListItem","position":1,"name":"Home","item":"https:\/\/vosgesinfo.fr\/remiremontinfo\/"},{"@type":"ListItem","position":2,"name":"JO\u00a0: Cl\u00e9ment No\u00ebl et Fabien Claude d\u00e9cor\u00e9s par Emmanuel Macron"}]},{"@type":"WebSite","@id":"https:\/\/vosgesinfo.fr\/remiremontinfo\/#website","url":"https:\/\/vosgesinfo.fr\/remiremontinfo\/","name":"Remiremont Info","description":"Toute l&#039;actualit\u00e9 de Remiremont","publisher":{"@id":"https:\/\/vosgesinfo.fr\/remiremontinfo\/#organization"},"alternateName":"Toute l'actualit\u00e9 de Remiremont","potentialAction":[{"@type":"SearchAction","target":{"@type":"EntryPoint","urlTemplate":"https:\/\/vosgesinfo.fr\/remiremontinfo\/?s={search_term_string}"},"query-input":"required name=search_term_string"}],"inLanguage":"fr-FR"},{"@type":"Organization","@id":"https:\/\/vosgesinfo.fr\/remiremontinfo\/#organization","name":"Remiremont Info","url":"https:\/\/vosgesinfo.fr\/remiremontinfo\/","logo":{"@type":"ImageObject","inLanguage":"fr-FR","@id":"https:\/\/vosgesinfo.fr\/remiremontinfo\/#\/schema\/logo\/image\/","url":"https:\/\/vosgesinfo.fr\/app\/uploads\/sites\/5\/2023\/08\/favicon-remiremontinfo.png","contentUrl":"https:\/\/vosgesinfo.fr\/app\/uploads\/sites\/5\/2023\/08\/favicon-remiremontinfo.png","width":512,"height":512,"caption":"Remiremont Info"},"image":{"@id":"https:\/\/vosgesinfo.fr\/remiremontinfo\/#\/schema\/logo\/image\/"},"sameAs":["https:\/\/www.facebook.com\/remiremontinfo","https:\/\/x.com\/VosgesInfo88","https:\/\/www.youtube.com\/@vosgesinfo"]},{"@type":"Person","@id":"https:\/\/vosgesinfo.fr\/remiremontinfo\/#\/schema\/person\/3bfd164d5218a185b1db68655a265316","name":"C D","image":{"@type":"ImageObject","inLanguage":"fr-FR","@id":"https:\/\/vosgesinfo.fr\/remiremontinfo\/#\/schema\/person\/image\/","url":"https:\/\/secure.gravatar.com\/avatar\/1f9a70007336511a47468b8f1c66f922b8b7cf617b02a31149ada43893a5d48f?s=96&d=mm&r=g","contentUrl":"https:\/\/secure.gravatar.com\/avatar\/1f9a70007336511a47468b8f1c66f922b8b7cf617b02a31149ada43893a5d48f?s=96&d=mm&r=g","caption":"C D"},"url":"https:\/\/vosgesinfo.fr\/remiremontinfo\/author\/cedric-drevet\/"}]}},"_links":{"self":[{"href":"https:\/\/vosgesinfo.fr\/remiremontinfo\/wp-json\/wp\/v2\/posts\/53667","targetHints":{"allow":["GET"]}}],"collection":[{"href":"https:\/\/vosgesinfo.fr\/remiremontinfo\/wp-json\/wp\/v2\/posts"}],"about":[{"href":"https:\/\/vosgesinfo.fr\/remiremontinfo\/wp-json\/wp\/v2\/types\/post"}],"author":[{"embeddable":true,"href":"https:\/\/vosgesinfo.fr\/remiremontinfo\/wp-json\/wp\/v2\/users\/407"}],"replies":[{"embeddable":true,"href":"https:\/\/vosgesinfo.fr\/remiremontinfo\/wp-json\/wp\/v2\/comments?post=53667"}],"version-history":[{"count":0,"href":"https:\/\/vosgesinfo.fr\/remiremontinfo\/wp-json\/wp\/v2\/posts\/53667\/revisions"}],"wp:featuredmedia":[{"embeddable":true,"href":"https:\/\/vosgesinfo.fr\/remiremontinfo\/wp-json\/wp\/v2\/media\/53668"}],"wp:attachment":[{"href":"https:\/\/vosgesinfo.fr\/remiremontinfo\/wp-json\/wp\/v2\/media?parent=53667"}],"wp:term":[{"taxonomy":"category","embeddable":true,"href":"https:\/\/vosgesinfo.fr\/remiremontinfo\/wp-json\/wp\/v2\/categories?post=53667"},{"taxonomy":"post_tag","embeddable":true,"href":"https:\/\/vosgesinfo.fr\/remiremontinfo\/wp-json\/wp\/v2\/tags?post=53667"}],"curies":[{"name":"wp","href":"https:\/\/api.w.org\/{rel}","templated":true}]}}