{"id":5369,"date":"2024-03-26T09:00:22","date_gmt":"2024-03-26T08:00:22","guid":{"rendered":"https:\/\/vosgesinfo.fr\/remiremontinfo\/?p=5369"},"modified":"2024-03-26T09:00:22","modified_gmt":"2024-03-26T08:00:22","slug":"a-chaumont-les-gymnastes-dacrogym-club-stephanois-ont-brille-lors-du-championnat-regional-de-la-gymnastique-acrobatique","status":"publish","type":"post","link":"https:\/\/vosgesinfo.fr\/remiremontinfo\/2024\/03\/a-chaumont-les-gymnastes-dacrogym-club-stephanois-ont-brille-lors-du-championnat-regional-de-la-gymnastique-acrobatique\/","title":{"rendered":"A Chaumont, les gymnastes d&rsquo;ACRO&rsquo;GYM+ club St\u00e9phanois ont brill\u00e9 lors du championnat r\u00e9gional de la gymnastique acrobatique."},"content":{"rendered":"<div id=\"attachment_5370\" style=\"width: 693px\" class=\"wp-caption aligncenter\"><a href=\"https:\/\/vosgesinfo.fr\/app\/uploads\/sites\/5\/2024\/03\/photo1-anna-et-solene.jpg\"><img decoding=\"async\" aria-describedby=\"caption-attachment-5370\" class=\"size-large wp-image-5370\" src=\"https:\/\/vosgesinfo.fr\/app\/uploads\/sites\/5\/2024\/03\/photo1-anna-et-solene-683x1024.jpg\" alt=\"\" width=\"683\" height=\"1024\" srcset=\"https:\/\/vosgesinfo.fr\/app\/uploads\/sites\/5\/2024\/03\/photo1-anna-et-solene-683x1024.jpg 683w, https:\/\/vosgesinfo.fr\/app\/uploads\/sites\/5\/2024\/03\/photo1-anna-et-solene-200x300.jpg 200w, https:\/\/vosgesinfo.fr\/app\/uploads\/sites\/5\/2024\/03\/photo1-anna-et-solene-768x1152.jpg 768w, https:\/\/vosgesinfo.fr\/app\/uploads\/sites\/5\/2024\/03\/photo1-anna-et-solene-1024x1536.jpg 1024w, https:\/\/vosgesinfo.fr\/app\/uploads\/sites\/5\/2024\/03\/photo1-anna-et-solene.jpg 1066w\" sizes=\"(max-width: 683px) 100vw, 683px\" \/><\/a><p id=\"caption-attachment-5370\" class=\"wp-caption-text\">Anna et Sol\u00e8ne<\/p><\/div>\n<div><\/div>\n<div>Anna Bauer et Sol\u00e8ne Drouiche, 9 ans et 6 ans en Duo F\u00e9d\u00e9ral B 7\/13 ans ont remport\u00e9 le titre de championne du Grand EST. Elles sont qualifi\u00e9es pour le Championnat de France F\u00e9d\u00e9ral \u00e0 Belfort le 10 Mai.<\/div>\n<div><\/div>\n<div>Dans une cat\u00e9gorie tr\u00e8s bataill\u00e9 pour une place sur le podium, Ambre Antoine et Noane Leroy-Bichet en Duo F\u00e9d\u00e9ral A toute cat\u00e9gorie ont perform\u00e9 \u00e0 la quatri\u00e8me place. Le Duo est aussi qualifi\u00e9 pour le Championnat de France F\u00e9d\u00e9ral \u00e0 Belfort le 11 Mai.<\/div>\n<div><\/div>\n<div>De magnifiques r\u00e9sultats pour notre nouveau\u00a0 Club Acro&rsquo;Gym +\u00a0 Stephanois qui se Classe 5 \u00e8me club du grand Est en Gymnastique Acrobatique sur 17 clubs .<\/div>\n<div>\n\n\t\t<style type=\"text\/css\">\n\t\t\t#gallery-1 {\n\t\t\t\tmargin: auto;\n\t\t\t}\n\t\t\t#gallery-1 .gallery-item {\n\t\t\t\tfloat: left;\n\t\t\t\tmargin-top: 10px;\n\t\t\t\ttext-align: center;\n\t\t\t\twidth: 50%;\n\t\t\t}\n\t\t\t#gallery-1 img {\n\t\t\t\tborder: 2px solid #cfcfcf;\n\t\t\t}\n\t\t\t#gallery-1 .gallery-caption {\n\t\t\t\tmargin-left: 0;\n\t\t\t}\n\t\t\t\/* see gallery_shortcode() in wp-includes\/media.php *\/\n\t\t<\/style>\n\t\t<div id='gallery-1' class='gallery galleryid-5369 gallery-columns-2 gallery-size-medium'><dl class='gallery-item'>\n\t\t\t<dt class='gallery-icon portrait'>\n\t\t\t\t<a href='https:\/\/vosgesinfo.fr\/app\/uploads\/sites\/5\/2024\/03\/photo4ambre-et-noane.jpg'><img decoding=\"async\" width=\"200\" height=\"300\" src=\"https:\/\/vosgesinfo.fr\/app\/uploads\/sites\/5\/2024\/03\/photo4ambre-et-noane-200x300.jpg\" class=\"attachment-medium size-medium\" alt=\"\" aria-describedby=\"gallery-1-5373\" srcset=\"https:\/\/vosgesinfo.fr\/app\/uploads\/sites\/5\/2024\/03\/photo4ambre-et-noane-200x300.jpg 200w, https:\/\/vosgesinfo.fr\/app\/uploads\/sites\/5\/2024\/03\/photo4ambre-et-noane-683x1024.jpg 683w, https:\/\/vosgesinfo.fr\/app\/uploads\/sites\/5\/2024\/03\/photo4ambre-et-noane-768x1152.jpg 768w, https:\/\/vosgesinfo.fr\/app\/uploads\/sites\/5\/2024\/03\/photo4ambre-et-noane-1024x1536.jpg 1024w, https:\/\/vosgesinfo.fr\/app\/uploads\/sites\/5\/2024\/03\/photo4ambre-et-noane.jpg 1066w\" sizes=\"(max-width: 200px) 100vw, 200px\" \/><\/a>\n\t\t\t<\/dt>\n\t\t\t\t<dd class='wp-caption-text gallery-caption' id='gallery-1-5373'>\n\t\t\t\tAmbre et Noane\n\t\t\t\t<\/dd><\/dl><dl class='gallery-item'>\n\t\t\t<dt class='gallery-icon portrait'>\n\t\t\t\t<a href='https:\/\/vosgesinfo.fr\/app\/uploads\/sites\/5\/2024\/03\/photo3ambre-et-noane.jpg'><img decoding=\"async\" width=\"200\" height=\"300\" src=\"https:\/\/vosgesinfo.fr\/app\/uploads\/sites\/5\/2024\/03\/photo3ambre-et-noane-200x300.jpg\" class=\"attachment-medium size-medium\" alt=\"\" aria-describedby=\"gallery-1-5372\" srcset=\"https:\/\/vosgesinfo.fr\/app\/uploads\/sites\/5\/2024\/03\/photo3ambre-et-noane-200x300.jpg 200w, https:\/\/vosgesinfo.fr\/app\/uploads\/sites\/5\/2024\/03\/photo3ambre-et-noane-683x1024.jpg 683w, https:\/\/vosgesinfo.fr\/app\/uploads\/sites\/5\/2024\/03\/photo3ambre-et-noane-768x1152.jpg 768w, https:\/\/vosgesinfo.fr\/app\/uploads\/sites\/5\/2024\/03\/photo3ambre-et-noane-1024x1536.jpg 1024w, https:\/\/vosgesinfo.fr\/app\/uploads\/sites\/5\/2024\/03\/photo3ambre-et-noane.jpg 1066w\" sizes=\"(max-width: 200px) 100vw, 200px\" \/><\/a>\n\t\t\t<\/dt>\n\t\t\t\t<dd class='wp-caption-text gallery-caption' id='gallery-1-5372'>\n\t\t\t\tAmbre et Noane\n\t\t\t\t<\/dd><\/dl><br style=\"clear: both\" \/>\n\t\t<\/div>\n\n<\/div>\n<div>\n<div id=\"attachment_5371\" style=\"width: 1034px\" class=\"wp-caption aligncenter\"><a href=\"https:\/\/vosgesinfo.fr\/app\/uploads\/sites\/5\/2024\/03\/photo2podium.jpg\"><img decoding=\"async\" aria-describedby=\"caption-attachment-5371\" class=\"size-large wp-image-5371\" src=\"https:\/\/vosgesinfo.fr\/app\/uploads\/sites\/5\/2024\/03\/photo2podium-1024x775.jpg\" alt=\"\" width=\"1024\" height=\"775\" srcset=\"https:\/\/vosgesinfo.fr\/app\/uploads\/sites\/5\/2024\/03\/photo2podium-1024x775.jpg 1024w, https:\/\/vosgesinfo.fr\/app\/uploads\/sites\/5\/2024\/03\/photo2podium-300x227.jpg 300w, https:\/\/vosgesinfo.fr\/app\/uploads\/sites\/5\/2024\/03\/photo2podium-768x581.jpg 768w, https:\/\/vosgesinfo.fr\/app\/uploads\/sites\/5\/2024\/03\/photo2podium-1536x1163.jpg 1536w, https:\/\/vosgesinfo.fr\/app\/uploads\/sites\/5\/2024\/03\/photo2podium.jpg 1600w\" sizes=\"(max-width: 1024px) 100vw, 1024px\" \/><\/a><p id=\"caption-attachment-5371\" class=\"wp-caption-text\">Anna et Sol\u00e8ne<\/p><\/div>\n<\/div>\n","protected":false},"excerpt":{"rendered":"<p>Anna Bauer et Sol\u00e8ne Drouiche, 9 ans et 6 ans en Duo F\u00e9d\u00e9ral B 7\/13 ans ont remport\u00e9 le titre [&hellip;]<\/p>\n","protected":false},"author":42,"featured_media":5370,"comment_status":"open","ping_status":"open","sticky":false,"template":"","format":"standard","meta":{"footnotes":""},"categories":[26,155,14],"tags":[941],"class_list":["post-5369","post","type-post","status-publish","format-standard","has-post-thumbnail","hentry","category-a-la-une","category-saint-etienne","category-sport","tag-acrogym"],"acf":[],"yoast_head":"<!-- This site is optimized with the Yoast SEO plugin v22.5 - https:\/\/yoast.com\/wordpress\/plugins\/seo\/ -->\n<title>A Chaumont, les gymnastes d&#039;ACRO&#039;GYM+ club St\u00e9phanois ont brill\u00e9 lors du championnat r\u00e9gional de la gymnastique acrobatique. - Remiremont Info<\/title>\n<meta name=\"robots\" content=\"index, follow, max-snippet:-1, max-image-preview:large, max-video-preview:-1\" \/>\n<link rel=\"canonical\" href=\"https:\/\/vosgesinfo.fr\/remiremontinfo\/2024\/03\/a-chaumont-les-gymnastes-dacrogym-club-stephanois-ont-brille-lors-du-championnat-regional-de-la-gymnastique-acrobatique\/\" \/>\n<meta name=\"twitter:card\" content=\"summary_large_image\" \/>\n<meta name=\"twitter:title\" content=\"A Chaumont, les gymnastes d&#039;ACRO&#039;GYM+ club St\u00e9phanois ont brill\u00e9 lors du championnat r\u00e9gional de la gymnastique acrobatique. - Remiremont Info\" \/>\n<meta name=\"twitter:description\" content=\"Anna Bauer et Sol\u00e8ne Drouiche, 9 ans et 6 ans en Duo F\u00e9d\u00e9ral B 7\/13 ans ont remport\u00e9 le titre [&hellip;]\" \/>\n<meta name=\"twitter:image\" content=\"https:\/\/vosgesinfo.fr\/app\/uploads\/sites\/5\/2024\/03\/photo1-anna-et-solene.jpg\" \/>\n<meta name=\"twitter:creator\" content=\"@VosgesInfo88\" \/>\n<meta name=\"twitter:site\" content=\"@VosgesInfo88\" \/>\n<meta name=\"twitter:label1\" content=\"\u00c9crit par\" \/>\n\t<meta name=\"twitter:data1\" content=\"QG\" \/>\n\t<meta name=\"twitter:label2\" content=\"Dur\u00e9e de lecture estim\u00e9e\" \/>\n\t<meta name=\"twitter:data2\" content=\"1 minute\" \/>\n<script type=\"application\/ld+json\" class=\"yoast-schema-graph\">{\"@context\":\"https:\/\/schema.org\",\"@graph\":[{\"@type\":\"Article\",\"@id\":\"https:\/\/vosgesinfo.fr\/remiremontinfo\/2024\/03\/a-chaumont-les-gymnastes-dacrogym-club-stephanois-ont-brille-lors-du-championnat-regional-de-la-gymnastique-acrobatique\/#article\",\"isPartOf\":{\"@id\":\"https:\/\/vosgesinfo.fr\/remiremontinfo\/2024\/03\/a-chaumont-les-gymnastes-dacrogym-club-stephanois-ont-brille-lors-du-championnat-regional-de-la-gymnastique-acrobatique\/\"},\"author\":{\"name\":\"QG\",\"@id\":\"https:\/\/vosgesinfo.fr\/remiremontinfo\/#\/schema\/person\/db5605779a843dad16b5368f3e7613a5\"},\"headline\":\"A Chaumont, les gymnastes d&rsquo;ACRO&rsquo;GYM+ club St\u00e9phanois ont brill\u00e9 lors du championnat r\u00e9gional de la gymnastique acrobatique.\",\"datePublished\":\"2024-03-26T08:00:22+00:00\",\"dateModified\":\"2024-03-26T08:00:22+00:00\",\"mainEntityOfPage\":{\"@id\":\"https:\/\/vosgesinfo.fr\/remiremontinfo\/2024\/03\/a-chaumont-les-gymnastes-dacrogym-club-stephanois-ont-brille-lors-du-championnat-regional-de-la-gymnastique-acrobatique\/\"},\"wordCount\":163,\"commentCount\":0,\"publisher\":{\"@id\":\"https:\/\/vosgesinfo.fr\/remiremontinfo\/#organization\"},\"image\":{\"@id\":\"https:\/\/vosgesinfo.fr\/remiremontinfo\/2024\/03\/a-chaumont-les-gymnastes-dacrogym-club-stephanois-ont-brille-lors-du-championnat-regional-de-la-gymnastique-acrobatique\/#primaryimage\"},\"thumbnailUrl\":\"https:\/\/vosgesinfo.fr\/app\/uploads\/sites\/5\/2024\/03\/photo1-anna-et-solene.jpg\",\"keywords\":[\"acro'gym\"],\"articleSection\":[\"A la Une\",\"Saint-Etienne\",\"Sport\"],\"inLanguage\":\"fr-FR\",\"potentialAction\":[{\"@type\":\"CommentAction\",\"name\":\"Comment\",\"target\":[\"https:\/\/vosgesinfo.fr\/remiremontinfo\/2024\/03\/a-chaumont-les-gymnastes-dacrogym-club-stephanois-ont-brille-lors-du-championnat-regional-de-la-gymnastique-acrobatique\/#respond\"]}]},{\"@type\":\"WebPage\",\"@id\":\"https:\/\/vosgesinfo.fr\/remiremontinfo\/2024\/03\/a-chaumont-les-gymnastes-dacrogym-club-stephanois-ont-brille-lors-du-championnat-regional-de-la-gymnastique-acrobatique\/\",\"url\":\"https:\/\/vosgesinfo.fr\/remiremontinfo\/2024\/03\/a-chaumont-les-gymnastes-dacrogym-club-stephanois-ont-brille-lors-du-championnat-regional-de-la-gymnastique-acrobatique\/\",\"name\":\"A Chaumont, les gymnastes d'ACRO'GYM+ club St\u00e9phanois ont brill\u00e9 lors du championnat r\u00e9gional de la gymnastique acrobatique. - Remiremont Info\",\"isPartOf\":{\"@id\":\"https:\/\/vosgesinfo.fr\/remiremontinfo\/#website\"},\"primaryImageOfPage\":{\"@id\":\"https:\/\/vosgesinfo.fr\/remiremontinfo\/2024\/03\/a-chaumont-les-gymnastes-dacrogym-club-stephanois-ont-brille-lors-du-championnat-regional-de-la-gymnastique-acrobatique\/#primaryimage\"},\"image\":{\"@id\":\"https:\/\/vosgesinfo.fr\/remiremontinfo\/2024\/03\/a-chaumont-les-gymnastes-dacrogym-club-stephanois-ont-brille-lors-du-championnat-regional-de-la-gymnastique-acrobatique\/#primaryimage\"},\"thumbnailUrl\":\"https:\/\/vosgesinfo.fr\/app\/uploads\/sites\/5\/2024\/03\/photo1-anna-et-solene.jpg\",\"datePublished\":\"2024-03-26T08:00:22+00:00\",\"dateModified\":\"2024-03-26T08:00:22+00:00\",\"breadcrumb\":{\"@id\":\"https:\/\/vosgesinfo.fr\/remiremontinfo\/2024\/03\/a-chaumont-les-gymnastes-dacrogym-club-stephanois-ont-brille-lors-du-championnat-regional-de-la-gymnastique-acrobatique\/#breadcrumb\"},\"inLanguage\":\"fr-FR\",\"potentialAction\":[{\"@type\":\"ReadAction\",\"target\":[\"https:\/\/vosgesinfo.fr\/remiremontinfo\/2024\/03\/a-chaumont-les-gymnastes-dacrogym-club-stephanois-ont-brille-lors-du-championnat-regional-de-la-gymnastique-acrobatique\/\"]}]},{\"@type\":\"ImageObject\",\"inLanguage\":\"fr-FR\",\"@id\":\"https:\/\/vosgesinfo.fr\/remiremontinfo\/2024\/03\/a-chaumont-les-gymnastes-dacrogym-club-stephanois-ont-brille-lors-du-championnat-regional-de-la-gymnastique-acrobatique\/#primaryimage\",\"url\":\"https:\/\/vosgesinfo.fr\/app\/uploads\/sites\/5\/2024\/03\/photo1-anna-et-solene.jpg\",\"contentUrl\":\"https:\/\/vosgesinfo.fr\/app\/uploads\/sites\/5\/2024\/03\/photo1-anna-et-solene.jpg\",\"width\":1066,\"height\":1599,\"caption\":\"Anna et Sol\u00e8ne\"},{\"@type\":\"BreadcrumbList\",\"@id\":\"https:\/\/vosgesinfo.fr\/remiremontinfo\/2024\/03\/a-chaumont-les-gymnastes-dacrogym-club-stephanois-ont-brille-lors-du-championnat-regional-de-la-gymnastique-acrobatique\/#breadcrumb\",\"itemListElement\":[{\"@type\":\"ListItem\",\"position\":1,\"name\":\"Home\",\"item\":\"https:\/\/vosgesinfo.fr\/remiremontinfo\/\"},{\"@type\":\"ListItem\",\"position\":2,\"name\":\"A Chaumont, les gymnastes d&rsquo;ACRO&rsquo;GYM+ club St\u00e9phanois ont brill\u00e9 lors du championnat r\u00e9gional de la gymnastique acrobatique.\"}]},{\"@type\":\"WebSite\",\"@id\":\"https:\/\/vosgesinfo.fr\/remiremontinfo\/#website\",\"url\":\"https:\/\/vosgesinfo.fr\/remiremontinfo\/\",\"name\":\"Remiremont Info\",\"description\":\"Toute l&#039;actualit\u00e9 de Remiremont\",\"publisher\":{\"@id\":\"https:\/\/vosgesinfo.fr\/remiremontinfo\/#organization\"},\"alternateName\":\"Toute l'actualit\u00e9 de Remiremont\",\"potentialAction\":[{\"@type\":\"SearchAction\",\"target\":{\"@type\":\"EntryPoint\",\"urlTemplate\":\"https:\/\/vosgesinfo.fr\/remiremontinfo\/?s={search_term_string}\"},\"query-input\":\"required name=search_term_string\"}],\"inLanguage\":\"fr-FR\"},{\"@type\":\"Organization\",\"@id\":\"https:\/\/vosgesinfo.fr\/remiremontinfo\/#organization\",\"name\":\"Remiremont Info\",\"url\":\"https:\/\/vosgesinfo.fr\/remiremontinfo\/\",\"logo\":{\"@type\":\"ImageObject\",\"inLanguage\":\"fr-FR\",\"@id\":\"https:\/\/vosgesinfo.fr\/remiremontinfo\/#\/schema\/logo\/image\/\",\"url\":\"https:\/\/vosgesinfo.fr\/app\/uploads\/sites\/5\/2023\/08\/favicon-remiremontinfo.png\",\"contentUrl\":\"https:\/\/vosgesinfo.fr\/app\/uploads\/sites\/5\/2023\/08\/favicon-remiremontinfo.png\",\"width\":512,\"height\":512,\"caption\":\"Remiremont Info\"},\"image\":{\"@id\":\"https:\/\/vosgesinfo.fr\/remiremontinfo\/#\/schema\/logo\/image\/\"},\"sameAs\":[\"https:\/\/www.facebook.com\/remiremontinfo\",\"https:\/\/x.com\/VosgesInfo88\",\"https:\/\/www.youtube.com\/@vosgesinfo\"]},{\"@type\":\"Person\",\"@id\":\"https:\/\/vosgesinfo.fr\/remiremontinfo\/#\/schema\/person\/db5605779a843dad16b5368f3e7613a5\",\"name\":\"QG\",\"image\":{\"@type\":\"ImageObject\",\"inLanguage\":\"fr-FR\",\"@id\":\"https:\/\/vosgesinfo.fr\/remiremontinfo\/#\/schema\/person\/image\/\",\"url\":\"https:\/\/secure.gravatar.com\/avatar\/ea80c42c204b534408512832fde52504ecabb9706bcb6151cf6175e5b64e6793?s=96&d=mm&r=g\",\"contentUrl\":\"https:\/\/secure.gravatar.com\/avatar\/ea80c42c204b534408512832fde52504ecabb9706bcb6151cf6175e5b64e6793?s=96&d=mm&r=g\",\"caption\":\"QG\"},\"url\":\"https:\/\/vosgesinfo.fr\/remiremontinfo\/author\/quentin88\/\"}]}<\/script>\n<!-- \/ Yoast SEO plugin. -->","yoast_head_json":{"title":"A Chaumont, les gymnastes d'ACRO'GYM+ club St\u00e9phanois ont brill\u00e9 lors du championnat r\u00e9gional de la gymnastique acrobatique. - Remiremont Info","robots":{"index":"index","follow":"follow","max-snippet":"max-snippet:-1","max-image-preview":"max-image-preview:large","max-video-preview":"max-video-preview:-1"},"canonical":"https:\/\/vosgesinfo.fr\/remiremontinfo\/2024\/03\/a-chaumont-les-gymnastes-dacrogym-club-stephanois-ont-brille-lors-du-championnat-regional-de-la-gymnastique-acrobatique\/","twitter_card":"summary_large_image","twitter_title":"A Chaumont, les gymnastes d'ACRO'GYM+ club St\u00e9phanois ont brill\u00e9 lors du championnat r\u00e9gional de la gymnastique acrobatique. - Remiremont Info","twitter_description":"Anna Bauer et Sol\u00e8ne Drouiche, 9 ans et 6 ans en Duo F\u00e9d\u00e9ral B 7\/13 ans ont remport\u00e9 le titre [&hellip;]","twitter_image":"https:\/\/vosgesinfo.fr\/app\/uploads\/sites\/5\/2024\/03\/photo1-anna-et-solene.jpg","twitter_creator":"@VosgesInfo88","twitter_site":"@VosgesInfo88","twitter_misc":{"\u00c9crit par":"QG","Dur\u00e9e de lecture estim\u00e9e":"1 minute"},"schema":{"@context":"https:\/\/schema.org","@graph":[{"@type":"Article","@id":"https:\/\/vosgesinfo.fr\/remiremontinfo\/2024\/03\/a-chaumont-les-gymnastes-dacrogym-club-stephanois-ont-brille-lors-du-championnat-regional-de-la-gymnastique-acrobatique\/#article","isPartOf":{"@id":"https:\/\/vosgesinfo.fr\/remiremontinfo\/2024\/03\/a-chaumont-les-gymnastes-dacrogym-club-stephanois-ont-brille-lors-du-championnat-regional-de-la-gymnastique-acrobatique\/"},"author":{"name":"QG","@id":"https:\/\/vosgesinfo.fr\/remiremontinfo\/#\/schema\/person\/db5605779a843dad16b5368f3e7613a5"},"headline":"A Chaumont, les gymnastes d&rsquo;ACRO&rsquo;GYM+ club St\u00e9phanois ont brill\u00e9 lors du championnat r\u00e9gional de la gymnastique acrobatique.","datePublished":"2024-03-26T08:00:22+00:00","dateModified":"2024-03-26T08:00:22+00:00","mainEntityOfPage":{"@id":"https:\/\/vosgesinfo.fr\/remiremontinfo\/2024\/03\/a-chaumont-les-gymnastes-dacrogym-club-stephanois-ont-brille-lors-du-championnat-regional-de-la-gymnastique-acrobatique\/"},"wordCount":163,"commentCount":0,"publisher":{"@id":"https:\/\/vosgesinfo.fr\/remiremontinfo\/#organization"},"image":{"@id":"https:\/\/vosgesinfo.fr\/remiremontinfo\/2024\/03\/a-chaumont-les-gymnastes-dacrogym-club-stephanois-ont-brille-lors-du-championnat-regional-de-la-gymnastique-acrobatique\/#primaryimage"},"thumbnailUrl":"https:\/\/vosgesinfo.fr\/app\/uploads\/sites\/5\/2024\/03\/photo1-anna-et-solene.jpg","keywords":["acro'gym"],"articleSection":["A la Une","Saint-Etienne","Sport"],"inLanguage":"fr-FR","potentialAction":[{"@type":"CommentAction","name":"Comment","target":["https:\/\/vosgesinfo.fr\/remiremontinfo\/2024\/03\/a-chaumont-les-gymnastes-dacrogym-club-stephanois-ont-brille-lors-du-championnat-regional-de-la-gymnastique-acrobatique\/#respond"]}]},{"@type":"WebPage","@id":"https:\/\/vosgesinfo.fr\/remiremontinfo\/2024\/03\/a-chaumont-les-gymnastes-dacrogym-club-stephanois-ont-brille-lors-du-championnat-regional-de-la-gymnastique-acrobatique\/","url":"https:\/\/vosgesinfo.fr\/remiremontinfo\/2024\/03\/a-chaumont-les-gymnastes-dacrogym-club-stephanois-ont-brille-lors-du-championnat-regional-de-la-gymnastique-acrobatique\/","name":"A Chaumont, les gymnastes d'ACRO'GYM+ club St\u00e9phanois ont brill\u00e9 lors du championnat r\u00e9gional de la gymnastique acrobatique. - Remiremont Info","isPartOf":{"@id":"https:\/\/vosgesinfo.fr\/remiremontinfo\/#website"},"primaryImageOfPage":{"@id":"https:\/\/vosgesinfo.fr\/remiremontinfo\/2024\/03\/a-chaumont-les-gymnastes-dacrogym-club-stephanois-ont-brille-lors-du-championnat-regional-de-la-gymnastique-acrobatique\/#primaryimage"},"image":{"@id":"https:\/\/vosgesinfo.fr\/remiremontinfo\/2024\/03\/a-chaumont-les-gymnastes-dacrogym-club-stephanois-ont-brille-lors-du-championnat-regional-de-la-gymnastique-acrobatique\/#primaryimage"},"thumbnailUrl":"https:\/\/vosgesinfo.fr\/app\/uploads\/sites\/5\/2024\/03\/photo1-anna-et-solene.jpg","datePublished":"2024-03-26T08:00:22+00:00","dateModified":"2024-03-26T08:00:22+00:00","breadcrumb":{"@id":"https:\/\/vosgesinfo.fr\/remiremontinfo\/2024\/03\/a-chaumont-les-gymnastes-dacrogym-club-stephanois-ont-brille-lors-du-championnat-regional-de-la-gymnastique-acrobatique\/#breadcrumb"},"inLanguage":"fr-FR","potentialAction":[{"@type":"ReadAction","target":["https:\/\/vosgesinfo.fr\/remiremontinfo\/2024\/03\/a-chaumont-les-gymnastes-dacrogym-club-stephanois-ont-brille-lors-du-championnat-regional-de-la-gymnastique-acrobatique\/"]}]},{"@type":"ImageObject","inLanguage":"fr-FR","@id":"https:\/\/vosgesinfo.fr\/remiremontinfo\/2024\/03\/a-chaumont-les-gymnastes-dacrogym-club-stephanois-ont-brille-lors-du-championnat-regional-de-la-gymnastique-acrobatique\/#primaryimage","url":"https:\/\/vosgesinfo.fr\/app\/uploads\/sites\/5\/2024\/03\/photo1-anna-et-solene.jpg","contentUrl":"https:\/\/vosgesinfo.fr\/app\/uploads\/sites\/5\/2024\/03\/photo1-anna-et-solene.jpg","width":1066,"height":1599,"caption":"Anna et Sol\u00e8ne"},{"@type":"BreadcrumbList","@id":"https:\/\/vosgesinfo.fr\/remiremontinfo\/2024\/03\/a-chaumont-les-gymnastes-dacrogym-club-stephanois-ont-brille-lors-du-championnat-regional-de-la-gymnastique-acrobatique\/#breadcrumb","itemListElement":[{"@type":"ListItem","position":1,"name":"Home","item":"https:\/\/vosgesinfo.fr\/remiremontinfo\/"},{"@type":"ListItem","position":2,"name":"A Chaumont, les gymnastes d&rsquo;ACRO&rsquo;GYM+ club St\u00e9phanois ont brill\u00e9 lors du championnat r\u00e9gional de la gymnastique acrobatique."}]},{"@type":"WebSite","@id":"https:\/\/vosgesinfo.fr\/remiremontinfo\/#website","url":"https:\/\/vosgesinfo.fr\/remiremontinfo\/","name":"Remiremont Info","description":"Toute l&#039;actualit\u00e9 de Remiremont","publisher":{"@id":"https:\/\/vosgesinfo.fr\/remiremontinfo\/#organization"},"alternateName":"Toute l'actualit\u00e9 de Remiremont","potentialAction":[{"@type":"SearchAction","target":{"@type":"EntryPoint","urlTemplate":"https:\/\/vosgesinfo.fr\/remiremontinfo\/?s={search_term_string}"},"query-input":"required name=search_term_string"}],"inLanguage":"fr-FR"},{"@type":"Organization","@id":"https:\/\/vosgesinfo.fr\/remiremontinfo\/#organization","name":"Remiremont Info","url":"https:\/\/vosgesinfo.fr\/remiremontinfo\/","logo":{"@type":"ImageObject","inLanguage":"fr-FR","@id":"https:\/\/vosgesinfo.fr\/remiremontinfo\/#\/schema\/logo\/image\/","url":"https:\/\/vosgesinfo.fr\/app\/uploads\/sites\/5\/2023\/08\/favicon-remiremontinfo.png","contentUrl":"https:\/\/vosgesinfo.fr\/app\/uploads\/sites\/5\/2023\/08\/favicon-remiremontinfo.png","width":512,"height":512,"caption":"Remiremont Info"},"image":{"@id":"https:\/\/vosgesinfo.fr\/remiremontinfo\/#\/schema\/logo\/image\/"},"sameAs":["https:\/\/www.facebook.com\/remiremontinfo","https:\/\/x.com\/VosgesInfo88","https:\/\/www.youtube.com\/@vosgesinfo"]},{"@type":"Person","@id":"https:\/\/vosgesinfo.fr\/remiremontinfo\/#\/schema\/person\/db5605779a843dad16b5368f3e7613a5","name":"QG","image":{"@type":"ImageObject","inLanguage":"fr-FR","@id":"https:\/\/vosgesinfo.fr\/remiremontinfo\/#\/schema\/person\/image\/","url":"https:\/\/secure.gravatar.com\/avatar\/ea80c42c204b534408512832fde52504ecabb9706bcb6151cf6175e5b64e6793?s=96&d=mm&r=g","contentUrl":"https:\/\/secure.gravatar.com\/avatar\/ea80c42c204b534408512832fde52504ecabb9706bcb6151cf6175e5b64e6793?s=96&d=mm&r=g","caption":"QG"},"url":"https:\/\/vosgesinfo.fr\/remiremontinfo\/author\/quentin88\/"}]}},"_links":{"self":[{"href":"https:\/\/vosgesinfo.fr\/remiremontinfo\/wp-json\/wp\/v2\/posts\/5369","targetHints":{"allow":["GET"]}}],"collection":[{"href":"https:\/\/vosgesinfo.fr\/remiremontinfo\/wp-json\/wp\/v2\/posts"}],"about":[{"href":"https:\/\/vosgesinfo.fr\/remiremontinfo\/wp-json\/wp\/v2\/types\/post"}],"author":[{"embeddable":true,"href":"https:\/\/vosgesinfo.fr\/remiremontinfo\/wp-json\/wp\/v2\/users\/42"}],"replies":[{"embeddable":true,"href":"https:\/\/vosgesinfo.fr\/remiremontinfo\/wp-json\/wp\/v2\/comments?post=5369"}],"version-history":[{"count":1,"href":"https:\/\/vosgesinfo.fr\/remiremontinfo\/wp-json\/wp\/v2\/posts\/5369\/revisions"}],"predecessor-version":[{"id":5374,"href":"https:\/\/vosgesinfo.fr\/remiremontinfo\/wp-json\/wp\/v2\/posts\/5369\/revisions\/5374"}],"wp:featuredmedia":[{"embeddable":true,"href":"https:\/\/vosgesinfo.fr\/remiremontinfo\/wp-json\/wp\/v2\/media\/5370"}],"wp:attachment":[{"href":"https:\/\/vosgesinfo.fr\/remiremontinfo\/wp-json\/wp\/v2\/media?parent=5369"}],"wp:term":[{"taxonomy":"category","embeddable":true,"href":"https:\/\/vosgesinfo.fr\/remiremontinfo\/wp-json\/wp\/v2\/categories?post=5369"},{"taxonomy":"post_tag","embeddable":true,"href":"https:\/\/vosgesinfo.fr\/remiremontinfo\/wp-json\/wp\/v2\/tags?post=5369"}],"curies":[{"name":"wp","href":"https:\/\/api.w.org\/{rel}","templated":true}]}}