{"id":53739,"date":"2022-03-31T06:06:00","date_gmt":"2022-03-31T04:06:00","guid":{"rendered":"https:\/\/vosgesinfo.fr\/remiremontinfo\/2022\/03\/val-dajol-ouverture-de-nouvelle-maison-de-randonnee-week-end\/"},"modified":"2022-03-31T06:06:00","modified_gmt":"2022-03-31T04:06:00","slug":"val-dajol-ouverture-de-nouvelle-maison-de-randonnee-week-end","status":"publish","type":"post","link":"https:\/\/vosgesinfo.fr\/remiremontinfo\/2022\/03\/val-dajol-ouverture-de-nouvelle-maison-de-randonnee-week-end\/","title":{"rendered":"La Val d\u2019Ajol : ouverture de la nouvelle \u00ab Maison de la Randonn\u00e9e \u00bb ce week-end"},"content":{"rendered":"<p><a href=\"\/2022\/02\/children-4355469_960_720.jpg\"><img decoding=\"async\" class=\"alignnone size-full wp-image-337887\" src=\"\/2022\/02\/children-4355469_960_720.jpg\" alt=\"children-4355469_960_720\" width=\"774\" height=\"566\" \/><\/a><\/p>\n<p><span style=\"font-size: 10pt;\"><em>Photo d&rsquo;illustration\u00a0<\/em><\/span><\/p>\n<h2><span style=\"font-size: 12pt;\"><strong>Le bureau de l\u2019Office de Tourisme Remiremont-Plombi\u00e8res install\u00e9 au Val-d\u2019Ajol depuis 1993 d\u00e9m\u00e9nage et devient par la m\u00eame occasion la \u00ab\u00a0Maison de la Randonn\u00e9e\u00a0\u00bb. L&rsquo;ouverture est pr\u00e9vu le week-end prochain. Rendez-vous les 2 et 3 avril, avec une s\u00e9rie d&rsquo;activit\u00e9s.\u00a0<\/strong><\/span><\/h2>\n<p>Le territoire des Vosges Secr\u00e8tes compte plus de 500 kilom\u00e8tres de sentiers de randonn\u00e9es p\u00e9destres et plus de 200 kilom\u00e8tres d\u2019itin\u00e9raires v\u00e9lo et VTT\u2026 sans oublier des pistes de ski de fond et raquettes\u2026 Tous ces chemins se d\u00e9clinent sur des parcours balis\u00e9s et entretenus, qui attirent de nombreux touristes sur la destination tout au long de l\u2019ann\u00e9e.\u00a0D\u00e8s lors, quoi de plus normal que de proposer un espace sp\u00e9cialement d\u00e9di\u00e9 aux sports de pleine nature et \u00e0 la randonn\u00e9e ! Et le lieu est apparu comme une \u00e9vidence ! Si depuis quelques mois, le projet de d\u00e9placer le bureau d\u2019accueil de l\u2019Office de Tourisme du Val-d\u2019Ajol \u00e9tait \u00e0 l\u2019\u00e9tude en raison de locaux vieillissants mais surtout excentr\u00e9s. Le Comit\u00e9 de Direction de l\u2019Office de Tourisme, qui porte le projet, a b\u00e9n\u00e9fici\u00e9 du soutien de la Communaut\u00e9 de Communes de la Porte de Vosges M\u00e9ridionales et de la commune du Val d\u2019Ajol qui a propos\u00e9 d\u2019installer les nouveaux bureaux dans l\u2019ex-enseigne \u00ab\u00a0ID CADEAUX\u00a0\u00bb situ\u00e9e en face de l\u2019H\u00f4tel de Ville.\u00a0Ce nouvel espace consacr\u00e9 aux sports de pleine nature diffusera toutes les informations touristiques de la destination mais \u00e9galement des bons plans, des id\u00e9es de sorties pour d\u00e9couvrir des paysages insolites et pr\u00e9serv\u00e9s du territoire, des conseils avis\u00e9s pour organiser des demi-journ\u00e9es, journ\u00e9es ou s\u00e9jours sp\u00e9cialement d\u00e9di\u00e9s \u00e0 la nature.<\/p>\n<p style=\"text-align: center;\"><a href=\"\/2022\/03\/Programme-ouverture-maison-de-la-randonn\u00e9e-2-3-avril-1-page-001.jpg\"><img decoding=\"async\" class=\"alignnone size-large wp-image-340650\" src=\"\/2022\/03\/Programme-ouverture-maison-de-la-randonn\u00e9e-2-3-avril-1-page-001-724x1024.jpg\" alt=\"Programme ouverture maison de la randonn\u00e9e 2 &amp; 3 avril (1)-page-001\" width=\"724\" height=\"1024\" \/><\/a>\u00a0<a href=\"\/2022\/03\/Programme-ouverture-maison-de-la-randonn\u00e9e-2-3-avril-1-page-002.jpg\"><img decoding=\"async\" class=\"alignnone size-large wp-image-340651\" src=\"\/2022\/03\/Programme-ouverture-maison-de-la-randonn\u00e9e-2-3-avril-1-page-002-724x1024.jpg\" alt=\"Programme ouverture maison de la randonn\u00e9e 2 &amp; 3 avril (1)-page-002\" width=\"724\" height=\"1024\" \/><\/a><\/p>\n","protected":false},"excerpt":{"rendered":"<p>Photo d&rsquo;illustration\u00a0 Le bureau de l\u2019Office de Tourisme Remiremont-Plombi\u00e8res install\u00e9 au Val-d\u2019Ajol depuis 1993 d\u00e9m\u00e9nage et devient par la m\u00eame [&hellip;]<\/p>\n","protected":false},"author":407,"featured_media":53740,"comment_status":"open","ping_status":"open","sticky":false,"template":"","format":"standard","meta":{"footnotes":""},"categories":[26,121,82],"tags":[1278,141,123],"class_list":["post-53739","post","type-post","status-publish","format-standard","has-post-thumbnail","hentry","category-a-la-une","category-le-val-dajol-le-val-dajol-son-canton","category-le-val-dajol-son-canton","tag-randonnee","tag-tourisme","tag-val-dajol"],"acf":[],"yoast_head":"<!-- This site is optimized with the Yoast SEO plugin v22.5 - https:\/\/yoast.com\/wordpress\/plugins\/seo\/ -->\n<title>La Val d\u2019Ajol : ouverture de la nouvelle \u00ab Maison de la Randonn\u00e9e \u00bb ce week-end - Remiremont Info<\/title>\n<meta name=\"robots\" content=\"index, follow, max-snippet:-1, max-image-preview:large, max-video-preview:-1\" \/>\n<link rel=\"canonical\" href=\"https:\/\/vosgesinfo.fr\/remiremontinfo\/2022\/03\/val-dajol-ouverture-de-nouvelle-maison-de-randonnee-week-end\/\" \/>\n<meta name=\"twitter:card\" content=\"summary_large_image\" \/>\n<meta name=\"twitter:title\" content=\"La Val d\u2019Ajol : ouverture de la nouvelle \u00ab Maison de la Randonn\u00e9e \u00bb ce week-end - Remiremont Info\" \/>\n<meta name=\"twitter:description\" content=\"Photo d&rsquo;illustration\u00a0 Le bureau de l\u2019Office de Tourisme Remiremont-Plombi\u00e8res install\u00e9 au Val-d\u2019Ajol depuis 1993 d\u00e9m\u00e9nage et devient par la m\u00eame [&hellip;]\" \/>\n<meta name=\"twitter:image\" content=\"https:\/\/vosgesinfo.fr\/app\/uploads\/sites\/5\/2024\/09\/202202children-4355469-960-720-1.jpg\" \/>\n<meta name=\"twitter:creator\" content=\"@VosgesInfo88\" \/>\n<meta name=\"twitter:site\" content=\"@VosgesInfo88\" \/>\n<meta name=\"twitter:label1\" content=\"\u00c9crit par\" \/>\n\t<meta name=\"twitter:data1\" content=\"C D\" \/>\n\t<meta name=\"twitter:label2\" content=\"Dur\u00e9e de lecture estim\u00e9e\" \/>\n\t<meta name=\"twitter:data2\" content=\"2 minutes\" \/>\n<script type=\"application\/ld+json\" class=\"yoast-schema-graph\">{\"@context\":\"https:\/\/schema.org\",\"@graph\":[{\"@type\":\"Article\",\"@id\":\"https:\/\/vosgesinfo.fr\/remiremontinfo\/2022\/03\/val-dajol-ouverture-de-nouvelle-maison-de-randonnee-week-end\/#article\",\"isPartOf\":{\"@id\":\"https:\/\/vosgesinfo.fr\/remiremontinfo\/2022\/03\/val-dajol-ouverture-de-nouvelle-maison-de-randonnee-week-end\/\"},\"author\":{\"name\":\"C D\",\"@id\":\"https:\/\/vosgesinfo.fr\/remiremontinfo\/#\/schema\/person\/3bfd164d5218a185b1db68655a265316\"},\"headline\":\"La Val d\u2019Ajol : ouverture de la nouvelle \u00ab Maison de la Randonn\u00e9e \u00bb ce week-end\",\"datePublished\":\"2022-03-31T04:06:00+00:00\",\"dateModified\":\"2022-03-31T04:06:00+00:00\",\"mainEntityOfPage\":{\"@id\":\"https:\/\/vosgesinfo.fr\/remiremontinfo\/2022\/03\/val-dajol-ouverture-de-nouvelle-maison-de-randonnee-week-end\/\"},\"wordCount\":323,\"commentCount\":0,\"publisher\":{\"@id\":\"https:\/\/vosgesinfo.fr\/remiremontinfo\/#organization\"},\"image\":{\"@id\":\"https:\/\/vosgesinfo.fr\/remiremontinfo\/2022\/03\/val-dajol-ouverture-de-nouvelle-maison-de-randonnee-week-end\/#primaryimage\"},\"thumbnailUrl\":\"https:\/\/vosgesinfo.fr\/app\/uploads\/sites\/5\/2024\/09\/202202children-4355469-960-720-1.jpg\",\"keywords\":[\"randonn\u00e9e\",\"Tourisme\",\"val d'ajol\"],\"articleSection\":[\"A la Une\",\"Le Val d'Ajol\",\"Le Val-d'Ajol &amp; son canton\"],\"inLanguage\":\"fr-FR\",\"potentialAction\":[{\"@type\":\"CommentAction\",\"name\":\"Comment\",\"target\":[\"https:\/\/vosgesinfo.fr\/remiremontinfo\/2022\/03\/val-dajol-ouverture-de-nouvelle-maison-de-randonnee-week-end\/#respond\"]}]},{\"@type\":\"WebPage\",\"@id\":\"https:\/\/vosgesinfo.fr\/remiremontinfo\/2022\/03\/val-dajol-ouverture-de-nouvelle-maison-de-randonnee-week-end\/\",\"url\":\"https:\/\/vosgesinfo.fr\/remiremontinfo\/2022\/03\/val-dajol-ouverture-de-nouvelle-maison-de-randonnee-week-end\/\",\"name\":\"La Val d\u2019Ajol : ouverture de la nouvelle \u00ab Maison de la Randonn\u00e9e \u00bb ce week-end - Remiremont Info\",\"isPartOf\":{\"@id\":\"https:\/\/vosgesinfo.fr\/remiremontinfo\/#website\"},\"primaryImageOfPage\":{\"@id\":\"https:\/\/vosgesinfo.fr\/remiremontinfo\/2022\/03\/val-dajol-ouverture-de-nouvelle-maison-de-randonnee-week-end\/#primaryimage\"},\"image\":{\"@id\":\"https:\/\/vosgesinfo.fr\/remiremontinfo\/2022\/03\/val-dajol-ouverture-de-nouvelle-maison-de-randonnee-week-end\/#primaryimage\"},\"thumbnailUrl\":\"https:\/\/vosgesinfo.fr\/app\/uploads\/sites\/5\/2024\/09\/202202children-4355469-960-720-1.jpg\",\"datePublished\":\"2022-03-31T04:06:00+00:00\",\"dateModified\":\"2022-03-31T04:06:00+00:00\",\"breadcrumb\":{\"@id\":\"https:\/\/vosgesinfo.fr\/remiremontinfo\/2022\/03\/val-dajol-ouverture-de-nouvelle-maison-de-randonnee-week-end\/#breadcrumb\"},\"inLanguage\":\"fr-FR\",\"potentialAction\":[{\"@type\":\"ReadAction\",\"target\":[\"https:\/\/vosgesinfo.fr\/remiremontinfo\/2022\/03\/val-dajol-ouverture-de-nouvelle-maison-de-randonnee-week-end\/\"]}]},{\"@type\":\"ImageObject\",\"inLanguage\":\"fr-FR\",\"@id\":\"https:\/\/vosgesinfo.fr\/remiremontinfo\/2022\/03\/val-dajol-ouverture-de-nouvelle-maison-de-randonnee-week-end\/#primaryimage\",\"url\":\"https:\/\/vosgesinfo.fr\/app\/uploads\/sites\/5\/2024\/09\/202202children-4355469-960-720-1.jpg\",\"contentUrl\":\"https:\/\/vosgesinfo.fr\/app\/uploads\/sites\/5\/2024\/09\/202202children-4355469-960-720-1.jpg\",\"width\":774,\"height\":566},{\"@type\":\"BreadcrumbList\",\"@id\":\"https:\/\/vosgesinfo.fr\/remiremontinfo\/2022\/03\/val-dajol-ouverture-de-nouvelle-maison-de-randonnee-week-end\/#breadcrumb\",\"itemListElement\":[{\"@type\":\"ListItem\",\"position\":1,\"name\":\"Home\",\"item\":\"https:\/\/vosgesinfo.fr\/remiremontinfo\/\"},{\"@type\":\"ListItem\",\"position\":2,\"name\":\"La Val d\u2019Ajol : ouverture de la nouvelle \u00ab Maison de la Randonn\u00e9e \u00bb ce week-end\"}]},{\"@type\":\"WebSite\",\"@id\":\"https:\/\/vosgesinfo.fr\/remiremontinfo\/#website\",\"url\":\"https:\/\/vosgesinfo.fr\/remiremontinfo\/\",\"name\":\"Remiremont Info\",\"description\":\"Toute l&#039;actualit\u00e9 de Remiremont\",\"publisher\":{\"@id\":\"https:\/\/vosgesinfo.fr\/remiremontinfo\/#organization\"},\"alternateName\":\"Toute l'actualit\u00e9 de Remiremont\",\"potentialAction\":[{\"@type\":\"SearchAction\",\"target\":{\"@type\":\"EntryPoint\",\"urlTemplate\":\"https:\/\/vosgesinfo.fr\/remiremontinfo\/?s={search_term_string}\"},\"query-input\":\"required name=search_term_string\"}],\"inLanguage\":\"fr-FR\"},{\"@type\":\"Organization\",\"@id\":\"https:\/\/vosgesinfo.fr\/remiremontinfo\/#organization\",\"name\":\"Remiremont Info\",\"url\":\"https:\/\/vosgesinfo.fr\/remiremontinfo\/\",\"logo\":{\"@type\":\"ImageObject\",\"inLanguage\":\"fr-FR\",\"@id\":\"https:\/\/vosgesinfo.fr\/remiremontinfo\/#\/schema\/logo\/image\/\",\"url\":\"https:\/\/vosgesinfo.fr\/app\/uploads\/sites\/5\/2023\/08\/favicon-remiremontinfo.png\",\"contentUrl\":\"https:\/\/vosgesinfo.fr\/app\/uploads\/sites\/5\/2023\/08\/favicon-remiremontinfo.png\",\"width\":512,\"height\":512,\"caption\":\"Remiremont Info\"},\"image\":{\"@id\":\"https:\/\/vosgesinfo.fr\/remiremontinfo\/#\/schema\/logo\/image\/\"},\"sameAs\":[\"https:\/\/www.facebook.com\/remiremontinfo\",\"https:\/\/x.com\/VosgesInfo88\",\"https:\/\/www.youtube.com\/@vosgesinfo\"]},{\"@type\":\"Person\",\"@id\":\"https:\/\/vosgesinfo.fr\/remiremontinfo\/#\/schema\/person\/3bfd164d5218a185b1db68655a265316\",\"name\":\"C D\",\"image\":{\"@type\":\"ImageObject\",\"inLanguage\":\"fr-FR\",\"@id\":\"https:\/\/vosgesinfo.fr\/remiremontinfo\/#\/schema\/person\/image\/\",\"url\":\"https:\/\/secure.gravatar.com\/avatar\/1f9a70007336511a47468b8f1c66f922b8b7cf617b02a31149ada43893a5d48f?s=96&d=mm&r=g\",\"contentUrl\":\"https:\/\/secure.gravatar.com\/avatar\/1f9a70007336511a47468b8f1c66f922b8b7cf617b02a31149ada43893a5d48f?s=96&d=mm&r=g\",\"caption\":\"C D\"},\"url\":\"https:\/\/vosgesinfo.fr\/remiremontinfo\/author\/cedric-drevet\/\"}]}<\/script>\n<!-- \/ Yoast SEO plugin. -->","yoast_head_json":{"title":"La Val d\u2019Ajol : ouverture de la nouvelle \u00ab Maison de la Randonn\u00e9e \u00bb ce week-end - Remiremont Info","robots":{"index":"index","follow":"follow","max-snippet":"max-snippet:-1","max-image-preview":"max-image-preview:large","max-video-preview":"max-video-preview:-1"},"canonical":"https:\/\/vosgesinfo.fr\/remiremontinfo\/2022\/03\/val-dajol-ouverture-de-nouvelle-maison-de-randonnee-week-end\/","twitter_card":"summary_large_image","twitter_title":"La Val d\u2019Ajol : ouverture de la nouvelle \u00ab Maison de la Randonn\u00e9e \u00bb ce week-end - Remiremont Info","twitter_description":"Photo d&rsquo;illustration\u00a0 Le bureau de l\u2019Office de Tourisme Remiremont-Plombi\u00e8res install\u00e9 au Val-d\u2019Ajol depuis 1993 d\u00e9m\u00e9nage et devient par la m\u00eame [&hellip;]","twitter_image":"https:\/\/vosgesinfo.fr\/app\/uploads\/sites\/5\/2024\/09\/202202children-4355469-960-720-1.jpg","twitter_creator":"@VosgesInfo88","twitter_site":"@VosgesInfo88","twitter_misc":{"\u00c9crit par":"C D","Dur\u00e9e de lecture estim\u00e9e":"2 minutes"},"schema":{"@context":"https:\/\/schema.org","@graph":[{"@type":"Article","@id":"https:\/\/vosgesinfo.fr\/remiremontinfo\/2022\/03\/val-dajol-ouverture-de-nouvelle-maison-de-randonnee-week-end\/#article","isPartOf":{"@id":"https:\/\/vosgesinfo.fr\/remiremontinfo\/2022\/03\/val-dajol-ouverture-de-nouvelle-maison-de-randonnee-week-end\/"},"author":{"name":"C D","@id":"https:\/\/vosgesinfo.fr\/remiremontinfo\/#\/schema\/person\/3bfd164d5218a185b1db68655a265316"},"headline":"La Val d\u2019Ajol : ouverture de la nouvelle \u00ab Maison de la Randonn\u00e9e \u00bb ce week-end","datePublished":"2022-03-31T04:06:00+00:00","dateModified":"2022-03-31T04:06:00+00:00","mainEntityOfPage":{"@id":"https:\/\/vosgesinfo.fr\/remiremontinfo\/2022\/03\/val-dajol-ouverture-de-nouvelle-maison-de-randonnee-week-end\/"},"wordCount":323,"commentCount":0,"publisher":{"@id":"https:\/\/vosgesinfo.fr\/remiremontinfo\/#organization"},"image":{"@id":"https:\/\/vosgesinfo.fr\/remiremontinfo\/2022\/03\/val-dajol-ouverture-de-nouvelle-maison-de-randonnee-week-end\/#primaryimage"},"thumbnailUrl":"https:\/\/vosgesinfo.fr\/app\/uploads\/sites\/5\/2024\/09\/202202children-4355469-960-720-1.jpg","keywords":["randonn\u00e9e","Tourisme","val d'ajol"],"articleSection":["A la Une","Le Val d'Ajol","Le Val-d'Ajol &amp; son canton"],"inLanguage":"fr-FR","potentialAction":[{"@type":"CommentAction","name":"Comment","target":["https:\/\/vosgesinfo.fr\/remiremontinfo\/2022\/03\/val-dajol-ouverture-de-nouvelle-maison-de-randonnee-week-end\/#respond"]}]},{"@type":"WebPage","@id":"https:\/\/vosgesinfo.fr\/remiremontinfo\/2022\/03\/val-dajol-ouverture-de-nouvelle-maison-de-randonnee-week-end\/","url":"https:\/\/vosgesinfo.fr\/remiremontinfo\/2022\/03\/val-dajol-ouverture-de-nouvelle-maison-de-randonnee-week-end\/","name":"La Val d\u2019Ajol : ouverture de la nouvelle \u00ab Maison de la Randonn\u00e9e \u00bb ce week-end - Remiremont Info","isPartOf":{"@id":"https:\/\/vosgesinfo.fr\/remiremontinfo\/#website"},"primaryImageOfPage":{"@id":"https:\/\/vosgesinfo.fr\/remiremontinfo\/2022\/03\/val-dajol-ouverture-de-nouvelle-maison-de-randonnee-week-end\/#primaryimage"},"image":{"@id":"https:\/\/vosgesinfo.fr\/remiremontinfo\/2022\/03\/val-dajol-ouverture-de-nouvelle-maison-de-randonnee-week-end\/#primaryimage"},"thumbnailUrl":"https:\/\/vosgesinfo.fr\/app\/uploads\/sites\/5\/2024\/09\/202202children-4355469-960-720-1.jpg","datePublished":"2022-03-31T04:06:00+00:00","dateModified":"2022-03-31T04:06:00+00:00","breadcrumb":{"@id":"https:\/\/vosgesinfo.fr\/remiremontinfo\/2022\/03\/val-dajol-ouverture-de-nouvelle-maison-de-randonnee-week-end\/#breadcrumb"},"inLanguage":"fr-FR","potentialAction":[{"@type":"ReadAction","target":["https:\/\/vosgesinfo.fr\/remiremontinfo\/2022\/03\/val-dajol-ouverture-de-nouvelle-maison-de-randonnee-week-end\/"]}]},{"@type":"ImageObject","inLanguage":"fr-FR","@id":"https:\/\/vosgesinfo.fr\/remiremontinfo\/2022\/03\/val-dajol-ouverture-de-nouvelle-maison-de-randonnee-week-end\/#primaryimage","url":"https:\/\/vosgesinfo.fr\/app\/uploads\/sites\/5\/2024\/09\/202202children-4355469-960-720-1.jpg","contentUrl":"https:\/\/vosgesinfo.fr\/app\/uploads\/sites\/5\/2024\/09\/202202children-4355469-960-720-1.jpg","width":774,"height":566},{"@type":"BreadcrumbList","@id":"https:\/\/vosgesinfo.fr\/remiremontinfo\/2022\/03\/val-dajol-ouverture-de-nouvelle-maison-de-randonnee-week-end\/#breadcrumb","itemListElement":[{"@type":"ListItem","position":1,"name":"Home","item":"https:\/\/vosgesinfo.fr\/remiremontinfo\/"},{"@type":"ListItem","position":2,"name":"La Val d\u2019Ajol : ouverture de la nouvelle \u00ab Maison de la Randonn\u00e9e \u00bb ce week-end"}]},{"@type":"WebSite","@id":"https:\/\/vosgesinfo.fr\/remiremontinfo\/#website","url":"https:\/\/vosgesinfo.fr\/remiremontinfo\/","name":"Remiremont Info","description":"Toute l&#039;actualit\u00e9 de Remiremont","publisher":{"@id":"https:\/\/vosgesinfo.fr\/remiremontinfo\/#organization"},"alternateName":"Toute l'actualit\u00e9 de Remiremont","potentialAction":[{"@type":"SearchAction","target":{"@type":"EntryPoint","urlTemplate":"https:\/\/vosgesinfo.fr\/remiremontinfo\/?s={search_term_string}"},"query-input":"required name=search_term_string"}],"inLanguage":"fr-FR"},{"@type":"Organization","@id":"https:\/\/vosgesinfo.fr\/remiremontinfo\/#organization","name":"Remiremont Info","url":"https:\/\/vosgesinfo.fr\/remiremontinfo\/","logo":{"@type":"ImageObject","inLanguage":"fr-FR","@id":"https:\/\/vosgesinfo.fr\/remiremontinfo\/#\/schema\/logo\/image\/","url":"https:\/\/vosgesinfo.fr\/app\/uploads\/sites\/5\/2023\/08\/favicon-remiremontinfo.png","contentUrl":"https:\/\/vosgesinfo.fr\/app\/uploads\/sites\/5\/2023\/08\/favicon-remiremontinfo.png","width":512,"height":512,"caption":"Remiremont Info"},"image":{"@id":"https:\/\/vosgesinfo.fr\/remiremontinfo\/#\/schema\/logo\/image\/"},"sameAs":["https:\/\/www.facebook.com\/remiremontinfo","https:\/\/x.com\/VosgesInfo88","https:\/\/www.youtube.com\/@vosgesinfo"]},{"@type":"Person","@id":"https:\/\/vosgesinfo.fr\/remiremontinfo\/#\/schema\/person\/3bfd164d5218a185b1db68655a265316","name":"C D","image":{"@type":"ImageObject","inLanguage":"fr-FR","@id":"https:\/\/vosgesinfo.fr\/remiremontinfo\/#\/schema\/person\/image\/","url":"https:\/\/secure.gravatar.com\/avatar\/1f9a70007336511a47468b8f1c66f922b8b7cf617b02a31149ada43893a5d48f?s=96&d=mm&r=g","contentUrl":"https:\/\/secure.gravatar.com\/avatar\/1f9a70007336511a47468b8f1c66f922b8b7cf617b02a31149ada43893a5d48f?s=96&d=mm&r=g","caption":"C D"},"url":"https:\/\/vosgesinfo.fr\/remiremontinfo\/author\/cedric-drevet\/"}]}},"_links":{"self":[{"href":"https:\/\/vosgesinfo.fr\/remiremontinfo\/wp-json\/wp\/v2\/posts\/53739","targetHints":{"allow":["GET"]}}],"collection":[{"href":"https:\/\/vosgesinfo.fr\/remiremontinfo\/wp-json\/wp\/v2\/posts"}],"about":[{"href":"https:\/\/vosgesinfo.fr\/remiremontinfo\/wp-json\/wp\/v2\/types\/post"}],"author":[{"embeddable":true,"href":"https:\/\/vosgesinfo.fr\/remiremontinfo\/wp-json\/wp\/v2\/users\/407"}],"replies":[{"embeddable":true,"href":"https:\/\/vosgesinfo.fr\/remiremontinfo\/wp-json\/wp\/v2\/comments?post=53739"}],"version-history":[{"count":0,"href":"https:\/\/vosgesinfo.fr\/remiremontinfo\/wp-json\/wp\/v2\/posts\/53739\/revisions"}],"wp:featuredmedia":[{"embeddable":true,"href":"https:\/\/vosgesinfo.fr\/remiremontinfo\/wp-json\/wp\/v2\/media\/53740"}],"wp:attachment":[{"href":"https:\/\/vosgesinfo.fr\/remiremontinfo\/wp-json\/wp\/v2\/media?parent=53739"}],"wp:term":[{"taxonomy":"category","embeddable":true,"href":"https:\/\/vosgesinfo.fr\/remiremontinfo\/wp-json\/wp\/v2\/categories?post=53739"},{"taxonomy":"post_tag","embeddable":true,"href":"https:\/\/vosgesinfo.fr\/remiremontinfo\/wp-json\/wp\/v2\/tags?post=53739"}],"curies":[{"name":"wp","href":"https:\/\/api.w.org\/{rel}","templated":true}]}}