{"id":53747,"date":"2022-03-31T06:06:02","date_gmt":"2022-03-31T04:06:02","guid":{"rendered":"https:\/\/vosgesinfo.fr\/remiremontinfo\/2022\/03\/fougerolles-randos-vtt-marche-lundi-de-paques-18-avril-2022\/"},"modified":"2022-03-31T06:06:02","modified_gmt":"2022-03-31T04:06:02","slug":"fougerolles-randos-vtt-marche-lundi-de-paques-18-avril-2022","status":"publish","type":"post","link":"https:\/\/vosgesinfo.fr\/remiremontinfo\/2022\/03\/fougerolles-randos-vtt-marche-lundi-de-paques-18-avril-2022\/","title":{"rendered":"Fougerolles : Randos VTT et Marche le lundi de P\u00e2ques, 18 avril 2022"},"content":{"rendered":"<p><a href=\"\/2022\/03\/09.jpg\"><img decoding=\"async\" class=\"alignnone size-large wp-image-340673\" src=\"\/2022\/03\/09-1024x576.jpg\" alt=\"0\" width=\"960\" height=\"540\" \/><\/a><\/p>\n<p>Fougerolles &#8211; Randos VTT et Marche le lundi de P\u00e2ques 18 avril 2022.<\/p>\n<p>Lundi 18 avril 2022, aura lieu \u00e0 Fougerolles deux randos VTT de 20 et 45 km\u00a0ainsi qu&rsquo;une randonn\u00e9e p\u00e9destre de 10 km au profit du T\u00e9l\u00e9thon dans le respect des normes sanitaires en vigueur.<br \/>\nLes d\u00e9parts libres se feront \u00e0 la Salle des F\u00eates comme suit :<br \/>\nDe 8 h \u00e0 10 h pour la Rando loisirs de 20 km<br \/>\nde 8 h \u00e0 9 h pour la rando sportive de 45 km<br \/>\nde 8 h \u00e0 11 h pour la marche de 10 km dans les cerisiers en fleurs.<br \/>\nLe port du casque sera obligatoire pour le VTT.<br \/>\nUn repas sur r\u00e9servation avant le 11 avril 2022 sera servi au retour \u00e0 partir de midi : P\u00e2tes bolognaises &#8211; Fromage &#8211; Dessert pour un prix de 10 \u20ac (boissons non comprises).<br \/>\nPour ceux qui n&rsquo;auraient pas r\u00e9serv\u00e9s, il y aura toujours une buvette avec sandwich.<br \/>\nPensez \u00e0 apporter votre verre r\u00e9utilisable.<br \/>\nPour tous renseignements et r\u00e9servations, contacter G\u00e9rard Clausse au 03 84 49 12 99 ou Fran\u00e7ois Duch\u00eane au 03 84 49 16 22.<\/p>\n<p><a href=\"\/2022\/03\/Flyer-A5-page-0011-e1648737103756.jpg\"><img decoding=\"async\" class=\"alignnone size-large wp-image-340676\" src=\"\/2022\/03\/Flyer-A5-page-0011-e1648737103756-1024x724.jpg\" alt=\"Flyer A5-page-001\" width=\"960\" height=\"679\" \/><\/a><\/p>\n","protected":false},"excerpt":{"rendered":"<p>Fougerolles &#8211; Randos VTT et Marche le lundi de P\u00e2ques 18 avril 2022. Lundi 18 avril 2022, aura lieu \u00e0 [&hellip;]<\/p>\n","protected":false},"author":407,"featured_media":53748,"comment_status":"open","ping_status":"open","sticky":false,"template":"","format":"standard","meta":{"footnotes":""},"categories":[26,14],"tags":[3650,493,61,340,1143],"class_list":["post-53747","post","type-post","status-publish","format-standard","has-post-thumbnail","hentry","category-a-la-une","category-sport","tag-fougerolle","tag-marche","tag-sport","tag-telethon","tag-vtt"],"acf":[],"yoast_head":"<!-- This site is optimized with the Yoast SEO plugin v22.5 - https:\/\/yoast.com\/wordpress\/plugins\/seo\/ -->\n<title>Fougerolles : Randos VTT et Marche le lundi de P\u00e2ques, 18 avril 2022 - Remiremont Info<\/title>\n<meta name=\"robots\" content=\"index, follow, max-snippet:-1, max-image-preview:large, max-video-preview:-1\" \/>\n<link rel=\"canonical\" href=\"https:\/\/vosgesinfo.fr\/remiremontinfo\/2022\/03\/fougerolles-randos-vtt-marche-lundi-de-paques-18-avril-2022\/\" \/>\n<meta name=\"twitter:card\" content=\"summary_large_image\" \/>\n<meta name=\"twitter:title\" content=\"Fougerolles : Randos VTT et Marche le lundi de P\u00e2ques, 18 avril 2022 - Remiremont Info\" \/>\n<meta name=\"twitter:description\" content=\"Fougerolles &#8211; Randos VTT et Marche le lundi de P\u00e2ques 18 avril 2022. Lundi 18 avril 2022, aura lieu \u00e0 [&hellip;]\" \/>\n<meta name=\"twitter:image\" content=\"https:\/\/vosgesinfo.fr\/app\/uploads\/sites\/5\/2024\/09\/20220309.jpg\" \/>\n<meta name=\"twitter:creator\" content=\"@VosgesInfo88\" \/>\n<meta name=\"twitter:site\" content=\"@VosgesInfo88\" \/>\n<meta name=\"twitter:label1\" content=\"\u00c9crit par\" \/>\n\t<meta name=\"twitter:data1\" content=\"C D\" \/>\n\t<meta name=\"twitter:label2\" content=\"Dur\u00e9e de lecture estim\u00e9e\" \/>\n\t<meta name=\"twitter:data2\" content=\"1 minute\" \/>\n<script type=\"application\/ld+json\" class=\"yoast-schema-graph\">{\"@context\":\"https:\/\/schema.org\",\"@graph\":[{\"@type\":\"Article\",\"@id\":\"https:\/\/vosgesinfo.fr\/remiremontinfo\/2022\/03\/fougerolles-randos-vtt-marche-lundi-de-paques-18-avril-2022\/#article\",\"isPartOf\":{\"@id\":\"https:\/\/vosgesinfo.fr\/remiremontinfo\/2022\/03\/fougerolles-randos-vtt-marche-lundi-de-paques-18-avril-2022\/\"},\"author\":{\"name\":\"C D\",\"@id\":\"https:\/\/vosgesinfo.fr\/remiremontinfo\/#\/schema\/person\/3bfd164d5218a185b1db68655a265316\"},\"headline\":\"Fougerolles : Randos VTT et Marche le lundi de P\u00e2ques, 18 avril 2022\",\"datePublished\":\"2022-03-31T04:06:02+00:00\",\"dateModified\":\"2022-03-31T04:06:02+00:00\",\"mainEntityOfPage\":{\"@id\":\"https:\/\/vosgesinfo.fr\/remiremontinfo\/2022\/03\/fougerolles-randos-vtt-marche-lundi-de-paques-18-avril-2022\/\"},\"wordCount\":179,\"commentCount\":0,\"publisher\":{\"@id\":\"https:\/\/vosgesinfo.fr\/remiremontinfo\/#organization\"},\"image\":{\"@id\":\"https:\/\/vosgesinfo.fr\/remiremontinfo\/2022\/03\/fougerolles-randos-vtt-marche-lundi-de-paques-18-avril-2022\/#primaryimage\"},\"thumbnailUrl\":\"https:\/\/vosgesinfo.fr\/app\/uploads\/sites\/5\/2024\/09\/20220309.jpg\",\"keywords\":[\"fougerolle\",\"march\u00e9\",\"sport\",\"T\u00e9l\u00e9thon\",\"VTT\"],\"articleSection\":[\"A la Une\",\"Sport\"],\"inLanguage\":\"fr-FR\",\"potentialAction\":[{\"@type\":\"CommentAction\",\"name\":\"Comment\",\"target\":[\"https:\/\/vosgesinfo.fr\/remiremontinfo\/2022\/03\/fougerolles-randos-vtt-marche-lundi-de-paques-18-avril-2022\/#respond\"]}]},{\"@type\":\"WebPage\",\"@id\":\"https:\/\/vosgesinfo.fr\/remiremontinfo\/2022\/03\/fougerolles-randos-vtt-marche-lundi-de-paques-18-avril-2022\/\",\"url\":\"https:\/\/vosgesinfo.fr\/remiremontinfo\/2022\/03\/fougerolles-randos-vtt-marche-lundi-de-paques-18-avril-2022\/\",\"name\":\"Fougerolles : Randos VTT et Marche le lundi de P\u00e2ques, 18 avril 2022 - Remiremont Info\",\"isPartOf\":{\"@id\":\"https:\/\/vosgesinfo.fr\/remiremontinfo\/#website\"},\"primaryImageOfPage\":{\"@id\":\"https:\/\/vosgesinfo.fr\/remiremontinfo\/2022\/03\/fougerolles-randos-vtt-marche-lundi-de-paques-18-avril-2022\/#primaryimage\"},\"image\":{\"@id\":\"https:\/\/vosgesinfo.fr\/remiremontinfo\/2022\/03\/fougerolles-randos-vtt-marche-lundi-de-paques-18-avril-2022\/#primaryimage\"},\"thumbnailUrl\":\"https:\/\/vosgesinfo.fr\/app\/uploads\/sites\/5\/2024\/09\/20220309.jpg\",\"datePublished\":\"2022-03-31T04:06:02+00:00\",\"dateModified\":\"2022-03-31T04:06:02+00:00\",\"breadcrumb\":{\"@id\":\"https:\/\/vosgesinfo.fr\/remiremontinfo\/2022\/03\/fougerolles-randos-vtt-marche-lundi-de-paques-18-avril-2022\/#breadcrumb\"},\"inLanguage\":\"fr-FR\",\"potentialAction\":[{\"@type\":\"ReadAction\",\"target\":[\"https:\/\/vosgesinfo.fr\/remiremontinfo\/2022\/03\/fougerolles-randos-vtt-marche-lundi-de-paques-18-avril-2022\/\"]}]},{\"@type\":\"ImageObject\",\"inLanguage\":\"fr-FR\",\"@id\":\"https:\/\/vosgesinfo.fr\/remiremontinfo\/2022\/03\/fougerolles-randos-vtt-marche-lundi-de-paques-18-avril-2022\/#primaryimage\",\"url\":\"https:\/\/vosgesinfo.fr\/app\/uploads\/sites\/5\/2024\/09\/20220309.jpg\",\"contentUrl\":\"https:\/\/vosgesinfo.fr\/app\/uploads\/sites\/5\/2024\/09\/20220309.jpg\",\"width\":1675,\"height\":942},{\"@type\":\"BreadcrumbList\",\"@id\":\"https:\/\/vosgesinfo.fr\/remiremontinfo\/2022\/03\/fougerolles-randos-vtt-marche-lundi-de-paques-18-avril-2022\/#breadcrumb\",\"itemListElement\":[{\"@type\":\"ListItem\",\"position\":1,\"name\":\"Home\",\"item\":\"https:\/\/vosgesinfo.fr\/remiremontinfo\/\"},{\"@type\":\"ListItem\",\"position\":2,\"name\":\"Fougerolles : Randos VTT et Marche le lundi de P\u00e2ques, 18 avril 2022\"}]},{\"@type\":\"WebSite\",\"@id\":\"https:\/\/vosgesinfo.fr\/remiremontinfo\/#website\",\"url\":\"https:\/\/vosgesinfo.fr\/remiremontinfo\/\",\"name\":\"Remiremont Info\",\"description\":\"Toute l&#039;actualit\u00e9 de Remiremont\",\"publisher\":{\"@id\":\"https:\/\/vosgesinfo.fr\/remiremontinfo\/#organization\"},\"alternateName\":\"Toute l'actualit\u00e9 de Remiremont\",\"potentialAction\":[{\"@type\":\"SearchAction\",\"target\":{\"@type\":\"EntryPoint\",\"urlTemplate\":\"https:\/\/vosgesinfo.fr\/remiremontinfo\/?s={search_term_string}\"},\"query-input\":\"required name=search_term_string\"}],\"inLanguage\":\"fr-FR\"},{\"@type\":\"Organization\",\"@id\":\"https:\/\/vosgesinfo.fr\/remiremontinfo\/#organization\",\"name\":\"Remiremont Info\",\"url\":\"https:\/\/vosgesinfo.fr\/remiremontinfo\/\",\"logo\":{\"@type\":\"ImageObject\",\"inLanguage\":\"fr-FR\",\"@id\":\"https:\/\/vosgesinfo.fr\/remiremontinfo\/#\/schema\/logo\/image\/\",\"url\":\"https:\/\/vosgesinfo.fr\/app\/uploads\/sites\/5\/2023\/08\/favicon-remiremontinfo.png\",\"contentUrl\":\"https:\/\/vosgesinfo.fr\/app\/uploads\/sites\/5\/2023\/08\/favicon-remiremontinfo.png\",\"width\":512,\"height\":512,\"caption\":\"Remiremont Info\"},\"image\":{\"@id\":\"https:\/\/vosgesinfo.fr\/remiremontinfo\/#\/schema\/logo\/image\/\"},\"sameAs\":[\"https:\/\/www.facebook.com\/remiremontinfo\",\"https:\/\/x.com\/VosgesInfo88\",\"https:\/\/www.youtube.com\/@vosgesinfo\"]},{\"@type\":\"Person\",\"@id\":\"https:\/\/vosgesinfo.fr\/remiremontinfo\/#\/schema\/person\/3bfd164d5218a185b1db68655a265316\",\"name\":\"C D\",\"image\":{\"@type\":\"ImageObject\",\"inLanguage\":\"fr-FR\",\"@id\":\"https:\/\/vosgesinfo.fr\/remiremontinfo\/#\/schema\/person\/image\/\",\"url\":\"https:\/\/secure.gravatar.com\/avatar\/1f9a70007336511a47468b8f1c66f922b8b7cf617b02a31149ada43893a5d48f?s=96&d=mm&r=g\",\"contentUrl\":\"https:\/\/secure.gravatar.com\/avatar\/1f9a70007336511a47468b8f1c66f922b8b7cf617b02a31149ada43893a5d48f?s=96&d=mm&r=g\",\"caption\":\"C D\"},\"url\":\"https:\/\/vosgesinfo.fr\/remiremontinfo\/author\/cedric-drevet\/\"}]}<\/script>\n<!-- \/ Yoast SEO plugin. -->","yoast_head_json":{"title":"Fougerolles : Randos VTT et Marche le lundi de P\u00e2ques, 18 avril 2022 - Remiremont Info","robots":{"index":"index","follow":"follow","max-snippet":"max-snippet:-1","max-image-preview":"max-image-preview:large","max-video-preview":"max-video-preview:-1"},"canonical":"https:\/\/vosgesinfo.fr\/remiremontinfo\/2022\/03\/fougerolles-randos-vtt-marche-lundi-de-paques-18-avril-2022\/","twitter_card":"summary_large_image","twitter_title":"Fougerolles : Randos VTT et Marche le lundi de P\u00e2ques, 18 avril 2022 - Remiremont Info","twitter_description":"Fougerolles &#8211; Randos VTT et Marche le lundi de P\u00e2ques 18 avril 2022. Lundi 18 avril 2022, aura lieu \u00e0 [&hellip;]","twitter_image":"https:\/\/vosgesinfo.fr\/app\/uploads\/sites\/5\/2024\/09\/20220309.jpg","twitter_creator":"@VosgesInfo88","twitter_site":"@VosgesInfo88","twitter_misc":{"\u00c9crit par":"C D","Dur\u00e9e de lecture estim\u00e9e":"1 minute"},"schema":{"@context":"https:\/\/schema.org","@graph":[{"@type":"Article","@id":"https:\/\/vosgesinfo.fr\/remiremontinfo\/2022\/03\/fougerolles-randos-vtt-marche-lundi-de-paques-18-avril-2022\/#article","isPartOf":{"@id":"https:\/\/vosgesinfo.fr\/remiremontinfo\/2022\/03\/fougerolles-randos-vtt-marche-lundi-de-paques-18-avril-2022\/"},"author":{"name":"C D","@id":"https:\/\/vosgesinfo.fr\/remiremontinfo\/#\/schema\/person\/3bfd164d5218a185b1db68655a265316"},"headline":"Fougerolles : Randos VTT et Marche le lundi de P\u00e2ques, 18 avril 2022","datePublished":"2022-03-31T04:06:02+00:00","dateModified":"2022-03-31T04:06:02+00:00","mainEntityOfPage":{"@id":"https:\/\/vosgesinfo.fr\/remiremontinfo\/2022\/03\/fougerolles-randos-vtt-marche-lundi-de-paques-18-avril-2022\/"},"wordCount":179,"commentCount":0,"publisher":{"@id":"https:\/\/vosgesinfo.fr\/remiremontinfo\/#organization"},"image":{"@id":"https:\/\/vosgesinfo.fr\/remiremontinfo\/2022\/03\/fougerolles-randos-vtt-marche-lundi-de-paques-18-avril-2022\/#primaryimage"},"thumbnailUrl":"https:\/\/vosgesinfo.fr\/app\/uploads\/sites\/5\/2024\/09\/20220309.jpg","keywords":["fougerolle","march\u00e9","sport","T\u00e9l\u00e9thon","VTT"],"articleSection":["A la Une","Sport"],"inLanguage":"fr-FR","potentialAction":[{"@type":"CommentAction","name":"Comment","target":["https:\/\/vosgesinfo.fr\/remiremontinfo\/2022\/03\/fougerolles-randos-vtt-marche-lundi-de-paques-18-avril-2022\/#respond"]}]},{"@type":"WebPage","@id":"https:\/\/vosgesinfo.fr\/remiremontinfo\/2022\/03\/fougerolles-randos-vtt-marche-lundi-de-paques-18-avril-2022\/","url":"https:\/\/vosgesinfo.fr\/remiremontinfo\/2022\/03\/fougerolles-randos-vtt-marche-lundi-de-paques-18-avril-2022\/","name":"Fougerolles : Randos VTT et Marche le lundi de P\u00e2ques, 18 avril 2022 - Remiremont Info","isPartOf":{"@id":"https:\/\/vosgesinfo.fr\/remiremontinfo\/#website"},"primaryImageOfPage":{"@id":"https:\/\/vosgesinfo.fr\/remiremontinfo\/2022\/03\/fougerolles-randos-vtt-marche-lundi-de-paques-18-avril-2022\/#primaryimage"},"image":{"@id":"https:\/\/vosgesinfo.fr\/remiremontinfo\/2022\/03\/fougerolles-randos-vtt-marche-lundi-de-paques-18-avril-2022\/#primaryimage"},"thumbnailUrl":"https:\/\/vosgesinfo.fr\/app\/uploads\/sites\/5\/2024\/09\/20220309.jpg","datePublished":"2022-03-31T04:06:02+00:00","dateModified":"2022-03-31T04:06:02+00:00","breadcrumb":{"@id":"https:\/\/vosgesinfo.fr\/remiremontinfo\/2022\/03\/fougerolles-randos-vtt-marche-lundi-de-paques-18-avril-2022\/#breadcrumb"},"inLanguage":"fr-FR","potentialAction":[{"@type":"ReadAction","target":["https:\/\/vosgesinfo.fr\/remiremontinfo\/2022\/03\/fougerolles-randos-vtt-marche-lundi-de-paques-18-avril-2022\/"]}]},{"@type":"ImageObject","inLanguage":"fr-FR","@id":"https:\/\/vosgesinfo.fr\/remiremontinfo\/2022\/03\/fougerolles-randos-vtt-marche-lundi-de-paques-18-avril-2022\/#primaryimage","url":"https:\/\/vosgesinfo.fr\/app\/uploads\/sites\/5\/2024\/09\/20220309.jpg","contentUrl":"https:\/\/vosgesinfo.fr\/app\/uploads\/sites\/5\/2024\/09\/20220309.jpg","width":1675,"height":942},{"@type":"BreadcrumbList","@id":"https:\/\/vosgesinfo.fr\/remiremontinfo\/2022\/03\/fougerolles-randos-vtt-marche-lundi-de-paques-18-avril-2022\/#breadcrumb","itemListElement":[{"@type":"ListItem","position":1,"name":"Home","item":"https:\/\/vosgesinfo.fr\/remiremontinfo\/"},{"@type":"ListItem","position":2,"name":"Fougerolles : Randos VTT et Marche le lundi de P\u00e2ques, 18 avril 2022"}]},{"@type":"WebSite","@id":"https:\/\/vosgesinfo.fr\/remiremontinfo\/#website","url":"https:\/\/vosgesinfo.fr\/remiremontinfo\/","name":"Remiremont Info","description":"Toute l&#039;actualit\u00e9 de Remiremont","publisher":{"@id":"https:\/\/vosgesinfo.fr\/remiremontinfo\/#organization"},"alternateName":"Toute l'actualit\u00e9 de Remiremont","potentialAction":[{"@type":"SearchAction","target":{"@type":"EntryPoint","urlTemplate":"https:\/\/vosgesinfo.fr\/remiremontinfo\/?s={search_term_string}"},"query-input":"required name=search_term_string"}],"inLanguage":"fr-FR"},{"@type":"Organization","@id":"https:\/\/vosgesinfo.fr\/remiremontinfo\/#organization","name":"Remiremont Info","url":"https:\/\/vosgesinfo.fr\/remiremontinfo\/","logo":{"@type":"ImageObject","inLanguage":"fr-FR","@id":"https:\/\/vosgesinfo.fr\/remiremontinfo\/#\/schema\/logo\/image\/","url":"https:\/\/vosgesinfo.fr\/app\/uploads\/sites\/5\/2023\/08\/favicon-remiremontinfo.png","contentUrl":"https:\/\/vosgesinfo.fr\/app\/uploads\/sites\/5\/2023\/08\/favicon-remiremontinfo.png","width":512,"height":512,"caption":"Remiremont Info"},"image":{"@id":"https:\/\/vosgesinfo.fr\/remiremontinfo\/#\/schema\/logo\/image\/"},"sameAs":["https:\/\/www.facebook.com\/remiremontinfo","https:\/\/x.com\/VosgesInfo88","https:\/\/www.youtube.com\/@vosgesinfo"]},{"@type":"Person","@id":"https:\/\/vosgesinfo.fr\/remiremontinfo\/#\/schema\/person\/3bfd164d5218a185b1db68655a265316","name":"C D","image":{"@type":"ImageObject","inLanguage":"fr-FR","@id":"https:\/\/vosgesinfo.fr\/remiremontinfo\/#\/schema\/person\/image\/","url":"https:\/\/secure.gravatar.com\/avatar\/1f9a70007336511a47468b8f1c66f922b8b7cf617b02a31149ada43893a5d48f?s=96&d=mm&r=g","contentUrl":"https:\/\/secure.gravatar.com\/avatar\/1f9a70007336511a47468b8f1c66f922b8b7cf617b02a31149ada43893a5d48f?s=96&d=mm&r=g","caption":"C D"},"url":"https:\/\/vosgesinfo.fr\/remiremontinfo\/author\/cedric-drevet\/"}]}},"_links":{"self":[{"href":"https:\/\/vosgesinfo.fr\/remiremontinfo\/wp-json\/wp\/v2\/posts\/53747","targetHints":{"allow":["GET"]}}],"collection":[{"href":"https:\/\/vosgesinfo.fr\/remiremontinfo\/wp-json\/wp\/v2\/posts"}],"about":[{"href":"https:\/\/vosgesinfo.fr\/remiremontinfo\/wp-json\/wp\/v2\/types\/post"}],"author":[{"embeddable":true,"href":"https:\/\/vosgesinfo.fr\/remiremontinfo\/wp-json\/wp\/v2\/users\/407"}],"replies":[{"embeddable":true,"href":"https:\/\/vosgesinfo.fr\/remiremontinfo\/wp-json\/wp\/v2\/comments?post=53747"}],"version-history":[{"count":0,"href":"https:\/\/vosgesinfo.fr\/remiremontinfo\/wp-json\/wp\/v2\/posts\/53747\/revisions"}],"wp:featuredmedia":[{"embeddable":true,"href":"https:\/\/vosgesinfo.fr\/remiremontinfo\/wp-json\/wp\/v2\/media\/53748"}],"wp:attachment":[{"href":"https:\/\/vosgesinfo.fr\/remiremontinfo\/wp-json\/wp\/v2\/media?parent=53747"}],"wp:term":[{"taxonomy":"category","embeddable":true,"href":"https:\/\/vosgesinfo.fr\/remiremontinfo\/wp-json\/wp\/v2\/categories?post=53747"},{"taxonomy":"post_tag","embeddable":true,"href":"https:\/\/vosgesinfo.fr\/remiremontinfo\/wp-json\/wp\/v2\/tags?post=53747"}],"curies":[{"name":"wp","href":"https:\/\/api.w.org\/{rel}","templated":true}]}}