{"id":54170,"date":"2022-04-08T16:06:34","date_gmt":"2022-04-08T14:06:34","guid":{"rendered":"https:\/\/vosgesinfo.fr\/remiremontinfo\/2022\/04\/tempete-lequivalent-dun-mois-de-pluie-48h\/"},"modified":"2022-04-08T16:06:34","modified_gmt":"2022-04-08T14:06:34","slug":"tempete-lequivalent-dun-mois-de-pluie-48h","status":"publish","type":"post","link":"https:\/\/vosgesinfo.fr\/remiremontinfo\/2022\/04\/tempete-lequivalent-dun-mois-de-pluie-48h\/","title":{"rendered":"Temp\u00eate : l\u2019\u00e9quivalent d\u2019un mois de pluie en seulement 48h"},"content":{"rendered":"<h2>Le d\u00e9partement des Vosges a \u00e9t\u00e9 plac\u00e9 en vigilance jaune par M\u00e9t\u00e9o France ce vendredi 8 avril 2022. Le d\u00e9partement est touch\u00e9 par un \u00e9pisode venteux, accompagn\u00e9 de fortes pluies. Selon les pr\u00e9visionnistes, il doit tomber\u00a0l\u2019\u00e9quivalent d\u2019un mois de pluie en seulement 48h !<\/h2>\n<div class=\"cxmmr5t8 oygrvhab hcukyx3x c1et5uql o9v6fnle ii04i59q\">\n<div dir=\"auto\">Les vosgiens ont tous remarqu\u00e9 le mauvais temps : les rafales de vent et les fortes pluies. D\u2019ailleurs le d\u00e9partement des Vosges a \u00e9t\u00e9 plac\u00e9 en vigilance jaune par M\u00e9t\u00e9o France suite au passage de la temp\u00eate Diego. On attend des cumuls encore importants apr\u00e8s les pluies de ce jeudi. Il doit tomber l\u2019\u00e9quivalent de 3 semaines \u00e0 un mois de pr\u00e9cipitations en seulement 48h.<\/div>\n<div dir=\"auto\"><\/div>\n<div dir=\"auto\">Les alertes\u00a0pluie-inondation et vents violents\u00a0concernent les Vosges et la Meurthe-et-Moselle.\u00a0\u00a0Des rafales entre 70 et 80 km\/h sont annonc\u00e9s en plaine<strong>,\u00a0<\/strong>mais c\u2019est sur le massif vosgien que les rafales s\u2019annoncent plus fortes : jusqu\u2019\u00e0 120 km\/h sur le massif.<\/div>\n<\/div>\n<div dir=\"auto\"><\/div>\n<div dir=\"auto\">C.K.N.<\/div>\n","protected":false},"excerpt":{"rendered":"<p>Le d\u00e9partement des Vosges a \u00e9t\u00e9 plac\u00e9 en vigilance jaune par M\u00e9t\u00e9o France ce vendredi 8 avril 2022. Le d\u00e9partement [&hellip;]<\/p>\n","protected":false},"author":407,"featured_media":54171,"comment_status":"open","ping_status":"open","sticky":false,"template":"","format":"standard","meta":{"footnotes":""},"categories":[26,127,18],"tags":[128,676,32],"class_list":["post-54170","post","type-post","status-publish","format-standard","has-post-thumbnail","hentry","category-a-la-une","category-meteo","category-vosges","tag-meteo","tag-pluie","tag-vosges"],"acf":[],"yoast_head":"<!-- This site is optimized with the Yoast SEO plugin v22.5 - https:\/\/yoast.com\/wordpress\/plugins\/seo\/ -->\n<title>Temp\u00eate : l\u2019\u00e9quivalent d\u2019un mois de pluie en seulement 48h - Remiremont Info<\/title>\n<meta name=\"robots\" content=\"index, follow, max-snippet:-1, max-image-preview:large, max-video-preview:-1\" \/>\n<link rel=\"canonical\" href=\"https:\/\/vosgesinfo.fr\/remiremontinfo\/2022\/04\/tempete-lequivalent-dun-mois-de-pluie-48h\/\" \/>\n<meta name=\"twitter:card\" content=\"summary_large_image\" \/>\n<meta name=\"twitter:title\" content=\"Temp\u00eate : l\u2019\u00e9quivalent d\u2019un mois de pluie en seulement 48h - Remiremont Info\" \/>\n<meta name=\"twitter:description\" content=\"Le d\u00e9partement des Vosges a \u00e9t\u00e9 plac\u00e9 en vigilance jaune par M\u00e9t\u00e9o France ce vendredi 8 avril 2022. Le d\u00e9partement [&hellip;]\" \/>\n<meta name=\"twitter:image\" content=\"https:\/\/vosgesinfo.fr\/app\/uploads\/sites\/5\/2024\/09\/202204pluie.jpg\" \/>\n<meta name=\"twitter:creator\" content=\"@VosgesInfo88\" \/>\n<meta name=\"twitter:site\" content=\"@VosgesInfo88\" \/>\n<meta name=\"twitter:label1\" content=\"\u00c9crit par\" \/>\n\t<meta name=\"twitter:data1\" content=\"C D\" \/>\n\t<meta name=\"twitter:label2\" content=\"Dur\u00e9e de lecture estim\u00e9e\" \/>\n\t<meta name=\"twitter:data2\" content=\"1 minute\" \/>\n<script type=\"application\/ld+json\" class=\"yoast-schema-graph\">{\"@context\":\"https:\/\/schema.org\",\"@graph\":[{\"@type\":\"Article\",\"@id\":\"https:\/\/vosgesinfo.fr\/remiremontinfo\/2022\/04\/tempete-lequivalent-dun-mois-de-pluie-48h\/#article\",\"isPartOf\":{\"@id\":\"https:\/\/vosgesinfo.fr\/remiremontinfo\/2022\/04\/tempete-lequivalent-dun-mois-de-pluie-48h\/\"},\"author\":{\"name\":\"C D\",\"@id\":\"https:\/\/vosgesinfo.fr\/remiremontinfo\/#\/schema\/person\/3bfd164d5218a185b1db68655a265316\"},\"headline\":\"Temp\u00eate : l\u2019\u00e9quivalent d\u2019un mois de pluie en seulement 48h\",\"datePublished\":\"2022-04-08T14:06:34+00:00\",\"dateModified\":\"2022-04-08T14:06:34+00:00\",\"mainEntityOfPage\":{\"@id\":\"https:\/\/vosgesinfo.fr\/remiremontinfo\/2022\/04\/tempete-lequivalent-dun-mois-de-pluie-48h\/\"},\"wordCount\":177,\"commentCount\":0,\"publisher\":{\"@id\":\"https:\/\/vosgesinfo.fr\/remiremontinfo\/#organization\"},\"image\":{\"@id\":\"https:\/\/vosgesinfo.fr\/remiremontinfo\/2022\/04\/tempete-lequivalent-dun-mois-de-pluie-48h\/#primaryimage\"},\"thumbnailUrl\":\"https:\/\/vosgesinfo.fr\/app\/uploads\/sites\/5\/2024\/09\/202204pluie.jpg\",\"keywords\":[\"M\u00e9t\u00e9o\",\"pluie\",\"Vosges\"],\"articleSection\":[\"A la Une\",\"M\u00e9t\u00e9o\",\"Vosges\"],\"inLanguage\":\"fr-FR\",\"potentialAction\":[{\"@type\":\"CommentAction\",\"name\":\"Comment\",\"target\":[\"https:\/\/vosgesinfo.fr\/remiremontinfo\/2022\/04\/tempete-lequivalent-dun-mois-de-pluie-48h\/#respond\"]}]},{\"@type\":\"WebPage\",\"@id\":\"https:\/\/vosgesinfo.fr\/remiremontinfo\/2022\/04\/tempete-lequivalent-dun-mois-de-pluie-48h\/\",\"url\":\"https:\/\/vosgesinfo.fr\/remiremontinfo\/2022\/04\/tempete-lequivalent-dun-mois-de-pluie-48h\/\",\"name\":\"Temp\u00eate : l\u2019\u00e9quivalent d\u2019un mois de pluie en seulement 48h - Remiremont Info\",\"isPartOf\":{\"@id\":\"https:\/\/vosgesinfo.fr\/remiremontinfo\/#website\"},\"primaryImageOfPage\":{\"@id\":\"https:\/\/vosgesinfo.fr\/remiremontinfo\/2022\/04\/tempete-lequivalent-dun-mois-de-pluie-48h\/#primaryimage\"},\"image\":{\"@id\":\"https:\/\/vosgesinfo.fr\/remiremontinfo\/2022\/04\/tempete-lequivalent-dun-mois-de-pluie-48h\/#primaryimage\"},\"thumbnailUrl\":\"https:\/\/vosgesinfo.fr\/app\/uploads\/sites\/5\/2024\/09\/202204pluie.jpg\",\"datePublished\":\"2022-04-08T14:06:34+00:00\",\"dateModified\":\"2022-04-08T14:06:34+00:00\",\"breadcrumb\":{\"@id\":\"https:\/\/vosgesinfo.fr\/remiremontinfo\/2022\/04\/tempete-lequivalent-dun-mois-de-pluie-48h\/#breadcrumb\"},\"inLanguage\":\"fr-FR\",\"potentialAction\":[{\"@type\":\"ReadAction\",\"target\":[\"https:\/\/vosgesinfo.fr\/remiremontinfo\/2022\/04\/tempete-lequivalent-dun-mois-de-pluie-48h\/\"]}]},{\"@type\":\"ImageObject\",\"inLanguage\":\"fr-FR\",\"@id\":\"https:\/\/vosgesinfo.fr\/remiremontinfo\/2022\/04\/tempete-lequivalent-dun-mois-de-pluie-48h\/#primaryimage\",\"url\":\"https:\/\/vosgesinfo.fr\/app\/uploads\/sites\/5\/2024\/09\/202204pluie.jpg\",\"contentUrl\":\"https:\/\/vosgesinfo.fr\/app\/uploads\/sites\/5\/2024\/09\/202204pluie.jpg\",\"width\":800,\"height\":530},{\"@type\":\"BreadcrumbList\",\"@id\":\"https:\/\/vosgesinfo.fr\/remiremontinfo\/2022\/04\/tempete-lequivalent-dun-mois-de-pluie-48h\/#breadcrumb\",\"itemListElement\":[{\"@type\":\"ListItem\",\"position\":1,\"name\":\"Home\",\"item\":\"https:\/\/vosgesinfo.fr\/remiremontinfo\/\"},{\"@type\":\"ListItem\",\"position\":2,\"name\":\"Temp\u00eate : l\u2019\u00e9quivalent d\u2019un mois de pluie en seulement 48h\"}]},{\"@type\":\"WebSite\",\"@id\":\"https:\/\/vosgesinfo.fr\/remiremontinfo\/#website\",\"url\":\"https:\/\/vosgesinfo.fr\/remiremontinfo\/\",\"name\":\"Remiremont Info\",\"description\":\"Toute l&#039;actualit\u00e9 de Remiremont\",\"publisher\":{\"@id\":\"https:\/\/vosgesinfo.fr\/remiremontinfo\/#organization\"},\"alternateName\":\"Toute l'actualit\u00e9 de Remiremont\",\"potentialAction\":[{\"@type\":\"SearchAction\",\"target\":{\"@type\":\"EntryPoint\",\"urlTemplate\":\"https:\/\/vosgesinfo.fr\/remiremontinfo\/?s={search_term_string}\"},\"query-input\":\"required name=search_term_string\"}],\"inLanguage\":\"fr-FR\"},{\"@type\":\"Organization\",\"@id\":\"https:\/\/vosgesinfo.fr\/remiremontinfo\/#organization\",\"name\":\"Remiremont Info\",\"url\":\"https:\/\/vosgesinfo.fr\/remiremontinfo\/\",\"logo\":{\"@type\":\"ImageObject\",\"inLanguage\":\"fr-FR\",\"@id\":\"https:\/\/vosgesinfo.fr\/remiremontinfo\/#\/schema\/logo\/image\/\",\"url\":\"https:\/\/vosgesinfo.fr\/app\/uploads\/sites\/5\/2023\/08\/favicon-remiremontinfo.png\",\"contentUrl\":\"https:\/\/vosgesinfo.fr\/app\/uploads\/sites\/5\/2023\/08\/favicon-remiremontinfo.png\",\"width\":512,\"height\":512,\"caption\":\"Remiremont Info\"},\"image\":{\"@id\":\"https:\/\/vosgesinfo.fr\/remiremontinfo\/#\/schema\/logo\/image\/\"},\"sameAs\":[\"https:\/\/www.facebook.com\/remiremontinfo\",\"https:\/\/x.com\/VosgesInfo88\",\"https:\/\/www.youtube.com\/@vosgesinfo\"]},{\"@type\":\"Person\",\"@id\":\"https:\/\/vosgesinfo.fr\/remiremontinfo\/#\/schema\/person\/3bfd164d5218a185b1db68655a265316\",\"name\":\"C D\",\"image\":{\"@type\":\"ImageObject\",\"inLanguage\":\"fr-FR\",\"@id\":\"https:\/\/vosgesinfo.fr\/remiremontinfo\/#\/schema\/person\/image\/\",\"url\":\"https:\/\/secure.gravatar.com\/avatar\/1f9a70007336511a47468b8f1c66f922b8b7cf617b02a31149ada43893a5d48f?s=96&d=mm&r=g\",\"contentUrl\":\"https:\/\/secure.gravatar.com\/avatar\/1f9a70007336511a47468b8f1c66f922b8b7cf617b02a31149ada43893a5d48f?s=96&d=mm&r=g\",\"caption\":\"C D\"},\"url\":\"https:\/\/vosgesinfo.fr\/remiremontinfo\/author\/cedric-drevet\/\"}]}<\/script>\n<!-- \/ Yoast SEO plugin. -->","yoast_head_json":{"title":"Temp\u00eate : l\u2019\u00e9quivalent d\u2019un mois de pluie en seulement 48h - Remiremont Info","robots":{"index":"index","follow":"follow","max-snippet":"max-snippet:-1","max-image-preview":"max-image-preview:large","max-video-preview":"max-video-preview:-1"},"canonical":"https:\/\/vosgesinfo.fr\/remiremontinfo\/2022\/04\/tempete-lequivalent-dun-mois-de-pluie-48h\/","twitter_card":"summary_large_image","twitter_title":"Temp\u00eate : l\u2019\u00e9quivalent d\u2019un mois de pluie en seulement 48h - Remiremont Info","twitter_description":"Le d\u00e9partement des Vosges a \u00e9t\u00e9 plac\u00e9 en vigilance jaune par M\u00e9t\u00e9o France ce vendredi 8 avril 2022. Le d\u00e9partement [&hellip;]","twitter_image":"https:\/\/vosgesinfo.fr\/app\/uploads\/sites\/5\/2024\/09\/202204pluie.jpg","twitter_creator":"@VosgesInfo88","twitter_site":"@VosgesInfo88","twitter_misc":{"\u00c9crit par":"C D","Dur\u00e9e de lecture estim\u00e9e":"1 minute"},"schema":{"@context":"https:\/\/schema.org","@graph":[{"@type":"Article","@id":"https:\/\/vosgesinfo.fr\/remiremontinfo\/2022\/04\/tempete-lequivalent-dun-mois-de-pluie-48h\/#article","isPartOf":{"@id":"https:\/\/vosgesinfo.fr\/remiremontinfo\/2022\/04\/tempete-lequivalent-dun-mois-de-pluie-48h\/"},"author":{"name":"C D","@id":"https:\/\/vosgesinfo.fr\/remiremontinfo\/#\/schema\/person\/3bfd164d5218a185b1db68655a265316"},"headline":"Temp\u00eate : l\u2019\u00e9quivalent d\u2019un mois de pluie en seulement 48h","datePublished":"2022-04-08T14:06:34+00:00","dateModified":"2022-04-08T14:06:34+00:00","mainEntityOfPage":{"@id":"https:\/\/vosgesinfo.fr\/remiremontinfo\/2022\/04\/tempete-lequivalent-dun-mois-de-pluie-48h\/"},"wordCount":177,"commentCount":0,"publisher":{"@id":"https:\/\/vosgesinfo.fr\/remiremontinfo\/#organization"},"image":{"@id":"https:\/\/vosgesinfo.fr\/remiremontinfo\/2022\/04\/tempete-lequivalent-dun-mois-de-pluie-48h\/#primaryimage"},"thumbnailUrl":"https:\/\/vosgesinfo.fr\/app\/uploads\/sites\/5\/2024\/09\/202204pluie.jpg","keywords":["M\u00e9t\u00e9o","pluie","Vosges"],"articleSection":["A la Une","M\u00e9t\u00e9o","Vosges"],"inLanguage":"fr-FR","potentialAction":[{"@type":"CommentAction","name":"Comment","target":["https:\/\/vosgesinfo.fr\/remiremontinfo\/2022\/04\/tempete-lequivalent-dun-mois-de-pluie-48h\/#respond"]}]},{"@type":"WebPage","@id":"https:\/\/vosgesinfo.fr\/remiremontinfo\/2022\/04\/tempete-lequivalent-dun-mois-de-pluie-48h\/","url":"https:\/\/vosgesinfo.fr\/remiremontinfo\/2022\/04\/tempete-lequivalent-dun-mois-de-pluie-48h\/","name":"Temp\u00eate : l\u2019\u00e9quivalent d\u2019un mois de pluie en seulement 48h - Remiremont Info","isPartOf":{"@id":"https:\/\/vosgesinfo.fr\/remiremontinfo\/#website"},"primaryImageOfPage":{"@id":"https:\/\/vosgesinfo.fr\/remiremontinfo\/2022\/04\/tempete-lequivalent-dun-mois-de-pluie-48h\/#primaryimage"},"image":{"@id":"https:\/\/vosgesinfo.fr\/remiremontinfo\/2022\/04\/tempete-lequivalent-dun-mois-de-pluie-48h\/#primaryimage"},"thumbnailUrl":"https:\/\/vosgesinfo.fr\/app\/uploads\/sites\/5\/2024\/09\/202204pluie.jpg","datePublished":"2022-04-08T14:06:34+00:00","dateModified":"2022-04-08T14:06:34+00:00","breadcrumb":{"@id":"https:\/\/vosgesinfo.fr\/remiremontinfo\/2022\/04\/tempete-lequivalent-dun-mois-de-pluie-48h\/#breadcrumb"},"inLanguage":"fr-FR","potentialAction":[{"@type":"ReadAction","target":["https:\/\/vosgesinfo.fr\/remiremontinfo\/2022\/04\/tempete-lequivalent-dun-mois-de-pluie-48h\/"]}]},{"@type":"ImageObject","inLanguage":"fr-FR","@id":"https:\/\/vosgesinfo.fr\/remiremontinfo\/2022\/04\/tempete-lequivalent-dun-mois-de-pluie-48h\/#primaryimage","url":"https:\/\/vosgesinfo.fr\/app\/uploads\/sites\/5\/2024\/09\/202204pluie.jpg","contentUrl":"https:\/\/vosgesinfo.fr\/app\/uploads\/sites\/5\/2024\/09\/202204pluie.jpg","width":800,"height":530},{"@type":"BreadcrumbList","@id":"https:\/\/vosgesinfo.fr\/remiremontinfo\/2022\/04\/tempete-lequivalent-dun-mois-de-pluie-48h\/#breadcrumb","itemListElement":[{"@type":"ListItem","position":1,"name":"Home","item":"https:\/\/vosgesinfo.fr\/remiremontinfo\/"},{"@type":"ListItem","position":2,"name":"Temp\u00eate : l\u2019\u00e9quivalent d\u2019un mois de pluie en seulement 48h"}]},{"@type":"WebSite","@id":"https:\/\/vosgesinfo.fr\/remiremontinfo\/#website","url":"https:\/\/vosgesinfo.fr\/remiremontinfo\/","name":"Remiremont Info","description":"Toute l&#039;actualit\u00e9 de Remiremont","publisher":{"@id":"https:\/\/vosgesinfo.fr\/remiremontinfo\/#organization"},"alternateName":"Toute l'actualit\u00e9 de Remiremont","potentialAction":[{"@type":"SearchAction","target":{"@type":"EntryPoint","urlTemplate":"https:\/\/vosgesinfo.fr\/remiremontinfo\/?s={search_term_string}"},"query-input":"required name=search_term_string"}],"inLanguage":"fr-FR"},{"@type":"Organization","@id":"https:\/\/vosgesinfo.fr\/remiremontinfo\/#organization","name":"Remiremont Info","url":"https:\/\/vosgesinfo.fr\/remiremontinfo\/","logo":{"@type":"ImageObject","inLanguage":"fr-FR","@id":"https:\/\/vosgesinfo.fr\/remiremontinfo\/#\/schema\/logo\/image\/","url":"https:\/\/vosgesinfo.fr\/app\/uploads\/sites\/5\/2023\/08\/favicon-remiremontinfo.png","contentUrl":"https:\/\/vosgesinfo.fr\/app\/uploads\/sites\/5\/2023\/08\/favicon-remiremontinfo.png","width":512,"height":512,"caption":"Remiremont Info"},"image":{"@id":"https:\/\/vosgesinfo.fr\/remiremontinfo\/#\/schema\/logo\/image\/"},"sameAs":["https:\/\/www.facebook.com\/remiremontinfo","https:\/\/x.com\/VosgesInfo88","https:\/\/www.youtube.com\/@vosgesinfo"]},{"@type":"Person","@id":"https:\/\/vosgesinfo.fr\/remiremontinfo\/#\/schema\/person\/3bfd164d5218a185b1db68655a265316","name":"C D","image":{"@type":"ImageObject","inLanguage":"fr-FR","@id":"https:\/\/vosgesinfo.fr\/remiremontinfo\/#\/schema\/person\/image\/","url":"https:\/\/secure.gravatar.com\/avatar\/1f9a70007336511a47468b8f1c66f922b8b7cf617b02a31149ada43893a5d48f?s=96&d=mm&r=g","contentUrl":"https:\/\/secure.gravatar.com\/avatar\/1f9a70007336511a47468b8f1c66f922b8b7cf617b02a31149ada43893a5d48f?s=96&d=mm&r=g","caption":"C D"},"url":"https:\/\/vosgesinfo.fr\/remiremontinfo\/author\/cedric-drevet\/"}]}},"_links":{"self":[{"href":"https:\/\/vosgesinfo.fr\/remiremontinfo\/wp-json\/wp\/v2\/posts\/54170","targetHints":{"allow":["GET"]}}],"collection":[{"href":"https:\/\/vosgesinfo.fr\/remiremontinfo\/wp-json\/wp\/v2\/posts"}],"about":[{"href":"https:\/\/vosgesinfo.fr\/remiremontinfo\/wp-json\/wp\/v2\/types\/post"}],"author":[{"embeddable":true,"href":"https:\/\/vosgesinfo.fr\/remiremontinfo\/wp-json\/wp\/v2\/users\/407"}],"replies":[{"embeddable":true,"href":"https:\/\/vosgesinfo.fr\/remiremontinfo\/wp-json\/wp\/v2\/comments?post=54170"}],"version-history":[{"count":0,"href":"https:\/\/vosgesinfo.fr\/remiremontinfo\/wp-json\/wp\/v2\/posts\/54170\/revisions"}],"wp:featuredmedia":[{"embeddable":true,"href":"https:\/\/vosgesinfo.fr\/remiremontinfo\/wp-json\/wp\/v2\/media\/54171"}],"wp:attachment":[{"href":"https:\/\/vosgesinfo.fr\/remiremontinfo\/wp-json\/wp\/v2\/media?parent=54170"}],"wp:term":[{"taxonomy":"category","embeddable":true,"href":"https:\/\/vosgesinfo.fr\/remiremontinfo\/wp-json\/wp\/v2\/categories?post=54170"},{"taxonomy":"post_tag","embeddable":true,"href":"https:\/\/vosgesinfo.fr\/remiremontinfo\/wp-json\/wp\/v2\/tags?post=54170"}],"curies":[{"name":"wp","href":"https:\/\/api.w.org\/{rel}","templated":true}]}}