{"id":5459,"date":"2024-03-29T10:36:32","date_gmt":"2024-03-29T09:36:32","guid":{"rendered":"https:\/\/vosgesinfo.fr\/remiremontinfo\/?p=5459"},"modified":"2024-03-29T10:36:32","modified_gmt":"2024-03-29T09:36:32","slug":"espace-berlioz-a-plombieres-les-bains","status":"publish","type":"post","link":"https:\/\/vosgesinfo.fr\/remiremontinfo\/2024\/03\/espace-berlioz-a-plombieres-les-bains\/","title":{"rendered":"Espace Berlioz \u00e0 Plombi\u00e8res-les-Bains"},"content":{"rendered":"<p><a href=\"https:\/\/vosgesinfo.fr\/app\/uploads\/sites\/5\/2024\/03\/logo-plombieres.jpg\"><img decoding=\"async\" class=\"aligncenter size-thumbnail wp-image-5460\" src=\"https:\/\/vosgesinfo.fr\/app\/uploads\/sites\/5\/2024\/03\/logo-plombieres-150x150.jpg\" alt=\"\" width=\"150\" height=\"150\" srcset=\"https:\/\/vosgesinfo.fr\/app\/uploads\/sites\/5\/2024\/03\/logo-plombieres-150x150.jpg 150w, https:\/\/vosgesinfo.fr\/app\/uploads\/sites\/5\/2024\/03\/logo-plombieres-300x300.jpg 300w, https:\/\/vosgesinfo.fr\/app\/uploads\/sites\/5\/2024\/03\/logo-plombieres-1024x1024.jpg 1024w, https:\/\/vosgesinfo.fr\/app\/uploads\/sites\/5\/2024\/03\/logo-plombieres-768x768.jpg 768w, https:\/\/vosgesinfo.fr\/app\/uploads\/sites\/5\/2024\/03\/logo-plombieres-1536x1536.jpg 1536w, https:\/\/vosgesinfo.fr\/app\/uploads\/sites\/5\/2024\/03\/logo-plombieres-2048x2048.jpg 2048w\" sizes=\"(max-width: 150px) 100vw, 150px\" \/><\/a><\/p>\n<p>L\u2019espace Berlioz : un nouveau nom pour une nouvelle vie !<\/p>\n<p>Quoi : \u00c9v\u00e8nement pour voter pour le futur nom de l\u2019espace Berlioz, et informer sur l\u2019avancement du projet.<br \/>\nQuand : Le vendredi 5 avril 2024, \u00e0 19h.<br \/>\nO\u00f9 : Rotonde de L\u2019espace Berlioz, place Maurice Janot, 88370 Plombi\u00e8res-les-Bains.<br \/>\nL&rsquo;espace Berlioz, l&rsquo;ancien casino de la ville construit en 1902, est en cours de r\u00e9habilitation depuis janvier 2023 et ouvrira ses portes en janvier 2026.<br \/>\nV\u00e9ritable vitrine vivante du territoire, le lieu sera le porte-parole des acteurs locaux et la locomotive de la revitalisation de la ville et du territoire.<br \/>\nA chaque \u00e9poque, sa d\u00e9nomination : Casino de Plombi\u00e8res-les-Bains au d\u00e9but du XXe si\u00e8cle, espace socio-culturel dans les ann\u00e9es 80 et, plus r\u00e9cemment, espace Berlioz.<br \/>\nAujourd&rsquo;hui, la page temporelle de \u00ab L\u2019espace Berlioz \u00bb se tourne.<br \/>\nEn respectant un processus collectif et collaboratif, un atelier a \u00e9t\u00e9 men\u00e9 avec les parties-prenantes du projet, impliqu\u00e9es depuis des ann\u00e9es, pour aboutir \u00e0 la s\u00e9lection de trois noms.<br \/>\nAujourd\u2019hui, ces trois noms sont en lice : lequel d\u2019entre eux choisirez-vous ?<br \/>\n1. Ce communiqu\u00e9 vous invite \u00e0 participer et relayer l\u2019information concernant<br \/>\nl&rsquo;\u00e9v\u00e9nement suivant :<br \/>\nL\u2019ouverture des votes aura lieu, \u00e0 l\u2019occasion d\u2019un \u00e9v\u00e9nement convivial ouvert \u00e0 toutes et tous, le vendredi 5 avril 2024, \u00e0 19h, \u00e0 La Rotonde de L\u2019espace Berlioz de Plombi\u00e8res-les-Bains, place Maurice Janot.<br \/>\n2. Dans un deuxi\u00e8me temps et \u00e0 partir du vendredi 5 avril<\/p>\n<p>A la suite de cet \u00e9v\u00e9nement, il sera possible de voter en ligne via un questionnaire disponible du vendredi 5 avril jusqu\u2019au dimanche 28 avril \u00e0 l\u2019adresse suivante : <a href=\"https:\/\/docs.google.com\/forms\/d\/e\/1FAIpQLSewJDfH74V5q9ZG_JVlQEI0fnEsvSpO-9iESHK76c8D6O722g\/viewform\" target=\"_blank\" rel=\"noopener\">cliquez ici !<\/a><\/p>\n<p><strong>Les trois possibilit\u00e9s pour le choix du nom sont expliqu\u00e9es ci-dessous :<\/strong><\/p>\n<p>Choix n\u00b0 1 : Sous la verri\u00e8re<br \/>\nSous la verri\u00e8re \u2026 le territoire prend vie.<br \/>\nSous la verri\u00e8re \u2026, sous ce toit de verre, \u00e0 la mani\u00e8re d\u2019exp\u00e9rimentations botaniques, les rencontres se font, les explorations s\u2019encha\u00eenent : tant\u00f4t scientifiques, tant\u00f4t po\u00e9tiques, \u00e9conomiques, touristiques ou culturelles. Des \u00e9chantillons de paysages, des morceaux de tr\u00e9sors, des reportages d\u2019ici et d\u2019ailleurs, des histoires rocambolesques ou documentaires, des guides des lieux en chair et en os ou de papier s\u2019y greffent et s\u2019entrem\u00ealent. Tour \u00e0 tour, en file indienne, en bin\u00f4me ou en groupe, celles et ceux qui font vibrer nos villes, nos villages et nos campagnes sont mis en lumi\u00e8re.<br \/>\nSous la verri\u00e8re \u2026 les id\u00e9es germes, les projets poussent et les imaginaires fleurissent.<\/p>\n<p>Choix n\u00b0 2 : La grande travers\u00e9e<br \/>\nArgumentaire :<br \/>\nLa grande travers\u00e9e est une invitation \u00e0 explorer le territoire.<br \/>\nA chaque entr\u00e9e, un voyage unique est au rendez-vous. Passez la porte, pour d\u00e9couvrir la richesse des paysages et rencontrer celles et ceux qui vivent ici ou l\u00e0-bas.<br \/>\nLa grande travers\u00e9e parcourt les chemins, \u00e0 travers monts et vall\u00e9es, et tissent des liens entre ses habitants. En arpentant ces ailleurs, parfois si proches, elle r\u00e9colte et partage les souvenirs, les initiatives, les objets, les trouvailles et tr\u00e9sors que l\u2019on voit souvent sans voir, que l\u2019on conna\u00eet sans savoir.<br \/>\nC\u2019est un carnet d\u2019exploration vivant, un cahier de recherche, un journal intime, un album de famille, un reporter sp\u00e9cial et un conteur du territoire.<\/p>\n<p>Choix n\u00b0 3 : La galerie d\u2019Hector<br \/>\nLa galerie d\u2019Hector, c\u2019est une galerie qui parle. Elle raconte des histoires, de vraies, des fausses, d\u2019ici et d\u2019ailleurs. C\u2019est une galerie o\u00f9 le droit de fouiller dans le pass\u00e9 pour projeter le futur est un devoir. C\u2019est une galerie semeuse d\u2019imaginaire.<br \/>\nCette galerie, c\u2019est le r\u00eave d\u2019Hector. Hector est g\u00e9n\u00e9reux et ouvert. Inconditionnels du c\u00e9l\u00e8bre compositeur Berlioz, ses parents lui donn\u00e8rent son pr\u00e9nom. Le jeune homme grandit \u00e0 Plombi\u00e8res, entre nature et biblioth\u00e8que, berc\u00e9 aux m\u00e9lodies classiques. Hector a toujours ador\u00e9 explorer, d\u00e9couvrir, m\u00e9langer, exp\u00e9rimenter et exposer les richesses de son territoire.<br \/>\nQuand il \u00e9tait petit, il disait toujours : \u201cQuand je serai grand, je serai galeriste !\u201d. Il est devenu grand, m\u00eame tr\u00e8s grand, et il a ouvert une galerie \u2026 pas comme les autres.<\/p>\n","protected":false},"excerpt":{"rendered":"<p>L\u2019espace Berlioz : un nouveau nom pour une nouvelle vie ! Quoi : \u00c9v\u00e8nement pour voter pour le futur nom [&hellip;]<\/p>\n","protected":false},"author":42,"featured_media":5460,"comment_status":"open","ping_status":"open","sticky":false,"template":"","format":"standard","meta":{"footnotes":""},"categories":[26,4,102],"tags":[],"class_list":["post-5459","post","type-post","status-publish","format-standard","has-post-thumbnail","hentry","category-a-la-une","category-culture","category-plombieres-les-bains"],"acf":[],"yoast_head":"<!-- This site is optimized with the Yoast SEO plugin v22.5 - https:\/\/yoast.com\/wordpress\/plugins\/seo\/ -->\n<title>Espace Berlioz \u00e0 Plombi\u00e8res-les-Bains - Remiremont Info<\/title>\n<meta name=\"robots\" content=\"index, follow, max-snippet:-1, max-image-preview:large, max-video-preview:-1\" \/>\n<link rel=\"canonical\" href=\"https:\/\/vosgesinfo.fr\/remiremontinfo\/2024\/03\/espace-berlioz-a-plombieres-les-bains\/\" \/>\n<meta name=\"twitter:card\" content=\"summary_large_image\" \/>\n<meta name=\"twitter:title\" content=\"Espace Berlioz \u00e0 Plombi\u00e8res-les-Bains - Remiremont Info\" \/>\n<meta name=\"twitter:description\" content=\"L\u2019espace Berlioz : un nouveau nom pour une nouvelle vie ! Quoi : \u00c9v\u00e8nement pour voter pour le futur nom [&hellip;]\" \/>\n<meta name=\"twitter:image\" content=\"https:\/\/vosgesinfo.fr\/app\/uploads\/sites\/5\/2024\/03\/logo-plombieres.jpg\" \/>\n<meta name=\"twitter:creator\" content=\"@VosgesInfo88\" \/>\n<meta name=\"twitter:site\" content=\"@VosgesInfo88\" \/>\n<meta name=\"twitter:label1\" content=\"\u00c9crit par\" \/>\n\t<meta name=\"twitter:data1\" content=\"QG\" \/>\n\t<meta name=\"twitter:label2\" content=\"Dur\u00e9e de lecture estim\u00e9e\" \/>\n\t<meta name=\"twitter:data2\" content=\"3 minutes\" \/>\n<script type=\"application\/ld+json\" class=\"yoast-schema-graph\">{\"@context\":\"https:\/\/schema.org\",\"@graph\":[{\"@type\":\"Article\",\"@id\":\"https:\/\/vosgesinfo.fr\/remiremontinfo\/2024\/03\/espace-berlioz-a-plombieres-les-bains\/#article\",\"isPartOf\":{\"@id\":\"https:\/\/vosgesinfo.fr\/remiremontinfo\/2024\/03\/espace-berlioz-a-plombieres-les-bains\/\"},\"author\":{\"name\":\"QG\",\"@id\":\"https:\/\/vosgesinfo.fr\/remiremontinfo\/#\/schema\/person\/db5605779a843dad16b5368f3e7613a5\"},\"headline\":\"Espace Berlioz \u00e0 Plombi\u00e8res-les-Bains\",\"datePublished\":\"2024-03-29T09:36:32+00:00\",\"dateModified\":\"2024-03-29T09:36:32+00:00\",\"mainEntityOfPage\":{\"@id\":\"https:\/\/vosgesinfo.fr\/remiremontinfo\/2024\/03\/espace-berlioz-a-plombieres-les-bains\/\"},\"wordCount\":703,\"commentCount\":1,\"publisher\":{\"@id\":\"https:\/\/vosgesinfo.fr\/remiremontinfo\/#organization\"},\"image\":{\"@id\":\"https:\/\/vosgesinfo.fr\/remiremontinfo\/2024\/03\/espace-berlioz-a-plombieres-les-bains\/#primaryimage\"},\"thumbnailUrl\":\"https:\/\/vosgesinfo.fr\/app\/uploads\/sites\/5\/2024\/03\/logo-plombieres.jpg\",\"articleSection\":[\"A la Une\",\"Culture\",\"Plombi\u00e8res-l\u00e8s-Bains\"],\"inLanguage\":\"fr-FR\",\"potentialAction\":[{\"@type\":\"CommentAction\",\"name\":\"Comment\",\"target\":[\"https:\/\/vosgesinfo.fr\/remiremontinfo\/2024\/03\/espace-berlioz-a-plombieres-les-bains\/#respond\"]}]},{\"@type\":\"WebPage\",\"@id\":\"https:\/\/vosgesinfo.fr\/remiremontinfo\/2024\/03\/espace-berlioz-a-plombieres-les-bains\/\",\"url\":\"https:\/\/vosgesinfo.fr\/remiremontinfo\/2024\/03\/espace-berlioz-a-plombieres-les-bains\/\",\"name\":\"Espace Berlioz \u00e0 Plombi\u00e8res-les-Bains - Remiremont Info\",\"isPartOf\":{\"@id\":\"https:\/\/vosgesinfo.fr\/remiremontinfo\/#website\"},\"primaryImageOfPage\":{\"@id\":\"https:\/\/vosgesinfo.fr\/remiremontinfo\/2024\/03\/espace-berlioz-a-plombieres-les-bains\/#primaryimage\"},\"image\":{\"@id\":\"https:\/\/vosgesinfo.fr\/remiremontinfo\/2024\/03\/espace-berlioz-a-plombieres-les-bains\/#primaryimage\"},\"thumbnailUrl\":\"https:\/\/vosgesinfo.fr\/app\/uploads\/sites\/5\/2024\/03\/logo-plombieres.jpg\",\"datePublished\":\"2024-03-29T09:36:32+00:00\",\"dateModified\":\"2024-03-29T09:36:32+00:00\",\"breadcrumb\":{\"@id\":\"https:\/\/vosgesinfo.fr\/remiremontinfo\/2024\/03\/espace-berlioz-a-plombieres-les-bains\/#breadcrumb\"},\"inLanguage\":\"fr-FR\",\"potentialAction\":[{\"@type\":\"ReadAction\",\"target\":[\"https:\/\/vosgesinfo.fr\/remiremontinfo\/2024\/03\/espace-berlioz-a-plombieres-les-bains\/\"]}]},{\"@type\":\"ImageObject\",\"inLanguage\":\"fr-FR\",\"@id\":\"https:\/\/vosgesinfo.fr\/remiremontinfo\/2024\/03\/espace-berlioz-a-plombieres-les-bains\/#primaryimage\",\"url\":\"https:\/\/vosgesinfo.fr\/app\/uploads\/sites\/5\/2024\/03\/logo-plombieres.jpg\",\"contentUrl\":\"https:\/\/vosgesinfo.fr\/app\/uploads\/sites\/5\/2024\/03\/logo-plombieres.jpg\",\"width\":2500,\"height\":2500},{\"@type\":\"BreadcrumbList\",\"@id\":\"https:\/\/vosgesinfo.fr\/remiremontinfo\/2024\/03\/espace-berlioz-a-plombieres-les-bains\/#breadcrumb\",\"itemListElement\":[{\"@type\":\"ListItem\",\"position\":1,\"name\":\"Home\",\"item\":\"https:\/\/vosgesinfo.fr\/remiremontinfo\/\"},{\"@type\":\"ListItem\",\"position\":2,\"name\":\"Espace Berlioz \u00e0 Plombi\u00e8res-les-Bains\"}]},{\"@type\":\"WebSite\",\"@id\":\"https:\/\/vosgesinfo.fr\/remiremontinfo\/#website\",\"url\":\"https:\/\/vosgesinfo.fr\/remiremontinfo\/\",\"name\":\"Remiremont Info\",\"description\":\"Toute l&#039;actualit\u00e9 de Remiremont\",\"publisher\":{\"@id\":\"https:\/\/vosgesinfo.fr\/remiremontinfo\/#organization\"},\"alternateName\":\"Toute l'actualit\u00e9 de Remiremont\",\"potentialAction\":[{\"@type\":\"SearchAction\",\"target\":{\"@type\":\"EntryPoint\",\"urlTemplate\":\"https:\/\/vosgesinfo.fr\/remiremontinfo\/?s={search_term_string}\"},\"query-input\":\"required name=search_term_string\"}],\"inLanguage\":\"fr-FR\"},{\"@type\":\"Organization\",\"@id\":\"https:\/\/vosgesinfo.fr\/remiremontinfo\/#organization\",\"name\":\"Remiremont Info\",\"url\":\"https:\/\/vosgesinfo.fr\/remiremontinfo\/\",\"logo\":{\"@type\":\"ImageObject\",\"inLanguage\":\"fr-FR\",\"@id\":\"https:\/\/vosgesinfo.fr\/remiremontinfo\/#\/schema\/logo\/image\/\",\"url\":\"https:\/\/vosgesinfo.fr\/app\/uploads\/sites\/5\/2023\/08\/favicon-remiremontinfo.png\",\"contentUrl\":\"https:\/\/vosgesinfo.fr\/app\/uploads\/sites\/5\/2023\/08\/favicon-remiremontinfo.png\",\"width\":512,\"height\":512,\"caption\":\"Remiremont Info\"},\"image\":{\"@id\":\"https:\/\/vosgesinfo.fr\/remiremontinfo\/#\/schema\/logo\/image\/\"},\"sameAs\":[\"https:\/\/www.facebook.com\/remiremontinfo\",\"https:\/\/x.com\/VosgesInfo88\",\"https:\/\/www.youtube.com\/@vosgesinfo\"]},{\"@type\":\"Person\",\"@id\":\"https:\/\/vosgesinfo.fr\/remiremontinfo\/#\/schema\/person\/db5605779a843dad16b5368f3e7613a5\",\"name\":\"QG\",\"image\":{\"@type\":\"ImageObject\",\"inLanguage\":\"fr-FR\",\"@id\":\"https:\/\/vosgesinfo.fr\/remiremontinfo\/#\/schema\/person\/image\/\",\"url\":\"https:\/\/secure.gravatar.com\/avatar\/ea80c42c204b534408512832fde52504ecabb9706bcb6151cf6175e5b64e6793?s=96&d=mm&r=g\",\"contentUrl\":\"https:\/\/secure.gravatar.com\/avatar\/ea80c42c204b534408512832fde52504ecabb9706bcb6151cf6175e5b64e6793?s=96&d=mm&r=g\",\"caption\":\"QG\"},\"url\":\"https:\/\/vosgesinfo.fr\/remiremontinfo\/author\/quentin88\/\"}]}<\/script>\n<!-- \/ Yoast SEO plugin. -->","yoast_head_json":{"title":"Espace Berlioz \u00e0 Plombi\u00e8res-les-Bains - Remiremont Info","robots":{"index":"index","follow":"follow","max-snippet":"max-snippet:-1","max-image-preview":"max-image-preview:large","max-video-preview":"max-video-preview:-1"},"canonical":"https:\/\/vosgesinfo.fr\/remiremontinfo\/2024\/03\/espace-berlioz-a-plombieres-les-bains\/","twitter_card":"summary_large_image","twitter_title":"Espace Berlioz \u00e0 Plombi\u00e8res-les-Bains - Remiremont Info","twitter_description":"L\u2019espace Berlioz : un nouveau nom pour une nouvelle vie ! Quoi : \u00c9v\u00e8nement pour voter pour le futur nom [&hellip;]","twitter_image":"https:\/\/vosgesinfo.fr\/app\/uploads\/sites\/5\/2024\/03\/logo-plombieres.jpg","twitter_creator":"@VosgesInfo88","twitter_site":"@VosgesInfo88","twitter_misc":{"\u00c9crit par":"QG","Dur\u00e9e de lecture estim\u00e9e":"3 minutes"},"schema":{"@context":"https:\/\/schema.org","@graph":[{"@type":"Article","@id":"https:\/\/vosgesinfo.fr\/remiremontinfo\/2024\/03\/espace-berlioz-a-plombieres-les-bains\/#article","isPartOf":{"@id":"https:\/\/vosgesinfo.fr\/remiremontinfo\/2024\/03\/espace-berlioz-a-plombieres-les-bains\/"},"author":{"name":"QG","@id":"https:\/\/vosgesinfo.fr\/remiremontinfo\/#\/schema\/person\/db5605779a843dad16b5368f3e7613a5"},"headline":"Espace Berlioz \u00e0 Plombi\u00e8res-les-Bains","datePublished":"2024-03-29T09:36:32+00:00","dateModified":"2024-03-29T09:36:32+00:00","mainEntityOfPage":{"@id":"https:\/\/vosgesinfo.fr\/remiremontinfo\/2024\/03\/espace-berlioz-a-plombieres-les-bains\/"},"wordCount":703,"commentCount":1,"publisher":{"@id":"https:\/\/vosgesinfo.fr\/remiremontinfo\/#organization"},"image":{"@id":"https:\/\/vosgesinfo.fr\/remiremontinfo\/2024\/03\/espace-berlioz-a-plombieres-les-bains\/#primaryimage"},"thumbnailUrl":"https:\/\/vosgesinfo.fr\/app\/uploads\/sites\/5\/2024\/03\/logo-plombieres.jpg","articleSection":["A la Une","Culture","Plombi\u00e8res-l\u00e8s-Bains"],"inLanguage":"fr-FR","potentialAction":[{"@type":"CommentAction","name":"Comment","target":["https:\/\/vosgesinfo.fr\/remiremontinfo\/2024\/03\/espace-berlioz-a-plombieres-les-bains\/#respond"]}]},{"@type":"WebPage","@id":"https:\/\/vosgesinfo.fr\/remiremontinfo\/2024\/03\/espace-berlioz-a-plombieres-les-bains\/","url":"https:\/\/vosgesinfo.fr\/remiremontinfo\/2024\/03\/espace-berlioz-a-plombieres-les-bains\/","name":"Espace Berlioz \u00e0 Plombi\u00e8res-les-Bains - Remiremont Info","isPartOf":{"@id":"https:\/\/vosgesinfo.fr\/remiremontinfo\/#website"},"primaryImageOfPage":{"@id":"https:\/\/vosgesinfo.fr\/remiremontinfo\/2024\/03\/espace-berlioz-a-plombieres-les-bains\/#primaryimage"},"image":{"@id":"https:\/\/vosgesinfo.fr\/remiremontinfo\/2024\/03\/espace-berlioz-a-plombieres-les-bains\/#primaryimage"},"thumbnailUrl":"https:\/\/vosgesinfo.fr\/app\/uploads\/sites\/5\/2024\/03\/logo-plombieres.jpg","datePublished":"2024-03-29T09:36:32+00:00","dateModified":"2024-03-29T09:36:32+00:00","breadcrumb":{"@id":"https:\/\/vosgesinfo.fr\/remiremontinfo\/2024\/03\/espace-berlioz-a-plombieres-les-bains\/#breadcrumb"},"inLanguage":"fr-FR","potentialAction":[{"@type":"ReadAction","target":["https:\/\/vosgesinfo.fr\/remiremontinfo\/2024\/03\/espace-berlioz-a-plombieres-les-bains\/"]}]},{"@type":"ImageObject","inLanguage":"fr-FR","@id":"https:\/\/vosgesinfo.fr\/remiremontinfo\/2024\/03\/espace-berlioz-a-plombieres-les-bains\/#primaryimage","url":"https:\/\/vosgesinfo.fr\/app\/uploads\/sites\/5\/2024\/03\/logo-plombieres.jpg","contentUrl":"https:\/\/vosgesinfo.fr\/app\/uploads\/sites\/5\/2024\/03\/logo-plombieres.jpg","width":2500,"height":2500},{"@type":"BreadcrumbList","@id":"https:\/\/vosgesinfo.fr\/remiremontinfo\/2024\/03\/espace-berlioz-a-plombieres-les-bains\/#breadcrumb","itemListElement":[{"@type":"ListItem","position":1,"name":"Home","item":"https:\/\/vosgesinfo.fr\/remiremontinfo\/"},{"@type":"ListItem","position":2,"name":"Espace Berlioz \u00e0 Plombi\u00e8res-les-Bains"}]},{"@type":"WebSite","@id":"https:\/\/vosgesinfo.fr\/remiremontinfo\/#website","url":"https:\/\/vosgesinfo.fr\/remiremontinfo\/","name":"Remiremont Info","description":"Toute l&#039;actualit\u00e9 de Remiremont","publisher":{"@id":"https:\/\/vosgesinfo.fr\/remiremontinfo\/#organization"},"alternateName":"Toute l'actualit\u00e9 de Remiremont","potentialAction":[{"@type":"SearchAction","target":{"@type":"EntryPoint","urlTemplate":"https:\/\/vosgesinfo.fr\/remiremontinfo\/?s={search_term_string}"},"query-input":"required name=search_term_string"}],"inLanguage":"fr-FR"},{"@type":"Organization","@id":"https:\/\/vosgesinfo.fr\/remiremontinfo\/#organization","name":"Remiremont Info","url":"https:\/\/vosgesinfo.fr\/remiremontinfo\/","logo":{"@type":"ImageObject","inLanguage":"fr-FR","@id":"https:\/\/vosgesinfo.fr\/remiremontinfo\/#\/schema\/logo\/image\/","url":"https:\/\/vosgesinfo.fr\/app\/uploads\/sites\/5\/2023\/08\/favicon-remiremontinfo.png","contentUrl":"https:\/\/vosgesinfo.fr\/app\/uploads\/sites\/5\/2023\/08\/favicon-remiremontinfo.png","width":512,"height":512,"caption":"Remiremont Info"},"image":{"@id":"https:\/\/vosgesinfo.fr\/remiremontinfo\/#\/schema\/logo\/image\/"},"sameAs":["https:\/\/www.facebook.com\/remiremontinfo","https:\/\/x.com\/VosgesInfo88","https:\/\/www.youtube.com\/@vosgesinfo"]},{"@type":"Person","@id":"https:\/\/vosgesinfo.fr\/remiremontinfo\/#\/schema\/person\/db5605779a843dad16b5368f3e7613a5","name":"QG","image":{"@type":"ImageObject","inLanguage":"fr-FR","@id":"https:\/\/vosgesinfo.fr\/remiremontinfo\/#\/schema\/person\/image\/","url":"https:\/\/secure.gravatar.com\/avatar\/ea80c42c204b534408512832fde52504ecabb9706bcb6151cf6175e5b64e6793?s=96&d=mm&r=g","contentUrl":"https:\/\/secure.gravatar.com\/avatar\/ea80c42c204b534408512832fde52504ecabb9706bcb6151cf6175e5b64e6793?s=96&d=mm&r=g","caption":"QG"},"url":"https:\/\/vosgesinfo.fr\/remiremontinfo\/author\/quentin88\/"}]}},"_links":{"self":[{"href":"https:\/\/vosgesinfo.fr\/remiremontinfo\/wp-json\/wp\/v2\/posts\/5459","targetHints":{"allow":["GET"]}}],"collection":[{"href":"https:\/\/vosgesinfo.fr\/remiremontinfo\/wp-json\/wp\/v2\/posts"}],"about":[{"href":"https:\/\/vosgesinfo.fr\/remiremontinfo\/wp-json\/wp\/v2\/types\/post"}],"author":[{"embeddable":true,"href":"https:\/\/vosgesinfo.fr\/remiremontinfo\/wp-json\/wp\/v2\/users\/42"}],"replies":[{"embeddable":true,"href":"https:\/\/vosgesinfo.fr\/remiremontinfo\/wp-json\/wp\/v2\/comments?post=5459"}],"version-history":[{"count":2,"href":"https:\/\/vosgesinfo.fr\/remiremontinfo\/wp-json\/wp\/v2\/posts\/5459\/revisions"}],"predecessor-version":[{"id":5462,"href":"https:\/\/vosgesinfo.fr\/remiremontinfo\/wp-json\/wp\/v2\/posts\/5459\/revisions\/5462"}],"wp:featuredmedia":[{"embeddable":true,"href":"https:\/\/vosgesinfo.fr\/remiremontinfo\/wp-json\/wp\/v2\/media\/5460"}],"wp:attachment":[{"href":"https:\/\/vosgesinfo.fr\/remiremontinfo\/wp-json\/wp\/v2\/media?parent=5459"}],"wp:term":[{"taxonomy":"category","embeddable":true,"href":"https:\/\/vosgesinfo.fr\/remiremontinfo\/wp-json\/wp\/v2\/categories?post=5459"},{"taxonomy":"post_tag","embeddable":true,"href":"https:\/\/vosgesinfo.fr\/remiremontinfo\/wp-json\/wp\/v2\/tags?post=5459"}],"curies":[{"name":"wp","href":"https:\/\/api.w.org\/{rel}","templated":true}]}}