{"id":5471,"date":"2024-03-29T17:30:43","date_gmt":"2024-03-29T16:30:43","guid":{"rendered":"https:\/\/vosgesinfo.fr\/remiremontinfo\/?p=5471"},"modified":"2024-03-31T10:31:44","modified_gmt":"2024-03-31T08:31:44","slug":"journee-sport-sante-et-bien-etre-au-centre-aquatique-de-remiremont","status":"publish","type":"post","link":"https:\/\/vosgesinfo.fr\/remiremontinfo\/2024\/03\/journee-sport-sante-et-bien-etre-au-centre-aquatique-de-remiremont\/","title":{"rendered":"Journ\u00e9e Sport, Sant\u00e9 et Bien-\u00eatre au Centre Aquatique de Remiremont"},"content":{"rendered":"<p>Le 6 avril prochain, de 14h \u00e0 19h, la Ville de Remiremont propose une journ\u00e9e sp\u00e9ciale sur les th\u00e8mes du sport, de la sant\u00e9 et du bien-\u00eatre au Centre Aquatique.<br \/>\nAu programme de cet apr\u00e8s-midi : initiations sportives, animations, ateliers, relaxation\u2026 habitu\u00e9s des lieux ou visiteurs d\u2019un jour, tous les profils sont les bienvenus.<\/p>\n<p><a href=\"https:\/\/vosgesinfo.fr\/app\/uploads\/sites\/5\/2024\/03\/affiche-journeecentreaquatique-vmixte-scaled.jpg\"><img decoding=\"async\" class=\"alignright size-medium wp-image-5472\" src=\"https:\/\/vosgesinfo.fr\/app\/uploads\/sites\/5\/2024\/03\/affiche-journeecentreaquatique-vmixte-212x300.jpg\" alt=\"\" width=\"212\" height=\"300\" srcset=\"https:\/\/vosgesinfo.fr\/app\/uploads\/sites\/5\/2024\/03\/affiche-journeecentreaquatique-vmixte-212x300.jpg 212w, https:\/\/vosgesinfo.fr\/app\/uploads\/sites\/5\/2024\/03\/affiche-journeecentreaquatique-vmixte-724x1024.jpg 724w, https:\/\/vosgesinfo.fr\/app\/uploads\/sites\/5\/2024\/03\/affiche-journeecentreaquatique-vmixte-768x1086.jpg 768w, https:\/\/vosgesinfo.fr\/app\/uploads\/sites\/5\/2024\/03\/affiche-journeecentreaquatique-vmixte-1086x1536.jpg 1086w, https:\/\/vosgesinfo.fr\/app\/uploads\/sites\/5\/2024\/03\/affiche-journeecentreaquatique-vmixte-1448x2048.jpg 1448w, https:\/\/vosgesinfo.fr\/app\/uploads\/sites\/5\/2024\/03\/affiche-journeecentreaquatique-vmixte-scaled.jpg 1810w\" sizes=\"(max-width: 212px) 100vw, 212px\" \/><\/a>INFOS PRATIQUES :<br \/>\n6 avril 2024<br \/>\nDe 14h \u00e0 19h<br \/>\nCentre Aquatique \u2013 75 faubourg du Val d\u2019Ajol<br \/>\nPublic Adulte<br \/>\nTarif 6\u20ac \/ Romari-pass 4,60\u20ac<br \/>\nPROGRAMME DES ACTIVITES :<br \/>\nAteliers en continu en partenariat avec la Protection Civile, le Centre Lorrain d\u2019Education par le Sport (CLES), Activit\u00e9 Physique Sant\u00e9 Vosges (APS Vosges) :<br \/>\nSecourisme, hygi\u00e8ne, bilan de sant\u00e9, sophrologie, nutrition, d\u00e9gustation, d\u00e9tox.<br \/>\n14h30<br \/>\n30 min<br \/>\nInitiation \u00e0 l\u2019aqua-jogging<br \/>\n15h<br \/>\n30 min<br \/>\nS\u00e9ance de m\u00e9ditation<br \/>\n\u00ab autour de la grande baleine bleue \u00bb<br \/>\n15h30<br \/>\n30 min<br \/>\nInitiation \u00e0 l\u2019aqua-zumba<br \/>\n16h<br \/>\n40 min<br \/>\nS\u00e9ance de sophrologie<br \/>\npar Patricia BRAUN, sophrologue \u00e0 Saint-Nabord<br \/>\n16h30<br \/>\n30 min<br \/>\nInitiation \u00e0 l\u2019aqua-palmes<br \/>\n17h<br \/>\n30 min<br \/>\nS\u00e9ance de m\u00e9ditation<br \/>\n\u00ab autour de la grande baleine bleue \u00bb<br \/>\n17h30<br \/>\n30 min<br \/>\nInitiation \u00e0 l\u2019aqua-gym<br \/>\n18h15<br \/>\n30 min<br \/>\nS\u00e9ance \u00ab r\u00e9apprendre \u00e0 \u00eatre calme \u00bb,<br \/>\ncoh\u00e9rence cardiaque, apn\u00e9e et relaxation.<\/p>\n<p>Acc\u00e8s \u00e0 l\u2019espace bien-\u00eatre inclus dans le billet d\u2019entr\u00e9e :<br \/>\njacuzzi (10 min) et au sauna (10 min)<\/p>\n","protected":false},"excerpt":{"rendered":"<p>Le 6 avril prochain, de 14h \u00e0 19h, la Ville de Remiremont propose une journ\u00e9e sp\u00e9ciale sur les th\u00e8mes du [&hellip;]<\/p>\n","protected":false},"author":42,"featured_media":5472,"comment_status":"open","ping_status":"open","sticky":false,"template":"","format":"standard","meta":{"footnotes":""},"categories":[26,1,14],"tags":[],"class_list":["post-5471","post","type-post","status-publish","format-standard","has-post-thumbnail","hentry","category-a-la-une","category-non-classe","category-sport"],"acf":[],"yoast_head":"<!-- This site is optimized with the Yoast SEO plugin v22.5 - https:\/\/yoast.com\/wordpress\/plugins\/seo\/ -->\n<title>Journ\u00e9e Sport, Sant\u00e9 et Bien-\u00eatre au Centre Aquatique de Remiremont - Remiremont Info<\/title>\n<meta name=\"robots\" content=\"index, follow, max-snippet:-1, max-image-preview:large, max-video-preview:-1\" \/>\n<link rel=\"canonical\" href=\"https:\/\/vosgesinfo.fr\/remiremontinfo\/2024\/03\/journee-sport-sante-et-bien-etre-au-centre-aquatique-de-remiremont\/\" \/>\n<meta name=\"twitter:card\" content=\"summary_large_image\" \/>\n<meta name=\"twitter:title\" content=\"Journ\u00e9e Sport, Sant\u00e9 et Bien-\u00eatre au Centre Aquatique de Remiremont - Remiremont Info\" \/>\n<meta name=\"twitter:description\" content=\"Le 6 avril prochain, de 14h \u00e0 19h, la Ville de Remiremont propose une journ\u00e9e sp\u00e9ciale sur les th\u00e8mes du [&hellip;]\" \/>\n<meta name=\"twitter:image\" content=\"https:\/\/vosgesinfo.fr\/app\/uploads\/sites\/5\/2024\/03\/affiche-journeecentreaquatique-vmixte-scaled.jpg\" \/>\n<meta name=\"twitter:creator\" content=\"@VosgesInfo88\" \/>\n<meta name=\"twitter:site\" content=\"@VosgesInfo88\" \/>\n<meta name=\"twitter:label1\" content=\"\u00c9crit par\" \/>\n\t<meta name=\"twitter:data1\" content=\"QG\" \/>\n\t<meta name=\"twitter:label2\" content=\"Dur\u00e9e de lecture estim\u00e9e\" \/>\n\t<meta name=\"twitter:data2\" content=\"1 minute\" \/>\n<script type=\"application\/ld+json\" class=\"yoast-schema-graph\">{\"@context\":\"https:\/\/schema.org\",\"@graph\":[{\"@type\":\"Article\",\"@id\":\"https:\/\/vosgesinfo.fr\/remiremontinfo\/2024\/03\/journee-sport-sante-et-bien-etre-au-centre-aquatique-de-remiremont\/#article\",\"isPartOf\":{\"@id\":\"https:\/\/vosgesinfo.fr\/remiremontinfo\/2024\/03\/journee-sport-sante-et-bien-etre-au-centre-aquatique-de-remiremont\/\"},\"author\":{\"name\":\"QG\",\"@id\":\"https:\/\/vosgesinfo.fr\/remiremontinfo\/#\/schema\/person\/db5605779a843dad16b5368f3e7613a5\"},\"headline\":\"Journ\u00e9e Sport, Sant\u00e9 et Bien-\u00eatre au Centre Aquatique de Remiremont\",\"datePublished\":\"2024-03-29T16:30:43+00:00\",\"dateModified\":\"2024-03-31T08:31:44+00:00\",\"mainEntityOfPage\":{\"@id\":\"https:\/\/vosgesinfo.fr\/remiremontinfo\/2024\/03\/journee-sport-sante-et-bien-etre-au-centre-aquatique-de-remiremont\/\"},\"wordCount\":217,\"commentCount\":0,\"publisher\":{\"@id\":\"https:\/\/vosgesinfo.fr\/remiremontinfo\/#organization\"},\"image\":{\"@id\":\"https:\/\/vosgesinfo.fr\/remiremontinfo\/2024\/03\/journee-sport-sante-et-bien-etre-au-centre-aquatique-de-remiremont\/#primaryimage\"},\"thumbnailUrl\":\"https:\/\/vosgesinfo.fr\/app\/uploads\/sites\/5\/2024\/03\/affiche-journeecentreaquatique-vmixte-scaled.jpg\",\"articleSection\":{\"0\":\"A la Une\",\"2\":\"Sport\"},\"inLanguage\":\"fr-FR\",\"potentialAction\":[{\"@type\":\"CommentAction\",\"name\":\"Comment\",\"target\":[\"https:\/\/vosgesinfo.fr\/remiremontinfo\/2024\/03\/journee-sport-sante-et-bien-etre-au-centre-aquatique-de-remiremont\/#respond\"]}]},{\"@type\":\"WebPage\",\"@id\":\"https:\/\/vosgesinfo.fr\/remiremontinfo\/2024\/03\/journee-sport-sante-et-bien-etre-au-centre-aquatique-de-remiremont\/\",\"url\":\"https:\/\/vosgesinfo.fr\/remiremontinfo\/2024\/03\/journee-sport-sante-et-bien-etre-au-centre-aquatique-de-remiremont\/\",\"name\":\"Journ\u00e9e Sport, Sant\u00e9 et Bien-\u00eatre au Centre Aquatique de Remiremont - Remiremont Info\",\"isPartOf\":{\"@id\":\"https:\/\/vosgesinfo.fr\/remiremontinfo\/#website\"},\"primaryImageOfPage\":{\"@id\":\"https:\/\/vosgesinfo.fr\/remiremontinfo\/2024\/03\/journee-sport-sante-et-bien-etre-au-centre-aquatique-de-remiremont\/#primaryimage\"},\"image\":{\"@id\":\"https:\/\/vosgesinfo.fr\/remiremontinfo\/2024\/03\/journee-sport-sante-et-bien-etre-au-centre-aquatique-de-remiremont\/#primaryimage\"},\"thumbnailUrl\":\"https:\/\/vosgesinfo.fr\/app\/uploads\/sites\/5\/2024\/03\/affiche-journeecentreaquatique-vmixte-scaled.jpg\",\"datePublished\":\"2024-03-29T16:30:43+00:00\",\"dateModified\":\"2024-03-31T08:31:44+00:00\",\"breadcrumb\":{\"@id\":\"https:\/\/vosgesinfo.fr\/remiremontinfo\/2024\/03\/journee-sport-sante-et-bien-etre-au-centre-aquatique-de-remiremont\/#breadcrumb\"},\"inLanguage\":\"fr-FR\",\"potentialAction\":[{\"@type\":\"ReadAction\",\"target\":[\"https:\/\/vosgesinfo.fr\/remiremontinfo\/2024\/03\/journee-sport-sante-et-bien-etre-au-centre-aquatique-de-remiremont\/\"]}]},{\"@type\":\"ImageObject\",\"inLanguage\":\"fr-FR\",\"@id\":\"https:\/\/vosgesinfo.fr\/remiremontinfo\/2024\/03\/journee-sport-sante-et-bien-etre-au-centre-aquatique-de-remiremont\/#primaryimage\",\"url\":\"https:\/\/vosgesinfo.fr\/app\/uploads\/sites\/5\/2024\/03\/affiche-journeecentreaquatique-vmixte-scaled.jpg\",\"contentUrl\":\"https:\/\/vosgesinfo.fr\/app\/uploads\/sites\/5\/2024\/03\/affiche-journeecentreaquatique-vmixte-scaled.jpg\",\"width\":1810,\"height\":2560},{\"@type\":\"BreadcrumbList\",\"@id\":\"https:\/\/vosgesinfo.fr\/remiremontinfo\/2024\/03\/journee-sport-sante-et-bien-etre-au-centre-aquatique-de-remiremont\/#breadcrumb\",\"itemListElement\":[{\"@type\":\"ListItem\",\"position\":1,\"name\":\"Home\",\"item\":\"https:\/\/vosgesinfo.fr\/remiremontinfo\/\"},{\"@type\":\"ListItem\",\"position\":2,\"name\":\"Journ\u00e9e Sport, Sant\u00e9 et Bien-\u00eatre au Centre Aquatique de Remiremont\"}]},{\"@type\":\"WebSite\",\"@id\":\"https:\/\/vosgesinfo.fr\/remiremontinfo\/#website\",\"url\":\"https:\/\/vosgesinfo.fr\/remiremontinfo\/\",\"name\":\"Remiremont Info\",\"description\":\"Toute l&#039;actualit\u00e9 de Remiremont\",\"publisher\":{\"@id\":\"https:\/\/vosgesinfo.fr\/remiremontinfo\/#organization\"},\"alternateName\":\"Toute l'actualit\u00e9 de Remiremont\",\"potentialAction\":[{\"@type\":\"SearchAction\",\"target\":{\"@type\":\"EntryPoint\",\"urlTemplate\":\"https:\/\/vosgesinfo.fr\/remiremontinfo\/?s={search_term_string}\"},\"query-input\":\"required name=search_term_string\"}],\"inLanguage\":\"fr-FR\"},{\"@type\":\"Organization\",\"@id\":\"https:\/\/vosgesinfo.fr\/remiremontinfo\/#organization\",\"name\":\"Remiremont Info\",\"url\":\"https:\/\/vosgesinfo.fr\/remiremontinfo\/\",\"logo\":{\"@type\":\"ImageObject\",\"inLanguage\":\"fr-FR\",\"@id\":\"https:\/\/vosgesinfo.fr\/remiremontinfo\/#\/schema\/logo\/image\/\",\"url\":\"https:\/\/vosgesinfo.fr\/app\/uploads\/sites\/5\/2023\/08\/favicon-remiremontinfo.png\",\"contentUrl\":\"https:\/\/vosgesinfo.fr\/app\/uploads\/sites\/5\/2023\/08\/favicon-remiremontinfo.png\",\"width\":512,\"height\":512,\"caption\":\"Remiremont Info\"},\"image\":{\"@id\":\"https:\/\/vosgesinfo.fr\/remiremontinfo\/#\/schema\/logo\/image\/\"},\"sameAs\":[\"https:\/\/www.facebook.com\/remiremontinfo\",\"https:\/\/x.com\/VosgesInfo88\",\"https:\/\/www.youtube.com\/@vosgesinfo\"]},{\"@type\":\"Person\",\"@id\":\"https:\/\/vosgesinfo.fr\/remiremontinfo\/#\/schema\/person\/db5605779a843dad16b5368f3e7613a5\",\"name\":\"QG\",\"image\":{\"@type\":\"ImageObject\",\"inLanguage\":\"fr-FR\",\"@id\":\"https:\/\/vosgesinfo.fr\/remiremontinfo\/#\/schema\/person\/image\/\",\"url\":\"https:\/\/secure.gravatar.com\/avatar\/ea80c42c204b534408512832fde52504ecabb9706bcb6151cf6175e5b64e6793?s=96&d=mm&r=g\",\"contentUrl\":\"https:\/\/secure.gravatar.com\/avatar\/ea80c42c204b534408512832fde52504ecabb9706bcb6151cf6175e5b64e6793?s=96&d=mm&r=g\",\"caption\":\"QG\"},\"url\":\"https:\/\/vosgesinfo.fr\/remiremontinfo\/author\/quentin88\/\"}]}<\/script>\n<!-- \/ Yoast SEO plugin. -->","yoast_head_json":{"title":"Journ\u00e9e Sport, Sant\u00e9 et Bien-\u00eatre au Centre Aquatique de Remiremont - Remiremont Info","robots":{"index":"index","follow":"follow","max-snippet":"max-snippet:-1","max-image-preview":"max-image-preview:large","max-video-preview":"max-video-preview:-1"},"canonical":"https:\/\/vosgesinfo.fr\/remiremontinfo\/2024\/03\/journee-sport-sante-et-bien-etre-au-centre-aquatique-de-remiremont\/","twitter_card":"summary_large_image","twitter_title":"Journ\u00e9e Sport, Sant\u00e9 et Bien-\u00eatre au Centre Aquatique de Remiremont - Remiremont Info","twitter_description":"Le 6 avril prochain, de 14h \u00e0 19h, la Ville de Remiremont propose une journ\u00e9e sp\u00e9ciale sur les th\u00e8mes du [&hellip;]","twitter_image":"https:\/\/vosgesinfo.fr\/app\/uploads\/sites\/5\/2024\/03\/affiche-journeecentreaquatique-vmixte-scaled.jpg","twitter_creator":"@VosgesInfo88","twitter_site":"@VosgesInfo88","twitter_misc":{"\u00c9crit par":"QG","Dur\u00e9e de lecture estim\u00e9e":"1 minute"},"schema":{"@context":"https:\/\/schema.org","@graph":[{"@type":"Article","@id":"https:\/\/vosgesinfo.fr\/remiremontinfo\/2024\/03\/journee-sport-sante-et-bien-etre-au-centre-aquatique-de-remiremont\/#article","isPartOf":{"@id":"https:\/\/vosgesinfo.fr\/remiremontinfo\/2024\/03\/journee-sport-sante-et-bien-etre-au-centre-aquatique-de-remiremont\/"},"author":{"name":"QG","@id":"https:\/\/vosgesinfo.fr\/remiremontinfo\/#\/schema\/person\/db5605779a843dad16b5368f3e7613a5"},"headline":"Journ\u00e9e Sport, Sant\u00e9 et Bien-\u00eatre au Centre Aquatique de Remiremont","datePublished":"2024-03-29T16:30:43+00:00","dateModified":"2024-03-31T08:31:44+00:00","mainEntityOfPage":{"@id":"https:\/\/vosgesinfo.fr\/remiremontinfo\/2024\/03\/journee-sport-sante-et-bien-etre-au-centre-aquatique-de-remiremont\/"},"wordCount":217,"commentCount":0,"publisher":{"@id":"https:\/\/vosgesinfo.fr\/remiremontinfo\/#organization"},"image":{"@id":"https:\/\/vosgesinfo.fr\/remiremontinfo\/2024\/03\/journee-sport-sante-et-bien-etre-au-centre-aquatique-de-remiremont\/#primaryimage"},"thumbnailUrl":"https:\/\/vosgesinfo.fr\/app\/uploads\/sites\/5\/2024\/03\/affiche-journeecentreaquatique-vmixte-scaled.jpg","articleSection":{"0":"A la Une","2":"Sport"},"inLanguage":"fr-FR","potentialAction":[{"@type":"CommentAction","name":"Comment","target":["https:\/\/vosgesinfo.fr\/remiremontinfo\/2024\/03\/journee-sport-sante-et-bien-etre-au-centre-aquatique-de-remiremont\/#respond"]}]},{"@type":"WebPage","@id":"https:\/\/vosgesinfo.fr\/remiremontinfo\/2024\/03\/journee-sport-sante-et-bien-etre-au-centre-aquatique-de-remiremont\/","url":"https:\/\/vosgesinfo.fr\/remiremontinfo\/2024\/03\/journee-sport-sante-et-bien-etre-au-centre-aquatique-de-remiremont\/","name":"Journ\u00e9e Sport, Sant\u00e9 et Bien-\u00eatre au Centre Aquatique de Remiremont - Remiremont Info","isPartOf":{"@id":"https:\/\/vosgesinfo.fr\/remiremontinfo\/#website"},"primaryImageOfPage":{"@id":"https:\/\/vosgesinfo.fr\/remiremontinfo\/2024\/03\/journee-sport-sante-et-bien-etre-au-centre-aquatique-de-remiremont\/#primaryimage"},"image":{"@id":"https:\/\/vosgesinfo.fr\/remiremontinfo\/2024\/03\/journee-sport-sante-et-bien-etre-au-centre-aquatique-de-remiremont\/#primaryimage"},"thumbnailUrl":"https:\/\/vosgesinfo.fr\/app\/uploads\/sites\/5\/2024\/03\/affiche-journeecentreaquatique-vmixte-scaled.jpg","datePublished":"2024-03-29T16:30:43+00:00","dateModified":"2024-03-31T08:31:44+00:00","breadcrumb":{"@id":"https:\/\/vosgesinfo.fr\/remiremontinfo\/2024\/03\/journee-sport-sante-et-bien-etre-au-centre-aquatique-de-remiremont\/#breadcrumb"},"inLanguage":"fr-FR","potentialAction":[{"@type":"ReadAction","target":["https:\/\/vosgesinfo.fr\/remiremontinfo\/2024\/03\/journee-sport-sante-et-bien-etre-au-centre-aquatique-de-remiremont\/"]}]},{"@type":"ImageObject","inLanguage":"fr-FR","@id":"https:\/\/vosgesinfo.fr\/remiremontinfo\/2024\/03\/journee-sport-sante-et-bien-etre-au-centre-aquatique-de-remiremont\/#primaryimage","url":"https:\/\/vosgesinfo.fr\/app\/uploads\/sites\/5\/2024\/03\/affiche-journeecentreaquatique-vmixte-scaled.jpg","contentUrl":"https:\/\/vosgesinfo.fr\/app\/uploads\/sites\/5\/2024\/03\/affiche-journeecentreaquatique-vmixte-scaled.jpg","width":1810,"height":2560},{"@type":"BreadcrumbList","@id":"https:\/\/vosgesinfo.fr\/remiremontinfo\/2024\/03\/journee-sport-sante-et-bien-etre-au-centre-aquatique-de-remiremont\/#breadcrumb","itemListElement":[{"@type":"ListItem","position":1,"name":"Home","item":"https:\/\/vosgesinfo.fr\/remiremontinfo\/"},{"@type":"ListItem","position":2,"name":"Journ\u00e9e Sport, Sant\u00e9 et Bien-\u00eatre au Centre Aquatique de Remiremont"}]},{"@type":"WebSite","@id":"https:\/\/vosgesinfo.fr\/remiremontinfo\/#website","url":"https:\/\/vosgesinfo.fr\/remiremontinfo\/","name":"Remiremont Info","description":"Toute l&#039;actualit\u00e9 de Remiremont","publisher":{"@id":"https:\/\/vosgesinfo.fr\/remiremontinfo\/#organization"},"alternateName":"Toute l'actualit\u00e9 de Remiremont","potentialAction":[{"@type":"SearchAction","target":{"@type":"EntryPoint","urlTemplate":"https:\/\/vosgesinfo.fr\/remiremontinfo\/?s={search_term_string}"},"query-input":"required name=search_term_string"}],"inLanguage":"fr-FR"},{"@type":"Organization","@id":"https:\/\/vosgesinfo.fr\/remiremontinfo\/#organization","name":"Remiremont Info","url":"https:\/\/vosgesinfo.fr\/remiremontinfo\/","logo":{"@type":"ImageObject","inLanguage":"fr-FR","@id":"https:\/\/vosgesinfo.fr\/remiremontinfo\/#\/schema\/logo\/image\/","url":"https:\/\/vosgesinfo.fr\/app\/uploads\/sites\/5\/2023\/08\/favicon-remiremontinfo.png","contentUrl":"https:\/\/vosgesinfo.fr\/app\/uploads\/sites\/5\/2023\/08\/favicon-remiremontinfo.png","width":512,"height":512,"caption":"Remiremont Info"},"image":{"@id":"https:\/\/vosgesinfo.fr\/remiremontinfo\/#\/schema\/logo\/image\/"},"sameAs":["https:\/\/www.facebook.com\/remiremontinfo","https:\/\/x.com\/VosgesInfo88","https:\/\/www.youtube.com\/@vosgesinfo"]},{"@type":"Person","@id":"https:\/\/vosgesinfo.fr\/remiremontinfo\/#\/schema\/person\/db5605779a843dad16b5368f3e7613a5","name":"QG","image":{"@type":"ImageObject","inLanguage":"fr-FR","@id":"https:\/\/vosgesinfo.fr\/remiremontinfo\/#\/schema\/person\/image\/","url":"https:\/\/secure.gravatar.com\/avatar\/ea80c42c204b534408512832fde52504ecabb9706bcb6151cf6175e5b64e6793?s=96&d=mm&r=g","contentUrl":"https:\/\/secure.gravatar.com\/avatar\/ea80c42c204b534408512832fde52504ecabb9706bcb6151cf6175e5b64e6793?s=96&d=mm&r=g","caption":"QG"},"url":"https:\/\/vosgesinfo.fr\/remiremontinfo\/author\/quentin88\/"}]}},"_links":{"self":[{"href":"https:\/\/vosgesinfo.fr\/remiremontinfo\/wp-json\/wp\/v2\/posts\/5471","targetHints":{"allow":["GET"]}}],"collection":[{"href":"https:\/\/vosgesinfo.fr\/remiremontinfo\/wp-json\/wp\/v2\/posts"}],"about":[{"href":"https:\/\/vosgesinfo.fr\/remiremontinfo\/wp-json\/wp\/v2\/types\/post"}],"author":[{"embeddable":true,"href":"https:\/\/vosgesinfo.fr\/remiremontinfo\/wp-json\/wp\/v2\/users\/42"}],"replies":[{"embeddable":true,"href":"https:\/\/vosgesinfo.fr\/remiremontinfo\/wp-json\/wp\/v2\/comments?post=5471"}],"version-history":[{"count":1,"href":"https:\/\/vosgesinfo.fr\/remiremontinfo\/wp-json\/wp\/v2\/posts\/5471\/revisions"}],"predecessor-version":[{"id":5473,"href":"https:\/\/vosgesinfo.fr\/remiremontinfo\/wp-json\/wp\/v2\/posts\/5471\/revisions\/5473"}],"wp:featuredmedia":[{"embeddable":true,"href":"https:\/\/vosgesinfo.fr\/remiremontinfo\/wp-json\/wp\/v2\/media\/5472"}],"wp:attachment":[{"href":"https:\/\/vosgesinfo.fr\/remiremontinfo\/wp-json\/wp\/v2\/media?parent=5471"}],"wp:term":[{"taxonomy":"category","embeddable":true,"href":"https:\/\/vosgesinfo.fr\/remiremontinfo\/wp-json\/wp\/v2\/categories?post=5471"},{"taxonomy":"post_tag","embeddable":true,"href":"https:\/\/vosgesinfo.fr\/remiremontinfo\/wp-json\/wp\/v2\/tags?post=5471"}],"curies":[{"name":"wp","href":"https:\/\/api.w.org\/{rel}","templated":true}]}}