{"id":5553,"date":"2024-04-05T06:00:25","date_gmt":"2024-04-05T04:00:25","guid":{"rendered":"https:\/\/vosgesinfo.fr\/remiremontinfo\/?p=5553"},"modified":"2024-04-04T17:03:18","modified_gmt":"2024-04-04T15:03:18","slug":"belle-reussite-pour-ce-premier-forum-des-metiers-a-letablissement-jeanne-darc-saint-joseph","status":"publish","type":"post","link":"https:\/\/vosgesinfo.fr\/remiremontinfo\/2024\/04\/belle-reussite-pour-ce-premier-forum-des-metiers-a-letablissement-jeanne-darc-saint-joseph\/","title":{"rendered":"Belle r\u00e9ussite pour ce premier Forum des m\u00e9tiers \u00e0 l\u2019\u00e9tablissement Jeanne d\u2019Arc\/Saint Joseph"},"content":{"rendered":"<p><img decoding=\"async\" class=\"size-large wp-image-5556 aligncenter\" src=\"https:\/\/vosgesinfo.fr\/app\/uploads\/sites\/5\/2024\/04\/forum-des-metiers-jasj-43-1-1024x768.jpg\" alt=\"\" width=\"1024\" height=\"768\" srcset=\"https:\/\/vosgesinfo.fr\/app\/uploads\/sites\/5\/2024\/04\/forum-des-metiers-jasj-43-1-1024x768.jpg 1024w, https:\/\/vosgesinfo.fr\/app\/uploads\/sites\/5\/2024\/04\/forum-des-metiers-jasj-43-1-300x225.jpg 300w, https:\/\/vosgesinfo.fr\/app\/uploads\/sites\/5\/2024\/04\/forum-des-metiers-jasj-43-1-768x576.jpg 768w, https:\/\/vosgesinfo.fr\/app\/uploads\/sites\/5\/2024\/04\/forum-des-metiers-jasj-43-1-1536x1152.jpg 1536w, https:\/\/vosgesinfo.fr\/app\/uploads\/sites\/5\/2024\/04\/forum-des-metiers-jasj-43-1-2048x1536.jpg 2048w\" sizes=\"(max-width: 1024px) 100vw, 1024px\" \/><\/p>\n<p>Pour une premi\u00e8re, c\u2019est une belle r\u00e9ussite pour ce forum des m\u00e9tiers organis\u00e9 par l\u2019\u00c9tablissement Jeanne d\u2019Arc \/ Saint Joseph. Ce jeudi 4 avril, Sophie Steiner, Chef d\u2019\u00e9tablissement ainsi que Mmes Villiere et Malherbe, toutes les deux professeurs et tr\u00e8s impliqu\u00e9es dans l\u2019organisation du forum, \u00e9taient heureuses d\u2019accueillir les \u00e9l\u00e8ves et tr\u00e8s satisfaites du grand nombre de professionnels ayant r\u00e9pondu \u00e0 l\u2019appel.<\/p>\n<p>Cet \u00e9v\u00e9nement a permis \u00e0 pratiquement 400 \u00e9l\u00e8ves de 3\u00e8me et 2nde g\u00e9n\u00e9rale des \u00e9tablissements priv\u00e9s des Vosges (Remiremont, Bruy\u00e8res, Rambervillers et La Bresse) de d\u00e9couvrir une diversit\u00e9 de m\u00e9tiers en participant \u00e0 des ateliers propos\u00e9s par pas moins de 85 entreprises, administrations et artisans. Les jeunes, r\u00e9partis en groupe \u00e9taient pris en charge par des \u00e9l\u00e8ves de seconde et terminale (Bac pro vente et bac pro accompagnement \u00e0 la personne) du lyc\u00e9e Jeanne d\u2019Arc. Les groupes ont pu ainsi d\u00e9ambuler et d\u00e9couvrir de multiples univers et poser des questions pour mieux se projeter demain.<\/p>\n<p>A la rencontre d\u2019apiculteurs \u00ab dingues d\u2019abeilles \u00bb, de Gendarmes \u00ab venus en force avec \u00e9quipement, v\u00e9hicules et chien \u00bb, d\u2019avocat, notaire, traiteur ou coiffeur\u2026 tout en croisant un tracteur ou encore un chariot \u00e9l\u00e9vateur ; le monde du travail dans toute sa diversit\u00e9 \u00e9tait pr\u00e9sent durant toute la journ\u00e9e. Au regard de l\u2019implication des jeunes et des professionnels pr\u00e9sents il ne fait pas de doute que l\u2019intitul\u00e9 du Forum des m\u00e9tiers \u00ab d\u00e9couvre ta passion, choisis ton m\u00e9tier \u00bb a \u00e9t\u00e9 bien choisi et r\u00e9alis\u00e9. Reste \u00e0 voir si les m\u00e9tiers en tension aujourd\u2019hui le seront moins demain\u2026 Seul l\u2019avenir nous le dira. Quoiqu\u2019il advienne, ce premier forum des m\u00e9tiers sera sans nul doute suivi par d\u2019autres dans les ann\u00e9es futures.<\/p>\n<p>PM<\/p>\n\n\t\t<style type=\"text\/css\">\n\t\t\t#gallery-1 {\n\t\t\t\tmargin: auto;\n\t\t\t}\n\t\t\t#gallery-1 .gallery-item {\n\t\t\t\tfloat: left;\n\t\t\t\tmargin-top: 10px;\n\t\t\t\ttext-align: center;\n\t\t\t\twidth: 50%;\n\t\t\t}\n\t\t\t#gallery-1 img {\n\t\t\t\tborder: 2px solid #cfcfcf;\n\t\t\t}\n\t\t\t#gallery-1 .gallery-caption {\n\t\t\t\tmargin-left: 0;\n\t\t\t}\n\t\t\t\/* see gallery_shortcode() in wp-includes\/media.php *\/\n\t\t<\/style>\n\t\t<div id='gallery-1' class='gallery galleryid-5553 gallery-columns-2 gallery-size-medium'><dl class='gallery-item'>\n\t\t\t<dt class='gallery-icon landscape'>\n\t\t\t\t<a href='https:\/\/vosgesinfo.fr\/app\/uploads\/sites\/5\/2024\/04\/forum-des-metiers-jasj-42-scaled.jpg'><img decoding=\"async\" width=\"300\" height=\"200\" src=\"https:\/\/vosgesinfo.fr\/app\/uploads\/sites\/5\/2024\/04\/forum-des-metiers-jasj-42-300x200.jpg\" class=\"attachment-medium size-medium\" alt=\"\" srcset=\"https:\/\/vosgesinfo.fr\/app\/uploads\/sites\/5\/2024\/04\/forum-des-metiers-jasj-42-300x200.jpg 300w, https:\/\/vosgesinfo.fr\/app\/uploads\/sites\/5\/2024\/04\/forum-des-metiers-jasj-42-1024x683.jpg 1024w, https:\/\/vosgesinfo.fr\/app\/uploads\/sites\/5\/2024\/04\/forum-des-metiers-jasj-42-768x512.jpg 768w, https:\/\/vosgesinfo.fr\/app\/uploads\/sites\/5\/2024\/04\/forum-des-metiers-jasj-42-1536x1024.jpg 1536w, https:\/\/vosgesinfo.fr\/app\/uploads\/sites\/5\/2024\/04\/forum-des-metiers-jasj-42-2048x1365.jpg 2048w\" sizes=\"(max-width: 300px) 100vw, 300px\" \/><\/a>\n\t\t\t<\/dt><\/dl><dl class='gallery-item'>\n\t\t\t<dt class='gallery-icon landscape'>\n\t\t\t\t<a href='https:\/\/vosgesinfo.fr\/app\/uploads\/sites\/5\/2024\/04\/forum-des-metiers-jasj-59-scaled.jpg'><img decoding=\"async\" width=\"300\" height=\"200\" src=\"https:\/\/vosgesinfo.fr\/app\/uploads\/sites\/5\/2024\/04\/forum-des-metiers-jasj-59-300x200.jpg\" class=\"attachment-medium size-medium\" alt=\"\" aria-describedby=\"gallery-1-5562\" srcset=\"https:\/\/vosgesinfo.fr\/app\/uploads\/sites\/5\/2024\/04\/forum-des-metiers-jasj-59-300x200.jpg 300w, https:\/\/vosgesinfo.fr\/app\/uploads\/sites\/5\/2024\/04\/forum-des-metiers-jasj-59-1024x683.jpg 1024w, https:\/\/vosgesinfo.fr\/app\/uploads\/sites\/5\/2024\/04\/forum-des-metiers-jasj-59-768x512.jpg 768w, https:\/\/vosgesinfo.fr\/app\/uploads\/sites\/5\/2024\/04\/forum-des-metiers-jasj-59-1536x1024.jpg 1536w, https:\/\/vosgesinfo.fr\/app\/uploads\/sites\/5\/2024\/04\/forum-des-metiers-jasj-59-2048x1365.jpg 2048w\" sizes=\"(max-width: 300px) 100vw, 300px\" \/><\/a>\n\t\t\t<\/dt>\n\t\t\t\t<dd class='wp-caption-text gallery-caption' id='gallery-1-5562'>\n\t\t\t\tLes \u00e9lus autour de Sophie Steiner\n\t\t\t\t<\/dd><\/dl><br style=\"clear: both\" \/><dl class='gallery-item'>\n\t\t\t<dt class='gallery-icon portrait'>\n\t\t\t\t<a href='https:\/\/vosgesinfo.fr\/app\/uploads\/sites\/5\/2024\/04\/forum-des-metiers-jasj-51-scaled.jpg'><img decoding=\"async\" width=\"200\" height=\"300\" src=\"https:\/\/vosgesinfo.fr\/app\/uploads\/sites\/5\/2024\/04\/forum-des-metiers-jasj-51-200x300.jpg\" class=\"attachment-medium size-medium\" alt=\"\" aria-describedby=\"gallery-1-5560\" srcset=\"https:\/\/vosgesinfo.fr\/app\/uploads\/sites\/5\/2024\/04\/forum-des-metiers-jasj-51-200x300.jpg 200w, https:\/\/vosgesinfo.fr\/app\/uploads\/sites\/5\/2024\/04\/forum-des-metiers-jasj-51-683x1024.jpg 683w, https:\/\/vosgesinfo.fr\/app\/uploads\/sites\/5\/2024\/04\/forum-des-metiers-jasj-51-768x1152.jpg 768w, https:\/\/vosgesinfo.fr\/app\/uploads\/sites\/5\/2024\/04\/forum-des-metiers-jasj-51-1024x1536.jpg 1024w, https:\/\/vosgesinfo.fr\/app\/uploads\/sites\/5\/2024\/04\/forum-des-metiers-jasj-51-1365x2048.jpg 1365w, https:\/\/vosgesinfo.fr\/app\/uploads\/sites\/5\/2024\/04\/forum-des-metiers-jasj-51-scaled.jpg 1707w\" sizes=\"(max-width: 200px) 100vw, 200px\" \/><\/a>\n\t\t\t<\/dt>\n\t\t\t\t<dd class='wp-caption-text gallery-caption' id='gallery-1-5560'>\n\t\t\t\tLucas un des jeunes accompagnants\n\t\t\t\t<\/dd><\/dl><dl class='gallery-item'>\n\t\t\t<dt class='gallery-icon portrait'>\n\t\t\t\t<a href='https:\/\/vosgesinfo.fr\/app\/uploads\/sites\/5\/2024\/04\/forum-des-metiers-jasj-3-scaled.jpg'><img decoding=\"async\" width=\"200\" height=\"300\" src=\"https:\/\/vosgesinfo.fr\/app\/uploads\/sites\/5\/2024\/04\/forum-des-metiers-jasj-3-200x300.jpg\" class=\"attachment-medium size-medium\" alt=\"\" srcset=\"https:\/\/vosgesinfo.fr\/app\/uploads\/sites\/5\/2024\/04\/forum-des-metiers-jasj-3-200x300.jpg 200w, https:\/\/vosgesinfo.fr\/app\/uploads\/sites\/5\/2024\/04\/forum-des-metiers-jasj-3-683x1024.jpg 683w, https:\/\/vosgesinfo.fr\/app\/uploads\/sites\/5\/2024\/04\/forum-des-metiers-jasj-3-768x1152.jpg 768w, https:\/\/vosgesinfo.fr\/app\/uploads\/sites\/5\/2024\/04\/forum-des-metiers-jasj-3-1024x1536.jpg 1024w, https:\/\/vosgesinfo.fr\/app\/uploads\/sites\/5\/2024\/04\/forum-des-metiers-jasj-3-1365x2048.jpg 1365w, https:\/\/vosgesinfo.fr\/app\/uploads\/sites\/5\/2024\/04\/forum-des-metiers-jasj-3-scaled.jpg 1707w\" sizes=\"(max-width: 200px) 100vw, 200px\" \/><\/a>\n\t\t\t<\/dt><\/dl><br style=\"clear: both\" \/>\n\t\t<\/div>\n\n","protected":false},"excerpt":{"rendered":"<p>Pour une premi\u00e8re, c\u2019est une belle r\u00e9ussite pour ce forum des m\u00e9tiers organis\u00e9 par l\u2019\u00c9tablissement Jeanne d\u2019Arc \/ Saint Joseph. [&hellip;]<\/p>\n","protected":false},"author":413,"featured_media":5556,"comment_status":"open","ping_status":"open","sticky":false,"template":"","format":"standard","meta":{"footnotes":""},"categories":[26,6,165,64,35],"tags":[958],"class_list":["post-5553","post","type-post","status-publish","format-standard","has-post-thumbnail","hentry","category-a-la-une","category-education","category-enseignement","category-evenements","category-remiremont-son-canton","tag-etablissement-jeanne-darc"],"acf":[],"yoast_head":"<!-- This site is optimized with the Yoast SEO plugin v22.5 - https:\/\/yoast.com\/wordpress\/plugins\/seo\/ -->\n<title>Belle r\u00e9ussite pour ce premier Forum des m\u00e9tiers \u00e0 l\u2019\u00e9tablissement Jeanne d\u2019Arc\/Saint Joseph - Remiremont Info<\/title>\n<meta name=\"robots\" content=\"index, follow, max-snippet:-1, max-image-preview:large, max-video-preview:-1\" \/>\n<link rel=\"canonical\" href=\"https:\/\/vosgesinfo.fr\/remiremontinfo\/2024\/04\/belle-reussite-pour-ce-premier-forum-des-metiers-a-letablissement-jeanne-darc-saint-joseph\/\" \/>\n<meta name=\"twitter:card\" content=\"summary_large_image\" \/>\n<meta name=\"twitter:title\" content=\"Belle r\u00e9ussite pour ce premier Forum des m\u00e9tiers \u00e0 l\u2019\u00e9tablissement Jeanne d\u2019Arc\/Saint Joseph - Remiremont Info\" \/>\n<meta name=\"twitter:description\" content=\"Pour une premi\u00e8re, c\u2019est une belle r\u00e9ussite pour ce forum des m\u00e9tiers organis\u00e9 par l\u2019\u00c9tablissement Jeanne d\u2019Arc \/ Saint Joseph. [&hellip;]\" \/>\n<meta name=\"twitter:image\" content=\"https:\/\/vosgesinfo.fr\/app\/uploads\/sites\/5\/2024\/04\/forum-des-metiers-jasj-43-1-scaled.jpg\" \/>\n<meta name=\"twitter:creator\" content=\"@VosgesInfo88\" \/>\n<meta name=\"twitter:site\" content=\"@VosgesInfo88\" \/>\n<meta name=\"twitter:label1\" content=\"\u00c9crit par\" \/>\n\t<meta name=\"twitter:data1\" content=\"P.M\" \/>\n\t<meta name=\"twitter:label2\" content=\"Dur\u00e9e de lecture estim\u00e9e\" \/>\n\t<meta name=\"twitter:data2\" content=\"2 minutes\" \/>\n<script type=\"application\/ld+json\" class=\"yoast-schema-graph\">{\"@context\":\"https:\/\/schema.org\",\"@graph\":[{\"@type\":\"Article\",\"@id\":\"https:\/\/vosgesinfo.fr\/remiremontinfo\/2024\/04\/belle-reussite-pour-ce-premier-forum-des-metiers-a-letablissement-jeanne-darc-saint-joseph\/#article\",\"isPartOf\":{\"@id\":\"https:\/\/vosgesinfo.fr\/remiremontinfo\/2024\/04\/belle-reussite-pour-ce-premier-forum-des-metiers-a-letablissement-jeanne-darc-saint-joseph\/\"},\"author\":{\"name\":\"P.M\",\"@id\":\"https:\/\/vosgesinfo.fr\/remiremontinfo\/#\/schema\/person\/a6fd2dde36da20be3679f2058b94c5b8\"},\"headline\":\"Belle r\u00e9ussite pour ce premier Forum des m\u00e9tiers \u00e0 l\u2019\u00e9tablissement Jeanne d\u2019Arc\/Saint Joseph\",\"datePublished\":\"2024-04-05T04:00:25+00:00\",\"dateModified\":\"2024-04-04T15:03:18+00:00\",\"mainEntityOfPage\":{\"@id\":\"https:\/\/vosgesinfo.fr\/remiremontinfo\/2024\/04\/belle-reussite-pour-ce-premier-forum-des-metiers-a-letablissement-jeanne-darc-saint-joseph\/\"},\"wordCount\":339,\"commentCount\":0,\"publisher\":{\"@id\":\"https:\/\/vosgesinfo.fr\/remiremontinfo\/#organization\"},\"image\":{\"@id\":\"https:\/\/vosgesinfo.fr\/remiremontinfo\/2024\/04\/belle-reussite-pour-ce-premier-forum-des-metiers-a-letablissement-jeanne-darc-saint-joseph\/#primaryimage\"},\"thumbnailUrl\":\"https:\/\/vosgesinfo.fr\/app\/uploads\/sites\/5\/2024\/04\/forum-des-metiers-jasj-43-1-scaled.jpg\",\"keywords\":[\"Etablissement Jeanne d'Arc\"],\"articleSection\":[\"A la Une\",\"\u00c9ducation\",\"Enseignement\",\"Ev\u00e8nements\",\"Remiremont &amp; son canton\"],\"inLanguage\":\"fr-FR\",\"potentialAction\":[{\"@type\":\"CommentAction\",\"name\":\"Comment\",\"target\":[\"https:\/\/vosgesinfo.fr\/remiremontinfo\/2024\/04\/belle-reussite-pour-ce-premier-forum-des-metiers-a-letablissement-jeanne-darc-saint-joseph\/#respond\"]}]},{\"@type\":\"WebPage\",\"@id\":\"https:\/\/vosgesinfo.fr\/remiremontinfo\/2024\/04\/belle-reussite-pour-ce-premier-forum-des-metiers-a-letablissement-jeanne-darc-saint-joseph\/\",\"url\":\"https:\/\/vosgesinfo.fr\/remiremontinfo\/2024\/04\/belle-reussite-pour-ce-premier-forum-des-metiers-a-letablissement-jeanne-darc-saint-joseph\/\",\"name\":\"Belle r\u00e9ussite pour ce premier Forum des m\u00e9tiers \u00e0 l\u2019\u00e9tablissement Jeanne d\u2019Arc\/Saint Joseph - Remiremont Info\",\"isPartOf\":{\"@id\":\"https:\/\/vosgesinfo.fr\/remiremontinfo\/#website\"},\"primaryImageOfPage\":{\"@id\":\"https:\/\/vosgesinfo.fr\/remiremontinfo\/2024\/04\/belle-reussite-pour-ce-premier-forum-des-metiers-a-letablissement-jeanne-darc-saint-joseph\/#primaryimage\"},\"image\":{\"@id\":\"https:\/\/vosgesinfo.fr\/remiremontinfo\/2024\/04\/belle-reussite-pour-ce-premier-forum-des-metiers-a-letablissement-jeanne-darc-saint-joseph\/#primaryimage\"},\"thumbnailUrl\":\"https:\/\/vosgesinfo.fr\/app\/uploads\/sites\/5\/2024\/04\/forum-des-metiers-jasj-43-1-scaled.jpg\",\"datePublished\":\"2024-04-05T04:00:25+00:00\",\"dateModified\":\"2024-04-04T15:03:18+00:00\",\"breadcrumb\":{\"@id\":\"https:\/\/vosgesinfo.fr\/remiremontinfo\/2024\/04\/belle-reussite-pour-ce-premier-forum-des-metiers-a-letablissement-jeanne-darc-saint-joseph\/#breadcrumb\"},\"inLanguage\":\"fr-FR\",\"potentialAction\":[{\"@type\":\"ReadAction\",\"target\":[\"https:\/\/vosgesinfo.fr\/remiremontinfo\/2024\/04\/belle-reussite-pour-ce-premier-forum-des-metiers-a-letablissement-jeanne-darc-saint-joseph\/\"]}]},{\"@type\":\"ImageObject\",\"inLanguage\":\"fr-FR\",\"@id\":\"https:\/\/vosgesinfo.fr\/remiremontinfo\/2024\/04\/belle-reussite-pour-ce-premier-forum-des-metiers-a-letablissement-jeanne-darc-saint-joseph\/#primaryimage\",\"url\":\"https:\/\/vosgesinfo.fr\/app\/uploads\/sites\/5\/2024\/04\/forum-des-metiers-jasj-43-1-scaled.jpg\",\"contentUrl\":\"https:\/\/vosgesinfo.fr\/app\/uploads\/sites\/5\/2024\/04\/forum-des-metiers-jasj-43-1-scaled.jpg\",\"width\":2560,\"height\":1920},{\"@type\":\"BreadcrumbList\",\"@id\":\"https:\/\/vosgesinfo.fr\/remiremontinfo\/2024\/04\/belle-reussite-pour-ce-premier-forum-des-metiers-a-letablissement-jeanne-darc-saint-joseph\/#breadcrumb\",\"itemListElement\":[{\"@type\":\"ListItem\",\"position\":1,\"name\":\"Home\",\"item\":\"https:\/\/vosgesinfo.fr\/remiremontinfo\/\"},{\"@type\":\"ListItem\",\"position\":2,\"name\":\"Belle r\u00e9ussite pour ce premier Forum des m\u00e9tiers \u00e0 l\u2019\u00e9tablissement Jeanne d\u2019Arc\/Saint Joseph\"}]},{\"@type\":\"WebSite\",\"@id\":\"https:\/\/vosgesinfo.fr\/remiremontinfo\/#website\",\"url\":\"https:\/\/vosgesinfo.fr\/remiremontinfo\/\",\"name\":\"Remiremont Info\",\"description\":\"Toute l&#039;actualit\u00e9 de Remiremont\",\"publisher\":{\"@id\":\"https:\/\/vosgesinfo.fr\/remiremontinfo\/#organization\"},\"alternateName\":\"Toute l'actualit\u00e9 de Remiremont\",\"potentialAction\":[{\"@type\":\"SearchAction\",\"target\":{\"@type\":\"EntryPoint\",\"urlTemplate\":\"https:\/\/vosgesinfo.fr\/remiremontinfo\/?s={search_term_string}\"},\"query-input\":\"required name=search_term_string\"}],\"inLanguage\":\"fr-FR\"},{\"@type\":\"Organization\",\"@id\":\"https:\/\/vosgesinfo.fr\/remiremontinfo\/#organization\",\"name\":\"Remiremont Info\",\"url\":\"https:\/\/vosgesinfo.fr\/remiremontinfo\/\",\"logo\":{\"@type\":\"ImageObject\",\"inLanguage\":\"fr-FR\",\"@id\":\"https:\/\/vosgesinfo.fr\/remiremontinfo\/#\/schema\/logo\/image\/\",\"url\":\"https:\/\/vosgesinfo.fr\/app\/uploads\/sites\/5\/2023\/08\/favicon-remiremontinfo.png\",\"contentUrl\":\"https:\/\/vosgesinfo.fr\/app\/uploads\/sites\/5\/2023\/08\/favicon-remiremontinfo.png\",\"width\":512,\"height\":512,\"caption\":\"Remiremont Info\"},\"image\":{\"@id\":\"https:\/\/vosgesinfo.fr\/remiremontinfo\/#\/schema\/logo\/image\/\"},\"sameAs\":[\"https:\/\/www.facebook.com\/remiremontinfo\",\"https:\/\/x.com\/VosgesInfo88\",\"https:\/\/www.youtube.com\/@vosgesinfo\"]},{\"@type\":\"Person\",\"@id\":\"https:\/\/vosgesinfo.fr\/remiremontinfo\/#\/schema\/person\/a6fd2dde36da20be3679f2058b94c5b8\",\"name\":\"P.M\",\"image\":{\"@type\":\"ImageObject\",\"inLanguage\":\"fr-FR\",\"@id\":\"https:\/\/vosgesinfo.fr\/remiremontinfo\/#\/schema\/person\/image\/\",\"url\":\"https:\/\/secure.gravatar.com\/avatar\/db38f6ef38bb165f6f4d352563f264129673ed4536984fbbcddf700bd12f8a9a?s=96&d=mm&r=g\",\"contentUrl\":\"https:\/\/secure.gravatar.com\/avatar\/db38f6ef38bb165f6f4d352563f264129673ed4536984fbbcddf700bd12f8a9a?s=96&d=mm&r=g\",\"caption\":\"P.M\"},\"url\":\"https:\/\/vosgesinfo.fr\/remiremontinfo\/author\/p-mangel88\/\"}]}<\/script>\n<!-- \/ Yoast SEO plugin. -->","yoast_head_json":{"title":"Belle r\u00e9ussite pour ce premier Forum des m\u00e9tiers \u00e0 l\u2019\u00e9tablissement Jeanne d\u2019Arc\/Saint Joseph - Remiremont Info","robots":{"index":"index","follow":"follow","max-snippet":"max-snippet:-1","max-image-preview":"max-image-preview:large","max-video-preview":"max-video-preview:-1"},"canonical":"https:\/\/vosgesinfo.fr\/remiremontinfo\/2024\/04\/belle-reussite-pour-ce-premier-forum-des-metiers-a-letablissement-jeanne-darc-saint-joseph\/","twitter_card":"summary_large_image","twitter_title":"Belle r\u00e9ussite pour ce premier Forum des m\u00e9tiers \u00e0 l\u2019\u00e9tablissement Jeanne d\u2019Arc\/Saint Joseph - Remiremont Info","twitter_description":"Pour une premi\u00e8re, c\u2019est une belle r\u00e9ussite pour ce forum des m\u00e9tiers organis\u00e9 par l\u2019\u00c9tablissement Jeanne d\u2019Arc \/ Saint Joseph. [&hellip;]","twitter_image":"https:\/\/vosgesinfo.fr\/app\/uploads\/sites\/5\/2024\/04\/forum-des-metiers-jasj-43-1-scaled.jpg","twitter_creator":"@VosgesInfo88","twitter_site":"@VosgesInfo88","twitter_misc":{"\u00c9crit par":"P.M","Dur\u00e9e de lecture estim\u00e9e":"2 minutes"},"schema":{"@context":"https:\/\/schema.org","@graph":[{"@type":"Article","@id":"https:\/\/vosgesinfo.fr\/remiremontinfo\/2024\/04\/belle-reussite-pour-ce-premier-forum-des-metiers-a-letablissement-jeanne-darc-saint-joseph\/#article","isPartOf":{"@id":"https:\/\/vosgesinfo.fr\/remiremontinfo\/2024\/04\/belle-reussite-pour-ce-premier-forum-des-metiers-a-letablissement-jeanne-darc-saint-joseph\/"},"author":{"name":"P.M","@id":"https:\/\/vosgesinfo.fr\/remiremontinfo\/#\/schema\/person\/a6fd2dde36da20be3679f2058b94c5b8"},"headline":"Belle r\u00e9ussite pour ce premier Forum des m\u00e9tiers \u00e0 l\u2019\u00e9tablissement Jeanne d\u2019Arc\/Saint Joseph","datePublished":"2024-04-05T04:00:25+00:00","dateModified":"2024-04-04T15:03:18+00:00","mainEntityOfPage":{"@id":"https:\/\/vosgesinfo.fr\/remiremontinfo\/2024\/04\/belle-reussite-pour-ce-premier-forum-des-metiers-a-letablissement-jeanne-darc-saint-joseph\/"},"wordCount":339,"commentCount":0,"publisher":{"@id":"https:\/\/vosgesinfo.fr\/remiremontinfo\/#organization"},"image":{"@id":"https:\/\/vosgesinfo.fr\/remiremontinfo\/2024\/04\/belle-reussite-pour-ce-premier-forum-des-metiers-a-letablissement-jeanne-darc-saint-joseph\/#primaryimage"},"thumbnailUrl":"https:\/\/vosgesinfo.fr\/app\/uploads\/sites\/5\/2024\/04\/forum-des-metiers-jasj-43-1-scaled.jpg","keywords":["Etablissement Jeanne d'Arc"],"articleSection":["A la Une","\u00c9ducation","Enseignement","Ev\u00e8nements","Remiremont &amp; son canton"],"inLanguage":"fr-FR","potentialAction":[{"@type":"CommentAction","name":"Comment","target":["https:\/\/vosgesinfo.fr\/remiremontinfo\/2024\/04\/belle-reussite-pour-ce-premier-forum-des-metiers-a-letablissement-jeanne-darc-saint-joseph\/#respond"]}]},{"@type":"WebPage","@id":"https:\/\/vosgesinfo.fr\/remiremontinfo\/2024\/04\/belle-reussite-pour-ce-premier-forum-des-metiers-a-letablissement-jeanne-darc-saint-joseph\/","url":"https:\/\/vosgesinfo.fr\/remiremontinfo\/2024\/04\/belle-reussite-pour-ce-premier-forum-des-metiers-a-letablissement-jeanne-darc-saint-joseph\/","name":"Belle r\u00e9ussite pour ce premier Forum des m\u00e9tiers \u00e0 l\u2019\u00e9tablissement Jeanne d\u2019Arc\/Saint Joseph - Remiremont Info","isPartOf":{"@id":"https:\/\/vosgesinfo.fr\/remiremontinfo\/#website"},"primaryImageOfPage":{"@id":"https:\/\/vosgesinfo.fr\/remiremontinfo\/2024\/04\/belle-reussite-pour-ce-premier-forum-des-metiers-a-letablissement-jeanne-darc-saint-joseph\/#primaryimage"},"image":{"@id":"https:\/\/vosgesinfo.fr\/remiremontinfo\/2024\/04\/belle-reussite-pour-ce-premier-forum-des-metiers-a-letablissement-jeanne-darc-saint-joseph\/#primaryimage"},"thumbnailUrl":"https:\/\/vosgesinfo.fr\/app\/uploads\/sites\/5\/2024\/04\/forum-des-metiers-jasj-43-1-scaled.jpg","datePublished":"2024-04-05T04:00:25+00:00","dateModified":"2024-04-04T15:03:18+00:00","breadcrumb":{"@id":"https:\/\/vosgesinfo.fr\/remiremontinfo\/2024\/04\/belle-reussite-pour-ce-premier-forum-des-metiers-a-letablissement-jeanne-darc-saint-joseph\/#breadcrumb"},"inLanguage":"fr-FR","potentialAction":[{"@type":"ReadAction","target":["https:\/\/vosgesinfo.fr\/remiremontinfo\/2024\/04\/belle-reussite-pour-ce-premier-forum-des-metiers-a-letablissement-jeanne-darc-saint-joseph\/"]}]},{"@type":"ImageObject","inLanguage":"fr-FR","@id":"https:\/\/vosgesinfo.fr\/remiremontinfo\/2024\/04\/belle-reussite-pour-ce-premier-forum-des-metiers-a-letablissement-jeanne-darc-saint-joseph\/#primaryimage","url":"https:\/\/vosgesinfo.fr\/app\/uploads\/sites\/5\/2024\/04\/forum-des-metiers-jasj-43-1-scaled.jpg","contentUrl":"https:\/\/vosgesinfo.fr\/app\/uploads\/sites\/5\/2024\/04\/forum-des-metiers-jasj-43-1-scaled.jpg","width":2560,"height":1920},{"@type":"BreadcrumbList","@id":"https:\/\/vosgesinfo.fr\/remiremontinfo\/2024\/04\/belle-reussite-pour-ce-premier-forum-des-metiers-a-letablissement-jeanne-darc-saint-joseph\/#breadcrumb","itemListElement":[{"@type":"ListItem","position":1,"name":"Home","item":"https:\/\/vosgesinfo.fr\/remiremontinfo\/"},{"@type":"ListItem","position":2,"name":"Belle r\u00e9ussite pour ce premier Forum des m\u00e9tiers \u00e0 l\u2019\u00e9tablissement Jeanne d\u2019Arc\/Saint Joseph"}]},{"@type":"WebSite","@id":"https:\/\/vosgesinfo.fr\/remiremontinfo\/#website","url":"https:\/\/vosgesinfo.fr\/remiremontinfo\/","name":"Remiremont Info","description":"Toute l&#039;actualit\u00e9 de Remiremont","publisher":{"@id":"https:\/\/vosgesinfo.fr\/remiremontinfo\/#organization"},"alternateName":"Toute l'actualit\u00e9 de Remiremont","potentialAction":[{"@type":"SearchAction","target":{"@type":"EntryPoint","urlTemplate":"https:\/\/vosgesinfo.fr\/remiremontinfo\/?s={search_term_string}"},"query-input":"required name=search_term_string"}],"inLanguage":"fr-FR"},{"@type":"Organization","@id":"https:\/\/vosgesinfo.fr\/remiremontinfo\/#organization","name":"Remiremont Info","url":"https:\/\/vosgesinfo.fr\/remiremontinfo\/","logo":{"@type":"ImageObject","inLanguage":"fr-FR","@id":"https:\/\/vosgesinfo.fr\/remiremontinfo\/#\/schema\/logo\/image\/","url":"https:\/\/vosgesinfo.fr\/app\/uploads\/sites\/5\/2023\/08\/favicon-remiremontinfo.png","contentUrl":"https:\/\/vosgesinfo.fr\/app\/uploads\/sites\/5\/2023\/08\/favicon-remiremontinfo.png","width":512,"height":512,"caption":"Remiremont Info"},"image":{"@id":"https:\/\/vosgesinfo.fr\/remiremontinfo\/#\/schema\/logo\/image\/"},"sameAs":["https:\/\/www.facebook.com\/remiremontinfo","https:\/\/x.com\/VosgesInfo88","https:\/\/www.youtube.com\/@vosgesinfo"]},{"@type":"Person","@id":"https:\/\/vosgesinfo.fr\/remiremontinfo\/#\/schema\/person\/a6fd2dde36da20be3679f2058b94c5b8","name":"P.M","image":{"@type":"ImageObject","inLanguage":"fr-FR","@id":"https:\/\/vosgesinfo.fr\/remiremontinfo\/#\/schema\/person\/image\/","url":"https:\/\/secure.gravatar.com\/avatar\/db38f6ef38bb165f6f4d352563f264129673ed4536984fbbcddf700bd12f8a9a?s=96&d=mm&r=g","contentUrl":"https:\/\/secure.gravatar.com\/avatar\/db38f6ef38bb165f6f4d352563f264129673ed4536984fbbcddf700bd12f8a9a?s=96&d=mm&r=g","caption":"P.M"},"url":"https:\/\/vosgesinfo.fr\/remiremontinfo\/author\/p-mangel88\/"}]}},"_links":{"self":[{"href":"https:\/\/vosgesinfo.fr\/remiremontinfo\/wp-json\/wp\/v2\/posts\/5553","targetHints":{"allow":["GET"]}}],"collection":[{"href":"https:\/\/vosgesinfo.fr\/remiremontinfo\/wp-json\/wp\/v2\/posts"}],"about":[{"href":"https:\/\/vosgesinfo.fr\/remiremontinfo\/wp-json\/wp\/v2\/types\/post"}],"author":[{"embeddable":true,"href":"https:\/\/vosgesinfo.fr\/remiremontinfo\/wp-json\/wp\/v2\/users\/413"}],"replies":[{"embeddable":true,"href":"https:\/\/vosgesinfo.fr\/remiremontinfo\/wp-json\/wp\/v2\/comments?post=5553"}],"version-history":[{"count":6,"href":"https:\/\/vosgesinfo.fr\/remiremontinfo\/wp-json\/wp\/v2\/posts\/5553\/revisions"}],"predecessor-version":[{"id":5570,"href":"https:\/\/vosgesinfo.fr\/remiremontinfo\/wp-json\/wp\/v2\/posts\/5553\/revisions\/5570"}],"wp:featuredmedia":[{"embeddable":true,"href":"https:\/\/vosgesinfo.fr\/remiremontinfo\/wp-json\/wp\/v2\/media\/5556"}],"wp:attachment":[{"href":"https:\/\/vosgesinfo.fr\/remiremontinfo\/wp-json\/wp\/v2\/media?parent=5553"}],"wp:term":[{"taxonomy":"category","embeddable":true,"href":"https:\/\/vosgesinfo.fr\/remiremontinfo\/wp-json\/wp\/v2\/categories?post=5553"},{"taxonomy":"post_tag","embeddable":true,"href":"https:\/\/vosgesinfo.fr\/remiremontinfo\/wp-json\/wp\/v2\/tags?post=5553"}],"curies":[{"name":"wp","href":"https:\/\/api.w.org\/{rel}","templated":true}]}}