{"id":5572,"date":"2024-04-06T05:55:49","date_gmt":"2024-04-06T03:55:49","guid":{"rendered":"https:\/\/vosgesinfo.fr\/remiremontinfo\/?p=5572"},"modified":"2024-04-04T17:58:53","modified_gmt":"2024-04-04T15:58:53","slug":"vagnexp0-se-prepare-a-accueillir-des-milliers-de-visiteurs-les-12-13-et-14-avril","status":"publish","type":"post","link":"https:\/\/vosgesinfo.fr\/remiremontinfo\/2024\/04\/vagnexp0-se-prepare-a-accueillir-des-milliers-de-visiteurs-les-12-13-et-14-avril\/","title":{"rendered":"VAGN\u2019EXP0 se pr\u00e9pare \u00e0 accueillir des milliers de visiteurs les 12, 13 et 14 avril"},"content":{"rendered":"<p class=\"western\"><a href=\"https:\/\/vosgesinfo.fr\/app\/uploads\/sites\/5\/2024\/04\/p1010283-scaled.jpg\"><img decoding=\"async\" class=\"aligncenter size-large wp-image-5574\" src=\"https:\/\/vosgesinfo.fr\/app\/uploads\/sites\/5\/2024\/04\/p1010283-1024x768.jpg\" alt=\"\" width=\"1024\" height=\"768\" srcset=\"https:\/\/vosgesinfo.fr\/app\/uploads\/sites\/5\/2024\/04\/p1010283-1024x768.jpg 1024w, https:\/\/vosgesinfo.fr\/app\/uploads\/sites\/5\/2024\/04\/p1010283-300x225.jpg 300w, https:\/\/vosgesinfo.fr\/app\/uploads\/sites\/5\/2024\/04\/p1010283-768x576.jpg 768w, https:\/\/vosgesinfo.fr\/app\/uploads\/sites\/5\/2024\/04\/p1010283-1536x1152.jpg 1536w, https:\/\/vosgesinfo.fr\/app\/uploads\/sites\/5\/2024\/04\/p1010283-2048x1536.jpg 2048w\" sizes=\"(max-width: 1024px) 100vw, 1024px\" \/><\/a><\/p>\n<p class=\"western\"><b>Il s\u2019agira de la 22\u00e8me \u00e9dition pour ce grand salon de printemps organis\u00e9 par l\u2019association des commer\u00e7ants<\/b> <b>et artisans de Vagney et des environs. Avec cette ann\u00e9e une voiture \u00e0 gagner\u00a0! <\/b><\/p>\n<p class=\"western\">Vagn\u2019Expo est une manifestation d\u2019envergure qui a su se forger une v\u00e9ritable identit\u00e9 et l\u00e9gitimit\u00e9 au fil des ans. Une popularit\u00e9 reconnue partout \u00e0 la ronde et appr\u00e9ci\u00e9e pour son attrait r\u00e9unissant une bonne quarantaine d\u2019exposants, essentiellement locaux et des environs imm\u00e9diats.<\/p>\n<p class=\"western\">Vagn\u2019expo, un salon attractif durant trois jours au centre de Vagney, tant en ext\u00e9rieur qu\u2019en int\u00e9rieur (espace Salle des f\u00eates). Une organisation particuli\u00e8rement travaill\u00e9e en amont cette ann\u00e9e 2024, ainsi que nous l\u2019a traduit Julien Petitjean, pr\u00e9sident de l\u2019association des commer\u00e7ants et artisans de Vagney et des environs. Un rendez-vous incontournable qui se pr\u00e9sente pour les <b>vendredi 12 avril, de 14 h 00 \u00e0 19 h 00, samedi 13 de 10 h 00 \u00e0 19 h 00 et dimanche 14 de 10 h 00 \u00e0 18 h 00. L\u2019entr\u00e9e y est gratuite. <\/b><\/p>\n<p class=\"western\"><a href=\"https:\/\/vosgesinfo.fr\/app\/uploads\/sites\/5\/2024\/04\/p1010306-scaled.jpg\"><img decoding=\"async\" class=\"alignright size-medium wp-image-5573\" src=\"https:\/\/vosgesinfo.fr\/app\/uploads\/sites\/5\/2024\/04\/p1010306-300x225.jpg\" alt=\"\" width=\"300\" height=\"225\" srcset=\"https:\/\/vosgesinfo.fr\/app\/uploads\/sites\/5\/2024\/04\/p1010306-300x225.jpg 300w, https:\/\/vosgesinfo.fr\/app\/uploads\/sites\/5\/2024\/04\/p1010306-1024x768.jpg 1024w, https:\/\/vosgesinfo.fr\/app\/uploads\/sites\/5\/2024\/04\/p1010306-768x576.jpg 768w, https:\/\/vosgesinfo.fr\/app\/uploads\/sites\/5\/2024\/04\/p1010306-1536x1152.jpg 1536w, https:\/\/vosgesinfo.fr\/app\/uploads\/sites\/5\/2024\/04\/p1010306-2048x1536.jpg 2048w\" sizes=\"(max-width: 300px) 100vw, 300px\" \/><\/a>Ce salon de printemps va r\u00e9unir plus de quarante exposants pr\u00e9sentant de multiples \u00e9quipements pour l\u2019am\u00e9lioration de la maison (chauffage, salles de bains, carrelages) et son confort tels que mobiliers, \u00e9lectro-m\u00e9nager, image et son, high tech entre autres, mais encore pour les ext\u00e9rieurs avec mat\u00e9riaux de construction, espaces verts, motoculture, une liste loin d\u2019\u00eatre exhaustive\u2026 Les garages locaux pr\u00e9senteront pour leur part une exposition de v\u00e9hicules, dont les derniers mod\u00e8les pour chacune des marques pr\u00e9sentes.<\/p>\n<p class=\"western\">Et \u00e0 propos d\u2019automobiles, l\u2019une d\u2019entre elles int\u00e9ressera particuli\u00e8rement les visiteurs, puisque les organisateurs de Vagn\u2019expo ont d\u00e9cid\u00e9 de la faire gagner par tirage au sort qui sera effectu\u00e9 le dimanche, \u00e0 quelques instants de la cl\u00f4ture du salon. Il s\u2019agit d\u2019une Dacia Sandero. D\u2019autres lots seront aussi \u00e0 remporter.<\/p>\n<p class=\"western\">Vagn\u2019expo 2024, une 22\u00e8me \u00e9dition riche en rencontres, d\u00e9couvertes et \u00e9changes. A ne pas manquer\u00a0!<\/p>\n<p>&nbsp;<\/p>\n<p class=\"western\">Photos d\u2019illustration\u00a0: Ville de Vagney.<\/p>\n","protected":false},"excerpt":{"rendered":"<p>Il s\u2019agira de la 22\u00e8me \u00e9dition pour ce grand salon de printemps organis\u00e9 par l\u2019association des commer\u00e7ants et artisans de [&hellip;]<\/p>\n","protected":false},"author":42,"featured_media":5574,"comment_status":"open","ping_status":"open","sticky":false,"template":"","format":"standard","meta":{"footnotes":""},"categories":[26,64],"tags":[959],"class_list":["post-5572","post","type-post","status-publish","format-standard","has-post-thumbnail","hentry","category-a-la-une","category-evenements","tag-vagnexpo"],"acf":[],"yoast_head":"<!-- This site is optimized with the Yoast SEO plugin v22.5 - https:\/\/yoast.com\/wordpress\/plugins\/seo\/ -->\n<title>VAGN\u2019EXP0 se pr\u00e9pare \u00e0 accueillir des milliers de visiteurs les 12, 13 et 14 avril - Remiremont Info<\/title>\n<meta name=\"robots\" content=\"index, follow, max-snippet:-1, max-image-preview:large, max-video-preview:-1\" \/>\n<link rel=\"canonical\" href=\"https:\/\/vosgesinfo.fr\/remiremontinfo\/2024\/04\/vagnexp0-se-prepare-a-accueillir-des-milliers-de-visiteurs-les-12-13-et-14-avril\/\" \/>\n<meta name=\"twitter:card\" content=\"summary_large_image\" \/>\n<meta name=\"twitter:title\" content=\"VAGN\u2019EXP0 se pr\u00e9pare \u00e0 accueillir des milliers de visiteurs les 12, 13 et 14 avril - Remiremont Info\" \/>\n<meta name=\"twitter:description\" content=\"Il s\u2019agira de la 22\u00e8me \u00e9dition pour ce grand salon de printemps organis\u00e9 par l\u2019association des commer\u00e7ants et artisans de [&hellip;]\" \/>\n<meta name=\"twitter:image\" content=\"https:\/\/vosgesinfo.fr\/app\/uploads\/sites\/5\/2024\/04\/p1010283-scaled.jpg\" \/>\n<meta name=\"twitter:creator\" content=\"@VosgesInfo88\" \/>\n<meta name=\"twitter:site\" content=\"@VosgesInfo88\" \/>\n<meta name=\"twitter:label1\" content=\"\u00c9crit par\" \/>\n\t<meta name=\"twitter:data1\" content=\"QG\" \/>\n\t<meta name=\"twitter:label2\" content=\"Dur\u00e9e de lecture estim\u00e9e\" \/>\n\t<meta name=\"twitter:data2\" content=\"2 minutes\" \/>\n<script type=\"application\/ld+json\" class=\"yoast-schema-graph\">{\"@context\":\"https:\/\/schema.org\",\"@graph\":[{\"@type\":\"Article\",\"@id\":\"https:\/\/vosgesinfo.fr\/remiremontinfo\/2024\/04\/vagnexp0-se-prepare-a-accueillir-des-milliers-de-visiteurs-les-12-13-et-14-avril\/#article\",\"isPartOf\":{\"@id\":\"https:\/\/vosgesinfo.fr\/remiremontinfo\/2024\/04\/vagnexp0-se-prepare-a-accueillir-des-milliers-de-visiteurs-les-12-13-et-14-avril\/\"},\"author\":{\"name\":\"QG\",\"@id\":\"https:\/\/vosgesinfo.fr\/remiremontinfo\/#\/schema\/person\/db5605779a843dad16b5368f3e7613a5\"},\"headline\":\"VAGN\u2019EXP0 se pr\u00e9pare \u00e0 accueillir des milliers de visiteurs les 12, 13 et 14 avril\",\"datePublished\":\"2024-04-06T03:55:49+00:00\",\"dateModified\":\"2024-04-04T15:58:53+00:00\",\"mainEntityOfPage\":{\"@id\":\"https:\/\/vosgesinfo.fr\/remiremontinfo\/2024\/04\/vagnexp0-se-prepare-a-accueillir-des-milliers-de-visiteurs-les-12-13-et-14-avril\/\"},\"wordCount\":353,\"commentCount\":0,\"publisher\":{\"@id\":\"https:\/\/vosgesinfo.fr\/remiremontinfo\/#organization\"},\"image\":{\"@id\":\"https:\/\/vosgesinfo.fr\/remiremontinfo\/2024\/04\/vagnexp0-se-prepare-a-accueillir-des-milliers-de-visiteurs-les-12-13-et-14-avril\/#primaryimage\"},\"thumbnailUrl\":\"https:\/\/vosgesinfo.fr\/app\/uploads\/sites\/5\/2024\/04\/p1010283-scaled.jpg\",\"keywords\":[\"Vagn'expo\"],\"articleSection\":[\"A la Une\",\"Ev\u00e8nements\"],\"inLanguage\":\"fr-FR\",\"potentialAction\":[{\"@type\":\"CommentAction\",\"name\":\"Comment\",\"target\":[\"https:\/\/vosgesinfo.fr\/remiremontinfo\/2024\/04\/vagnexp0-se-prepare-a-accueillir-des-milliers-de-visiteurs-les-12-13-et-14-avril\/#respond\"]}]},{\"@type\":\"WebPage\",\"@id\":\"https:\/\/vosgesinfo.fr\/remiremontinfo\/2024\/04\/vagnexp0-se-prepare-a-accueillir-des-milliers-de-visiteurs-les-12-13-et-14-avril\/\",\"url\":\"https:\/\/vosgesinfo.fr\/remiremontinfo\/2024\/04\/vagnexp0-se-prepare-a-accueillir-des-milliers-de-visiteurs-les-12-13-et-14-avril\/\",\"name\":\"VAGN\u2019EXP0 se pr\u00e9pare \u00e0 accueillir des milliers de visiteurs les 12, 13 et 14 avril - Remiremont Info\",\"isPartOf\":{\"@id\":\"https:\/\/vosgesinfo.fr\/remiremontinfo\/#website\"},\"primaryImageOfPage\":{\"@id\":\"https:\/\/vosgesinfo.fr\/remiremontinfo\/2024\/04\/vagnexp0-se-prepare-a-accueillir-des-milliers-de-visiteurs-les-12-13-et-14-avril\/#primaryimage\"},\"image\":{\"@id\":\"https:\/\/vosgesinfo.fr\/remiremontinfo\/2024\/04\/vagnexp0-se-prepare-a-accueillir-des-milliers-de-visiteurs-les-12-13-et-14-avril\/#primaryimage\"},\"thumbnailUrl\":\"https:\/\/vosgesinfo.fr\/app\/uploads\/sites\/5\/2024\/04\/p1010283-scaled.jpg\",\"datePublished\":\"2024-04-06T03:55:49+00:00\",\"dateModified\":\"2024-04-04T15:58:53+00:00\",\"breadcrumb\":{\"@id\":\"https:\/\/vosgesinfo.fr\/remiremontinfo\/2024\/04\/vagnexp0-se-prepare-a-accueillir-des-milliers-de-visiteurs-les-12-13-et-14-avril\/#breadcrumb\"},\"inLanguage\":\"fr-FR\",\"potentialAction\":[{\"@type\":\"ReadAction\",\"target\":[\"https:\/\/vosgesinfo.fr\/remiremontinfo\/2024\/04\/vagnexp0-se-prepare-a-accueillir-des-milliers-de-visiteurs-les-12-13-et-14-avril\/\"]}]},{\"@type\":\"ImageObject\",\"inLanguage\":\"fr-FR\",\"@id\":\"https:\/\/vosgesinfo.fr\/remiremontinfo\/2024\/04\/vagnexp0-se-prepare-a-accueillir-des-milliers-de-visiteurs-les-12-13-et-14-avril\/#primaryimage\",\"url\":\"https:\/\/vosgesinfo.fr\/app\/uploads\/sites\/5\/2024\/04\/p1010283-scaled.jpg\",\"contentUrl\":\"https:\/\/vosgesinfo.fr\/app\/uploads\/sites\/5\/2024\/04\/p1010283-scaled.jpg\",\"width\":2560,\"height\":1920},{\"@type\":\"BreadcrumbList\",\"@id\":\"https:\/\/vosgesinfo.fr\/remiremontinfo\/2024\/04\/vagnexp0-se-prepare-a-accueillir-des-milliers-de-visiteurs-les-12-13-et-14-avril\/#breadcrumb\",\"itemListElement\":[{\"@type\":\"ListItem\",\"position\":1,\"name\":\"Home\",\"item\":\"https:\/\/vosgesinfo.fr\/remiremontinfo\/\"},{\"@type\":\"ListItem\",\"position\":2,\"name\":\"VAGN\u2019EXP0 se pr\u00e9pare \u00e0 accueillir des milliers de visiteurs les 12, 13 et 14 avril\"}]},{\"@type\":\"WebSite\",\"@id\":\"https:\/\/vosgesinfo.fr\/remiremontinfo\/#website\",\"url\":\"https:\/\/vosgesinfo.fr\/remiremontinfo\/\",\"name\":\"Remiremont Info\",\"description\":\"Toute l&#039;actualit\u00e9 de Remiremont\",\"publisher\":{\"@id\":\"https:\/\/vosgesinfo.fr\/remiremontinfo\/#organization\"},\"alternateName\":\"Toute l'actualit\u00e9 de Remiremont\",\"potentialAction\":[{\"@type\":\"SearchAction\",\"target\":{\"@type\":\"EntryPoint\",\"urlTemplate\":\"https:\/\/vosgesinfo.fr\/remiremontinfo\/?s={search_term_string}\"},\"query-input\":\"required name=search_term_string\"}],\"inLanguage\":\"fr-FR\"},{\"@type\":\"Organization\",\"@id\":\"https:\/\/vosgesinfo.fr\/remiremontinfo\/#organization\",\"name\":\"Remiremont Info\",\"url\":\"https:\/\/vosgesinfo.fr\/remiremontinfo\/\",\"logo\":{\"@type\":\"ImageObject\",\"inLanguage\":\"fr-FR\",\"@id\":\"https:\/\/vosgesinfo.fr\/remiremontinfo\/#\/schema\/logo\/image\/\",\"url\":\"https:\/\/vosgesinfo.fr\/app\/uploads\/sites\/5\/2023\/08\/favicon-remiremontinfo.png\",\"contentUrl\":\"https:\/\/vosgesinfo.fr\/app\/uploads\/sites\/5\/2023\/08\/favicon-remiremontinfo.png\",\"width\":512,\"height\":512,\"caption\":\"Remiremont Info\"},\"image\":{\"@id\":\"https:\/\/vosgesinfo.fr\/remiremontinfo\/#\/schema\/logo\/image\/\"},\"sameAs\":[\"https:\/\/www.facebook.com\/remiremontinfo\",\"https:\/\/x.com\/VosgesInfo88\",\"https:\/\/www.youtube.com\/@vosgesinfo\"]},{\"@type\":\"Person\",\"@id\":\"https:\/\/vosgesinfo.fr\/remiremontinfo\/#\/schema\/person\/db5605779a843dad16b5368f3e7613a5\",\"name\":\"QG\",\"image\":{\"@type\":\"ImageObject\",\"inLanguage\":\"fr-FR\",\"@id\":\"https:\/\/vosgesinfo.fr\/remiremontinfo\/#\/schema\/person\/image\/\",\"url\":\"https:\/\/secure.gravatar.com\/avatar\/ea80c42c204b534408512832fde52504ecabb9706bcb6151cf6175e5b64e6793?s=96&d=mm&r=g\",\"contentUrl\":\"https:\/\/secure.gravatar.com\/avatar\/ea80c42c204b534408512832fde52504ecabb9706bcb6151cf6175e5b64e6793?s=96&d=mm&r=g\",\"caption\":\"QG\"},\"url\":\"https:\/\/vosgesinfo.fr\/remiremontinfo\/author\/quentin88\/\"}]}<\/script>\n<!-- \/ Yoast SEO plugin. -->","yoast_head_json":{"title":"VAGN\u2019EXP0 se pr\u00e9pare \u00e0 accueillir des milliers de visiteurs les 12, 13 et 14 avril - Remiremont Info","robots":{"index":"index","follow":"follow","max-snippet":"max-snippet:-1","max-image-preview":"max-image-preview:large","max-video-preview":"max-video-preview:-1"},"canonical":"https:\/\/vosgesinfo.fr\/remiremontinfo\/2024\/04\/vagnexp0-se-prepare-a-accueillir-des-milliers-de-visiteurs-les-12-13-et-14-avril\/","twitter_card":"summary_large_image","twitter_title":"VAGN\u2019EXP0 se pr\u00e9pare \u00e0 accueillir des milliers de visiteurs les 12, 13 et 14 avril - Remiremont Info","twitter_description":"Il s\u2019agira de la 22\u00e8me \u00e9dition pour ce grand salon de printemps organis\u00e9 par l\u2019association des commer\u00e7ants et artisans de [&hellip;]","twitter_image":"https:\/\/vosgesinfo.fr\/app\/uploads\/sites\/5\/2024\/04\/p1010283-scaled.jpg","twitter_creator":"@VosgesInfo88","twitter_site":"@VosgesInfo88","twitter_misc":{"\u00c9crit par":"QG","Dur\u00e9e de lecture estim\u00e9e":"2 minutes"},"schema":{"@context":"https:\/\/schema.org","@graph":[{"@type":"Article","@id":"https:\/\/vosgesinfo.fr\/remiremontinfo\/2024\/04\/vagnexp0-se-prepare-a-accueillir-des-milliers-de-visiteurs-les-12-13-et-14-avril\/#article","isPartOf":{"@id":"https:\/\/vosgesinfo.fr\/remiremontinfo\/2024\/04\/vagnexp0-se-prepare-a-accueillir-des-milliers-de-visiteurs-les-12-13-et-14-avril\/"},"author":{"name":"QG","@id":"https:\/\/vosgesinfo.fr\/remiremontinfo\/#\/schema\/person\/db5605779a843dad16b5368f3e7613a5"},"headline":"VAGN\u2019EXP0 se pr\u00e9pare \u00e0 accueillir des milliers de visiteurs les 12, 13 et 14 avril","datePublished":"2024-04-06T03:55:49+00:00","dateModified":"2024-04-04T15:58:53+00:00","mainEntityOfPage":{"@id":"https:\/\/vosgesinfo.fr\/remiremontinfo\/2024\/04\/vagnexp0-se-prepare-a-accueillir-des-milliers-de-visiteurs-les-12-13-et-14-avril\/"},"wordCount":353,"commentCount":0,"publisher":{"@id":"https:\/\/vosgesinfo.fr\/remiremontinfo\/#organization"},"image":{"@id":"https:\/\/vosgesinfo.fr\/remiremontinfo\/2024\/04\/vagnexp0-se-prepare-a-accueillir-des-milliers-de-visiteurs-les-12-13-et-14-avril\/#primaryimage"},"thumbnailUrl":"https:\/\/vosgesinfo.fr\/app\/uploads\/sites\/5\/2024\/04\/p1010283-scaled.jpg","keywords":["Vagn'expo"],"articleSection":["A la Une","Ev\u00e8nements"],"inLanguage":"fr-FR","potentialAction":[{"@type":"CommentAction","name":"Comment","target":["https:\/\/vosgesinfo.fr\/remiremontinfo\/2024\/04\/vagnexp0-se-prepare-a-accueillir-des-milliers-de-visiteurs-les-12-13-et-14-avril\/#respond"]}]},{"@type":"WebPage","@id":"https:\/\/vosgesinfo.fr\/remiremontinfo\/2024\/04\/vagnexp0-se-prepare-a-accueillir-des-milliers-de-visiteurs-les-12-13-et-14-avril\/","url":"https:\/\/vosgesinfo.fr\/remiremontinfo\/2024\/04\/vagnexp0-se-prepare-a-accueillir-des-milliers-de-visiteurs-les-12-13-et-14-avril\/","name":"VAGN\u2019EXP0 se pr\u00e9pare \u00e0 accueillir des milliers de visiteurs les 12, 13 et 14 avril - Remiremont Info","isPartOf":{"@id":"https:\/\/vosgesinfo.fr\/remiremontinfo\/#website"},"primaryImageOfPage":{"@id":"https:\/\/vosgesinfo.fr\/remiremontinfo\/2024\/04\/vagnexp0-se-prepare-a-accueillir-des-milliers-de-visiteurs-les-12-13-et-14-avril\/#primaryimage"},"image":{"@id":"https:\/\/vosgesinfo.fr\/remiremontinfo\/2024\/04\/vagnexp0-se-prepare-a-accueillir-des-milliers-de-visiteurs-les-12-13-et-14-avril\/#primaryimage"},"thumbnailUrl":"https:\/\/vosgesinfo.fr\/app\/uploads\/sites\/5\/2024\/04\/p1010283-scaled.jpg","datePublished":"2024-04-06T03:55:49+00:00","dateModified":"2024-04-04T15:58:53+00:00","breadcrumb":{"@id":"https:\/\/vosgesinfo.fr\/remiremontinfo\/2024\/04\/vagnexp0-se-prepare-a-accueillir-des-milliers-de-visiteurs-les-12-13-et-14-avril\/#breadcrumb"},"inLanguage":"fr-FR","potentialAction":[{"@type":"ReadAction","target":["https:\/\/vosgesinfo.fr\/remiremontinfo\/2024\/04\/vagnexp0-se-prepare-a-accueillir-des-milliers-de-visiteurs-les-12-13-et-14-avril\/"]}]},{"@type":"ImageObject","inLanguage":"fr-FR","@id":"https:\/\/vosgesinfo.fr\/remiremontinfo\/2024\/04\/vagnexp0-se-prepare-a-accueillir-des-milliers-de-visiteurs-les-12-13-et-14-avril\/#primaryimage","url":"https:\/\/vosgesinfo.fr\/app\/uploads\/sites\/5\/2024\/04\/p1010283-scaled.jpg","contentUrl":"https:\/\/vosgesinfo.fr\/app\/uploads\/sites\/5\/2024\/04\/p1010283-scaled.jpg","width":2560,"height":1920},{"@type":"BreadcrumbList","@id":"https:\/\/vosgesinfo.fr\/remiremontinfo\/2024\/04\/vagnexp0-se-prepare-a-accueillir-des-milliers-de-visiteurs-les-12-13-et-14-avril\/#breadcrumb","itemListElement":[{"@type":"ListItem","position":1,"name":"Home","item":"https:\/\/vosgesinfo.fr\/remiremontinfo\/"},{"@type":"ListItem","position":2,"name":"VAGN\u2019EXP0 se pr\u00e9pare \u00e0 accueillir des milliers de visiteurs les 12, 13 et 14 avril"}]},{"@type":"WebSite","@id":"https:\/\/vosgesinfo.fr\/remiremontinfo\/#website","url":"https:\/\/vosgesinfo.fr\/remiremontinfo\/","name":"Remiremont Info","description":"Toute l&#039;actualit\u00e9 de Remiremont","publisher":{"@id":"https:\/\/vosgesinfo.fr\/remiremontinfo\/#organization"},"alternateName":"Toute l'actualit\u00e9 de Remiremont","potentialAction":[{"@type":"SearchAction","target":{"@type":"EntryPoint","urlTemplate":"https:\/\/vosgesinfo.fr\/remiremontinfo\/?s={search_term_string}"},"query-input":"required name=search_term_string"}],"inLanguage":"fr-FR"},{"@type":"Organization","@id":"https:\/\/vosgesinfo.fr\/remiremontinfo\/#organization","name":"Remiremont Info","url":"https:\/\/vosgesinfo.fr\/remiremontinfo\/","logo":{"@type":"ImageObject","inLanguage":"fr-FR","@id":"https:\/\/vosgesinfo.fr\/remiremontinfo\/#\/schema\/logo\/image\/","url":"https:\/\/vosgesinfo.fr\/app\/uploads\/sites\/5\/2023\/08\/favicon-remiremontinfo.png","contentUrl":"https:\/\/vosgesinfo.fr\/app\/uploads\/sites\/5\/2023\/08\/favicon-remiremontinfo.png","width":512,"height":512,"caption":"Remiremont Info"},"image":{"@id":"https:\/\/vosgesinfo.fr\/remiremontinfo\/#\/schema\/logo\/image\/"},"sameAs":["https:\/\/www.facebook.com\/remiremontinfo","https:\/\/x.com\/VosgesInfo88","https:\/\/www.youtube.com\/@vosgesinfo"]},{"@type":"Person","@id":"https:\/\/vosgesinfo.fr\/remiremontinfo\/#\/schema\/person\/db5605779a843dad16b5368f3e7613a5","name":"QG","image":{"@type":"ImageObject","inLanguage":"fr-FR","@id":"https:\/\/vosgesinfo.fr\/remiremontinfo\/#\/schema\/person\/image\/","url":"https:\/\/secure.gravatar.com\/avatar\/ea80c42c204b534408512832fde52504ecabb9706bcb6151cf6175e5b64e6793?s=96&d=mm&r=g","contentUrl":"https:\/\/secure.gravatar.com\/avatar\/ea80c42c204b534408512832fde52504ecabb9706bcb6151cf6175e5b64e6793?s=96&d=mm&r=g","caption":"QG"},"url":"https:\/\/vosgesinfo.fr\/remiremontinfo\/author\/quentin88\/"}]}},"_links":{"self":[{"href":"https:\/\/vosgesinfo.fr\/remiremontinfo\/wp-json\/wp\/v2\/posts\/5572","targetHints":{"allow":["GET"]}}],"collection":[{"href":"https:\/\/vosgesinfo.fr\/remiremontinfo\/wp-json\/wp\/v2\/posts"}],"about":[{"href":"https:\/\/vosgesinfo.fr\/remiremontinfo\/wp-json\/wp\/v2\/types\/post"}],"author":[{"embeddable":true,"href":"https:\/\/vosgesinfo.fr\/remiremontinfo\/wp-json\/wp\/v2\/users\/42"}],"replies":[{"embeddable":true,"href":"https:\/\/vosgesinfo.fr\/remiremontinfo\/wp-json\/wp\/v2\/comments?post=5572"}],"version-history":[{"count":1,"href":"https:\/\/vosgesinfo.fr\/remiremontinfo\/wp-json\/wp\/v2\/posts\/5572\/revisions"}],"predecessor-version":[{"id":5575,"href":"https:\/\/vosgesinfo.fr\/remiremontinfo\/wp-json\/wp\/v2\/posts\/5572\/revisions\/5575"}],"wp:featuredmedia":[{"embeddable":true,"href":"https:\/\/vosgesinfo.fr\/remiremontinfo\/wp-json\/wp\/v2\/media\/5574"}],"wp:attachment":[{"href":"https:\/\/vosgesinfo.fr\/remiremontinfo\/wp-json\/wp\/v2\/media?parent=5572"}],"wp:term":[{"taxonomy":"category","embeddable":true,"href":"https:\/\/vosgesinfo.fr\/remiremontinfo\/wp-json\/wp\/v2\/categories?post=5572"},{"taxonomy":"post_tag","embeddable":true,"href":"https:\/\/vosgesinfo.fr\/remiremontinfo\/wp-json\/wp\/v2\/tags?post=5572"}],"curies":[{"name":"wp","href":"https:\/\/api.w.org\/{rel}","templated":true}]}}