{"id":55946,"date":"2022-05-17T05:41:31","date_gmt":"2022-05-17T03:41:31","guid":{"rendered":"https:\/\/vosgesinfo.fr\/remiremontinfo\/2022\/05\/30eme-anniversaire-de-lamicale-anciens-sapeurs-pompiers-de-paris-groupement-vosges-hommage-aux-soldats-morts-feu\/"},"modified":"2022-05-17T05:41:31","modified_gmt":"2022-05-17T03:41:31","slug":"30eme-anniversaire-de-lamicale-anciens-sapeurs-pompiers-de-paris-groupement-vosges-hommage-aux-soldats-morts-feu","status":"publish","type":"post","link":"https:\/\/vosgesinfo.fr\/remiremontinfo\/2022\/05\/30eme-anniversaire-de-lamicale-anciens-sapeurs-pompiers-de-paris-groupement-vosges-hommage-aux-soldats-morts-feu\/","title":{"rendered":"30\u00e8me anniversaire de l\u2019amicale des Anciens Sapeurs-Pompiers de Paris Groupement Vosges : hommage aux soldats morts au feu"},"content":{"rendered":"<p><strong>Dimanche matin, le Centre d\u2019Incendie et de Secours de G\u00e9rardmer accueillait la traditionnelle c\u00e9r\u00e9monie d\u2019hommage aux sapeurs pompiers morts au feu de Paris et des Vosges ainsi que les remises de m\u00e9dailles comm\u00e9moratives des 30 ans de l\u2019amicale Anciens sapeurs pompiers de Paris Groupement Vosges. Un \u00e9v\u00e9nement orchestr\u00e9 par le\u00a0Chef de Centre Adjoint le Lieutenant BARADEL,\u00a0et qui s\u2019est d\u00e9roul\u00e9 en pr\u00e9sence du Commandant Val\u00e9rie LOSSIGNOL de la Brigade des Sapeurs-Pompiers de Paris qui repr\u00e9sentait pour l\u2019occasion le G\u00e9n\u00e9ral de Division Jean-Marie GONTIER.<\/strong><\/p>\n<p><a href=\"https:\/\/gerardmerinfo.fr\/wp-content\/uploads\/2022\/05\/sapeurs-Pompiers-Paris-Vosges-4.jpg\" data-featherlight=\"image\"><img decoding=\"async\" class=\"size-medium wp-image-189412\" src=\"https:\/\/vosgesinfo.fr\/app\/uploads\/sites\/5\/2022\/05\/sapeurs-pompiers-paris-vosges-4-340x255-1.jpg\" alt=\"D\u00e9p\u00f4t de gerbe pour les anciens BSPP par SONTOT Pr\u00e9sident de l\u2019amicale des Vosges, le Commandant Val\u00e9rie Lossignol repr\u00e9sentante de la BSPP, et Christian SCHMITT du GNASPP.\" width=\"340\" height=\"255\" \/><\/a><\/p>\n<p align=\"justify\">Le covid-19 avec ses confinements et restrictions de toute sorte, ont depuis 2 ans et demi, emp\u00each\u00e9 toutes r\u00e9unions de se tenir dignement, les r\u00e9unions nationales se sont tenues en vision conf\u00e9rence, c\u2019est seulement depuis moins de 2 mois que la possibilit\u00e9 d\u2019organiser une courte Assembl\u00e9e G\u00e9n\u00e9rale faisant un tour d\u2019horizon de ces quasi 3 ann\u00e9es \u00ab\u00a0blanches\u00a0\u00bb la r\u00e9union de travail consistant \u00e0 faire \u00e9tat de la modification de notre f\u00e9d\u00e9ration qui est maintenant Groupement et par cons\u00e9quent le 7<sup>i\u00e8me<\/sup>\u00a0Groupement de la Brigade de Sapeurs-Pompiers de Paris.<\/p>\n","protected":false},"excerpt":{"rendered":"<p>Dimanche matin, le Centre d\u2019Incendie et de Secours de G\u00e9rardmer accueillait la traditionnelle c\u00e9r\u00e9monie d\u2019hommage aux sapeurs pompiers morts au [&hellip;]<\/p>\n","protected":false},"author":407,"featured_media":55947,"comment_status":"open","ping_status":"open","sticky":false,"template":"","format":"standard","meta":{"footnotes":""},"categories":[26,18],"tags":[1422,148,32],"class_list":["post-55946","post","type-post","status-publish","format-standard","has-post-thumbnail","hentry","category-a-la-une","category-vosges","tag-amicale","tag-pompiers","tag-vosges"],"acf":[],"yoast_head":"<!-- This site is optimized with the Yoast SEO plugin v22.5 - https:\/\/yoast.com\/wordpress\/plugins\/seo\/ -->\n<title>30\u00e8me anniversaire de l\u2019amicale des Anciens Sapeurs-Pompiers de Paris Groupement Vosges : hommage aux soldats morts au feu - Remiremont Info<\/title>\n<meta name=\"robots\" content=\"index, follow, max-snippet:-1, max-image-preview:large, max-video-preview:-1\" \/>\n<link rel=\"canonical\" href=\"https:\/\/vosgesinfo.fr\/remiremontinfo\/2022\/05\/30eme-anniversaire-de-lamicale-anciens-sapeurs-pompiers-de-paris-groupement-vosges-hommage-aux-soldats-morts-feu\/\" \/>\n<meta name=\"twitter:card\" content=\"summary_large_image\" \/>\n<meta name=\"twitter:title\" content=\"30\u00e8me anniversaire de l\u2019amicale des Anciens Sapeurs-Pompiers de Paris Groupement Vosges : hommage aux soldats morts au feu - Remiremont Info\" \/>\n<meta name=\"twitter:description\" content=\"Dimanche matin, le Centre d\u2019Incendie et de Secours de G\u00e9rardmer accueillait la traditionnelle c\u00e9r\u00e9monie d\u2019hommage aux sapeurs pompiers morts au [&hellip;]\" \/>\n<meta name=\"twitter:image\" content=\"https:\/\/vosgesinfo.fr\/app\/uploads\/sites\/5\/2024\/09\/202205sapeurs-pompiers-paris-vosges-4.jpg\" \/>\n<meta name=\"twitter:creator\" content=\"@VosgesInfo88\" \/>\n<meta name=\"twitter:site\" content=\"@VosgesInfo88\" \/>\n<meta name=\"twitter:label1\" content=\"\u00c9crit par\" \/>\n\t<meta name=\"twitter:data1\" content=\"C D\" \/>\n\t<meta name=\"twitter:label2\" content=\"Dur\u00e9e de lecture estim\u00e9e\" \/>\n\t<meta name=\"twitter:data2\" content=\"1 minute\" \/>\n<script type=\"application\/ld+json\" class=\"yoast-schema-graph\">{\"@context\":\"https:\/\/schema.org\",\"@graph\":[{\"@type\":\"Article\",\"@id\":\"https:\/\/vosgesinfo.fr\/remiremontinfo\/2022\/05\/30eme-anniversaire-de-lamicale-anciens-sapeurs-pompiers-de-paris-groupement-vosges-hommage-aux-soldats-morts-feu\/#article\",\"isPartOf\":{\"@id\":\"https:\/\/vosgesinfo.fr\/remiremontinfo\/2022\/05\/30eme-anniversaire-de-lamicale-anciens-sapeurs-pompiers-de-paris-groupement-vosges-hommage-aux-soldats-morts-feu\/\"},\"author\":{\"name\":\"C D\",\"@id\":\"https:\/\/vosgesinfo.fr\/remiremontinfo\/#\/schema\/person\/3bfd164d5218a185b1db68655a265316\"},\"headline\":\"30\u00e8me anniversaire de l\u2019amicale des Anciens Sapeurs-Pompiers de Paris Groupement Vosges : hommage aux soldats morts au feu\",\"datePublished\":\"2022-05-17T03:41:31+00:00\",\"dateModified\":\"2022-05-17T03:41:31+00:00\",\"mainEntityOfPage\":{\"@id\":\"https:\/\/vosgesinfo.fr\/remiremontinfo\/2022\/05\/30eme-anniversaire-de-lamicale-anciens-sapeurs-pompiers-de-paris-groupement-vosges-hommage-aux-soldats-morts-feu\/\"},\"wordCount\":218,\"commentCount\":0,\"publisher\":{\"@id\":\"https:\/\/vosgesinfo.fr\/remiremontinfo\/#organization\"},\"image\":{\"@id\":\"https:\/\/vosgesinfo.fr\/remiremontinfo\/2022\/05\/30eme-anniversaire-de-lamicale-anciens-sapeurs-pompiers-de-paris-groupement-vosges-hommage-aux-soldats-morts-feu\/#primaryimage\"},\"thumbnailUrl\":\"https:\/\/vosgesinfo.fr\/app\/uploads\/sites\/5\/2024\/09\/202205sapeurs-pompiers-paris-vosges-4.jpg\",\"keywords\":[\"Amicale\",\"pompiers\",\"Vosges\"],\"articleSection\":[\"A la Une\",\"Vosges\"],\"inLanguage\":\"fr-FR\",\"potentialAction\":[{\"@type\":\"CommentAction\",\"name\":\"Comment\",\"target\":[\"https:\/\/vosgesinfo.fr\/remiremontinfo\/2022\/05\/30eme-anniversaire-de-lamicale-anciens-sapeurs-pompiers-de-paris-groupement-vosges-hommage-aux-soldats-morts-feu\/#respond\"]}]},{\"@type\":\"WebPage\",\"@id\":\"https:\/\/vosgesinfo.fr\/remiremontinfo\/2022\/05\/30eme-anniversaire-de-lamicale-anciens-sapeurs-pompiers-de-paris-groupement-vosges-hommage-aux-soldats-morts-feu\/\",\"url\":\"https:\/\/vosgesinfo.fr\/remiremontinfo\/2022\/05\/30eme-anniversaire-de-lamicale-anciens-sapeurs-pompiers-de-paris-groupement-vosges-hommage-aux-soldats-morts-feu\/\",\"name\":\"30\u00e8me anniversaire de l\u2019amicale des Anciens Sapeurs-Pompiers de Paris Groupement Vosges : hommage aux soldats morts au feu - Remiremont Info\",\"isPartOf\":{\"@id\":\"https:\/\/vosgesinfo.fr\/remiremontinfo\/#website\"},\"primaryImageOfPage\":{\"@id\":\"https:\/\/vosgesinfo.fr\/remiremontinfo\/2022\/05\/30eme-anniversaire-de-lamicale-anciens-sapeurs-pompiers-de-paris-groupement-vosges-hommage-aux-soldats-morts-feu\/#primaryimage\"},\"image\":{\"@id\":\"https:\/\/vosgesinfo.fr\/remiremontinfo\/2022\/05\/30eme-anniversaire-de-lamicale-anciens-sapeurs-pompiers-de-paris-groupement-vosges-hommage-aux-soldats-morts-feu\/#primaryimage\"},\"thumbnailUrl\":\"https:\/\/vosgesinfo.fr\/app\/uploads\/sites\/5\/2024\/09\/202205sapeurs-pompiers-paris-vosges-4.jpg\",\"datePublished\":\"2022-05-17T03:41:31+00:00\",\"dateModified\":\"2022-05-17T03:41:31+00:00\",\"breadcrumb\":{\"@id\":\"https:\/\/vosgesinfo.fr\/remiremontinfo\/2022\/05\/30eme-anniversaire-de-lamicale-anciens-sapeurs-pompiers-de-paris-groupement-vosges-hommage-aux-soldats-morts-feu\/#breadcrumb\"},\"inLanguage\":\"fr-FR\",\"potentialAction\":[{\"@type\":\"ReadAction\",\"target\":[\"https:\/\/vosgesinfo.fr\/remiremontinfo\/2022\/05\/30eme-anniversaire-de-lamicale-anciens-sapeurs-pompiers-de-paris-groupement-vosges-hommage-aux-soldats-morts-feu\/\"]}]},{\"@type\":\"ImageObject\",\"inLanguage\":\"fr-FR\",\"@id\":\"https:\/\/vosgesinfo.fr\/remiremontinfo\/2022\/05\/30eme-anniversaire-de-lamicale-anciens-sapeurs-pompiers-de-paris-groupement-vosges-hommage-aux-soldats-morts-feu\/#primaryimage\",\"url\":\"https:\/\/vosgesinfo.fr\/app\/uploads\/sites\/5\/2024\/09\/202205sapeurs-pompiers-paris-vosges-4.jpg\",\"contentUrl\":\"https:\/\/vosgesinfo.fr\/app\/uploads\/sites\/5\/2024\/09\/202205sapeurs-pompiers-paris-vosges-4.jpg\",\"width\":1600,\"height\":1200},{\"@type\":\"BreadcrumbList\",\"@id\":\"https:\/\/vosgesinfo.fr\/remiremontinfo\/2022\/05\/30eme-anniversaire-de-lamicale-anciens-sapeurs-pompiers-de-paris-groupement-vosges-hommage-aux-soldats-morts-feu\/#breadcrumb\",\"itemListElement\":[{\"@type\":\"ListItem\",\"position\":1,\"name\":\"Home\",\"item\":\"https:\/\/vosgesinfo.fr\/remiremontinfo\/\"},{\"@type\":\"ListItem\",\"position\":2,\"name\":\"30\u00e8me anniversaire de l\u2019amicale des Anciens Sapeurs-Pompiers de Paris Groupement Vosges : hommage aux soldats morts au feu\"}]},{\"@type\":\"WebSite\",\"@id\":\"https:\/\/vosgesinfo.fr\/remiremontinfo\/#website\",\"url\":\"https:\/\/vosgesinfo.fr\/remiremontinfo\/\",\"name\":\"Remiremont Info\",\"description\":\"Toute l&#039;actualit\u00e9 de Remiremont\",\"publisher\":{\"@id\":\"https:\/\/vosgesinfo.fr\/remiremontinfo\/#organization\"},\"alternateName\":\"Toute l'actualit\u00e9 de Remiremont\",\"potentialAction\":[{\"@type\":\"SearchAction\",\"target\":{\"@type\":\"EntryPoint\",\"urlTemplate\":\"https:\/\/vosgesinfo.fr\/remiremontinfo\/?s={search_term_string}\"},\"query-input\":\"required name=search_term_string\"}],\"inLanguage\":\"fr-FR\"},{\"@type\":\"Organization\",\"@id\":\"https:\/\/vosgesinfo.fr\/remiremontinfo\/#organization\",\"name\":\"Remiremont Info\",\"url\":\"https:\/\/vosgesinfo.fr\/remiremontinfo\/\",\"logo\":{\"@type\":\"ImageObject\",\"inLanguage\":\"fr-FR\",\"@id\":\"https:\/\/vosgesinfo.fr\/remiremontinfo\/#\/schema\/logo\/image\/\",\"url\":\"https:\/\/vosgesinfo.fr\/app\/uploads\/sites\/5\/2023\/08\/favicon-remiremontinfo.png\",\"contentUrl\":\"https:\/\/vosgesinfo.fr\/app\/uploads\/sites\/5\/2023\/08\/favicon-remiremontinfo.png\",\"width\":512,\"height\":512,\"caption\":\"Remiremont Info\"},\"image\":{\"@id\":\"https:\/\/vosgesinfo.fr\/remiremontinfo\/#\/schema\/logo\/image\/\"},\"sameAs\":[\"https:\/\/www.facebook.com\/remiremontinfo\",\"https:\/\/x.com\/VosgesInfo88\",\"https:\/\/www.youtube.com\/@vosgesinfo\"]},{\"@type\":\"Person\",\"@id\":\"https:\/\/vosgesinfo.fr\/remiremontinfo\/#\/schema\/person\/3bfd164d5218a185b1db68655a265316\",\"name\":\"C D\",\"image\":{\"@type\":\"ImageObject\",\"inLanguage\":\"fr-FR\",\"@id\":\"https:\/\/vosgesinfo.fr\/remiremontinfo\/#\/schema\/person\/image\/\",\"url\":\"https:\/\/secure.gravatar.com\/avatar\/1f9a70007336511a47468b8f1c66f922b8b7cf617b02a31149ada43893a5d48f?s=96&d=mm&r=g\",\"contentUrl\":\"https:\/\/secure.gravatar.com\/avatar\/1f9a70007336511a47468b8f1c66f922b8b7cf617b02a31149ada43893a5d48f?s=96&d=mm&r=g\",\"caption\":\"C D\"},\"url\":\"https:\/\/vosgesinfo.fr\/remiremontinfo\/author\/cedric-drevet\/\"}]}<\/script>\n<!-- \/ Yoast SEO plugin. -->","yoast_head_json":{"title":"30\u00e8me anniversaire de l\u2019amicale des Anciens Sapeurs-Pompiers de Paris Groupement Vosges : hommage aux soldats morts au feu - Remiremont Info","robots":{"index":"index","follow":"follow","max-snippet":"max-snippet:-1","max-image-preview":"max-image-preview:large","max-video-preview":"max-video-preview:-1"},"canonical":"https:\/\/vosgesinfo.fr\/remiremontinfo\/2022\/05\/30eme-anniversaire-de-lamicale-anciens-sapeurs-pompiers-de-paris-groupement-vosges-hommage-aux-soldats-morts-feu\/","twitter_card":"summary_large_image","twitter_title":"30\u00e8me anniversaire de l\u2019amicale des Anciens Sapeurs-Pompiers de Paris Groupement Vosges : hommage aux soldats morts au feu - Remiremont Info","twitter_description":"Dimanche matin, le Centre d\u2019Incendie et de Secours de G\u00e9rardmer accueillait la traditionnelle c\u00e9r\u00e9monie d\u2019hommage aux sapeurs pompiers morts au [&hellip;]","twitter_image":"https:\/\/vosgesinfo.fr\/app\/uploads\/sites\/5\/2024\/09\/202205sapeurs-pompiers-paris-vosges-4.jpg","twitter_creator":"@VosgesInfo88","twitter_site":"@VosgesInfo88","twitter_misc":{"\u00c9crit par":"C D","Dur\u00e9e de lecture estim\u00e9e":"1 minute"},"schema":{"@context":"https:\/\/schema.org","@graph":[{"@type":"Article","@id":"https:\/\/vosgesinfo.fr\/remiremontinfo\/2022\/05\/30eme-anniversaire-de-lamicale-anciens-sapeurs-pompiers-de-paris-groupement-vosges-hommage-aux-soldats-morts-feu\/#article","isPartOf":{"@id":"https:\/\/vosgesinfo.fr\/remiremontinfo\/2022\/05\/30eme-anniversaire-de-lamicale-anciens-sapeurs-pompiers-de-paris-groupement-vosges-hommage-aux-soldats-morts-feu\/"},"author":{"name":"C D","@id":"https:\/\/vosgesinfo.fr\/remiremontinfo\/#\/schema\/person\/3bfd164d5218a185b1db68655a265316"},"headline":"30\u00e8me anniversaire de l\u2019amicale des Anciens Sapeurs-Pompiers de Paris Groupement Vosges : hommage aux soldats morts au feu","datePublished":"2022-05-17T03:41:31+00:00","dateModified":"2022-05-17T03:41:31+00:00","mainEntityOfPage":{"@id":"https:\/\/vosgesinfo.fr\/remiremontinfo\/2022\/05\/30eme-anniversaire-de-lamicale-anciens-sapeurs-pompiers-de-paris-groupement-vosges-hommage-aux-soldats-morts-feu\/"},"wordCount":218,"commentCount":0,"publisher":{"@id":"https:\/\/vosgesinfo.fr\/remiremontinfo\/#organization"},"image":{"@id":"https:\/\/vosgesinfo.fr\/remiremontinfo\/2022\/05\/30eme-anniversaire-de-lamicale-anciens-sapeurs-pompiers-de-paris-groupement-vosges-hommage-aux-soldats-morts-feu\/#primaryimage"},"thumbnailUrl":"https:\/\/vosgesinfo.fr\/app\/uploads\/sites\/5\/2024\/09\/202205sapeurs-pompiers-paris-vosges-4.jpg","keywords":["Amicale","pompiers","Vosges"],"articleSection":["A la Une","Vosges"],"inLanguage":"fr-FR","potentialAction":[{"@type":"CommentAction","name":"Comment","target":["https:\/\/vosgesinfo.fr\/remiremontinfo\/2022\/05\/30eme-anniversaire-de-lamicale-anciens-sapeurs-pompiers-de-paris-groupement-vosges-hommage-aux-soldats-morts-feu\/#respond"]}]},{"@type":"WebPage","@id":"https:\/\/vosgesinfo.fr\/remiremontinfo\/2022\/05\/30eme-anniversaire-de-lamicale-anciens-sapeurs-pompiers-de-paris-groupement-vosges-hommage-aux-soldats-morts-feu\/","url":"https:\/\/vosgesinfo.fr\/remiremontinfo\/2022\/05\/30eme-anniversaire-de-lamicale-anciens-sapeurs-pompiers-de-paris-groupement-vosges-hommage-aux-soldats-morts-feu\/","name":"30\u00e8me anniversaire de l\u2019amicale des Anciens Sapeurs-Pompiers de Paris Groupement Vosges : hommage aux soldats morts au feu - Remiremont Info","isPartOf":{"@id":"https:\/\/vosgesinfo.fr\/remiremontinfo\/#website"},"primaryImageOfPage":{"@id":"https:\/\/vosgesinfo.fr\/remiremontinfo\/2022\/05\/30eme-anniversaire-de-lamicale-anciens-sapeurs-pompiers-de-paris-groupement-vosges-hommage-aux-soldats-morts-feu\/#primaryimage"},"image":{"@id":"https:\/\/vosgesinfo.fr\/remiremontinfo\/2022\/05\/30eme-anniversaire-de-lamicale-anciens-sapeurs-pompiers-de-paris-groupement-vosges-hommage-aux-soldats-morts-feu\/#primaryimage"},"thumbnailUrl":"https:\/\/vosgesinfo.fr\/app\/uploads\/sites\/5\/2024\/09\/202205sapeurs-pompiers-paris-vosges-4.jpg","datePublished":"2022-05-17T03:41:31+00:00","dateModified":"2022-05-17T03:41:31+00:00","breadcrumb":{"@id":"https:\/\/vosgesinfo.fr\/remiremontinfo\/2022\/05\/30eme-anniversaire-de-lamicale-anciens-sapeurs-pompiers-de-paris-groupement-vosges-hommage-aux-soldats-morts-feu\/#breadcrumb"},"inLanguage":"fr-FR","potentialAction":[{"@type":"ReadAction","target":["https:\/\/vosgesinfo.fr\/remiremontinfo\/2022\/05\/30eme-anniversaire-de-lamicale-anciens-sapeurs-pompiers-de-paris-groupement-vosges-hommage-aux-soldats-morts-feu\/"]}]},{"@type":"ImageObject","inLanguage":"fr-FR","@id":"https:\/\/vosgesinfo.fr\/remiremontinfo\/2022\/05\/30eme-anniversaire-de-lamicale-anciens-sapeurs-pompiers-de-paris-groupement-vosges-hommage-aux-soldats-morts-feu\/#primaryimage","url":"https:\/\/vosgesinfo.fr\/app\/uploads\/sites\/5\/2024\/09\/202205sapeurs-pompiers-paris-vosges-4.jpg","contentUrl":"https:\/\/vosgesinfo.fr\/app\/uploads\/sites\/5\/2024\/09\/202205sapeurs-pompiers-paris-vosges-4.jpg","width":1600,"height":1200},{"@type":"BreadcrumbList","@id":"https:\/\/vosgesinfo.fr\/remiremontinfo\/2022\/05\/30eme-anniversaire-de-lamicale-anciens-sapeurs-pompiers-de-paris-groupement-vosges-hommage-aux-soldats-morts-feu\/#breadcrumb","itemListElement":[{"@type":"ListItem","position":1,"name":"Home","item":"https:\/\/vosgesinfo.fr\/remiremontinfo\/"},{"@type":"ListItem","position":2,"name":"30\u00e8me anniversaire de l\u2019amicale des Anciens Sapeurs-Pompiers de Paris Groupement Vosges : hommage aux soldats morts au feu"}]},{"@type":"WebSite","@id":"https:\/\/vosgesinfo.fr\/remiremontinfo\/#website","url":"https:\/\/vosgesinfo.fr\/remiremontinfo\/","name":"Remiremont Info","description":"Toute l&#039;actualit\u00e9 de Remiremont","publisher":{"@id":"https:\/\/vosgesinfo.fr\/remiremontinfo\/#organization"},"alternateName":"Toute l'actualit\u00e9 de Remiremont","potentialAction":[{"@type":"SearchAction","target":{"@type":"EntryPoint","urlTemplate":"https:\/\/vosgesinfo.fr\/remiremontinfo\/?s={search_term_string}"},"query-input":"required name=search_term_string"}],"inLanguage":"fr-FR"},{"@type":"Organization","@id":"https:\/\/vosgesinfo.fr\/remiremontinfo\/#organization","name":"Remiremont Info","url":"https:\/\/vosgesinfo.fr\/remiremontinfo\/","logo":{"@type":"ImageObject","inLanguage":"fr-FR","@id":"https:\/\/vosgesinfo.fr\/remiremontinfo\/#\/schema\/logo\/image\/","url":"https:\/\/vosgesinfo.fr\/app\/uploads\/sites\/5\/2023\/08\/favicon-remiremontinfo.png","contentUrl":"https:\/\/vosgesinfo.fr\/app\/uploads\/sites\/5\/2023\/08\/favicon-remiremontinfo.png","width":512,"height":512,"caption":"Remiremont Info"},"image":{"@id":"https:\/\/vosgesinfo.fr\/remiremontinfo\/#\/schema\/logo\/image\/"},"sameAs":["https:\/\/www.facebook.com\/remiremontinfo","https:\/\/x.com\/VosgesInfo88","https:\/\/www.youtube.com\/@vosgesinfo"]},{"@type":"Person","@id":"https:\/\/vosgesinfo.fr\/remiremontinfo\/#\/schema\/person\/3bfd164d5218a185b1db68655a265316","name":"C D","image":{"@type":"ImageObject","inLanguage":"fr-FR","@id":"https:\/\/vosgesinfo.fr\/remiremontinfo\/#\/schema\/person\/image\/","url":"https:\/\/secure.gravatar.com\/avatar\/1f9a70007336511a47468b8f1c66f922b8b7cf617b02a31149ada43893a5d48f?s=96&d=mm&r=g","contentUrl":"https:\/\/secure.gravatar.com\/avatar\/1f9a70007336511a47468b8f1c66f922b8b7cf617b02a31149ada43893a5d48f?s=96&d=mm&r=g","caption":"C D"},"url":"https:\/\/vosgesinfo.fr\/remiremontinfo\/author\/cedric-drevet\/"}]}},"_links":{"self":[{"href":"https:\/\/vosgesinfo.fr\/remiremontinfo\/wp-json\/wp\/v2\/posts\/55946","targetHints":{"allow":["GET"]}}],"collection":[{"href":"https:\/\/vosgesinfo.fr\/remiremontinfo\/wp-json\/wp\/v2\/posts"}],"about":[{"href":"https:\/\/vosgesinfo.fr\/remiremontinfo\/wp-json\/wp\/v2\/types\/post"}],"author":[{"embeddable":true,"href":"https:\/\/vosgesinfo.fr\/remiremontinfo\/wp-json\/wp\/v2\/users\/407"}],"replies":[{"embeddable":true,"href":"https:\/\/vosgesinfo.fr\/remiremontinfo\/wp-json\/wp\/v2\/comments?post=55946"}],"version-history":[{"count":0,"href":"https:\/\/vosgesinfo.fr\/remiremontinfo\/wp-json\/wp\/v2\/posts\/55946\/revisions"}],"wp:featuredmedia":[{"embeddable":true,"href":"https:\/\/vosgesinfo.fr\/remiremontinfo\/wp-json\/wp\/v2\/media\/55947"}],"wp:attachment":[{"href":"https:\/\/vosgesinfo.fr\/remiremontinfo\/wp-json\/wp\/v2\/media?parent=55946"}],"wp:term":[{"taxonomy":"category","embeddable":true,"href":"https:\/\/vosgesinfo.fr\/remiremontinfo\/wp-json\/wp\/v2\/categories?post=55946"},{"taxonomy":"post_tag","embeddable":true,"href":"https:\/\/vosgesinfo.fr\/remiremontinfo\/wp-json\/wp\/v2\/tags?post=55946"}],"curies":[{"name":"wp","href":"https:\/\/api.w.org\/{rel}","templated":true}]}}