{"id":56385,"date":"2022-05-25T06:52:37","date_gmt":"2022-05-25T04:52:37","guid":{"rendered":"https:\/\/vosgesinfo.fr\/remiremontinfo\/2022\/05\/bellefontaine-belle-reussite-vente-de-fleurs-replants-de-legumes\/"},"modified":"2022-05-25T06:52:37","modified_gmt":"2022-05-25T04:52:37","slug":"bellefontaine-belle-reussite-vente-de-fleurs-replants-de-legumes","status":"publish","type":"post","link":"https:\/\/vosgesinfo.fr\/remiremontinfo\/2022\/05\/bellefontaine-belle-reussite-vente-de-fleurs-replants-de-legumes\/","title":{"rendered":"Bellefontaine : une belle r\u00e9ussite pour la vente de fleurs et replants de l\u00e9gumes"},"content":{"rendered":"<h2><span style=\"font-size: 12pt;\"><strong>C&rsquo;est sous un soleil radieux que les Amis du livre de la biblioth\u00e8que ont accueilli les amateurs de jardins dimanche 15 mai. Les visiteurs ont pu venir faire leur march\u00e9 dans la cour de l&rsquo;\u00e9cole. Leur \u00e9tait propos\u00e9e une belle vari\u00e9t\u00e9 de fleurs pour embellir l&rsquo;ext\u00e9rieur de la maison, mais aussi des plants de l\u00e9gumes a repiquer.<\/strong><\/span><\/h2>\n<p>Le fournisseur, Maison Frayard situ\u00e9 \u00e0 Thaon les Vosges et Golbey, \u00e0 livr\u00e9 le lendemain les commandes des pots venant \u00e0 manquer ou n&rsquo;ayant pas pu \u00eatre pr\u00e9sent\u00e9s ce jour. La vente a pour but de soutenir la biblioth\u00e8que pour l&rsquo;achat de mat\u00e9riel (film de protection, fournitures) et de nouveaux livres bien s\u00fbr. Toute l&rsquo;\u00e9quipe remercie les visiteurs pour leur soutien. Rendez-vous est donn\u00e9 en mai 2023.<\/p>\n\n","protected":false},"excerpt":{"rendered":"<p>C&rsquo;est sous un soleil radieux que les Amis du livre de la biblioth\u00e8que ont accueilli les amateurs de jardins dimanche [&hellip;]<\/p>\n","protected":false},"author":407,"featured_media":56386,"comment_status":"open","ping_status":"open","sticky":false,"template":"","format":"standard","meta":{"footnotes":""},"categories":[26,82],"tags":[577,2649,3945],"class_list":["post-56385","post","type-post","status-publish","format-standard","has-post-thumbnail","hentry","category-a-la-une","category-le-val-dajol-son-canton","tag-bellefontaine","tag-fleurs","tag-legumes"],"acf":[],"yoast_head":"<!-- This site is optimized with the Yoast SEO plugin v22.5 - https:\/\/yoast.com\/wordpress\/plugins\/seo\/ -->\n<title>Bellefontaine : une belle r\u00e9ussite pour la vente de fleurs et replants de l\u00e9gumes - Remiremont Info<\/title>\n<meta name=\"robots\" content=\"index, follow, max-snippet:-1, max-image-preview:large, max-video-preview:-1\" \/>\n<link rel=\"canonical\" href=\"https:\/\/vosgesinfo.fr\/remiremontinfo\/2022\/05\/bellefontaine-belle-reussite-vente-de-fleurs-replants-de-legumes\/\" \/>\n<meta name=\"twitter:card\" content=\"summary_large_image\" \/>\n<meta name=\"twitter:title\" content=\"Bellefontaine : une belle r\u00e9ussite pour la vente de fleurs et replants de l\u00e9gumes - Remiremont Info\" \/>\n<meta name=\"twitter:description\" content=\"C&rsquo;est sous un soleil radieux que les Amis du livre de la biblioth\u00e8que ont accueilli les amateurs de jardins dimanche [&hellip;]\" \/>\n<meta name=\"twitter:image\" content=\"https:\/\/vosgesinfo.fr\/app\/uploads\/sites\/5\/2024\/09\/202205capture-decran-2022-05-25-085631.png\" \/>\n<meta name=\"twitter:creator\" content=\"@VosgesInfo88\" \/>\n<meta name=\"twitter:site\" content=\"@VosgesInfo88\" \/>\n<meta name=\"twitter:label1\" content=\"\u00c9crit par\" \/>\n\t<meta name=\"twitter:data1\" content=\"C D\" \/>\n\t<meta name=\"twitter:label2\" content=\"Dur\u00e9e de lecture estim\u00e9e\" \/>\n\t<meta name=\"twitter:data2\" content=\"1 minute\" \/>\n<script type=\"application\/ld+json\" class=\"yoast-schema-graph\">{\"@context\":\"https:\/\/schema.org\",\"@graph\":[{\"@type\":\"Article\",\"@id\":\"https:\/\/vosgesinfo.fr\/remiremontinfo\/2022\/05\/bellefontaine-belle-reussite-vente-de-fleurs-replants-de-legumes\/#article\",\"isPartOf\":{\"@id\":\"https:\/\/vosgesinfo.fr\/remiremontinfo\/2022\/05\/bellefontaine-belle-reussite-vente-de-fleurs-replants-de-legumes\/\"},\"author\":{\"name\":\"C D\",\"@id\":\"https:\/\/vosgesinfo.fr\/remiremontinfo\/#\/schema\/person\/3bfd164d5218a185b1db68655a265316\"},\"headline\":\"Bellefontaine : une belle r\u00e9ussite pour la vente de fleurs et replants de l\u00e9gumes\",\"datePublished\":\"2022-05-25T04:52:37+00:00\",\"dateModified\":\"2022-05-25T04:52:37+00:00\",\"mainEntityOfPage\":{\"@id\":\"https:\/\/vosgesinfo.fr\/remiremontinfo\/2022\/05\/bellefontaine-belle-reussite-vente-de-fleurs-replants-de-legumes\/\"},\"wordCount\":158,\"commentCount\":0,\"publisher\":{\"@id\":\"https:\/\/vosgesinfo.fr\/remiremontinfo\/#organization\"},\"image\":{\"@id\":\"https:\/\/vosgesinfo.fr\/remiremontinfo\/2022\/05\/bellefontaine-belle-reussite-vente-de-fleurs-replants-de-legumes\/#primaryimage\"},\"thumbnailUrl\":\"https:\/\/vosgesinfo.fr\/app\/uploads\/sites\/5\/2024\/09\/202205capture-decran-2022-05-25-085631.png\",\"keywords\":[\"Bellefontaine\",\"fleurs\",\"l\u00e9gumes\"],\"articleSection\":[\"A la Une\",\"Le Val-d'Ajol &amp; son canton\"],\"inLanguage\":\"fr-FR\",\"potentialAction\":[{\"@type\":\"CommentAction\",\"name\":\"Comment\",\"target\":[\"https:\/\/vosgesinfo.fr\/remiremontinfo\/2022\/05\/bellefontaine-belle-reussite-vente-de-fleurs-replants-de-legumes\/#respond\"]}]},{\"@type\":\"WebPage\",\"@id\":\"https:\/\/vosgesinfo.fr\/remiremontinfo\/2022\/05\/bellefontaine-belle-reussite-vente-de-fleurs-replants-de-legumes\/\",\"url\":\"https:\/\/vosgesinfo.fr\/remiremontinfo\/2022\/05\/bellefontaine-belle-reussite-vente-de-fleurs-replants-de-legumes\/\",\"name\":\"Bellefontaine : une belle r\u00e9ussite pour la vente de fleurs et replants de l\u00e9gumes - Remiremont Info\",\"isPartOf\":{\"@id\":\"https:\/\/vosgesinfo.fr\/remiremontinfo\/#website\"},\"primaryImageOfPage\":{\"@id\":\"https:\/\/vosgesinfo.fr\/remiremontinfo\/2022\/05\/bellefontaine-belle-reussite-vente-de-fleurs-replants-de-legumes\/#primaryimage\"},\"image\":{\"@id\":\"https:\/\/vosgesinfo.fr\/remiremontinfo\/2022\/05\/bellefontaine-belle-reussite-vente-de-fleurs-replants-de-legumes\/#primaryimage\"},\"thumbnailUrl\":\"https:\/\/vosgesinfo.fr\/app\/uploads\/sites\/5\/2024\/09\/202205capture-decran-2022-05-25-085631.png\",\"datePublished\":\"2022-05-25T04:52:37+00:00\",\"dateModified\":\"2022-05-25T04:52:37+00:00\",\"breadcrumb\":{\"@id\":\"https:\/\/vosgesinfo.fr\/remiremontinfo\/2022\/05\/bellefontaine-belle-reussite-vente-de-fleurs-replants-de-legumes\/#breadcrumb\"},\"inLanguage\":\"fr-FR\",\"potentialAction\":[{\"@type\":\"ReadAction\",\"target\":[\"https:\/\/vosgesinfo.fr\/remiremontinfo\/2022\/05\/bellefontaine-belle-reussite-vente-de-fleurs-replants-de-legumes\/\"]}]},{\"@type\":\"ImageObject\",\"inLanguage\":\"fr-FR\",\"@id\":\"https:\/\/vosgesinfo.fr\/remiremontinfo\/2022\/05\/bellefontaine-belle-reussite-vente-de-fleurs-replants-de-legumes\/#primaryimage\",\"url\":\"https:\/\/vosgesinfo.fr\/app\/uploads\/sites\/5\/2024\/09\/202205capture-decran-2022-05-25-085631.png\",\"contentUrl\":\"https:\/\/vosgesinfo.fr\/app\/uploads\/sites\/5\/2024\/09\/202205capture-decran-2022-05-25-085631.png\",\"width\":1000,\"height\":660},{\"@type\":\"BreadcrumbList\",\"@id\":\"https:\/\/vosgesinfo.fr\/remiremontinfo\/2022\/05\/bellefontaine-belle-reussite-vente-de-fleurs-replants-de-legumes\/#breadcrumb\",\"itemListElement\":[{\"@type\":\"ListItem\",\"position\":1,\"name\":\"Home\",\"item\":\"https:\/\/vosgesinfo.fr\/remiremontinfo\/\"},{\"@type\":\"ListItem\",\"position\":2,\"name\":\"Bellefontaine : une belle r\u00e9ussite pour la vente de fleurs et replants de l\u00e9gumes\"}]},{\"@type\":\"WebSite\",\"@id\":\"https:\/\/vosgesinfo.fr\/remiremontinfo\/#website\",\"url\":\"https:\/\/vosgesinfo.fr\/remiremontinfo\/\",\"name\":\"Remiremont Info\",\"description\":\"Toute l&#039;actualit\u00e9 de Remiremont\",\"publisher\":{\"@id\":\"https:\/\/vosgesinfo.fr\/remiremontinfo\/#organization\"},\"alternateName\":\"Toute l'actualit\u00e9 de Remiremont\",\"potentialAction\":[{\"@type\":\"SearchAction\",\"target\":{\"@type\":\"EntryPoint\",\"urlTemplate\":\"https:\/\/vosgesinfo.fr\/remiremontinfo\/?s={search_term_string}\"},\"query-input\":\"required name=search_term_string\"}],\"inLanguage\":\"fr-FR\"},{\"@type\":\"Organization\",\"@id\":\"https:\/\/vosgesinfo.fr\/remiremontinfo\/#organization\",\"name\":\"Remiremont Info\",\"url\":\"https:\/\/vosgesinfo.fr\/remiremontinfo\/\",\"logo\":{\"@type\":\"ImageObject\",\"inLanguage\":\"fr-FR\",\"@id\":\"https:\/\/vosgesinfo.fr\/remiremontinfo\/#\/schema\/logo\/image\/\",\"url\":\"https:\/\/vosgesinfo.fr\/app\/uploads\/sites\/5\/2023\/08\/favicon-remiremontinfo.png\",\"contentUrl\":\"https:\/\/vosgesinfo.fr\/app\/uploads\/sites\/5\/2023\/08\/favicon-remiremontinfo.png\",\"width\":512,\"height\":512,\"caption\":\"Remiremont Info\"},\"image\":{\"@id\":\"https:\/\/vosgesinfo.fr\/remiremontinfo\/#\/schema\/logo\/image\/\"},\"sameAs\":[\"https:\/\/www.facebook.com\/remiremontinfo\",\"https:\/\/x.com\/VosgesInfo88\",\"https:\/\/www.youtube.com\/@vosgesinfo\"]},{\"@type\":\"Person\",\"@id\":\"https:\/\/vosgesinfo.fr\/remiremontinfo\/#\/schema\/person\/3bfd164d5218a185b1db68655a265316\",\"name\":\"C D\",\"image\":{\"@type\":\"ImageObject\",\"inLanguage\":\"fr-FR\",\"@id\":\"https:\/\/vosgesinfo.fr\/remiremontinfo\/#\/schema\/person\/image\/\",\"url\":\"https:\/\/secure.gravatar.com\/avatar\/1f9a70007336511a47468b8f1c66f922b8b7cf617b02a31149ada43893a5d48f?s=96&d=mm&r=g\",\"contentUrl\":\"https:\/\/secure.gravatar.com\/avatar\/1f9a70007336511a47468b8f1c66f922b8b7cf617b02a31149ada43893a5d48f?s=96&d=mm&r=g\",\"caption\":\"C D\"},\"url\":\"https:\/\/vosgesinfo.fr\/remiremontinfo\/author\/cedric-drevet\/\"}]}<\/script>\n<!-- \/ Yoast SEO plugin. -->","yoast_head_json":{"title":"Bellefontaine : une belle r\u00e9ussite pour la vente de fleurs et replants de l\u00e9gumes - Remiremont Info","robots":{"index":"index","follow":"follow","max-snippet":"max-snippet:-1","max-image-preview":"max-image-preview:large","max-video-preview":"max-video-preview:-1"},"canonical":"https:\/\/vosgesinfo.fr\/remiremontinfo\/2022\/05\/bellefontaine-belle-reussite-vente-de-fleurs-replants-de-legumes\/","twitter_card":"summary_large_image","twitter_title":"Bellefontaine : une belle r\u00e9ussite pour la vente de fleurs et replants de l\u00e9gumes - Remiremont Info","twitter_description":"C&rsquo;est sous un soleil radieux que les Amis du livre de la biblioth\u00e8que ont accueilli les amateurs de jardins dimanche [&hellip;]","twitter_image":"https:\/\/vosgesinfo.fr\/app\/uploads\/sites\/5\/2024\/09\/202205capture-decran-2022-05-25-085631.png","twitter_creator":"@VosgesInfo88","twitter_site":"@VosgesInfo88","twitter_misc":{"\u00c9crit par":"C D","Dur\u00e9e de lecture estim\u00e9e":"1 minute"},"schema":{"@context":"https:\/\/schema.org","@graph":[{"@type":"Article","@id":"https:\/\/vosgesinfo.fr\/remiremontinfo\/2022\/05\/bellefontaine-belle-reussite-vente-de-fleurs-replants-de-legumes\/#article","isPartOf":{"@id":"https:\/\/vosgesinfo.fr\/remiremontinfo\/2022\/05\/bellefontaine-belle-reussite-vente-de-fleurs-replants-de-legumes\/"},"author":{"name":"C D","@id":"https:\/\/vosgesinfo.fr\/remiremontinfo\/#\/schema\/person\/3bfd164d5218a185b1db68655a265316"},"headline":"Bellefontaine : une belle r\u00e9ussite pour la vente de fleurs et replants de l\u00e9gumes","datePublished":"2022-05-25T04:52:37+00:00","dateModified":"2022-05-25T04:52:37+00:00","mainEntityOfPage":{"@id":"https:\/\/vosgesinfo.fr\/remiremontinfo\/2022\/05\/bellefontaine-belle-reussite-vente-de-fleurs-replants-de-legumes\/"},"wordCount":158,"commentCount":0,"publisher":{"@id":"https:\/\/vosgesinfo.fr\/remiremontinfo\/#organization"},"image":{"@id":"https:\/\/vosgesinfo.fr\/remiremontinfo\/2022\/05\/bellefontaine-belle-reussite-vente-de-fleurs-replants-de-legumes\/#primaryimage"},"thumbnailUrl":"https:\/\/vosgesinfo.fr\/app\/uploads\/sites\/5\/2024\/09\/202205capture-decran-2022-05-25-085631.png","keywords":["Bellefontaine","fleurs","l\u00e9gumes"],"articleSection":["A la Une","Le Val-d'Ajol &amp; son canton"],"inLanguage":"fr-FR","potentialAction":[{"@type":"CommentAction","name":"Comment","target":["https:\/\/vosgesinfo.fr\/remiremontinfo\/2022\/05\/bellefontaine-belle-reussite-vente-de-fleurs-replants-de-legumes\/#respond"]}]},{"@type":"WebPage","@id":"https:\/\/vosgesinfo.fr\/remiremontinfo\/2022\/05\/bellefontaine-belle-reussite-vente-de-fleurs-replants-de-legumes\/","url":"https:\/\/vosgesinfo.fr\/remiremontinfo\/2022\/05\/bellefontaine-belle-reussite-vente-de-fleurs-replants-de-legumes\/","name":"Bellefontaine : une belle r\u00e9ussite pour la vente de fleurs et replants de l\u00e9gumes - Remiremont Info","isPartOf":{"@id":"https:\/\/vosgesinfo.fr\/remiremontinfo\/#website"},"primaryImageOfPage":{"@id":"https:\/\/vosgesinfo.fr\/remiremontinfo\/2022\/05\/bellefontaine-belle-reussite-vente-de-fleurs-replants-de-legumes\/#primaryimage"},"image":{"@id":"https:\/\/vosgesinfo.fr\/remiremontinfo\/2022\/05\/bellefontaine-belle-reussite-vente-de-fleurs-replants-de-legumes\/#primaryimage"},"thumbnailUrl":"https:\/\/vosgesinfo.fr\/app\/uploads\/sites\/5\/2024\/09\/202205capture-decran-2022-05-25-085631.png","datePublished":"2022-05-25T04:52:37+00:00","dateModified":"2022-05-25T04:52:37+00:00","breadcrumb":{"@id":"https:\/\/vosgesinfo.fr\/remiremontinfo\/2022\/05\/bellefontaine-belle-reussite-vente-de-fleurs-replants-de-legumes\/#breadcrumb"},"inLanguage":"fr-FR","potentialAction":[{"@type":"ReadAction","target":["https:\/\/vosgesinfo.fr\/remiremontinfo\/2022\/05\/bellefontaine-belle-reussite-vente-de-fleurs-replants-de-legumes\/"]}]},{"@type":"ImageObject","inLanguage":"fr-FR","@id":"https:\/\/vosgesinfo.fr\/remiremontinfo\/2022\/05\/bellefontaine-belle-reussite-vente-de-fleurs-replants-de-legumes\/#primaryimage","url":"https:\/\/vosgesinfo.fr\/app\/uploads\/sites\/5\/2024\/09\/202205capture-decran-2022-05-25-085631.png","contentUrl":"https:\/\/vosgesinfo.fr\/app\/uploads\/sites\/5\/2024\/09\/202205capture-decran-2022-05-25-085631.png","width":1000,"height":660},{"@type":"BreadcrumbList","@id":"https:\/\/vosgesinfo.fr\/remiremontinfo\/2022\/05\/bellefontaine-belle-reussite-vente-de-fleurs-replants-de-legumes\/#breadcrumb","itemListElement":[{"@type":"ListItem","position":1,"name":"Home","item":"https:\/\/vosgesinfo.fr\/remiremontinfo\/"},{"@type":"ListItem","position":2,"name":"Bellefontaine : une belle r\u00e9ussite pour la vente de fleurs et replants de l\u00e9gumes"}]},{"@type":"WebSite","@id":"https:\/\/vosgesinfo.fr\/remiremontinfo\/#website","url":"https:\/\/vosgesinfo.fr\/remiremontinfo\/","name":"Remiremont Info","description":"Toute l&#039;actualit\u00e9 de Remiremont","publisher":{"@id":"https:\/\/vosgesinfo.fr\/remiremontinfo\/#organization"},"alternateName":"Toute l'actualit\u00e9 de Remiremont","potentialAction":[{"@type":"SearchAction","target":{"@type":"EntryPoint","urlTemplate":"https:\/\/vosgesinfo.fr\/remiremontinfo\/?s={search_term_string}"},"query-input":"required name=search_term_string"}],"inLanguage":"fr-FR"},{"@type":"Organization","@id":"https:\/\/vosgesinfo.fr\/remiremontinfo\/#organization","name":"Remiremont Info","url":"https:\/\/vosgesinfo.fr\/remiremontinfo\/","logo":{"@type":"ImageObject","inLanguage":"fr-FR","@id":"https:\/\/vosgesinfo.fr\/remiremontinfo\/#\/schema\/logo\/image\/","url":"https:\/\/vosgesinfo.fr\/app\/uploads\/sites\/5\/2023\/08\/favicon-remiremontinfo.png","contentUrl":"https:\/\/vosgesinfo.fr\/app\/uploads\/sites\/5\/2023\/08\/favicon-remiremontinfo.png","width":512,"height":512,"caption":"Remiremont Info"},"image":{"@id":"https:\/\/vosgesinfo.fr\/remiremontinfo\/#\/schema\/logo\/image\/"},"sameAs":["https:\/\/www.facebook.com\/remiremontinfo","https:\/\/x.com\/VosgesInfo88","https:\/\/www.youtube.com\/@vosgesinfo"]},{"@type":"Person","@id":"https:\/\/vosgesinfo.fr\/remiremontinfo\/#\/schema\/person\/3bfd164d5218a185b1db68655a265316","name":"C D","image":{"@type":"ImageObject","inLanguage":"fr-FR","@id":"https:\/\/vosgesinfo.fr\/remiremontinfo\/#\/schema\/person\/image\/","url":"https:\/\/secure.gravatar.com\/avatar\/1f9a70007336511a47468b8f1c66f922b8b7cf617b02a31149ada43893a5d48f?s=96&d=mm&r=g","contentUrl":"https:\/\/secure.gravatar.com\/avatar\/1f9a70007336511a47468b8f1c66f922b8b7cf617b02a31149ada43893a5d48f?s=96&d=mm&r=g","caption":"C D"},"url":"https:\/\/vosgesinfo.fr\/remiremontinfo\/author\/cedric-drevet\/"}]}},"_links":{"self":[{"href":"https:\/\/vosgesinfo.fr\/remiremontinfo\/wp-json\/wp\/v2\/posts\/56385","targetHints":{"allow":["GET"]}}],"collection":[{"href":"https:\/\/vosgesinfo.fr\/remiremontinfo\/wp-json\/wp\/v2\/posts"}],"about":[{"href":"https:\/\/vosgesinfo.fr\/remiremontinfo\/wp-json\/wp\/v2\/types\/post"}],"author":[{"embeddable":true,"href":"https:\/\/vosgesinfo.fr\/remiremontinfo\/wp-json\/wp\/v2\/users\/407"}],"replies":[{"embeddable":true,"href":"https:\/\/vosgesinfo.fr\/remiremontinfo\/wp-json\/wp\/v2\/comments?post=56385"}],"version-history":[{"count":0,"href":"https:\/\/vosgesinfo.fr\/remiremontinfo\/wp-json\/wp\/v2\/posts\/56385\/revisions"}],"wp:featuredmedia":[{"embeddable":true,"href":"https:\/\/vosgesinfo.fr\/remiremontinfo\/wp-json\/wp\/v2\/media\/56386"}],"wp:attachment":[{"href":"https:\/\/vosgesinfo.fr\/remiremontinfo\/wp-json\/wp\/v2\/media?parent=56385"}],"wp:term":[{"taxonomy":"category","embeddable":true,"href":"https:\/\/vosgesinfo.fr\/remiremontinfo\/wp-json\/wp\/v2\/categories?post=56385"},{"taxonomy":"post_tag","embeddable":true,"href":"https:\/\/vosgesinfo.fr\/remiremontinfo\/wp-json\/wp\/v2\/tags?post=56385"}],"curies":[{"name":"wp","href":"https:\/\/api.w.org\/{rel}","templated":true}]}}