{"id":5644,"date":"2024-04-09T09:00:29","date_gmt":"2024-04-09T07:00:29","guid":{"rendered":"https:\/\/vosgesinfo.fr\/remiremontinfo\/?p=5644"},"modified":"2024-04-08T18:06:28","modified_gmt":"2024-04-08T16:06:28","slug":"conseil-municipal-de-la-ville-de-remiremont-2","status":"publish","type":"post","link":"https:\/\/vosgesinfo.fr\/remiremontinfo\/2024\/04\/conseil-municipal-de-la-ville-de-remiremont-2\/","title":{"rendered":"Conseil Municipal de la Ville de REMIREMONT"},"content":{"rendered":"<p><img decoding=\"async\" class=\"alignright size-full wp-image-5646\" src=\"https:\/\/vosgesinfo.fr\/app\/uploads\/sites\/5\/2024\/04\/mairie-de-remiremont.png\" alt=\"\" width=\"164\" height=\"266\" \/><\/p>\n<p>Conseil Municipal de la Ville de Remiremont<br \/>\nS\u00e9ance du vendredi 12 avril 2024 \u00e0 20 h 00<\/p>\n<p>ORDRE du JOUR<br \/>\n1. Finances &#8211; Subventions aux Associations et Soci\u00e9t\u00e9s diverses &#8211; Exercice 2024<br \/>\n(Rapport de Monsieur Bruno HAILLANT, Adjoint).<br \/>\n2. Finances &#8211; C.C.A.S. &#8211; Demande de subvention 2024 (Rapport de Madame Brigitte<br \/>\nCHARLES, Adjointe).<br \/>\n3. Finances &#8211; Carnaval v\u00e9nitien 2024 &#8211; Subvention sp\u00e9cifique stationnement (Rapport<br \/>\nde Madame Dani\u00e8le FISCHER, Adjointe).<br \/>\n4. Finances &#8211; Budget &#8211; Demandes de subventions 2024 : D.E.T.R. &#8211; D.S.I.L. &#8211; F.I.P.D. &#8211;<br \/>\nAdditif (Rapport de Monsieur Jean-Beno\u00eet TISSERAND, Maire).<br \/>\n5. Finances &#8211; Compte de gestion &#8211; Exercice 2023 &#8211; Ville &#8211; Service des Eaux &#8211;<br \/>\nAssainissement &#8211; For\u00eat Communale (Rapport de Monsieur Jean-Beno\u00eet<br \/>\nTISSERAND, Maire).<br \/>\n6. Finances &#8211; Compte Administratif &#8211; Exercice 2023 &#8211; Budget Principal (Rapport<br \/>\nde Madame Yveline LE MAREC, Conseill\u00e8re Municipale).<br \/>\n7. Finances &#8211; Compte Administratif &#8211; Exercice 2023 &#8211; Service des Eaux (Rapport<br \/>\nde Madame Yveline LE MAREC, Conseill\u00e8re Municipale).<br \/>\n8. Finances &#8211; Compte Administratif &#8211; Exercice 2023 &#8211; Service de l&rsquo;Assainissement<br \/>\n(Rapport de Madame Yveline LE MAREC, Conseill\u00e8re Municipale).<br \/>\n9. Finances &#8211; Compte Administratif &#8211; Exercice 2023 &#8211; For\u00eat Communale (Rapport de<br \/>\nMadame Yveline LE MAREC, Conseill\u00e8re Municipale).<br \/>\n10. Finances &#8211; Exercice 2023 &#8211; Affectation des r\u00e9sultats &#8211; Ville &#8211; Service des Eaux &#8211;<br \/>\nAssainissement &#8211; For\u00eat Communale (Rapport de Monsieur Jean-Beno\u00eet<br \/>\nTISSERAND, Maire).<br \/>\n11. Finances &#8211; Fonds de compensation de la T.V.A. &#8211; Exercice 2023 &#8211; Affectation<br \/>\n(Rapport de Monsieur Jean-Beno\u00eet TISSERAND, Maire)<\/p>\n<p>12. Finances &#8211; Taxe locale d&rsquo;\u00e9quipement &#8211; Recettes 2023 &#8211; Affectation (Rapport<br \/>\nde Monsieur Jean-Beno\u00eet TISSERAND, Maire).<br \/>\n13. Finances &#8211; Travaux d&rsquo;Investissement en R\u00e9gie &#8211; Bilan de l&rsquo;exercice 2023 (Rapport<br \/>\nde Monsieur Jean-Beno\u00eet TISSERAND, Maire).<br \/>\n14. Finances &#8211; Vote des taux de la fiscalit\u00e9 directe locale &#8211; Fixation des taux<br \/>\nd&rsquo;imposition pour l&rsquo;ann\u00e9e 2024 (Rapport de Monsieur Jean-Beno\u00eet TISSERAND,<br \/>\nMaire).<br \/>\n15. Finances &#8211; Budget de l&rsquo;Exercice 2024 &#8211; Participations syndicales (Rapport<br \/>\nde Monsieur Jean-Beno\u00eet TISSERAND, Maire).<br \/>\n16. Finances &#8211; Budget Primitif &#8211; Exercice 2024 &#8211; Budget Principal (Rapport<br \/>\nde Monsieur Jean-Beno\u00eet TISSERAND, Maire).<br \/>\n17. Finances &#8211; Budget Primitif &#8211; Exercice 2024 &#8211; Service des Eaux (Rapport<br \/>\nde Monsieur Jean-Beno\u00eet TISSERAND, Maire).<br \/>\n18. Finances &#8211; Budget Primitif &#8211; Exercice 2024 &#8211; Service de l&rsquo;Assainissement (Rapport<br \/>\nde Monsieur Jean-Beno\u00eet TISSERAND, Maire).<br \/>\n19. Finances &#8211; Budget Primitif &#8211; Exercice 2024 &#8211; For\u00eat Communale (Rapport<br \/>\nde Monsieur Jean-Beno\u00eet TISSERAND, Maire).<br \/>\n20. Finances &#8211; Eau potable &#8211; Tarif ann\u00e9e 2024 (Rapport de Monsieur Jean-Beno\u00eet<br \/>\nTISSERAND, Maire).<br \/>\n21. Finances &#8211; Eau potable &#8211; Surtaxe &#8211; Tarification 2024 (Rapport de Monsieur Jean-<br \/>\nBeno\u00eet TISSERAND, Maire).<br \/>\n22. Finances &#8211; Service des Eaux &#8211; Amortissement des biens (Rapport de Monsieur<br \/>\nJean-Beno\u00eet TISSERAND, Maire).<br \/>\n23. Finances &#8211; Redevance d&rsquo;Assainissement &#8211; Tarif 2024 (Rapport de Monsieur Jean-<br \/>\nBeno\u00eet TISSERAND, Maire).<br \/>\n24. Finances &#8211; Redevance d&rsquo;Assainissement &#8211; Tarif applicable \u00e0 la Commune<br \/>\nde Saint-Etienne-l\u00e8s-Remiremont pour 2023 (Rapport de Monsieur Jean-Beno\u00eet<br \/>\nTISSERAND, Maire).<br \/>\n25. Finances &#8211; Service de l&rsquo;Assainissement &#8211; Amortissement des biens (Rapport<br \/>\nde Monsieur Jean-Beno\u00eet TISSERAND, Maire).<br \/>\nQuestions diverses<\/p>\n","protected":false},"excerpt":{"rendered":"<p>Conseil Municipal de la Ville de Remiremont S\u00e9ance du vendredi 12 avril 2024 \u00e0 20 h 00 ORDRE du JOUR [&hellip;]<\/p>\n","protected":false},"author":413,"featured_media":4836,"comment_status":"open","ping_status":"open","sticky":false,"template":"","format":"standard","meta":{"footnotes":""},"categories":[26,10,43,35,13],"tags":[581],"class_list":["post-5644","post","type-post","status-publish","format-standard","has-post-thumbnail","hentry","category-a-la-une","category-politique","category-remiremont-remiremont-son-canton","category-remiremont-son-canton","category-societe","tag-conseil-municipal"],"acf":[],"yoast_head":"<!-- This site is optimized with the Yoast SEO plugin v22.5 - https:\/\/yoast.com\/wordpress\/plugins\/seo\/ -->\n<title>Conseil Municipal de la Ville de REMIREMONT - Remiremont Info<\/title>\n<meta name=\"robots\" content=\"index, follow, max-snippet:-1, max-image-preview:large, max-video-preview:-1\" \/>\n<link rel=\"canonical\" href=\"https:\/\/vosgesinfo.fr\/remiremontinfo\/2024\/04\/conseil-municipal-de-la-ville-de-remiremont-2\/\" \/>\n<meta name=\"twitter:card\" content=\"summary_large_image\" \/>\n<meta name=\"twitter:title\" content=\"Conseil Municipal de la Ville de REMIREMONT - Remiremont Info\" \/>\n<meta name=\"twitter:description\" content=\"Conseil Municipal de la Ville de Remiremont S\u00e9ance du vendredi 12 avril 2024 \u00e0 20 h 00 ORDRE du JOUR [&hellip;]\" \/>\n<meta name=\"twitter:image\" content=\"https:\/\/vosgesinfo.fr\/app\/uploads\/sites\/5\/2024\/03\/conseil-municipal.jpg\" \/>\n<meta name=\"twitter:creator\" content=\"@VosgesInfo88\" \/>\n<meta name=\"twitter:site\" content=\"@VosgesInfo88\" \/>\n<meta name=\"twitter:label1\" content=\"\u00c9crit par\" \/>\n\t<meta name=\"twitter:data1\" content=\"P.M\" \/>\n\t<meta name=\"twitter:label2\" content=\"Dur\u00e9e de lecture estim\u00e9e\" \/>\n\t<meta name=\"twitter:data2\" content=\"2 minutes\" \/>\n<script type=\"application\/ld+json\" class=\"yoast-schema-graph\">{\"@context\":\"https:\/\/schema.org\",\"@graph\":[{\"@type\":\"Article\",\"@id\":\"https:\/\/vosgesinfo.fr\/remiremontinfo\/2024\/04\/conseil-municipal-de-la-ville-de-remiremont-2\/#article\",\"isPartOf\":{\"@id\":\"https:\/\/vosgesinfo.fr\/remiremontinfo\/2024\/04\/conseil-municipal-de-la-ville-de-remiremont-2\/\"},\"author\":{\"name\":\"P.M\",\"@id\":\"https:\/\/vosgesinfo.fr\/remiremontinfo\/#\/schema\/person\/a6fd2dde36da20be3679f2058b94c5b8\"},\"headline\":\"Conseil Municipal de la Ville de REMIREMONT\",\"datePublished\":\"2024-04-09T07:00:29+00:00\",\"dateModified\":\"2024-04-08T16:06:28+00:00\",\"mainEntityOfPage\":{\"@id\":\"https:\/\/vosgesinfo.fr\/remiremontinfo\/2024\/04\/conseil-municipal-de-la-ville-de-remiremont-2\/\"},\"wordCount\":504,\"commentCount\":0,\"publisher\":{\"@id\":\"https:\/\/vosgesinfo.fr\/remiremontinfo\/#organization\"},\"image\":{\"@id\":\"https:\/\/vosgesinfo.fr\/remiremontinfo\/2024\/04\/conseil-municipal-de-la-ville-de-remiremont-2\/#primaryimage\"},\"thumbnailUrl\":\"https:\/\/vosgesinfo.fr\/app\/uploads\/sites\/5\/2024\/03\/conseil-municipal.jpg\",\"keywords\":[\"conseil municipal\"],\"articleSection\":[\"A la Une\",\"Politique\",\"Remiremont\",\"Remiremont &amp; son canton\",\"Soci\u00e9t\u00e9\"],\"inLanguage\":\"fr-FR\",\"potentialAction\":[{\"@type\":\"CommentAction\",\"name\":\"Comment\",\"target\":[\"https:\/\/vosgesinfo.fr\/remiremontinfo\/2024\/04\/conseil-municipal-de-la-ville-de-remiremont-2\/#respond\"]}]},{\"@type\":\"WebPage\",\"@id\":\"https:\/\/vosgesinfo.fr\/remiremontinfo\/2024\/04\/conseil-municipal-de-la-ville-de-remiremont-2\/\",\"url\":\"https:\/\/vosgesinfo.fr\/remiremontinfo\/2024\/04\/conseil-municipal-de-la-ville-de-remiremont-2\/\",\"name\":\"Conseil Municipal de la Ville de REMIREMONT - Remiremont Info\",\"isPartOf\":{\"@id\":\"https:\/\/vosgesinfo.fr\/remiremontinfo\/#website\"},\"primaryImageOfPage\":{\"@id\":\"https:\/\/vosgesinfo.fr\/remiremontinfo\/2024\/04\/conseil-municipal-de-la-ville-de-remiremont-2\/#primaryimage\"},\"image\":{\"@id\":\"https:\/\/vosgesinfo.fr\/remiremontinfo\/2024\/04\/conseil-municipal-de-la-ville-de-remiremont-2\/#primaryimage\"},\"thumbnailUrl\":\"https:\/\/vosgesinfo.fr\/app\/uploads\/sites\/5\/2024\/03\/conseil-municipal.jpg\",\"datePublished\":\"2024-04-09T07:00:29+00:00\",\"dateModified\":\"2024-04-08T16:06:28+00:00\",\"breadcrumb\":{\"@id\":\"https:\/\/vosgesinfo.fr\/remiremontinfo\/2024\/04\/conseil-municipal-de-la-ville-de-remiremont-2\/#breadcrumb\"},\"inLanguage\":\"fr-FR\",\"potentialAction\":[{\"@type\":\"ReadAction\",\"target\":[\"https:\/\/vosgesinfo.fr\/remiremontinfo\/2024\/04\/conseil-municipal-de-la-ville-de-remiremont-2\/\"]}]},{\"@type\":\"ImageObject\",\"inLanguage\":\"fr-FR\",\"@id\":\"https:\/\/vosgesinfo.fr\/remiremontinfo\/2024\/04\/conseil-municipal-de-la-ville-de-remiremont-2\/#primaryimage\",\"url\":\"https:\/\/vosgesinfo.fr\/app\/uploads\/sites\/5\/2024\/03\/conseil-municipal.jpg\",\"contentUrl\":\"https:\/\/vosgesinfo.fr\/app\/uploads\/sites\/5\/2024\/03\/conseil-municipal.jpg\",\"width\":715,\"height\":345},{\"@type\":\"BreadcrumbList\",\"@id\":\"https:\/\/vosgesinfo.fr\/remiremontinfo\/2024\/04\/conseil-municipal-de-la-ville-de-remiremont-2\/#breadcrumb\",\"itemListElement\":[{\"@type\":\"ListItem\",\"position\":1,\"name\":\"Home\",\"item\":\"https:\/\/vosgesinfo.fr\/remiremontinfo\/\"},{\"@type\":\"ListItem\",\"position\":2,\"name\":\"Conseil Municipal de la Ville de REMIREMONT\"}]},{\"@type\":\"WebSite\",\"@id\":\"https:\/\/vosgesinfo.fr\/remiremontinfo\/#website\",\"url\":\"https:\/\/vosgesinfo.fr\/remiremontinfo\/\",\"name\":\"Remiremont Info\",\"description\":\"Toute l&#039;actualit\u00e9 de Remiremont\",\"publisher\":{\"@id\":\"https:\/\/vosgesinfo.fr\/remiremontinfo\/#organization\"},\"alternateName\":\"Toute l'actualit\u00e9 de Remiremont\",\"potentialAction\":[{\"@type\":\"SearchAction\",\"target\":{\"@type\":\"EntryPoint\",\"urlTemplate\":\"https:\/\/vosgesinfo.fr\/remiremontinfo\/?s={search_term_string}\"},\"query-input\":\"required name=search_term_string\"}],\"inLanguage\":\"fr-FR\"},{\"@type\":\"Organization\",\"@id\":\"https:\/\/vosgesinfo.fr\/remiremontinfo\/#organization\",\"name\":\"Remiremont Info\",\"url\":\"https:\/\/vosgesinfo.fr\/remiremontinfo\/\",\"logo\":{\"@type\":\"ImageObject\",\"inLanguage\":\"fr-FR\",\"@id\":\"https:\/\/vosgesinfo.fr\/remiremontinfo\/#\/schema\/logo\/image\/\",\"url\":\"https:\/\/vosgesinfo.fr\/app\/uploads\/sites\/5\/2023\/08\/favicon-remiremontinfo.png\",\"contentUrl\":\"https:\/\/vosgesinfo.fr\/app\/uploads\/sites\/5\/2023\/08\/favicon-remiremontinfo.png\",\"width\":512,\"height\":512,\"caption\":\"Remiremont Info\"},\"image\":{\"@id\":\"https:\/\/vosgesinfo.fr\/remiremontinfo\/#\/schema\/logo\/image\/\"},\"sameAs\":[\"https:\/\/www.facebook.com\/remiremontinfo\",\"https:\/\/x.com\/VosgesInfo88\",\"https:\/\/www.youtube.com\/@vosgesinfo\"]},{\"@type\":\"Person\",\"@id\":\"https:\/\/vosgesinfo.fr\/remiremontinfo\/#\/schema\/person\/a6fd2dde36da20be3679f2058b94c5b8\",\"name\":\"P.M\",\"image\":{\"@type\":\"ImageObject\",\"inLanguage\":\"fr-FR\",\"@id\":\"https:\/\/vosgesinfo.fr\/remiremontinfo\/#\/schema\/person\/image\/\",\"url\":\"https:\/\/secure.gravatar.com\/avatar\/db38f6ef38bb165f6f4d352563f264129673ed4536984fbbcddf700bd12f8a9a?s=96&d=mm&r=g\",\"contentUrl\":\"https:\/\/secure.gravatar.com\/avatar\/db38f6ef38bb165f6f4d352563f264129673ed4536984fbbcddf700bd12f8a9a?s=96&d=mm&r=g\",\"caption\":\"P.M\"},\"url\":\"https:\/\/vosgesinfo.fr\/remiremontinfo\/author\/p-mangel88\/\"}]}<\/script>\n<!-- \/ Yoast SEO plugin. -->","yoast_head_json":{"title":"Conseil Municipal de la Ville de REMIREMONT - Remiremont Info","robots":{"index":"index","follow":"follow","max-snippet":"max-snippet:-1","max-image-preview":"max-image-preview:large","max-video-preview":"max-video-preview:-1"},"canonical":"https:\/\/vosgesinfo.fr\/remiremontinfo\/2024\/04\/conseil-municipal-de-la-ville-de-remiremont-2\/","twitter_card":"summary_large_image","twitter_title":"Conseil Municipal de la Ville de REMIREMONT - Remiremont Info","twitter_description":"Conseil Municipal de la Ville de Remiremont S\u00e9ance du vendredi 12 avril 2024 \u00e0 20 h 00 ORDRE du JOUR [&hellip;]","twitter_image":"https:\/\/vosgesinfo.fr\/app\/uploads\/sites\/5\/2024\/03\/conseil-municipal.jpg","twitter_creator":"@VosgesInfo88","twitter_site":"@VosgesInfo88","twitter_misc":{"\u00c9crit par":"P.M","Dur\u00e9e de lecture estim\u00e9e":"2 minutes"},"schema":{"@context":"https:\/\/schema.org","@graph":[{"@type":"Article","@id":"https:\/\/vosgesinfo.fr\/remiremontinfo\/2024\/04\/conseil-municipal-de-la-ville-de-remiremont-2\/#article","isPartOf":{"@id":"https:\/\/vosgesinfo.fr\/remiremontinfo\/2024\/04\/conseil-municipal-de-la-ville-de-remiremont-2\/"},"author":{"name":"P.M","@id":"https:\/\/vosgesinfo.fr\/remiremontinfo\/#\/schema\/person\/a6fd2dde36da20be3679f2058b94c5b8"},"headline":"Conseil Municipal de la Ville de REMIREMONT","datePublished":"2024-04-09T07:00:29+00:00","dateModified":"2024-04-08T16:06:28+00:00","mainEntityOfPage":{"@id":"https:\/\/vosgesinfo.fr\/remiremontinfo\/2024\/04\/conseil-municipal-de-la-ville-de-remiremont-2\/"},"wordCount":504,"commentCount":0,"publisher":{"@id":"https:\/\/vosgesinfo.fr\/remiremontinfo\/#organization"},"image":{"@id":"https:\/\/vosgesinfo.fr\/remiremontinfo\/2024\/04\/conseil-municipal-de-la-ville-de-remiremont-2\/#primaryimage"},"thumbnailUrl":"https:\/\/vosgesinfo.fr\/app\/uploads\/sites\/5\/2024\/03\/conseil-municipal.jpg","keywords":["conseil municipal"],"articleSection":["A la Une","Politique","Remiremont","Remiremont &amp; son canton","Soci\u00e9t\u00e9"],"inLanguage":"fr-FR","potentialAction":[{"@type":"CommentAction","name":"Comment","target":["https:\/\/vosgesinfo.fr\/remiremontinfo\/2024\/04\/conseil-municipal-de-la-ville-de-remiremont-2\/#respond"]}]},{"@type":"WebPage","@id":"https:\/\/vosgesinfo.fr\/remiremontinfo\/2024\/04\/conseil-municipal-de-la-ville-de-remiremont-2\/","url":"https:\/\/vosgesinfo.fr\/remiremontinfo\/2024\/04\/conseil-municipal-de-la-ville-de-remiremont-2\/","name":"Conseil Municipal de la Ville de REMIREMONT - Remiremont Info","isPartOf":{"@id":"https:\/\/vosgesinfo.fr\/remiremontinfo\/#website"},"primaryImageOfPage":{"@id":"https:\/\/vosgesinfo.fr\/remiremontinfo\/2024\/04\/conseil-municipal-de-la-ville-de-remiremont-2\/#primaryimage"},"image":{"@id":"https:\/\/vosgesinfo.fr\/remiremontinfo\/2024\/04\/conseil-municipal-de-la-ville-de-remiremont-2\/#primaryimage"},"thumbnailUrl":"https:\/\/vosgesinfo.fr\/app\/uploads\/sites\/5\/2024\/03\/conseil-municipal.jpg","datePublished":"2024-04-09T07:00:29+00:00","dateModified":"2024-04-08T16:06:28+00:00","breadcrumb":{"@id":"https:\/\/vosgesinfo.fr\/remiremontinfo\/2024\/04\/conseil-municipal-de-la-ville-de-remiremont-2\/#breadcrumb"},"inLanguage":"fr-FR","potentialAction":[{"@type":"ReadAction","target":["https:\/\/vosgesinfo.fr\/remiremontinfo\/2024\/04\/conseil-municipal-de-la-ville-de-remiremont-2\/"]}]},{"@type":"ImageObject","inLanguage":"fr-FR","@id":"https:\/\/vosgesinfo.fr\/remiremontinfo\/2024\/04\/conseil-municipal-de-la-ville-de-remiremont-2\/#primaryimage","url":"https:\/\/vosgesinfo.fr\/app\/uploads\/sites\/5\/2024\/03\/conseil-municipal.jpg","contentUrl":"https:\/\/vosgesinfo.fr\/app\/uploads\/sites\/5\/2024\/03\/conseil-municipal.jpg","width":715,"height":345},{"@type":"BreadcrumbList","@id":"https:\/\/vosgesinfo.fr\/remiremontinfo\/2024\/04\/conseil-municipal-de-la-ville-de-remiremont-2\/#breadcrumb","itemListElement":[{"@type":"ListItem","position":1,"name":"Home","item":"https:\/\/vosgesinfo.fr\/remiremontinfo\/"},{"@type":"ListItem","position":2,"name":"Conseil Municipal de la Ville de REMIREMONT"}]},{"@type":"WebSite","@id":"https:\/\/vosgesinfo.fr\/remiremontinfo\/#website","url":"https:\/\/vosgesinfo.fr\/remiremontinfo\/","name":"Remiremont Info","description":"Toute l&#039;actualit\u00e9 de Remiremont","publisher":{"@id":"https:\/\/vosgesinfo.fr\/remiremontinfo\/#organization"},"alternateName":"Toute l'actualit\u00e9 de Remiremont","potentialAction":[{"@type":"SearchAction","target":{"@type":"EntryPoint","urlTemplate":"https:\/\/vosgesinfo.fr\/remiremontinfo\/?s={search_term_string}"},"query-input":"required name=search_term_string"}],"inLanguage":"fr-FR"},{"@type":"Organization","@id":"https:\/\/vosgesinfo.fr\/remiremontinfo\/#organization","name":"Remiremont Info","url":"https:\/\/vosgesinfo.fr\/remiremontinfo\/","logo":{"@type":"ImageObject","inLanguage":"fr-FR","@id":"https:\/\/vosgesinfo.fr\/remiremontinfo\/#\/schema\/logo\/image\/","url":"https:\/\/vosgesinfo.fr\/app\/uploads\/sites\/5\/2023\/08\/favicon-remiremontinfo.png","contentUrl":"https:\/\/vosgesinfo.fr\/app\/uploads\/sites\/5\/2023\/08\/favicon-remiremontinfo.png","width":512,"height":512,"caption":"Remiremont Info"},"image":{"@id":"https:\/\/vosgesinfo.fr\/remiremontinfo\/#\/schema\/logo\/image\/"},"sameAs":["https:\/\/www.facebook.com\/remiremontinfo","https:\/\/x.com\/VosgesInfo88","https:\/\/www.youtube.com\/@vosgesinfo"]},{"@type":"Person","@id":"https:\/\/vosgesinfo.fr\/remiremontinfo\/#\/schema\/person\/a6fd2dde36da20be3679f2058b94c5b8","name":"P.M","image":{"@type":"ImageObject","inLanguage":"fr-FR","@id":"https:\/\/vosgesinfo.fr\/remiremontinfo\/#\/schema\/person\/image\/","url":"https:\/\/secure.gravatar.com\/avatar\/db38f6ef38bb165f6f4d352563f264129673ed4536984fbbcddf700bd12f8a9a?s=96&d=mm&r=g","contentUrl":"https:\/\/secure.gravatar.com\/avatar\/db38f6ef38bb165f6f4d352563f264129673ed4536984fbbcddf700bd12f8a9a?s=96&d=mm&r=g","caption":"P.M"},"url":"https:\/\/vosgesinfo.fr\/remiremontinfo\/author\/p-mangel88\/"}]}},"_links":{"self":[{"href":"https:\/\/vosgesinfo.fr\/remiremontinfo\/wp-json\/wp\/v2\/posts\/5644","targetHints":{"allow":["GET"]}}],"collection":[{"href":"https:\/\/vosgesinfo.fr\/remiremontinfo\/wp-json\/wp\/v2\/posts"}],"about":[{"href":"https:\/\/vosgesinfo.fr\/remiremontinfo\/wp-json\/wp\/v2\/types\/post"}],"author":[{"embeddable":true,"href":"https:\/\/vosgesinfo.fr\/remiremontinfo\/wp-json\/wp\/v2\/users\/413"}],"replies":[{"embeddable":true,"href":"https:\/\/vosgesinfo.fr\/remiremontinfo\/wp-json\/wp\/v2\/comments?post=5644"}],"version-history":[{"count":2,"href":"https:\/\/vosgesinfo.fr\/remiremontinfo\/wp-json\/wp\/v2\/posts\/5644\/revisions"}],"predecessor-version":[{"id":5647,"href":"https:\/\/vosgesinfo.fr\/remiremontinfo\/wp-json\/wp\/v2\/posts\/5644\/revisions\/5647"}],"wp:featuredmedia":[{"embeddable":true,"href":"https:\/\/vosgesinfo.fr\/remiremontinfo\/wp-json\/wp\/v2\/media\/4836"}],"wp:attachment":[{"href":"https:\/\/vosgesinfo.fr\/remiremontinfo\/wp-json\/wp\/v2\/media?parent=5644"}],"wp:term":[{"taxonomy":"category","embeddable":true,"href":"https:\/\/vosgesinfo.fr\/remiremontinfo\/wp-json\/wp\/v2\/categories?post=5644"},{"taxonomy":"post_tag","embeddable":true,"href":"https:\/\/vosgesinfo.fr\/remiremontinfo\/wp-json\/wp\/v2\/tags?post=5644"}],"curies":[{"name":"wp","href":"https:\/\/api.w.org\/{rel}","templated":true}]}}