{"id":5652,"date":"2024-04-08T20:00:25","date_gmt":"2024-04-08T18:00:25","guid":{"rendered":"https:\/\/vosgesinfo.fr\/remiremontinfo\/?p=5652"},"modified":"2024-04-08T20:00:25","modified_gmt":"2024-04-08T18:00:25","slug":"julie-delille-devoile-sa-premiere-saison-au-theatre-du-peuple-de-bussang","status":"publish","type":"post","link":"https:\/\/vosgesinfo.fr\/remiremontinfo\/2024\/04\/julie-delille-devoile-sa-premiere-saison-au-theatre-du-peuple-de-bussang\/","title":{"rendered":"Julie Delille d\u00e9voile sa premi\u00e8re saison au Th\u00e9\u00e2tre du Peuple de Bussang"},"content":{"rendered":"<p><img decoding=\"async\" class=\"aligncenter size-full wp-image-5653\" src=\"https:\/\/vosgesinfo.fr\/app\/uploads\/sites\/5\/2024\/04\/3-portraitjuliedelille-scaled.jpg\" alt=\"\" width=\"2560\" height=\"1706\" srcset=\"https:\/\/vosgesinfo.fr\/app\/uploads\/sites\/5\/2024\/04\/3-portraitjuliedelille-scaled.jpg 2560w, https:\/\/vosgesinfo.fr\/app\/uploads\/sites\/5\/2024\/04\/3-portraitjuliedelille-300x200.jpg 300w, https:\/\/vosgesinfo.fr\/app\/uploads\/sites\/5\/2024\/04\/3-portraitjuliedelille-1024x683.jpg 1024w, https:\/\/vosgesinfo.fr\/app\/uploads\/sites\/5\/2024\/04\/3-portraitjuliedelille-768x512.jpg 768w, https:\/\/vosgesinfo.fr\/app\/uploads\/sites\/5\/2024\/04\/3-portraitjuliedelille-1536x1024.jpg 1536w, https:\/\/vosgesinfo.fr\/app\/uploads\/sites\/5\/2024\/04\/3-portraitjuliedelille-2048x1365.jpg 2048w\" sizes=\"(max-width: 2560px) 100vw, 2560px\" \/>Julie Delille, la nouvelle directrice du Th\u00e9\u00e2tre du Peuple de Bussang, depuis octobre 2023, a r\u00e9v\u00e9l\u00e9 sa premi\u00e8re programmation <b>nomm\u00e9e \u00ab\u00a0Bien venue\u00a0\u00bb<\/b> avec une ouverture de la billetterie le 14 mai 2024. Avec cette premi\u00e8re \u00e9dition, elle souhaite \u00ab\u00a0que l&rsquo;on soit ici \u00e0 sa place\u00a0\u00bb, que l&rsquo;on ouvre \u00ab\u00a0nos portes int\u00e9rieures pour laisser entrer la po\u00e9sie et le vivant\u00a0\u00bb, et qu&rsquo;ensemble on fasse \u00a0\u00bb humanit\u00e9\u00a0\u00bb.\u00a0 \u00ab\u00a0Bien venue\u00a0\u00bb \u00e0 Bussang.<\/p>\n<p>Cette nouvelle saison verra se d\u00e9ployer un Conte d\u2019hiver c\u2019est-\u00e0-dire une histoire difficile \u00e0 croire. Shakespeare pass\u00e9 par la langue de Bernard- Marie Kolt\u00e8s r\u00e9unira \u00e0 partir du 20 juillet amateurices et professionnel\u00b7les dans une tragicom\u00e9die \u00e0 dormir debout. Un retour aussi, celui de Pierre Guillois, Olivier Martin- Salvan et leurs comp\u00e8res, heureux \u00e0 l\u2019id\u00e9e d\u2019arpenter \u00e0 nouveau la fameuse sc\u00e8ne dans un voyage aussi burlesque qu\u2019absurde, sur la glace et sous l\u2019eau : Les Gros patinent bien \u00e0 partir du 7 ao\u00fbt.<\/p>\n<p><b>Rendez-vous principaux<\/b><\/p>\n<p><strong>-Du 20 juillet au 31 ao\u00fbt 2024<br \/>\n<\/strong><strong><em>Le Conte d\u2019hiver<\/em> cr\u00e9ation<br \/>\n<\/strong>texte William Shakespeare\u00a0mise en sc\u00e8ne Julie Delille\u00a0avec Laurence Cordier, Laurent Desponds, Baptiste Relat et les com\u00e9dien\u00b7es amateurices de la troupe 2024 du Th\u00e9\u00e2tre du Peuple [recrutement en mai 2024]<\/p>\n<ul>\n<li><strong>du 7 au 31 ao\u00fbt 2024<br \/>\n<\/strong><strong><em>Les Gros patinent bien<\/em> \u2013 Cabaret en carton tourn\u00e9e<br \/>\n<\/strong>un spectacle de Olivier Martin-Salvan et Pierre Guillois [rappel : Pierre Guillois a \u00e9t\u00e9 directeur du Th\u00e9\u00e2tre du Peuple de\u00a02005 \u00e0 2011]<\/li>\n<\/ul>\n<ul>\n<li><strong>++<br \/>\n<\/strong>Un r\u00e9cital du pianiste\u00a0Jean-Claude Pennetier, des impromptus entr\u00e9e libre, des soir\u00e9es de convivialit\u00e9 et de petites formes dans le nouveau foyer du Th\u00e9\u00e2tre, les premi\u00e8res Journ\u00e9es du Matrimoine \u00e0 Bussang&#8230;<\/li>\n<\/ul>\n<p dir=\"ltr\"><strong>Ouverture de la billetterie le 14 mai 2024<\/strong><\/p>\n<p dir=\"ltr\"><img decoding=\"async\" class=\"aligncenter size-full wp-image-5654\" src=\"https:\/\/vosgesinfo.fr\/app\/uploads\/sites\/5\/2024\/04\/2-affichesaisonete-scaled.jpg\" alt=\"\" width=\"1810\" height=\"2560\" srcset=\"https:\/\/vosgesinfo.fr\/app\/uploads\/sites\/5\/2024\/04\/2-affichesaisonete-scaled.jpg 1810w, https:\/\/vosgesinfo.fr\/app\/uploads\/sites\/5\/2024\/04\/2-affichesaisonete-212x300.jpg 212w, https:\/\/vosgesinfo.fr\/app\/uploads\/sites\/5\/2024\/04\/2-affichesaisonete-724x1024.jpg 724w, https:\/\/vosgesinfo.fr\/app\/uploads\/sites\/5\/2024\/04\/2-affichesaisonete-768x1086.jpg 768w, https:\/\/vosgesinfo.fr\/app\/uploads\/sites\/5\/2024\/04\/2-affichesaisonete-1086x1536.jpg 1086w, https:\/\/vosgesinfo.fr\/app\/uploads\/sites\/5\/2024\/04\/2-affichesaisonete-1448x2048.jpg 1448w\" sizes=\"(max-width: 1810px) 100vw, 1810px\" \/><\/p>\n","protected":false},"excerpt":{"rendered":"<p>Julie Delille, la nouvelle directrice du Th\u00e9\u00e2tre du Peuple de Bussang, depuis octobre 2023, a r\u00e9v\u00e9l\u00e9 sa premi\u00e8re programmation nomm\u00e9e [&hellip;]<\/p>\n","protected":false},"author":52,"featured_media":5653,"comment_status":"open","ping_status":"open","sticky":false,"template":"","format":"standard","meta":{"footnotes":""},"categories":[26,38,54,18],"tags":[],"class_list":["post-5652","post","type-post","status-publish","format-standard","has-post-thumbnail","hentry","category-a-la-une","category-bussang","category-loisirs","category-vosges"],"acf":[],"yoast_head":"<!-- This site is optimized with the Yoast SEO plugin v22.5 - https:\/\/yoast.com\/wordpress\/plugins\/seo\/ -->\n<title>Julie Delille d\u00e9voile sa premi\u00e8re saison au Th\u00e9\u00e2tre du Peuple de Bussang - Remiremont Info<\/title>\n<meta name=\"robots\" content=\"index, follow, max-snippet:-1, max-image-preview:large, max-video-preview:-1\" \/>\n<link rel=\"canonical\" href=\"https:\/\/vosgesinfo.fr\/remiremontinfo\/2024\/04\/julie-delille-devoile-sa-premiere-saison-au-theatre-du-peuple-de-bussang\/\" \/>\n<meta name=\"twitter:card\" content=\"summary_large_image\" \/>\n<meta name=\"twitter:title\" content=\"Julie Delille d\u00e9voile sa premi\u00e8re saison au Th\u00e9\u00e2tre du Peuple de Bussang - Remiremont Info\" \/>\n<meta name=\"twitter:description\" content=\"Julie Delille, la nouvelle directrice du Th\u00e9\u00e2tre du Peuple de Bussang, depuis octobre 2023, a r\u00e9v\u00e9l\u00e9 sa premi\u00e8re programmation nomm\u00e9e [&hellip;]\" \/>\n<meta name=\"twitter:image\" content=\"https:\/\/vosgesinfo.fr\/app\/uploads\/sites\/5\/2024\/04\/3-portraitjuliedelille-scaled.jpg\" \/>\n<meta name=\"twitter:creator\" content=\"@VosgesInfo88\" \/>\n<meta name=\"twitter:site\" content=\"@VosgesInfo88\" \/>\n<meta name=\"twitter:label1\" content=\"\u00c9crit par\" \/>\n\t<meta name=\"twitter:data1\" content=\"C.K.\" \/>\n\t<meta name=\"twitter:label2\" content=\"Dur\u00e9e de lecture estim\u00e9e\" \/>\n\t<meta name=\"twitter:data2\" content=\"1 minute\" \/>\n<script type=\"application\/ld+json\" class=\"yoast-schema-graph\">{\"@context\":\"https:\/\/schema.org\",\"@graph\":[{\"@type\":\"Article\",\"@id\":\"https:\/\/vosgesinfo.fr\/remiremontinfo\/2024\/04\/julie-delille-devoile-sa-premiere-saison-au-theatre-du-peuple-de-bussang\/#article\",\"isPartOf\":{\"@id\":\"https:\/\/vosgesinfo.fr\/remiremontinfo\/2024\/04\/julie-delille-devoile-sa-premiere-saison-au-theatre-du-peuple-de-bussang\/\"},\"author\":{\"name\":\"C.K.\",\"@id\":\"https:\/\/vosgesinfo.fr\/remiremontinfo\/#\/schema\/person\/6f9a650eeea99d969b6c4ab78fccbe81\"},\"headline\":\"Julie Delille d\u00e9voile sa premi\u00e8re saison au Th\u00e9\u00e2tre du Peuple de Bussang\",\"datePublished\":\"2024-04-08T18:00:25+00:00\",\"dateModified\":\"2024-04-08T18:00:25+00:00\",\"mainEntityOfPage\":{\"@id\":\"https:\/\/vosgesinfo.fr\/remiremontinfo\/2024\/04\/julie-delille-devoile-sa-premiere-saison-au-theatre-du-peuple-de-bussang\/\"},\"wordCount\":300,\"commentCount\":3,\"publisher\":{\"@id\":\"https:\/\/vosgesinfo.fr\/remiremontinfo\/#organization\"},\"image\":{\"@id\":\"https:\/\/vosgesinfo.fr\/remiremontinfo\/2024\/04\/julie-delille-devoile-sa-premiere-saison-au-theatre-du-peuple-de-bussang\/#primaryimage\"},\"thumbnailUrl\":\"https:\/\/vosgesinfo.fr\/app\/uploads\/sites\/5\/2024\/04\/3-portraitjuliedelille-scaled.jpg\",\"articleSection\":[\"A la Une\",\"Bussang\",\"Loisirs\",\"Vosges\"],\"inLanguage\":\"fr-FR\",\"potentialAction\":[{\"@type\":\"CommentAction\",\"name\":\"Comment\",\"target\":[\"https:\/\/vosgesinfo.fr\/remiremontinfo\/2024\/04\/julie-delille-devoile-sa-premiere-saison-au-theatre-du-peuple-de-bussang\/#respond\"]}]},{\"@type\":\"WebPage\",\"@id\":\"https:\/\/vosgesinfo.fr\/remiremontinfo\/2024\/04\/julie-delille-devoile-sa-premiere-saison-au-theatre-du-peuple-de-bussang\/\",\"url\":\"https:\/\/vosgesinfo.fr\/remiremontinfo\/2024\/04\/julie-delille-devoile-sa-premiere-saison-au-theatre-du-peuple-de-bussang\/\",\"name\":\"Julie Delille d\u00e9voile sa premi\u00e8re saison au Th\u00e9\u00e2tre du Peuple de Bussang - Remiremont Info\",\"isPartOf\":{\"@id\":\"https:\/\/vosgesinfo.fr\/remiremontinfo\/#website\"},\"primaryImageOfPage\":{\"@id\":\"https:\/\/vosgesinfo.fr\/remiremontinfo\/2024\/04\/julie-delille-devoile-sa-premiere-saison-au-theatre-du-peuple-de-bussang\/#primaryimage\"},\"image\":{\"@id\":\"https:\/\/vosgesinfo.fr\/remiremontinfo\/2024\/04\/julie-delille-devoile-sa-premiere-saison-au-theatre-du-peuple-de-bussang\/#primaryimage\"},\"thumbnailUrl\":\"https:\/\/vosgesinfo.fr\/app\/uploads\/sites\/5\/2024\/04\/3-portraitjuliedelille-scaled.jpg\",\"datePublished\":\"2024-04-08T18:00:25+00:00\",\"dateModified\":\"2024-04-08T18:00:25+00:00\",\"breadcrumb\":{\"@id\":\"https:\/\/vosgesinfo.fr\/remiremontinfo\/2024\/04\/julie-delille-devoile-sa-premiere-saison-au-theatre-du-peuple-de-bussang\/#breadcrumb\"},\"inLanguage\":\"fr-FR\",\"potentialAction\":[{\"@type\":\"ReadAction\",\"target\":[\"https:\/\/vosgesinfo.fr\/remiremontinfo\/2024\/04\/julie-delille-devoile-sa-premiere-saison-au-theatre-du-peuple-de-bussang\/\"]}]},{\"@type\":\"ImageObject\",\"inLanguage\":\"fr-FR\",\"@id\":\"https:\/\/vosgesinfo.fr\/remiremontinfo\/2024\/04\/julie-delille-devoile-sa-premiere-saison-au-theatre-du-peuple-de-bussang\/#primaryimage\",\"url\":\"https:\/\/vosgesinfo.fr\/app\/uploads\/sites\/5\/2024\/04\/3-portraitjuliedelille-scaled.jpg\",\"contentUrl\":\"https:\/\/vosgesinfo.fr\/app\/uploads\/sites\/5\/2024\/04\/3-portraitjuliedelille-scaled.jpg\",\"width\":2560,\"height\":1706},{\"@type\":\"BreadcrumbList\",\"@id\":\"https:\/\/vosgesinfo.fr\/remiremontinfo\/2024\/04\/julie-delille-devoile-sa-premiere-saison-au-theatre-du-peuple-de-bussang\/#breadcrumb\",\"itemListElement\":[{\"@type\":\"ListItem\",\"position\":1,\"name\":\"Home\",\"item\":\"https:\/\/vosgesinfo.fr\/remiremontinfo\/\"},{\"@type\":\"ListItem\",\"position\":2,\"name\":\"Julie Delille d\u00e9voile sa premi\u00e8re saison au Th\u00e9\u00e2tre du Peuple de Bussang\"}]},{\"@type\":\"WebSite\",\"@id\":\"https:\/\/vosgesinfo.fr\/remiremontinfo\/#website\",\"url\":\"https:\/\/vosgesinfo.fr\/remiremontinfo\/\",\"name\":\"Remiremont Info\",\"description\":\"Toute l&#039;actualit\u00e9 de Remiremont\",\"publisher\":{\"@id\":\"https:\/\/vosgesinfo.fr\/remiremontinfo\/#organization\"},\"alternateName\":\"Toute l'actualit\u00e9 de Remiremont\",\"potentialAction\":[{\"@type\":\"SearchAction\",\"target\":{\"@type\":\"EntryPoint\",\"urlTemplate\":\"https:\/\/vosgesinfo.fr\/remiremontinfo\/?s={search_term_string}\"},\"query-input\":\"required name=search_term_string\"}],\"inLanguage\":\"fr-FR\"},{\"@type\":\"Organization\",\"@id\":\"https:\/\/vosgesinfo.fr\/remiremontinfo\/#organization\",\"name\":\"Remiremont Info\",\"url\":\"https:\/\/vosgesinfo.fr\/remiremontinfo\/\",\"logo\":{\"@type\":\"ImageObject\",\"inLanguage\":\"fr-FR\",\"@id\":\"https:\/\/vosgesinfo.fr\/remiremontinfo\/#\/schema\/logo\/image\/\",\"url\":\"https:\/\/vosgesinfo.fr\/app\/uploads\/sites\/5\/2023\/08\/favicon-remiremontinfo.png\",\"contentUrl\":\"https:\/\/vosgesinfo.fr\/app\/uploads\/sites\/5\/2023\/08\/favicon-remiremontinfo.png\",\"width\":512,\"height\":512,\"caption\":\"Remiremont Info\"},\"image\":{\"@id\":\"https:\/\/vosgesinfo.fr\/remiremontinfo\/#\/schema\/logo\/image\/\"},\"sameAs\":[\"https:\/\/www.facebook.com\/remiremontinfo\",\"https:\/\/x.com\/VosgesInfo88\",\"https:\/\/www.youtube.com\/@vosgesinfo\"]},{\"@type\":\"Person\",\"@id\":\"https:\/\/vosgesinfo.fr\/remiremontinfo\/#\/schema\/person\/6f9a650eeea99d969b6c4ab78fccbe81\",\"name\":\"C.K.\",\"image\":{\"@type\":\"ImageObject\",\"inLanguage\":\"fr-FR\",\"@id\":\"https:\/\/vosgesinfo.fr\/remiremontinfo\/#\/schema\/person\/image\/\",\"url\":\"https:\/\/secure.gravatar.com\/avatar\/48e3fc7f8421ba8942be6b74a2b7f014ca39bc00dece156b7a8e098ae7dc87bf?s=96&d=mm&r=g\",\"contentUrl\":\"https:\/\/secure.gravatar.com\/avatar\/48e3fc7f8421ba8942be6b74a2b7f014ca39bc00dece156b7a8e098ae7dc87bf?s=96&d=mm&r=g\",\"caption\":\"C.K.\"},\"url\":\"https:\/\/vosgesinfo.fr\/remiremontinfo\/author\/celia-k-n\/\"}]}<\/script>\n<!-- \/ Yoast SEO plugin. -->","yoast_head_json":{"title":"Julie Delille d\u00e9voile sa premi\u00e8re saison au Th\u00e9\u00e2tre du Peuple de Bussang - Remiremont Info","robots":{"index":"index","follow":"follow","max-snippet":"max-snippet:-1","max-image-preview":"max-image-preview:large","max-video-preview":"max-video-preview:-1"},"canonical":"https:\/\/vosgesinfo.fr\/remiremontinfo\/2024\/04\/julie-delille-devoile-sa-premiere-saison-au-theatre-du-peuple-de-bussang\/","twitter_card":"summary_large_image","twitter_title":"Julie Delille d\u00e9voile sa premi\u00e8re saison au Th\u00e9\u00e2tre du Peuple de Bussang - Remiremont Info","twitter_description":"Julie Delille, la nouvelle directrice du Th\u00e9\u00e2tre du Peuple de Bussang, depuis octobre 2023, a r\u00e9v\u00e9l\u00e9 sa premi\u00e8re programmation nomm\u00e9e [&hellip;]","twitter_image":"https:\/\/vosgesinfo.fr\/app\/uploads\/sites\/5\/2024\/04\/3-portraitjuliedelille-scaled.jpg","twitter_creator":"@VosgesInfo88","twitter_site":"@VosgesInfo88","twitter_misc":{"\u00c9crit par":"C.K.","Dur\u00e9e de lecture estim\u00e9e":"1 minute"},"schema":{"@context":"https:\/\/schema.org","@graph":[{"@type":"Article","@id":"https:\/\/vosgesinfo.fr\/remiremontinfo\/2024\/04\/julie-delille-devoile-sa-premiere-saison-au-theatre-du-peuple-de-bussang\/#article","isPartOf":{"@id":"https:\/\/vosgesinfo.fr\/remiremontinfo\/2024\/04\/julie-delille-devoile-sa-premiere-saison-au-theatre-du-peuple-de-bussang\/"},"author":{"name":"C.K.","@id":"https:\/\/vosgesinfo.fr\/remiremontinfo\/#\/schema\/person\/6f9a650eeea99d969b6c4ab78fccbe81"},"headline":"Julie Delille d\u00e9voile sa premi\u00e8re saison au Th\u00e9\u00e2tre du Peuple de Bussang","datePublished":"2024-04-08T18:00:25+00:00","dateModified":"2024-04-08T18:00:25+00:00","mainEntityOfPage":{"@id":"https:\/\/vosgesinfo.fr\/remiremontinfo\/2024\/04\/julie-delille-devoile-sa-premiere-saison-au-theatre-du-peuple-de-bussang\/"},"wordCount":300,"commentCount":3,"publisher":{"@id":"https:\/\/vosgesinfo.fr\/remiremontinfo\/#organization"},"image":{"@id":"https:\/\/vosgesinfo.fr\/remiremontinfo\/2024\/04\/julie-delille-devoile-sa-premiere-saison-au-theatre-du-peuple-de-bussang\/#primaryimage"},"thumbnailUrl":"https:\/\/vosgesinfo.fr\/app\/uploads\/sites\/5\/2024\/04\/3-portraitjuliedelille-scaled.jpg","articleSection":["A la Une","Bussang","Loisirs","Vosges"],"inLanguage":"fr-FR","potentialAction":[{"@type":"CommentAction","name":"Comment","target":["https:\/\/vosgesinfo.fr\/remiremontinfo\/2024\/04\/julie-delille-devoile-sa-premiere-saison-au-theatre-du-peuple-de-bussang\/#respond"]}]},{"@type":"WebPage","@id":"https:\/\/vosgesinfo.fr\/remiremontinfo\/2024\/04\/julie-delille-devoile-sa-premiere-saison-au-theatre-du-peuple-de-bussang\/","url":"https:\/\/vosgesinfo.fr\/remiremontinfo\/2024\/04\/julie-delille-devoile-sa-premiere-saison-au-theatre-du-peuple-de-bussang\/","name":"Julie Delille d\u00e9voile sa premi\u00e8re saison au Th\u00e9\u00e2tre du Peuple de Bussang - Remiremont Info","isPartOf":{"@id":"https:\/\/vosgesinfo.fr\/remiremontinfo\/#website"},"primaryImageOfPage":{"@id":"https:\/\/vosgesinfo.fr\/remiremontinfo\/2024\/04\/julie-delille-devoile-sa-premiere-saison-au-theatre-du-peuple-de-bussang\/#primaryimage"},"image":{"@id":"https:\/\/vosgesinfo.fr\/remiremontinfo\/2024\/04\/julie-delille-devoile-sa-premiere-saison-au-theatre-du-peuple-de-bussang\/#primaryimage"},"thumbnailUrl":"https:\/\/vosgesinfo.fr\/app\/uploads\/sites\/5\/2024\/04\/3-portraitjuliedelille-scaled.jpg","datePublished":"2024-04-08T18:00:25+00:00","dateModified":"2024-04-08T18:00:25+00:00","breadcrumb":{"@id":"https:\/\/vosgesinfo.fr\/remiremontinfo\/2024\/04\/julie-delille-devoile-sa-premiere-saison-au-theatre-du-peuple-de-bussang\/#breadcrumb"},"inLanguage":"fr-FR","potentialAction":[{"@type":"ReadAction","target":["https:\/\/vosgesinfo.fr\/remiremontinfo\/2024\/04\/julie-delille-devoile-sa-premiere-saison-au-theatre-du-peuple-de-bussang\/"]}]},{"@type":"ImageObject","inLanguage":"fr-FR","@id":"https:\/\/vosgesinfo.fr\/remiremontinfo\/2024\/04\/julie-delille-devoile-sa-premiere-saison-au-theatre-du-peuple-de-bussang\/#primaryimage","url":"https:\/\/vosgesinfo.fr\/app\/uploads\/sites\/5\/2024\/04\/3-portraitjuliedelille-scaled.jpg","contentUrl":"https:\/\/vosgesinfo.fr\/app\/uploads\/sites\/5\/2024\/04\/3-portraitjuliedelille-scaled.jpg","width":2560,"height":1706},{"@type":"BreadcrumbList","@id":"https:\/\/vosgesinfo.fr\/remiremontinfo\/2024\/04\/julie-delille-devoile-sa-premiere-saison-au-theatre-du-peuple-de-bussang\/#breadcrumb","itemListElement":[{"@type":"ListItem","position":1,"name":"Home","item":"https:\/\/vosgesinfo.fr\/remiremontinfo\/"},{"@type":"ListItem","position":2,"name":"Julie Delille d\u00e9voile sa premi\u00e8re saison au Th\u00e9\u00e2tre du Peuple de Bussang"}]},{"@type":"WebSite","@id":"https:\/\/vosgesinfo.fr\/remiremontinfo\/#website","url":"https:\/\/vosgesinfo.fr\/remiremontinfo\/","name":"Remiremont Info","description":"Toute l&#039;actualit\u00e9 de Remiremont","publisher":{"@id":"https:\/\/vosgesinfo.fr\/remiremontinfo\/#organization"},"alternateName":"Toute l'actualit\u00e9 de Remiremont","potentialAction":[{"@type":"SearchAction","target":{"@type":"EntryPoint","urlTemplate":"https:\/\/vosgesinfo.fr\/remiremontinfo\/?s={search_term_string}"},"query-input":"required name=search_term_string"}],"inLanguage":"fr-FR"},{"@type":"Organization","@id":"https:\/\/vosgesinfo.fr\/remiremontinfo\/#organization","name":"Remiremont Info","url":"https:\/\/vosgesinfo.fr\/remiremontinfo\/","logo":{"@type":"ImageObject","inLanguage":"fr-FR","@id":"https:\/\/vosgesinfo.fr\/remiremontinfo\/#\/schema\/logo\/image\/","url":"https:\/\/vosgesinfo.fr\/app\/uploads\/sites\/5\/2023\/08\/favicon-remiremontinfo.png","contentUrl":"https:\/\/vosgesinfo.fr\/app\/uploads\/sites\/5\/2023\/08\/favicon-remiremontinfo.png","width":512,"height":512,"caption":"Remiremont Info"},"image":{"@id":"https:\/\/vosgesinfo.fr\/remiremontinfo\/#\/schema\/logo\/image\/"},"sameAs":["https:\/\/www.facebook.com\/remiremontinfo","https:\/\/x.com\/VosgesInfo88","https:\/\/www.youtube.com\/@vosgesinfo"]},{"@type":"Person","@id":"https:\/\/vosgesinfo.fr\/remiremontinfo\/#\/schema\/person\/6f9a650eeea99d969b6c4ab78fccbe81","name":"C.K.","image":{"@type":"ImageObject","inLanguage":"fr-FR","@id":"https:\/\/vosgesinfo.fr\/remiremontinfo\/#\/schema\/person\/image\/","url":"https:\/\/secure.gravatar.com\/avatar\/48e3fc7f8421ba8942be6b74a2b7f014ca39bc00dece156b7a8e098ae7dc87bf?s=96&d=mm&r=g","contentUrl":"https:\/\/secure.gravatar.com\/avatar\/48e3fc7f8421ba8942be6b74a2b7f014ca39bc00dece156b7a8e098ae7dc87bf?s=96&d=mm&r=g","caption":"C.K."},"url":"https:\/\/vosgesinfo.fr\/remiremontinfo\/author\/celia-k-n\/"}]}},"_links":{"self":[{"href":"https:\/\/vosgesinfo.fr\/remiremontinfo\/wp-json\/wp\/v2\/posts\/5652","targetHints":{"allow":["GET"]}}],"collection":[{"href":"https:\/\/vosgesinfo.fr\/remiremontinfo\/wp-json\/wp\/v2\/posts"}],"about":[{"href":"https:\/\/vosgesinfo.fr\/remiremontinfo\/wp-json\/wp\/v2\/types\/post"}],"author":[{"embeddable":true,"href":"https:\/\/vosgesinfo.fr\/remiremontinfo\/wp-json\/wp\/v2\/users\/52"}],"replies":[{"embeddable":true,"href":"https:\/\/vosgesinfo.fr\/remiremontinfo\/wp-json\/wp\/v2\/comments?post=5652"}],"version-history":[{"count":1,"href":"https:\/\/vosgesinfo.fr\/remiremontinfo\/wp-json\/wp\/v2\/posts\/5652\/revisions"}],"predecessor-version":[{"id":5655,"href":"https:\/\/vosgesinfo.fr\/remiremontinfo\/wp-json\/wp\/v2\/posts\/5652\/revisions\/5655"}],"wp:featuredmedia":[{"embeddable":true,"href":"https:\/\/vosgesinfo.fr\/remiremontinfo\/wp-json\/wp\/v2\/media\/5653"}],"wp:attachment":[{"href":"https:\/\/vosgesinfo.fr\/remiremontinfo\/wp-json\/wp\/v2\/media?parent=5652"}],"wp:term":[{"taxonomy":"category","embeddable":true,"href":"https:\/\/vosgesinfo.fr\/remiremontinfo\/wp-json\/wp\/v2\/categories?post=5652"},{"taxonomy":"post_tag","embeddable":true,"href":"https:\/\/vosgesinfo.fr\/remiremontinfo\/wp-json\/wp\/v2\/tags?post=5652"}],"curies":[{"name":"wp","href":"https:\/\/api.w.org\/{rel}","templated":true}]}}