{"id":56659,"date":"2022-05-31T12:17:04","date_gmt":"2022-05-31T10:17:04","guid":{"rendered":"https:\/\/vosgesinfo.fr\/remiremontinfo\/2022\/05\/travailleurs-sociaux-vosgiens-cinquantaine-de-manifestants-rue-a-epinal\/"},"modified":"2022-05-31T12:17:04","modified_gmt":"2022-05-31T10:17:04","slug":"travailleurs-sociaux-vosgiens-cinquantaine-de-manifestants-rue-a-epinal","status":"publish","type":"post","link":"https:\/\/vosgesinfo.fr\/remiremontinfo\/2022\/05\/travailleurs-sociaux-vosgiens-cinquantaine-de-manifestants-rue-a-epinal\/","title":{"rendered":"Travailleurs sociaux vosgiens : une cinquantaine de manifestants dans la rue \u00e0 Epinal"},"content":{"rendered":"<h2>L\u2019union d\u00e9partementale CGT Sant\u00e9 et action sociale avait lanc\u00e9 un appel \u00e0 manifester ce mardi 31 mai. Le cort\u00e8ge est parti \u00e0 10h\u00a0devant Jeunesse et Culture, 3 Place d\u2019Avrinsart \u00e0 la ZUP, \u00e0 Epinal. Une action sur fond de revendications nationales et de craintes locales.<\/h2>\n<p><em>\u00ab\u00a0Assez de ces injustices et de ces minables batailles de chiffonnier !\u00a0\u00bb<\/em>. Ce mardi matin avait lieu, \u00e0 Epinal, une nouvelle mobilisation des travailleurs sociaux vosgiens. Une cinquantaine de manifestants ont r\u00e9pondu \u00e0 un appel national relay\u00e9 par l\u2019union d\u00e9partementale CGT Sant\u00e9 et action sociale.<\/p>\n","protected":false},"excerpt":{"rendered":"<p>L\u2019union d\u00e9partementale CGT Sant\u00e9 et action sociale avait lanc\u00e9 un appel \u00e0 manifester ce mardi 31 mai. Le cort\u00e8ge est [&hellip;]<\/p>\n","protected":false},"author":407,"featured_media":56660,"comment_status":"open","ping_status":"open","sticky":false,"template":"","format":"standard","meta":{"footnotes":""},"categories":[26,13,18],"tags":[199,3279,32],"class_list":["post-56659","post","type-post","status-publish","format-standard","has-post-thumbnail","hentry","category-a-la-une","category-societe","category-vosges","tag-manifestation","tag-travailleurs-sociaux","tag-vosges"],"acf":[],"yoast_head":"<!-- This site is optimized with the Yoast SEO plugin v22.5 - https:\/\/yoast.com\/wordpress\/plugins\/seo\/ -->\n<title>Travailleurs sociaux vosgiens : une cinquantaine de manifestants dans la rue \u00e0 Epinal - Remiremont Info<\/title>\n<meta name=\"robots\" content=\"index, follow, max-snippet:-1, max-image-preview:large, max-video-preview:-1\" \/>\n<link rel=\"canonical\" href=\"https:\/\/vosgesinfo.fr\/remiremontinfo\/2022\/05\/travailleurs-sociaux-vosgiens-cinquantaine-de-manifestants-rue-a-epinal\/\" \/>\n<meta name=\"twitter:card\" content=\"summary_large_image\" \/>\n<meta name=\"twitter:title\" content=\"Travailleurs sociaux vosgiens : une cinquantaine de manifestants dans la rue \u00e0 Epinal - Remiremont Info\" \/>\n<meta name=\"twitter:description\" content=\"L\u2019union d\u00e9partementale CGT Sant\u00e9 et action sociale avait lanc\u00e9 un appel \u00e0 manifester ce mardi 31 mai. Le cort\u00e8ge est [&hellip;]\" \/>\n<meta name=\"twitter:image\" content=\"https:\/\/vosgesinfo.fr\/app\/uploads\/sites\/5\/2024\/09\/202205manifestation-sante-sociaux-epinal-vosges-2.jpg\" \/>\n<meta name=\"twitter:creator\" content=\"@VosgesInfo88\" \/>\n<meta name=\"twitter:site\" content=\"@VosgesInfo88\" \/>\n<meta name=\"twitter:label1\" content=\"\u00c9crit par\" \/>\n\t<meta name=\"twitter:data1\" content=\"C D\" \/>\n<script type=\"application\/ld+json\" class=\"yoast-schema-graph\">{\"@context\":\"https:\/\/schema.org\",\"@graph\":[{\"@type\":\"Article\",\"@id\":\"https:\/\/vosgesinfo.fr\/remiremontinfo\/2022\/05\/travailleurs-sociaux-vosgiens-cinquantaine-de-manifestants-rue-a-epinal\/#article\",\"isPartOf\":{\"@id\":\"https:\/\/vosgesinfo.fr\/remiremontinfo\/2022\/05\/travailleurs-sociaux-vosgiens-cinquantaine-de-manifestants-rue-a-epinal\/\"},\"author\":{\"name\":\"C D\",\"@id\":\"https:\/\/vosgesinfo.fr\/remiremontinfo\/#\/schema\/person\/3bfd164d5218a185b1db68655a265316\"},\"headline\":\"Travailleurs sociaux vosgiens : une cinquantaine de manifestants dans la rue \u00e0 Epinal\",\"datePublished\":\"2022-05-31T10:17:04+00:00\",\"dateModified\":\"2022-05-31T10:17:04+00:00\",\"mainEntityOfPage\":{\"@id\":\"https:\/\/vosgesinfo.fr\/remiremontinfo\/2022\/05\/travailleurs-sociaux-vosgiens-cinquantaine-de-manifestants-rue-a-epinal\/\"},\"wordCount\":100,\"commentCount\":0,\"publisher\":{\"@id\":\"https:\/\/vosgesinfo.fr\/remiremontinfo\/#organization\"},\"image\":{\"@id\":\"https:\/\/vosgesinfo.fr\/remiremontinfo\/2022\/05\/travailleurs-sociaux-vosgiens-cinquantaine-de-manifestants-rue-a-epinal\/#primaryimage\"},\"thumbnailUrl\":\"https:\/\/vosgesinfo.fr\/app\/uploads\/sites\/5\/2024\/09\/202205manifestation-sante-sociaux-epinal-vosges-2.jpg\",\"keywords\":[\"manifestation\",\"travailleurs sociaux\",\"Vosges\"],\"articleSection\":[\"A la Une\",\"Soci\u00e9t\u00e9\",\"Vosges\"],\"inLanguage\":\"fr-FR\",\"potentialAction\":[{\"@type\":\"CommentAction\",\"name\":\"Comment\",\"target\":[\"https:\/\/vosgesinfo.fr\/remiremontinfo\/2022\/05\/travailleurs-sociaux-vosgiens-cinquantaine-de-manifestants-rue-a-epinal\/#respond\"]}]},{\"@type\":\"WebPage\",\"@id\":\"https:\/\/vosgesinfo.fr\/remiremontinfo\/2022\/05\/travailleurs-sociaux-vosgiens-cinquantaine-de-manifestants-rue-a-epinal\/\",\"url\":\"https:\/\/vosgesinfo.fr\/remiremontinfo\/2022\/05\/travailleurs-sociaux-vosgiens-cinquantaine-de-manifestants-rue-a-epinal\/\",\"name\":\"Travailleurs sociaux vosgiens : une cinquantaine de manifestants dans la rue \u00e0 Epinal - Remiremont Info\",\"isPartOf\":{\"@id\":\"https:\/\/vosgesinfo.fr\/remiremontinfo\/#website\"},\"primaryImageOfPage\":{\"@id\":\"https:\/\/vosgesinfo.fr\/remiremontinfo\/2022\/05\/travailleurs-sociaux-vosgiens-cinquantaine-de-manifestants-rue-a-epinal\/#primaryimage\"},\"image\":{\"@id\":\"https:\/\/vosgesinfo.fr\/remiremontinfo\/2022\/05\/travailleurs-sociaux-vosgiens-cinquantaine-de-manifestants-rue-a-epinal\/#primaryimage\"},\"thumbnailUrl\":\"https:\/\/vosgesinfo.fr\/app\/uploads\/sites\/5\/2024\/09\/202205manifestation-sante-sociaux-epinal-vosges-2.jpg\",\"datePublished\":\"2022-05-31T10:17:04+00:00\",\"dateModified\":\"2022-05-31T10:17:04+00:00\",\"breadcrumb\":{\"@id\":\"https:\/\/vosgesinfo.fr\/remiremontinfo\/2022\/05\/travailleurs-sociaux-vosgiens-cinquantaine-de-manifestants-rue-a-epinal\/#breadcrumb\"},\"inLanguage\":\"fr-FR\",\"potentialAction\":[{\"@type\":\"ReadAction\",\"target\":[\"https:\/\/vosgesinfo.fr\/remiremontinfo\/2022\/05\/travailleurs-sociaux-vosgiens-cinquantaine-de-manifestants-rue-a-epinal\/\"]}]},{\"@type\":\"ImageObject\",\"inLanguage\":\"fr-FR\",\"@id\":\"https:\/\/vosgesinfo.fr\/remiremontinfo\/2022\/05\/travailleurs-sociaux-vosgiens-cinquantaine-de-manifestants-rue-a-epinal\/#primaryimage\",\"url\":\"https:\/\/vosgesinfo.fr\/app\/uploads\/sites\/5\/2024\/09\/202205manifestation-sante-sociaux-epinal-vosges-2.jpg\",\"contentUrl\":\"https:\/\/vosgesinfo.fr\/app\/uploads\/sites\/5\/2024\/09\/202205manifestation-sante-sociaux-epinal-vosges-2.jpg\",\"width\":800,\"height\":600},{\"@type\":\"BreadcrumbList\",\"@id\":\"https:\/\/vosgesinfo.fr\/remiremontinfo\/2022\/05\/travailleurs-sociaux-vosgiens-cinquantaine-de-manifestants-rue-a-epinal\/#breadcrumb\",\"itemListElement\":[{\"@type\":\"ListItem\",\"position\":1,\"name\":\"Home\",\"item\":\"https:\/\/vosgesinfo.fr\/remiremontinfo\/\"},{\"@type\":\"ListItem\",\"position\":2,\"name\":\"Travailleurs sociaux vosgiens : une cinquantaine de manifestants dans la rue \u00e0 Epinal\"}]},{\"@type\":\"WebSite\",\"@id\":\"https:\/\/vosgesinfo.fr\/remiremontinfo\/#website\",\"url\":\"https:\/\/vosgesinfo.fr\/remiremontinfo\/\",\"name\":\"Remiremont Info\",\"description\":\"Toute l&#039;actualit\u00e9 de Remiremont\",\"publisher\":{\"@id\":\"https:\/\/vosgesinfo.fr\/remiremontinfo\/#organization\"},\"alternateName\":\"Toute l'actualit\u00e9 de Remiremont\",\"potentialAction\":[{\"@type\":\"SearchAction\",\"target\":{\"@type\":\"EntryPoint\",\"urlTemplate\":\"https:\/\/vosgesinfo.fr\/remiremontinfo\/?s={search_term_string}\"},\"query-input\":\"required name=search_term_string\"}],\"inLanguage\":\"fr-FR\"},{\"@type\":\"Organization\",\"@id\":\"https:\/\/vosgesinfo.fr\/remiremontinfo\/#organization\",\"name\":\"Remiremont Info\",\"url\":\"https:\/\/vosgesinfo.fr\/remiremontinfo\/\",\"logo\":{\"@type\":\"ImageObject\",\"inLanguage\":\"fr-FR\",\"@id\":\"https:\/\/vosgesinfo.fr\/remiremontinfo\/#\/schema\/logo\/image\/\",\"url\":\"https:\/\/vosgesinfo.fr\/app\/uploads\/sites\/5\/2023\/08\/favicon-remiremontinfo.png\",\"contentUrl\":\"https:\/\/vosgesinfo.fr\/app\/uploads\/sites\/5\/2023\/08\/favicon-remiremontinfo.png\",\"width\":512,\"height\":512,\"caption\":\"Remiremont Info\"},\"image\":{\"@id\":\"https:\/\/vosgesinfo.fr\/remiremontinfo\/#\/schema\/logo\/image\/\"},\"sameAs\":[\"https:\/\/www.facebook.com\/remiremontinfo\",\"https:\/\/x.com\/VosgesInfo88\",\"https:\/\/www.youtube.com\/@vosgesinfo\"]},{\"@type\":\"Person\",\"@id\":\"https:\/\/vosgesinfo.fr\/remiremontinfo\/#\/schema\/person\/3bfd164d5218a185b1db68655a265316\",\"name\":\"C D\",\"image\":{\"@type\":\"ImageObject\",\"inLanguage\":\"fr-FR\",\"@id\":\"https:\/\/vosgesinfo.fr\/remiremontinfo\/#\/schema\/person\/image\/\",\"url\":\"https:\/\/secure.gravatar.com\/avatar\/1f9a70007336511a47468b8f1c66f922b8b7cf617b02a31149ada43893a5d48f?s=96&d=mm&r=g\",\"contentUrl\":\"https:\/\/secure.gravatar.com\/avatar\/1f9a70007336511a47468b8f1c66f922b8b7cf617b02a31149ada43893a5d48f?s=96&d=mm&r=g\",\"caption\":\"C D\"},\"url\":\"https:\/\/vosgesinfo.fr\/remiremontinfo\/author\/cedric-drevet\/\"}]}<\/script>\n<!-- \/ Yoast SEO plugin. -->","yoast_head_json":{"title":"Travailleurs sociaux vosgiens : une cinquantaine de manifestants dans la rue \u00e0 Epinal - Remiremont Info","robots":{"index":"index","follow":"follow","max-snippet":"max-snippet:-1","max-image-preview":"max-image-preview:large","max-video-preview":"max-video-preview:-1"},"canonical":"https:\/\/vosgesinfo.fr\/remiremontinfo\/2022\/05\/travailleurs-sociaux-vosgiens-cinquantaine-de-manifestants-rue-a-epinal\/","twitter_card":"summary_large_image","twitter_title":"Travailleurs sociaux vosgiens : une cinquantaine de manifestants dans la rue \u00e0 Epinal - Remiremont Info","twitter_description":"L\u2019union d\u00e9partementale CGT Sant\u00e9 et action sociale avait lanc\u00e9 un appel \u00e0 manifester ce mardi 31 mai. Le cort\u00e8ge est [&hellip;]","twitter_image":"https:\/\/vosgesinfo.fr\/app\/uploads\/sites\/5\/2024\/09\/202205manifestation-sante-sociaux-epinal-vosges-2.jpg","twitter_creator":"@VosgesInfo88","twitter_site":"@VosgesInfo88","twitter_misc":{"\u00c9crit par":"C D"},"schema":{"@context":"https:\/\/schema.org","@graph":[{"@type":"Article","@id":"https:\/\/vosgesinfo.fr\/remiremontinfo\/2022\/05\/travailleurs-sociaux-vosgiens-cinquantaine-de-manifestants-rue-a-epinal\/#article","isPartOf":{"@id":"https:\/\/vosgesinfo.fr\/remiremontinfo\/2022\/05\/travailleurs-sociaux-vosgiens-cinquantaine-de-manifestants-rue-a-epinal\/"},"author":{"name":"C D","@id":"https:\/\/vosgesinfo.fr\/remiremontinfo\/#\/schema\/person\/3bfd164d5218a185b1db68655a265316"},"headline":"Travailleurs sociaux vosgiens : une cinquantaine de manifestants dans la rue \u00e0 Epinal","datePublished":"2022-05-31T10:17:04+00:00","dateModified":"2022-05-31T10:17:04+00:00","mainEntityOfPage":{"@id":"https:\/\/vosgesinfo.fr\/remiremontinfo\/2022\/05\/travailleurs-sociaux-vosgiens-cinquantaine-de-manifestants-rue-a-epinal\/"},"wordCount":100,"commentCount":0,"publisher":{"@id":"https:\/\/vosgesinfo.fr\/remiremontinfo\/#organization"},"image":{"@id":"https:\/\/vosgesinfo.fr\/remiremontinfo\/2022\/05\/travailleurs-sociaux-vosgiens-cinquantaine-de-manifestants-rue-a-epinal\/#primaryimage"},"thumbnailUrl":"https:\/\/vosgesinfo.fr\/app\/uploads\/sites\/5\/2024\/09\/202205manifestation-sante-sociaux-epinal-vosges-2.jpg","keywords":["manifestation","travailleurs sociaux","Vosges"],"articleSection":["A la Une","Soci\u00e9t\u00e9","Vosges"],"inLanguage":"fr-FR","potentialAction":[{"@type":"CommentAction","name":"Comment","target":["https:\/\/vosgesinfo.fr\/remiremontinfo\/2022\/05\/travailleurs-sociaux-vosgiens-cinquantaine-de-manifestants-rue-a-epinal\/#respond"]}]},{"@type":"WebPage","@id":"https:\/\/vosgesinfo.fr\/remiremontinfo\/2022\/05\/travailleurs-sociaux-vosgiens-cinquantaine-de-manifestants-rue-a-epinal\/","url":"https:\/\/vosgesinfo.fr\/remiremontinfo\/2022\/05\/travailleurs-sociaux-vosgiens-cinquantaine-de-manifestants-rue-a-epinal\/","name":"Travailleurs sociaux vosgiens : une cinquantaine de manifestants dans la rue \u00e0 Epinal - Remiremont Info","isPartOf":{"@id":"https:\/\/vosgesinfo.fr\/remiremontinfo\/#website"},"primaryImageOfPage":{"@id":"https:\/\/vosgesinfo.fr\/remiremontinfo\/2022\/05\/travailleurs-sociaux-vosgiens-cinquantaine-de-manifestants-rue-a-epinal\/#primaryimage"},"image":{"@id":"https:\/\/vosgesinfo.fr\/remiremontinfo\/2022\/05\/travailleurs-sociaux-vosgiens-cinquantaine-de-manifestants-rue-a-epinal\/#primaryimage"},"thumbnailUrl":"https:\/\/vosgesinfo.fr\/app\/uploads\/sites\/5\/2024\/09\/202205manifestation-sante-sociaux-epinal-vosges-2.jpg","datePublished":"2022-05-31T10:17:04+00:00","dateModified":"2022-05-31T10:17:04+00:00","breadcrumb":{"@id":"https:\/\/vosgesinfo.fr\/remiremontinfo\/2022\/05\/travailleurs-sociaux-vosgiens-cinquantaine-de-manifestants-rue-a-epinal\/#breadcrumb"},"inLanguage":"fr-FR","potentialAction":[{"@type":"ReadAction","target":["https:\/\/vosgesinfo.fr\/remiremontinfo\/2022\/05\/travailleurs-sociaux-vosgiens-cinquantaine-de-manifestants-rue-a-epinal\/"]}]},{"@type":"ImageObject","inLanguage":"fr-FR","@id":"https:\/\/vosgesinfo.fr\/remiremontinfo\/2022\/05\/travailleurs-sociaux-vosgiens-cinquantaine-de-manifestants-rue-a-epinal\/#primaryimage","url":"https:\/\/vosgesinfo.fr\/app\/uploads\/sites\/5\/2024\/09\/202205manifestation-sante-sociaux-epinal-vosges-2.jpg","contentUrl":"https:\/\/vosgesinfo.fr\/app\/uploads\/sites\/5\/2024\/09\/202205manifestation-sante-sociaux-epinal-vosges-2.jpg","width":800,"height":600},{"@type":"BreadcrumbList","@id":"https:\/\/vosgesinfo.fr\/remiremontinfo\/2022\/05\/travailleurs-sociaux-vosgiens-cinquantaine-de-manifestants-rue-a-epinal\/#breadcrumb","itemListElement":[{"@type":"ListItem","position":1,"name":"Home","item":"https:\/\/vosgesinfo.fr\/remiremontinfo\/"},{"@type":"ListItem","position":2,"name":"Travailleurs sociaux vosgiens : une cinquantaine de manifestants dans la rue \u00e0 Epinal"}]},{"@type":"WebSite","@id":"https:\/\/vosgesinfo.fr\/remiremontinfo\/#website","url":"https:\/\/vosgesinfo.fr\/remiremontinfo\/","name":"Remiremont Info","description":"Toute l&#039;actualit\u00e9 de Remiremont","publisher":{"@id":"https:\/\/vosgesinfo.fr\/remiremontinfo\/#organization"},"alternateName":"Toute l'actualit\u00e9 de Remiremont","potentialAction":[{"@type":"SearchAction","target":{"@type":"EntryPoint","urlTemplate":"https:\/\/vosgesinfo.fr\/remiremontinfo\/?s={search_term_string}"},"query-input":"required name=search_term_string"}],"inLanguage":"fr-FR"},{"@type":"Organization","@id":"https:\/\/vosgesinfo.fr\/remiremontinfo\/#organization","name":"Remiremont Info","url":"https:\/\/vosgesinfo.fr\/remiremontinfo\/","logo":{"@type":"ImageObject","inLanguage":"fr-FR","@id":"https:\/\/vosgesinfo.fr\/remiremontinfo\/#\/schema\/logo\/image\/","url":"https:\/\/vosgesinfo.fr\/app\/uploads\/sites\/5\/2023\/08\/favicon-remiremontinfo.png","contentUrl":"https:\/\/vosgesinfo.fr\/app\/uploads\/sites\/5\/2023\/08\/favicon-remiremontinfo.png","width":512,"height":512,"caption":"Remiremont Info"},"image":{"@id":"https:\/\/vosgesinfo.fr\/remiremontinfo\/#\/schema\/logo\/image\/"},"sameAs":["https:\/\/www.facebook.com\/remiremontinfo","https:\/\/x.com\/VosgesInfo88","https:\/\/www.youtube.com\/@vosgesinfo"]},{"@type":"Person","@id":"https:\/\/vosgesinfo.fr\/remiremontinfo\/#\/schema\/person\/3bfd164d5218a185b1db68655a265316","name":"C D","image":{"@type":"ImageObject","inLanguage":"fr-FR","@id":"https:\/\/vosgesinfo.fr\/remiremontinfo\/#\/schema\/person\/image\/","url":"https:\/\/secure.gravatar.com\/avatar\/1f9a70007336511a47468b8f1c66f922b8b7cf617b02a31149ada43893a5d48f?s=96&d=mm&r=g","contentUrl":"https:\/\/secure.gravatar.com\/avatar\/1f9a70007336511a47468b8f1c66f922b8b7cf617b02a31149ada43893a5d48f?s=96&d=mm&r=g","caption":"C D"},"url":"https:\/\/vosgesinfo.fr\/remiremontinfo\/author\/cedric-drevet\/"}]}},"_links":{"self":[{"href":"https:\/\/vosgesinfo.fr\/remiremontinfo\/wp-json\/wp\/v2\/posts\/56659","targetHints":{"allow":["GET"]}}],"collection":[{"href":"https:\/\/vosgesinfo.fr\/remiremontinfo\/wp-json\/wp\/v2\/posts"}],"about":[{"href":"https:\/\/vosgesinfo.fr\/remiremontinfo\/wp-json\/wp\/v2\/types\/post"}],"author":[{"embeddable":true,"href":"https:\/\/vosgesinfo.fr\/remiremontinfo\/wp-json\/wp\/v2\/users\/407"}],"replies":[{"embeddable":true,"href":"https:\/\/vosgesinfo.fr\/remiremontinfo\/wp-json\/wp\/v2\/comments?post=56659"}],"version-history":[{"count":0,"href":"https:\/\/vosgesinfo.fr\/remiremontinfo\/wp-json\/wp\/v2\/posts\/56659\/revisions"}],"wp:featuredmedia":[{"embeddable":true,"href":"https:\/\/vosgesinfo.fr\/remiremontinfo\/wp-json\/wp\/v2\/media\/56660"}],"wp:attachment":[{"href":"https:\/\/vosgesinfo.fr\/remiremontinfo\/wp-json\/wp\/v2\/media?parent=56659"}],"wp:term":[{"taxonomy":"category","embeddable":true,"href":"https:\/\/vosgesinfo.fr\/remiremontinfo\/wp-json\/wp\/v2\/categories?post=56659"},{"taxonomy":"post_tag","embeddable":true,"href":"https:\/\/vosgesinfo.fr\/remiremontinfo\/wp-json\/wp\/v2\/tags?post=56659"}],"curies":[{"name":"wp","href":"https:\/\/api.w.org\/{rel}","templated":true}]}}