{"id":56938,"date":"2022-06-07T07:00:53","date_gmt":"2022-06-07T05:00:53","guid":{"rendered":"https:\/\/vosgesinfo.fr\/remiremontinfo\/2022\/06\/vagney-atelier-decouvrir-effet-speciaux-cinema-fond-vert\/"},"modified":"2022-06-07T07:00:53","modified_gmt":"2022-06-07T05:00:53","slug":"vagney-atelier-decouvrir-effet-speciaux-cinema-fond-vert","status":"publish","type":"post","link":"https:\/\/vosgesinfo.fr\/remiremontinfo\/2022\/06\/vagney-atelier-decouvrir-effet-speciaux-cinema-fond-vert\/","title":{"rendered":"Vagney : un atelier pour d\u00e9couvrir les effet sp\u00e9ciaux du cin\u00e9ma sur fond vert"},"content":{"rendered":"<div>\n<div dir=\"ltr\">\n<p dir=\"ltr\"><a href=\"\/2022\/06\/282107473_751557475852209_4698077360651344897_n.jpg\"><img decoding=\"async\" class=\"alignnone size-large wp-image-345827\" src=\"\/2022\/06\/282107473_751557475852209_4698077360651344897_n-1024x768.jpg\" alt=\"282107473_751557475852209_4698077360651344897_n\" width=\"960\" height=\"720\" \/><\/a><\/p>\n<p dir=\"ltr\"><span style=\"font-size: 10pt;\"><em><a href=\"https:\/\/remiremontinfo.fr\/2022\/05\/vagney-atelier-fond-vert-cinema-lentractes\/\">Photo d&rsquo;archive\/illustration, par Cin\u00e9ma L\u2019Entr\u2019Actes<\/a><\/em><\/span><\/p>\n<h2 dir=\"ltr\"><span style=\"font-size: 12pt;\"><strong>Dans le cadre du Festival \u00ab\u00a0Tous en Salle!\u00a0\u00bb (week-end festif des salles de cin\u00e9ma du Grand Est), l&rsquo;association Vagney-Loisirs vous propose\u00a0un atelier pour d\u00e9couvrir les effet sp\u00e9ciaux du cin\u00e9ma sur fond vert,\u00a0vendredi 10 juin \u00e0 17h30 au cin\u00e9ma L&rsquo;Entr&rsquo;Actes \u00e0 Vagney. Inscription par mail\u00a0<a href=\"mailto:cinemavagney@laposte.net\" target=\"_blank\" rel=\"noopener\">cinemavagney@laposte.net<\/a>\u00a0(pr\u00e9ciser nom, pr\u00e9nom, \u00e2ge et num\u00e9ro de t\u00e9l\u00e9phone) &#8211;\u00a0A partir de 8 ans,\u00a0places limit\u00e9es.<\/strong><\/span><\/h2>\n<p dir=\"ltr\"><span style=\"font-size: 12pt;\">Habituellement, une salle de cin\u00e9ma est un lieu o\u00f9 l\u2019on montre des films, et non un lieu o\u00f9 on les fabrique.\u00a0<em>Tous en salle\u00a0!\u00a0<\/em>fait bouger les lignes et vous donne l\u2019occasion de d\u00e9couvrir et tester les effets sp\u00e9ciaux. Sur un plateau construit pour l\u2019occasion, muni d\u2019un fond vert et de divers objets, vous pourrez faire appara\u00eetre et dispara\u00eetre des objets et vous essayer aux trucages. Des outils et techniques pour lever le voile sur la fabrication de films et d\u00e9couvrir l\u2019envers du d\u00e9cor de sc\u00e8nes cultes du cin\u00e9ma.\u00a0<\/span><\/p>\n<p dir=\"ltr\" style=\"text-align: center;\"><a href=\"\/2022\/06\/12.jpg\"><img decoding=\"async\" class=\"alignnone size-full wp-image-345826\" src=\"\/2022\/06\/12.jpg\" alt=\"1\" width=\"399\" height=\"212\" \/><\/a><\/p>\n<\/div>\n<\/div>\n<div><\/div>\n","protected":false},"excerpt":{"rendered":"<p>Photo d&rsquo;archive\/illustration, par Cin\u00e9ma L\u2019Entr\u2019Actes Dans le cadre du Festival \u00ab\u00a0Tous en Salle!\u00a0\u00bb (week-end festif des salles de cin\u00e9ma du [&hellip;]<\/p>\n","protected":false},"author":407,"featured_media":56939,"comment_status":"open","ping_status":"open","sticky":false,"template":"","format":"standard","meta":{"footnotes":""},"categories":[26,4,25,36],"tags":[76,4018,3874,4019,160],"class_list":["post-56938","post","type-post","status-publish","format-standard","has-post-thumbnail","hentry","category-a-la-une","category-culture","category-la-bresse-son-canton","category-vagney","tag-cinema","tag-effets-speciaux","tag-fond-vert","tag-tous-en-salle","tag-vagney"],"acf":[],"yoast_head":"<!-- This site is optimized with the Yoast SEO plugin v22.5 - https:\/\/yoast.com\/wordpress\/plugins\/seo\/ -->\n<title>Vagney : un atelier pour d\u00e9couvrir les effet sp\u00e9ciaux du cin\u00e9ma sur fond vert - Remiremont Info<\/title>\n<meta name=\"robots\" content=\"index, follow, max-snippet:-1, max-image-preview:large, max-video-preview:-1\" \/>\n<link rel=\"canonical\" href=\"https:\/\/vosgesinfo.fr\/remiremontinfo\/2022\/06\/vagney-atelier-decouvrir-effet-speciaux-cinema-fond-vert\/\" \/>\n<meta name=\"twitter:card\" content=\"summary_large_image\" \/>\n<meta name=\"twitter:title\" content=\"Vagney : un atelier pour d\u00e9couvrir les effet sp\u00e9ciaux du cin\u00e9ma sur fond vert - Remiremont Info\" \/>\n<meta name=\"twitter:description\" content=\"Photo d&rsquo;archive\/illustration, par Cin\u00e9ma L\u2019Entr\u2019Actes Dans le cadre du Festival \u00ab\u00a0Tous en Salle!\u00a0\u00bb (week-end festif des salles de cin\u00e9ma du [&hellip;]\" \/>\n<meta name=\"twitter:image\" content=\"https:\/\/vosgesinfo.fr\/app\/uploads\/sites\/5\/2024\/09\/202206282107473-751557475852209-4698077360651344897-n.jpg\" \/>\n<meta name=\"twitter:creator\" content=\"@VosgesInfo88\" \/>\n<meta name=\"twitter:site\" content=\"@VosgesInfo88\" \/>\n<meta name=\"twitter:label1\" content=\"\u00c9crit par\" \/>\n\t<meta name=\"twitter:data1\" content=\"C D\" \/>\n\t<meta name=\"twitter:label2\" content=\"Dur\u00e9e de lecture estim\u00e9e\" \/>\n\t<meta name=\"twitter:data2\" content=\"1 minute\" \/>\n<script type=\"application\/ld+json\" class=\"yoast-schema-graph\">{\"@context\":\"https:\/\/schema.org\",\"@graph\":[{\"@type\":\"Article\",\"@id\":\"https:\/\/vosgesinfo.fr\/remiremontinfo\/2022\/06\/vagney-atelier-decouvrir-effet-speciaux-cinema-fond-vert\/#article\",\"isPartOf\":{\"@id\":\"https:\/\/vosgesinfo.fr\/remiremontinfo\/2022\/06\/vagney-atelier-decouvrir-effet-speciaux-cinema-fond-vert\/\"},\"author\":{\"name\":\"C D\",\"@id\":\"https:\/\/vosgesinfo.fr\/remiremontinfo\/#\/schema\/person\/3bfd164d5218a185b1db68655a265316\"},\"headline\":\"Vagney : un atelier pour d\u00e9couvrir les effet sp\u00e9ciaux du cin\u00e9ma sur fond vert\",\"datePublished\":\"2022-06-07T05:00:53+00:00\",\"dateModified\":\"2022-06-07T05:00:53+00:00\",\"mainEntityOfPage\":{\"@id\":\"https:\/\/vosgesinfo.fr\/remiremontinfo\/2022\/06\/vagney-atelier-decouvrir-effet-speciaux-cinema-fond-vert\/\"},\"wordCount\":204,\"commentCount\":0,\"publisher\":{\"@id\":\"https:\/\/vosgesinfo.fr\/remiremontinfo\/#organization\"},\"image\":{\"@id\":\"https:\/\/vosgesinfo.fr\/remiremontinfo\/2022\/06\/vagney-atelier-decouvrir-effet-speciaux-cinema-fond-vert\/#primaryimage\"},\"thumbnailUrl\":\"https:\/\/vosgesinfo.fr\/app\/uploads\/sites\/5\/2024\/09\/202206282107473-751557475852209-4698077360651344897-n.jpg\",\"keywords\":[\"cinema\",\"effets sp\u00e9ciaux\",\"fond vert\",\"tous en salle\",\"vagney\"],\"articleSection\":[\"A la Une\",\"Culture\",\"La Bresse &amp; son canton\",\"Vagney\"],\"inLanguage\":\"fr-FR\",\"potentialAction\":[{\"@type\":\"CommentAction\",\"name\":\"Comment\",\"target\":[\"https:\/\/vosgesinfo.fr\/remiremontinfo\/2022\/06\/vagney-atelier-decouvrir-effet-speciaux-cinema-fond-vert\/#respond\"]}]},{\"@type\":\"WebPage\",\"@id\":\"https:\/\/vosgesinfo.fr\/remiremontinfo\/2022\/06\/vagney-atelier-decouvrir-effet-speciaux-cinema-fond-vert\/\",\"url\":\"https:\/\/vosgesinfo.fr\/remiremontinfo\/2022\/06\/vagney-atelier-decouvrir-effet-speciaux-cinema-fond-vert\/\",\"name\":\"Vagney : un atelier pour d\u00e9couvrir les effet sp\u00e9ciaux du cin\u00e9ma sur fond vert - Remiremont Info\",\"isPartOf\":{\"@id\":\"https:\/\/vosgesinfo.fr\/remiremontinfo\/#website\"},\"primaryImageOfPage\":{\"@id\":\"https:\/\/vosgesinfo.fr\/remiremontinfo\/2022\/06\/vagney-atelier-decouvrir-effet-speciaux-cinema-fond-vert\/#primaryimage\"},\"image\":{\"@id\":\"https:\/\/vosgesinfo.fr\/remiremontinfo\/2022\/06\/vagney-atelier-decouvrir-effet-speciaux-cinema-fond-vert\/#primaryimage\"},\"thumbnailUrl\":\"https:\/\/vosgesinfo.fr\/app\/uploads\/sites\/5\/2024\/09\/202206282107473-751557475852209-4698077360651344897-n.jpg\",\"datePublished\":\"2022-06-07T05:00:53+00:00\",\"dateModified\":\"2022-06-07T05:00:53+00:00\",\"breadcrumb\":{\"@id\":\"https:\/\/vosgesinfo.fr\/remiremontinfo\/2022\/06\/vagney-atelier-decouvrir-effet-speciaux-cinema-fond-vert\/#breadcrumb\"},\"inLanguage\":\"fr-FR\",\"potentialAction\":[{\"@type\":\"ReadAction\",\"target\":[\"https:\/\/vosgesinfo.fr\/remiremontinfo\/2022\/06\/vagney-atelier-decouvrir-effet-speciaux-cinema-fond-vert\/\"]}]},{\"@type\":\"ImageObject\",\"inLanguage\":\"fr-FR\",\"@id\":\"https:\/\/vosgesinfo.fr\/remiremontinfo\/2022\/06\/vagney-atelier-decouvrir-effet-speciaux-cinema-fond-vert\/#primaryimage\",\"url\":\"https:\/\/vosgesinfo.fr\/app\/uploads\/sites\/5\/2024\/09\/202206282107473-751557475852209-4698077360651344897-n.jpg\",\"contentUrl\":\"https:\/\/vosgesinfo.fr\/app\/uploads\/sites\/5\/2024\/09\/202206282107473-751557475852209-4698077360651344897-n.jpg\",\"width\":2048,\"height\":1536},{\"@type\":\"BreadcrumbList\",\"@id\":\"https:\/\/vosgesinfo.fr\/remiremontinfo\/2022\/06\/vagney-atelier-decouvrir-effet-speciaux-cinema-fond-vert\/#breadcrumb\",\"itemListElement\":[{\"@type\":\"ListItem\",\"position\":1,\"name\":\"Home\",\"item\":\"https:\/\/vosgesinfo.fr\/remiremontinfo\/\"},{\"@type\":\"ListItem\",\"position\":2,\"name\":\"Vagney : un atelier pour d\u00e9couvrir les effet sp\u00e9ciaux du cin\u00e9ma sur fond vert\"}]},{\"@type\":\"WebSite\",\"@id\":\"https:\/\/vosgesinfo.fr\/remiremontinfo\/#website\",\"url\":\"https:\/\/vosgesinfo.fr\/remiremontinfo\/\",\"name\":\"Remiremont Info\",\"description\":\"Toute l&#039;actualit\u00e9 de Remiremont\",\"publisher\":{\"@id\":\"https:\/\/vosgesinfo.fr\/remiremontinfo\/#organization\"},\"alternateName\":\"Toute l'actualit\u00e9 de Remiremont\",\"potentialAction\":[{\"@type\":\"SearchAction\",\"target\":{\"@type\":\"EntryPoint\",\"urlTemplate\":\"https:\/\/vosgesinfo.fr\/remiremontinfo\/?s={search_term_string}\"},\"query-input\":\"required name=search_term_string\"}],\"inLanguage\":\"fr-FR\"},{\"@type\":\"Organization\",\"@id\":\"https:\/\/vosgesinfo.fr\/remiremontinfo\/#organization\",\"name\":\"Remiremont Info\",\"url\":\"https:\/\/vosgesinfo.fr\/remiremontinfo\/\",\"logo\":{\"@type\":\"ImageObject\",\"inLanguage\":\"fr-FR\",\"@id\":\"https:\/\/vosgesinfo.fr\/remiremontinfo\/#\/schema\/logo\/image\/\",\"url\":\"https:\/\/vosgesinfo.fr\/app\/uploads\/sites\/5\/2023\/08\/favicon-remiremontinfo.png\",\"contentUrl\":\"https:\/\/vosgesinfo.fr\/app\/uploads\/sites\/5\/2023\/08\/favicon-remiremontinfo.png\",\"width\":512,\"height\":512,\"caption\":\"Remiremont Info\"},\"image\":{\"@id\":\"https:\/\/vosgesinfo.fr\/remiremontinfo\/#\/schema\/logo\/image\/\"},\"sameAs\":[\"https:\/\/www.facebook.com\/remiremontinfo\",\"https:\/\/x.com\/VosgesInfo88\",\"https:\/\/www.youtube.com\/@vosgesinfo\"]},{\"@type\":\"Person\",\"@id\":\"https:\/\/vosgesinfo.fr\/remiremontinfo\/#\/schema\/person\/3bfd164d5218a185b1db68655a265316\",\"name\":\"C D\",\"image\":{\"@type\":\"ImageObject\",\"inLanguage\":\"fr-FR\",\"@id\":\"https:\/\/vosgesinfo.fr\/remiremontinfo\/#\/schema\/person\/image\/\",\"url\":\"https:\/\/secure.gravatar.com\/avatar\/1f9a70007336511a47468b8f1c66f922b8b7cf617b02a31149ada43893a5d48f?s=96&d=mm&r=g\",\"contentUrl\":\"https:\/\/secure.gravatar.com\/avatar\/1f9a70007336511a47468b8f1c66f922b8b7cf617b02a31149ada43893a5d48f?s=96&d=mm&r=g\",\"caption\":\"C D\"},\"url\":\"https:\/\/vosgesinfo.fr\/remiremontinfo\/author\/cedric-drevet\/\"}]}<\/script>\n<!-- \/ Yoast SEO plugin. -->","yoast_head_json":{"title":"Vagney : un atelier pour d\u00e9couvrir les effet sp\u00e9ciaux du cin\u00e9ma sur fond vert - Remiremont Info","robots":{"index":"index","follow":"follow","max-snippet":"max-snippet:-1","max-image-preview":"max-image-preview:large","max-video-preview":"max-video-preview:-1"},"canonical":"https:\/\/vosgesinfo.fr\/remiremontinfo\/2022\/06\/vagney-atelier-decouvrir-effet-speciaux-cinema-fond-vert\/","twitter_card":"summary_large_image","twitter_title":"Vagney : un atelier pour d\u00e9couvrir les effet sp\u00e9ciaux du cin\u00e9ma sur fond vert - Remiremont Info","twitter_description":"Photo d&rsquo;archive\/illustration, par Cin\u00e9ma L\u2019Entr\u2019Actes Dans le cadre du Festival \u00ab\u00a0Tous en Salle!\u00a0\u00bb (week-end festif des salles de cin\u00e9ma du [&hellip;]","twitter_image":"https:\/\/vosgesinfo.fr\/app\/uploads\/sites\/5\/2024\/09\/202206282107473-751557475852209-4698077360651344897-n.jpg","twitter_creator":"@VosgesInfo88","twitter_site":"@VosgesInfo88","twitter_misc":{"\u00c9crit par":"C D","Dur\u00e9e de lecture estim\u00e9e":"1 minute"},"schema":{"@context":"https:\/\/schema.org","@graph":[{"@type":"Article","@id":"https:\/\/vosgesinfo.fr\/remiremontinfo\/2022\/06\/vagney-atelier-decouvrir-effet-speciaux-cinema-fond-vert\/#article","isPartOf":{"@id":"https:\/\/vosgesinfo.fr\/remiremontinfo\/2022\/06\/vagney-atelier-decouvrir-effet-speciaux-cinema-fond-vert\/"},"author":{"name":"C D","@id":"https:\/\/vosgesinfo.fr\/remiremontinfo\/#\/schema\/person\/3bfd164d5218a185b1db68655a265316"},"headline":"Vagney : un atelier pour d\u00e9couvrir les effet sp\u00e9ciaux du cin\u00e9ma sur fond vert","datePublished":"2022-06-07T05:00:53+00:00","dateModified":"2022-06-07T05:00:53+00:00","mainEntityOfPage":{"@id":"https:\/\/vosgesinfo.fr\/remiremontinfo\/2022\/06\/vagney-atelier-decouvrir-effet-speciaux-cinema-fond-vert\/"},"wordCount":204,"commentCount":0,"publisher":{"@id":"https:\/\/vosgesinfo.fr\/remiremontinfo\/#organization"},"image":{"@id":"https:\/\/vosgesinfo.fr\/remiremontinfo\/2022\/06\/vagney-atelier-decouvrir-effet-speciaux-cinema-fond-vert\/#primaryimage"},"thumbnailUrl":"https:\/\/vosgesinfo.fr\/app\/uploads\/sites\/5\/2024\/09\/202206282107473-751557475852209-4698077360651344897-n.jpg","keywords":["cinema","effets sp\u00e9ciaux","fond vert","tous en salle","vagney"],"articleSection":["A la Une","Culture","La Bresse &amp; son canton","Vagney"],"inLanguage":"fr-FR","potentialAction":[{"@type":"CommentAction","name":"Comment","target":["https:\/\/vosgesinfo.fr\/remiremontinfo\/2022\/06\/vagney-atelier-decouvrir-effet-speciaux-cinema-fond-vert\/#respond"]}]},{"@type":"WebPage","@id":"https:\/\/vosgesinfo.fr\/remiremontinfo\/2022\/06\/vagney-atelier-decouvrir-effet-speciaux-cinema-fond-vert\/","url":"https:\/\/vosgesinfo.fr\/remiremontinfo\/2022\/06\/vagney-atelier-decouvrir-effet-speciaux-cinema-fond-vert\/","name":"Vagney : un atelier pour d\u00e9couvrir les effet sp\u00e9ciaux du cin\u00e9ma sur fond vert - Remiremont Info","isPartOf":{"@id":"https:\/\/vosgesinfo.fr\/remiremontinfo\/#website"},"primaryImageOfPage":{"@id":"https:\/\/vosgesinfo.fr\/remiremontinfo\/2022\/06\/vagney-atelier-decouvrir-effet-speciaux-cinema-fond-vert\/#primaryimage"},"image":{"@id":"https:\/\/vosgesinfo.fr\/remiremontinfo\/2022\/06\/vagney-atelier-decouvrir-effet-speciaux-cinema-fond-vert\/#primaryimage"},"thumbnailUrl":"https:\/\/vosgesinfo.fr\/app\/uploads\/sites\/5\/2024\/09\/202206282107473-751557475852209-4698077360651344897-n.jpg","datePublished":"2022-06-07T05:00:53+00:00","dateModified":"2022-06-07T05:00:53+00:00","breadcrumb":{"@id":"https:\/\/vosgesinfo.fr\/remiremontinfo\/2022\/06\/vagney-atelier-decouvrir-effet-speciaux-cinema-fond-vert\/#breadcrumb"},"inLanguage":"fr-FR","potentialAction":[{"@type":"ReadAction","target":["https:\/\/vosgesinfo.fr\/remiremontinfo\/2022\/06\/vagney-atelier-decouvrir-effet-speciaux-cinema-fond-vert\/"]}]},{"@type":"ImageObject","inLanguage":"fr-FR","@id":"https:\/\/vosgesinfo.fr\/remiremontinfo\/2022\/06\/vagney-atelier-decouvrir-effet-speciaux-cinema-fond-vert\/#primaryimage","url":"https:\/\/vosgesinfo.fr\/app\/uploads\/sites\/5\/2024\/09\/202206282107473-751557475852209-4698077360651344897-n.jpg","contentUrl":"https:\/\/vosgesinfo.fr\/app\/uploads\/sites\/5\/2024\/09\/202206282107473-751557475852209-4698077360651344897-n.jpg","width":2048,"height":1536},{"@type":"BreadcrumbList","@id":"https:\/\/vosgesinfo.fr\/remiremontinfo\/2022\/06\/vagney-atelier-decouvrir-effet-speciaux-cinema-fond-vert\/#breadcrumb","itemListElement":[{"@type":"ListItem","position":1,"name":"Home","item":"https:\/\/vosgesinfo.fr\/remiremontinfo\/"},{"@type":"ListItem","position":2,"name":"Vagney : un atelier pour d\u00e9couvrir les effet sp\u00e9ciaux du cin\u00e9ma sur fond vert"}]},{"@type":"WebSite","@id":"https:\/\/vosgesinfo.fr\/remiremontinfo\/#website","url":"https:\/\/vosgesinfo.fr\/remiremontinfo\/","name":"Remiremont Info","description":"Toute l&#039;actualit\u00e9 de Remiremont","publisher":{"@id":"https:\/\/vosgesinfo.fr\/remiremontinfo\/#organization"},"alternateName":"Toute l'actualit\u00e9 de Remiremont","potentialAction":[{"@type":"SearchAction","target":{"@type":"EntryPoint","urlTemplate":"https:\/\/vosgesinfo.fr\/remiremontinfo\/?s={search_term_string}"},"query-input":"required name=search_term_string"}],"inLanguage":"fr-FR"},{"@type":"Organization","@id":"https:\/\/vosgesinfo.fr\/remiremontinfo\/#organization","name":"Remiremont Info","url":"https:\/\/vosgesinfo.fr\/remiremontinfo\/","logo":{"@type":"ImageObject","inLanguage":"fr-FR","@id":"https:\/\/vosgesinfo.fr\/remiremontinfo\/#\/schema\/logo\/image\/","url":"https:\/\/vosgesinfo.fr\/app\/uploads\/sites\/5\/2023\/08\/favicon-remiremontinfo.png","contentUrl":"https:\/\/vosgesinfo.fr\/app\/uploads\/sites\/5\/2023\/08\/favicon-remiremontinfo.png","width":512,"height":512,"caption":"Remiremont Info"},"image":{"@id":"https:\/\/vosgesinfo.fr\/remiremontinfo\/#\/schema\/logo\/image\/"},"sameAs":["https:\/\/www.facebook.com\/remiremontinfo","https:\/\/x.com\/VosgesInfo88","https:\/\/www.youtube.com\/@vosgesinfo"]},{"@type":"Person","@id":"https:\/\/vosgesinfo.fr\/remiremontinfo\/#\/schema\/person\/3bfd164d5218a185b1db68655a265316","name":"C D","image":{"@type":"ImageObject","inLanguage":"fr-FR","@id":"https:\/\/vosgesinfo.fr\/remiremontinfo\/#\/schema\/person\/image\/","url":"https:\/\/secure.gravatar.com\/avatar\/1f9a70007336511a47468b8f1c66f922b8b7cf617b02a31149ada43893a5d48f?s=96&d=mm&r=g","contentUrl":"https:\/\/secure.gravatar.com\/avatar\/1f9a70007336511a47468b8f1c66f922b8b7cf617b02a31149ada43893a5d48f?s=96&d=mm&r=g","caption":"C D"},"url":"https:\/\/vosgesinfo.fr\/remiremontinfo\/author\/cedric-drevet\/"}]}},"_links":{"self":[{"href":"https:\/\/vosgesinfo.fr\/remiremontinfo\/wp-json\/wp\/v2\/posts\/56938","targetHints":{"allow":["GET"]}}],"collection":[{"href":"https:\/\/vosgesinfo.fr\/remiremontinfo\/wp-json\/wp\/v2\/posts"}],"about":[{"href":"https:\/\/vosgesinfo.fr\/remiremontinfo\/wp-json\/wp\/v2\/types\/post"}],"author":[{"embeddable":true,"href":"https:\/\/vosgesinfo.fr\/remiremontinfo\/wp-json\/wp\/v2\/users\/407"}],"replies":[{"embeddable":true,"href":"https:\/\/vosgesinfo.fr\/remiremontinfo\/wp-json\/wp\/v2\/comments?post=56938"}],"version-history":[{"count":0,"href":"https:\/\/vosgesinfo.fr\/remiremontinfo\/wp-json\/wp\/v2\/posts\/56938\/revisions"}],"wp:featuredmedia":[{"embeddable":true,"href":"https:\/\/vosgesinfo.fr\/remiremontinfo\/wp-json\/wp\/v2\/media\/56939"}],"wp:attachment":[{"href":"https:\/\/vosgesinfo.fr\/remiremontinfo\/wp-json\/wp\/v2\/media?parent=56938"}],"wp:term":[{"taxonomy":"category","embeddable":true,"href":"https:\/\/vosgesinfo.fr\/remiremontinfo\/wp-json\/wp\/v2\/categories?post=56938"},{"taxonomy":"post_tag","embeddable":true,"href":"https:\/\/vosgesinfo.fr\/remiremontinfo\/wp-json\/wp\/v2\/tags?post=56938"}],"curies":[{"name":"wp","href":"https:\/\/api.w.org\/{rel}","templated":true}]}}