{"id":56943,"date":"2022-06-07T07:05:26","date_gmt":"2022-06-07T05:05:26","guid":{"rendered":"https:\/\/vosgesinfo.fr\/remiremontinfo\/2022\/06\/crise-a-lhopital-soignants-grevistes-se-mobilisent-mardi\/"},"modified":"2022-06-07T07:05:26","modified_gmt":"2022-06-07T05:05:26","slug":"crise-a-lhopital-soignants-grevistes-se-mobilisent-mardi","status":"publish","type":"post","link":"https:\/\/vosgesinfo.fr\/remiremontinfo\/2022\/06\/crise-a-lhopital-soignants-grevistes-se-mobilisent-mardi\/","title":{"rendered":"Crise \u00e0 l\u2019h\u00f4pital : les soignants gr\u00e9vistes se mobilisent ce mardi"},"content":{"rendered":"<h2><span style=\"font-size: 12pt;\">Plus de 120 services d\u2019urgences ont \u00e9t\u00e9 forc\u00e9s de limiter leur activit\u00e9 ou s\u2019y pr\u00e9parent.\u00a0Neuf syndicats et collectifs hospitaliers ont appel\u00e9 les personnels soignants \u00e0 se mobiliser mardi pour r\u00e9clamer des hausses de salaires et d\u2019effectifs.\u00a0La CGT Sant\u00e9 dans les Vosges a pr\u00e9vu d\u2019affr\u00e9ter un bus pour transporter les soignants qui souhaitent manifester vers Paris.\u00a0<\/span><\/h2>\n<p><span style=\"font-size: 12pt;\">A quelques jours des \u00e9lections l\u00e9gislatives, la tension monte du c\u00f4t\u00e9 de l\u2019h\u00f4pital.\u00a0Une nouvelle journ\u00e9e d\u2019action nationale pour d\u00e9fendre l\u2019h\u00f4pital est lanc\u00e9e par neuf organisations ce mardi 7 juin (dont CGT, SUD et CFE-CGC) et collectifs (dont Inter-H\u00f4pitaux et Inter-Urgences). La CGT Sant\u00e9 des Vosges a pr\u00e9vu d\u2019affr\u00e9ter un bus pour transporter les soignants qui souhaitent manifester vers Paris.<\/span><\/p>\n<p><span style=\"font-size: 12pt;\">\u00c0\u00a0Paris, les manifestants sont attendus devant le minist\u00e8re de la Sant\u00e9 \u00e0 partir de 13 h 30.\u00a0Des rassemblements sont pr\u00e9vus dans une cinquantaine de villes.<\/span><\/p>\n<p><span style=\"font-size: 12pt;\">Suite au manque important de soignants, au moins 120 services ont \u00e9t\u00e9 forc\u00e9s de limiter leur activit\u00e9 ou s\u2019y pr\u00e9parent, selon l\u2019association Samu-Urgences de France.<\/span><\/p>\n<p><span style=\"font-size: 12pt;\">C.K.N.\u00a0<\/span><\/p>\n","protected":false},"excerpt":{"rendered":"<p>Plus de 120 services d\u2019urgences ont \u00e9t\u00e9 forc\u00e9s de limiter leur activit\u00e9 ou s\u2019y pr\u00e9parent.\u00a0Neuf syndicats et collectifs hospitaliers ont [&hellip;]<\/p>\n","protected":false},"author":407,"featured_media":56944,"comment_status":"open","ping_status":"open","sticky":false,"template":"","format":"standard","meta":{"footnotes":""},"categories":[26,13,18],"tags":[46,66,32],"class_list":["post-56943","post","type-post","status-publish","format-standard","has-post-thumbnail","hentry","category-a-la-une","category-societe","category-vosges","tag-sante","tag-societe","tag-vosges"],"acf":[],"yoast_head":"<!-- This site is optimized with the Yoast SEO plugin v22.5 - https:\/\/yoast.com\/wordpress\/plugins\/seo\/ -->\n<title>Crise \u00e0 l\u2019h\u00f4pital : les soignants gr\u00e9vistes se mobilisent ce mardi - Remiremont Info<\/title>\n<meta name=\"robots\" content=\"index, follow, max-snippet:-1, max-image-preview:large, max-video-preview:-1\" \/>\n<link rel=\"canonical\" href=\"https:\/\/vosgesinfo.fr\/remiremontinfo\/2022\/06\/crise-a-lhopital-soignants-grevistes-se-mobilisent-mardi\/\" \/>\n<meta name=\"twitter:card\" content=\"summary_large_image\" \/>\n<meta name=\"twitter:title\" content=\"Crise \u00e0 l\u2019h\u00f4pital : les soignants gr\u00e9vistes se mobilisent ce mardi - Remiremont Info\" \/>\n<meta name=\"twitter:description\" content=\"Plus de 120 services d\u2019urgences ont \u00e9t\u00e9 forc\u00e9s de limiter leur activit\u00e9 ou s\u2019y pr\u00e9parent.\u00a0Neuf syndicats et collectifs hospitaliers ont [&hellip;]\" \/>\n<meta name=\"twitter:image\" content=\"https:\/\/vosgesinfo.fr\/app\/uploads\/sites\/5\/2024\/09\/202206manifestation-hopital-epinal-15-copie-800x600-1.jpg\" \/>\n<meta name=\"twitter:creator\" content=\"@VosgesInfo88\" \/>\n<meta name=\"twitter:site\" content=\"@VosgesInfo88\" \/>\n<meta name=\"twitter:label1\" content=\"\u00c9crit par\" \/>\n\t<meta name=\"twitter:data1\" content=\"C D\" \/>\n\t<meta name=\"twitter:label2\" content=\"Dur\u00e9e de lecture estim\u00e9e\" \/>\n\t<meta name=\"twitter:data2\" content=\"1 minute\" \/>\n<script type=\"application\/ld+json\" class=\"yoast-schema-graph\">{\"@context\":\"https:\/\/schema.org\",\"@graph\":[{\"@type\":\"Article\",\"@id\":\"https:\/\/vosgesinfo.fr\/remiremontinfo\/2022\/06\/crise-a-lhopital-soignants-grevistes-se-mobilisent-mardi\/#article\",\"isPartOf\":{\"@id\":\"https:\/\/vosgesinfo.fr\/remiremontinfo\/2022\/06\/crise-a-lhopital-soignants-grevistes-se-mobilisent-mardi\/\"},\"author\":{\"name\":\"C D\",\"@id\":\"https:\/\/vosgesinfo.fr\/remiremontinfo\/#\/schema\/person\/3bfd164d5218a185b1db68655a265316\"},\"headline\":\"Crise \u00e0 l\u2019h\u00f4pital : les soignants gr\u00e9vistes se mobilisent ce mardi\",\"datePublished\":\"2022-06-07T05:05:26+00:00\",\"dateModified\":\"2022-06-07T05:05:26+00:00\",\"mainEntityOfPage\":{\"@id\":\"https:\/\/vosgesinfo.fr\/remiremontinfo\/2022\/06\/crise-a-lhopital-soignants-grevistes-se-mobilisent-mardi\/\"},\"wordCount\":205,\"commentCount\":0,\"publisher\":{\"@id\":\"https:\/\/vosgesinfo.fr\/remiremontinfo\/#organization\"},\"image\":{\"@id\":\"https:\/\/vosgesinfo.fr\/remiremontinfo\/2022\/06\/crise-a-lhopital-soignants-grevistes-se-mobilisent-mardi\/#primaryimage\"},\"thumbnailUrl\":\"https:\/\/vosgesinfo.fr\/app\/uploads\/sites\/5\/2024\/09\/202206manifestation-hopital-epinal-15-copie-800x600-1.jpg\",\"keywords\":[\"sant\u00e9\",\"Soci\u00e9t\u00e9\",\"Vosges\"],\"articleSection\":[\"A la Une\",\"Soci\u00e9t\u00e9\",\"Vosges\"],\"inLanguage\":\"fr-FR\",\"potentialAction\":[{\"@type\":\"CommentAction\",\"name\":\"Comment\",\"target\":[\"https:\/\/vosgesinfo.fr\/remiremontinfo\/2022\/06\/crise-a-lhopital-soignants-grevistes-se-mobilisent-mardi\/#respond\"]}]},{\"@type\":\"WebPage\",\"@id\":\"https:\/\/vosgesinfo.fr\/remiremontinfo\/2022\/06\/crise-a-lhopital-soignants-grevistes-se-mobilisent-mardi\/\",\"url\":\"https:\/\/vosgesinfo.fr\/remiremontinfo\/2022\/06\/crise-a-lhopital-soignants-grevistes-se-mobilisent-mardi\/\",\"name\":\"Crise \u00e0 l\u2019h\u00f4pital : les soignants gr\u00e9vistes se mobilisent ce mardi - Remiremont Info\",\"isPartOf\":{\"@id\":\"https:\/\/vosgesinfo.fr\/remiremontinfo\/#website\"},\"primaryImageOfPage\":{\"@id\":\"https:\/\/vosgesinfo.fr\/remiremontinfo\/2022\/06\/crise-a-lhopital-soignants-grevistes-se-mobilisent-mardi\/#primaryimage\"},\"image\":{\"@id\":\"https:\/\/vosgesinfo.fr\/remiremontinfo\/2022\/06\/crise-a-lhopital-soignants-grevistes-se-mobilisent-mardi\/#primaryimage\"},\"thumbnailUrl\":\"https:\/\/vosgesinfo.fr\/app\/uploads\/sites\/5\/2024\/09\/202206manifestation-hopital-epinal-15-copie-800x600-1.jpg\",\"datePublished\":\"2022-06-07T05:05:26+00:00\",\"dateModified\":\"2022-06-07T05:05:26+00:00\",\"breadcrumb\":{\"@id\":\"https:\/\/vosgesinfo.fr\/remiremontinfo\/2022\/06\/crise-a-lhopital-soignants-grevistes-se-mobilisent-mardi\/#breadcrumb\"},\"inLanguage\":\"fr-FR\",\"potentialAction\":[{\"@type\":\"ReadAction\",\"target\":[\"https:\/\/vosgesinfo.fr\/remiremontinfo\/2022\/06\/crise-a-lhopital-soignants-grevistes-se-mobilisent-mardi\/\"]}]},{\"@type\":\"ImageObject\",\"inLanguage\":\"fr-FR\",\"@id\":\"https:\/\/vosgesinfo.fr\/remiremontinfo\/2022\/06\/crise-a-lhopital-soignants-grevistes-se-mobilisent-mardi\/#primaryimage\",\"url\":\"https:\/\/vosgesinfo.fr\/app\/uploads\/sites\/5\/2024\/09\/202206manifestation-hopital-epinal-15-copie-800x600-1.jpg\",\"contentUrl\":\"https:\/\/vosgesinfo.fr\/app\/uploads\/sites\/5\/2024\/09\/202206manifestation-hopital-epinal-15-copie-800x600-1.jpg\",\"width\":800,\"height\":600},{\"@type\":\"BreadcrumbList\",\"@id\":\"https:\/\/vosgesinfo.fr\/remiremontinfo\/2022\/06\/crise-a-lhopital-soignants-grevistes-se-mobilisent-mardi\/#breadcrumb\",\"itemListElement\":[{\"@type\":\"ListItem\",\"position\":1,\"name\":\"Home\",\"item\":\"https:\/\/vosgesinfo.fr\/remiremontinfo\/\"},{\"@type\":\"ListItem\",\"position\":2,\"name\":\"Crise \u00e0 l\u2019h\u00f4pital : les soignants gr\u00e9vistes se mobilisent ce mardi\"}]},{\"@type\":\"WebSite\",\"@id\":\"https:\/\/vosgesinfo.fr\/remiremontinfo\/#website\",\"url\":\"https:\/\/vosgesinfo.fr\/remiremontinfo\/\",\"name\":\"Remiremont Info\",\"description\":\"Toute l&#039;actualit\u00e9 de Remiremont\",\"publisher\":{\"@id\":\"https:\/\/vosgesinfo.fr\/remiremontinfo\/#organization\"},\"alternateName\":\"Toute l'actualit\u00e9 de Remiremont\",\"potentialAction\":[{\"@type\":\"SearchAction\",\"target\":{\"@type\":\"EntryPoint\",\"urlTemplate\":\"https:\/\/vosgesinfo.fr\/remiremontinfo\/?s={search_term_string}\"},\"query-input\":\"required name=search_term_string\"}],\"inLanguage\":\"fr-FR\"},{\"@type\":\"Organization\",\"@id\":\"https:\/\/vosgesinfo.fr\/remiremontinfo\/#organization\",\"name\":\"Remiremont Info\",\"url\":\"https:\/\/vosgesinfo.fr\/remiremontinfo\/\",\"logo\":{\"@type\":\"ImageObject\",\"inLanguage\":\"fr-FR\",\"@id\":\"https:\/\/vosgesinfo.fr\/remiremontinfo\/#\/schema\/logo\/image\/\",\"url\":\"https:\/\/vosgesinfo.fr\/app\/uploads\/sites\/5\/2023\/08\/favicon-remiremontinfo.png\",\"contentUrl\":\"https:\/\/vosgesinfo.fr\/app\/uploads\/sites\/5\/2023\/08\/favicon-remiremontinfo.png\",\"width\":512,\"height\":512,\"caption\":\"Remiremont Info\"},\"image\":{\"@id\":\"https:\/\/vosgesinfo.fr\/remiremontinfo\/#\/schema\/logo\/image\/\"},\"sameAs\":[\"https:\/\/www.facebook.com\/remiremontinfo\",\"https:\/\/x.com\/VosgesInfo88\",\"https:\/\/www.youtube.com\/@vosgesinfo\"]},{\"@type\":\"Person\",\"@id\":\"https:\/\/vosgesinfo.fr\/remiremontinfo\/#\/schema\/person\/3bfd164d5218a185b1db68655a265316\",\"name\":\"C D\",\"image\":{\"@type\":\"ImageObject\",\"inLanguage\":\"fr-FR\",\"@id\":\"https:\/\/vosgesinfo.fr\/remiremontinfo\/#\/schema\/person\/image\/\",\"url\":\"https:\/\/secure.gravatar.com\/avatar\/1f9a70007336511a47468b8f1c66f922b8b7cf617b02a31149ada43893a5d48f?s=96&d=mm&r=g\",\"contentUrl\":\"https:\/\/secure.gravatar.com\/avatar\/1f9a70007336511a47468b8f1c66f922b8b7cf617b02a31149ada43893a5d48f?s=96&d=mm&r=g\",\"caption\":\"C D\"},\"url\":\"https:\/\/vosgesinfo.fr\/remiremontinfo\/author\/cedric-drevet\/\"}]}<\/script>\n<!-- \/ Yoast SEO plugin. -->","yoast_head_json":{"title":"Crise \u00e0 l\u2019h\u00f4pital : les soignants gr\u00e9vistes se mobilisent ce mardi - Remiremont Info","robots":{"index":"index","follow":"follow","max-snippet":"max-snippet:-1","max-image-preview":"max-image-preview:large","max-video-preview":"max-video-preview:-1"},"canonical":"https:\/\/vosgesinfo.fr\/remiremontinfo\/2022\/06\/crise-a-lhopital-soignants-grevistes-se-mobilisent-mardi\/","twitter_card":"summary_large_image","twitter_title":"Crise \u00e0 l\u2019h\u00f4pital : les soignants gr\u00e9vistes se mobilisent ce mardi - Remiremont Info","twitter_description":"Plus de 120 services d\u2019urgences ont \u00e9t\u00e9 forc\u00e9s de limiter leur activit\u00e9 ou s\u2019y pr\u00e9parent.\u00a0Neuf syndicats et collectifs hospitaliers ont [&hellip;]","twitter_image":"https:\/\/vosgesinfo.fr\/app\/uploads\/sites\/5\/2024\/09\/202206manifestation-hopital-epinal-15-copie-800x600-1.jpg","twitter_creator":"@VosgesInfo88","twitter_site":"@VosgesInfo88","twitter_misc":{"\u00c9crit par":"C D","Dur\u00e9e de lecture estim\u00e9e":"1 minute"},"schema":{"@context":"https:\/\/schema.org","@graph":[{"@type":"Article","@id":"https:\/\/vosgesinfo.fr\/remiremontinfo\/2022\/06\/crise-a-lhopital-soignants-grevistes-se-mobilisent-mardi\/#article","isPartOf":{"@id":"https:\/\/vosgesinfo.fr\/remiremontinfo\/2022\/06\/crise-a-lhopital-soignants-grevistes-se-mobilisent-mardi\/"},"author":{"name":"C D","@id":"https:\/\/vosgesinfo.fr\/remiremontinfo\/#\/schema\/person\/3bfd164d5218a185b1db68655a265316"},"headline":"Crise \u00e0 l\u2019h\u00f4pital : les soignants gr\u00e9vistes se mobilisent ce mardi","datePublished":"2022-06-07T05:05:26+00:00","dateModified":"2022-06-07T05:05:26+00:00","mainEntityOfPage":{"@id":"https:\/\/vosgesinfo.fr\/remiremontinfo\/2022\/06\/crise-a-lhopital-soignants-grevistes-se-mobilisent-mardi\/"},"wordCount":205,"commentCount":0,"publisher":{"@id":"https:\/\/vosgesinfo.fr\/remiremontinfo\/#organization"},"image":{"@id":"https:\/\/vosgesinfo.fr\/remiremontinfo\/2022\/06\/crise-a-lhopital-soignants-grevistes-se-mobilisent-mardi\/#primaryimage"},"thumbnailUrl":"https:\/\/vosgesinfo.fr\/app\/uploads\/sites\/5\/2024\/09\/202206manifestation-hopital-epinal-15-copie-800x600-1.jpg","keywords":["sant\u00e9","Soci\u00e9t\u00e9","Vosges"],"articleSection":["A la Une","Soci\u00e9t\u00e9","Vosges"],"inLanguage":"fr-FR","potentialAction":[{"@type":"CommentAction","name":"Comment","target":["https:\/\/vosgesinfo.fr\/remiremontinfo\/2022\/06\/crise-a-lhopital-soignants-grevistes-se-mobilisent-mardi\/#respond"]}]},{"@type":"WebPage","@id":"https:\/\/vosgesinfo.fr\/remiremontinfo\/2022\/06\/crise-a-lhopital-soignants-grevistes-se-mobilisent-mardi\/","url":"https:\/\/vosgesinfo.fr\/remiremontinfo\/2022\/06\/crise-a-lhopital-soignants-grevistes-se-mobilisent-mardi\/","name":"Crise \u00e0 l\u2019h\u00f4pital : les soignants gr\u00e9vistes se mobilisent ce mardi - Remiremont Info","isPartOf":{"@id":"https:\/\/vosgesinfo.fr\/remiremontinfo\/#website"},"primaryImageOfPage":{"@id":"https:\/\/vosgesinfo.fr\/remiremontinfo\/2022\/06\/crise-a-lhopital-soignants-grevistes-se-mobilisent-mardi\/#primaryimage"},"image":{"@id":"https:\/\/vosgesinfo.fr\/remiremontinfo\/2022\/06\/crise-a-lhopital-soignants-grevistes-se-mobilisent-mardi\/#primaryimage"},"thumbnailUrl":"https:\/\/vosgesinfo.fr\/app\/uploads\/sites\/5\/2024\/09\/202206manifestation-hopital-epinal-15-copie-800x600-1.jpg","datePublished":"2022-06-07T05:05:26+00:00","dateModified":"2022-06-07T05:05:26+00:00","breadcrumb":{"@id":"https:\/\/vosgesinfo.fr\/remiremontinfo\/2022\/06\/crise-a-lhopital-soignants-grevistes-se-mobilisent-mardi\/#breadcrumb"},"inLanguage":"fr-FR","potentialAction":[{"@type":"ReadAction","target":["https:\/\/vosgesinfo.fr\/remiremontinfo\/2022\/06\/crise-a-lhopital-soignants-grevistes-se-mobilisent-mardi\/"]}]},{"@type":"ImageObject","inLanguage":"fr-FR","@id":"https:\/\/vosgesinfo.fr\/remiremontinfo\/2022\/06\/crise-a-lhopital-soignants-grevistes-se-mobilisent-mardi\/#primaryimage","url":"https:\/\/vosgesinfo.fr\/app\/uploads\/sites\/5\/2024\/09\/202206manifestation-hopital-epinal-15-copie-800x600-1.jpg","contentUrl":"https:\/\/vosgesinfo.fr\/app\/uploads\/sites\/5\/2024\/09\/202206manifestation-hopital-epinal-15-copie-800x600-1.jpg","width":800,"height":600},{"@type":"BreadcrumbList","@id":"https:\/\/vosgesinfo.fr\/remiremontinfo\/2022\/06\/crise-a-lhopital-soignants-grevistes-se-mobilisent-mardi\/#breadcrumb","itemListElement":[{"@type":"ListItem","position":1,"name":"Home","item":"https:\/\/vosgesinfo.fr\/remiremontinfo\/"},{"@type":"ListItem","position":2,"name":"Crise \u00e0 l\u2019h\u00f4pital : les soignants gr\u00e9vistes se mobilisent ce mardi"}]},{"@type":"WebSite","@id":"https:\/\/vosgesinfo.fr\/remiremontinfo\/#website","url":"https:\/\/vosgesinfo.fr\/remiremontinfo\/","name":"Remiremont Info","description":"Toute l&#039;actualit\u00e9 de Remiremont","publisher":{"@id":"https:\/\/vosgesinfo.fr\/remiremontinfo\/#organization"},"alternateName":"Toute l'actualit\u00e9 de Remiremont","potentialAction":[{"@type":"SearchAction","target":{"@type":"EntryPoint","urlTemplate":"https:\/\/vosgesinfo.fr\/remiremontinfo\/?s={search_term_string}"},"query-input":"required name=search_term_string"}],"inLanguage":"fr-FR"},{"@type":"Organization","@id":"https:\/\/vosgesinfo.fr\/remiremontinfo\/#organization","name":"Remiremont Info","url":"https:\/\/vosgesinfo.fr\/remiremontinfo\/","logo":{"@type":"ImageObject","inLanguage":"fr-FR","@id":"https:\/\/vosgesinfo.fr\/remiremontinfo\/#\/schema\/logo\/image\/","url":"https:\/\/vosgesinfo.fr\/app\/uploads\/sites\/5\/2023\/08\/favicon-remiremontinfo.png","contentUrl":"https:\/\/vosgesinfo.fr\/app\/uploads\/sites\/5\/2023\/08\/favicon-remiremontinfo.png","width":512,"height":512,"caption":"Remiremont Info"},"image":{"@id":"https:\/\/vosgesinfo.fr\/remiremontinfo\/#\/schema\/logo\/image\/"},"sameAs":["https:\/\/www.facebook.com\/remiremontinfo","https:\/\/x.com\/VosgesInfo88","https:\/\/www.youtube.com\/@vosgesinfo"]},{"@type":"Person","@id":"https:\/\/vosgesinfo.fr\/remiremontinfo\/#\/schema\/person\/3bfd164d5218a185b1db68655a265316","name":"C D","image":{"@type":"ImageObject","inLanguage":"fr-FR","@id":"https:\/\/vosgesinfo.fr\/remiremontinfo\/#\/schema\/person\/image\/","url":"https:\/\/secure.gravatar.com\/avatar\/1f9a70007336511a47468b8f1c66f922b8b7cf617b02a31149ada43893a5d48f?s=96&d=mm&r=g","contentUrl":"https:\/\/secure.gravatar.com\/avatar\/1f9a70007336511a47468b8f1c66f922b8b7cf617b02a31149ada43893a5d48f?s=96&d=mm&r=g","caption":"C D"},"url":"https:\/\/vosgesinfo.fr\/remiremontinfo\/author\/cedric-drevet\/"}]}},"_links":{"self":[{"href":"https:\/\/vosgesinfo.fr\/remiremontinfo\/wp-json\/wp\/v2\/posts\/56943","targetHints":{"allow":["GET"]}}],"collection":[{"href":"https:\/\/vosgesinfo.fr\/remiremontinfo\/wp-json\/wp\/v2\/posts"}],"about":[{"href":"https:\/\/vosgesinfo.fr\/remiremontinfo\/wp-json\/wp\/v2\/types\/post"}],"author":[{"embeddable":true,"href":"https:\/\/vosgesinfo.fr\/remiremontinfo\/wp-json\/wp\/v2\/users\/407"}],"replies":[{"embeddable":true,"href":"https:\/\/vosgesinfo.fr\/remiremontinfo\/wp-json\/wp\/v2\/comments?post=56943"}],"version-history":[{"count":0,"href":"https:\/\/vosgesinfo.fr\/remiremontinfo\/wp-json\/wp\/v2\/posts\/56943\/revisions"}],"wp:featuredmedia":[{"embeddable":true,"href":"https:\/\/vosgesinfo.fr\/remiremontinfo\/wp-json\/wp\/v2\/media\/56944"}],"wp:attachment":[{"href":"https:\/\/vosgesinfo.fr\/remiremontinfo\/wp-json\/wp\/v2\/media?parent=56943"}],"wp:term":[{"taxonomy":"category","embeddable":true,"href":"https:\/\/vosgesinfo.fr\/remiremontinfo\/wp-json\/wp\/v2\/categories?post=56943"},{"taxonomy":"post_tag","embeddable":true,"href":"https:\/\/vosgesinfo.fr\/remiremontinfo\/wp-json\/wp\/v2\/tags?post=56943"}],"curies":[{"name":"wp","href":"https:\/\/api.w.org\/{rel}","templated":true}]}}