{"id":57056,"date":"2022-06-09T07:45:42","date_gmt":"2022-06-09T05:45:42","guid":{"rendered":"https:\/\/vosgesinfo.fr\/remiremontinfo\/2022\/06\/saint-etienne-grand-concert-laccueil-refugies-ukrainiens\/"},"modified":"2022-06-09T07:45:42","modified_gmt":"2022-06-09T05:45:42","slug":"saint-etienne-grand-concert-laccueil-refugies-ukrainiens","status":"publish","type":"post","link":"https:\/\/vosgesinfo.fr\/remiremontinfo\/2022\/06\/saint-etienne-grand-concert-laccueil-refugies-ukrainiens\/","title":{"rendered":"Saint-Etienne\u00a0: un grand concert pour l\u2019accueil des r\u00e9fugi\u00e9s Ukrainiens"},"content":{"rendered":"<p><a href=\"\/2022\/06\/284677531_979721892698850_3624199667791456882_n.jpg\"><img decoding=\"async\" class=\"alignnone size-large wp-image-345994\" src=\"\/2022\/06\/284677531_979721892698850_3624199667791456882_n-1024x498.jpg\" alt=\"284677531_979721892698850_3624199667791456882_n\" width=\"960\" height=\"467\" \/><\/a><\/p>\n<h2><span style=\"font-size: 12pt;\"><strong>Un concert pour financer l\u2019accueil de r\u00e9fugi\u00e9s ukrainiens dans les Vosges a au lieu ce mercredi soir \u00e0 l\u2019espace Pont des F\u00e9es SMA \u00e0 Saint-Etienne-les-Remiremont. L\u2019\u00e9v\u00e9nement \u00e9tait organis\u00e9 avec la participation de la municipalit\u00e9, du club Rotary de Remiremont, de La Chapelle des Arts de la Suche ou encore du Choeur des Abbesses.<\/strong><\/span><\/h2>\n<p>Quelque 139 artistes sont venus b\u00e9n\u00e9volement participer \u00e0 cette soir\u00e9e. Notons par exemple la participation de Jean Nicolas Mathieu, de Christophe Tissier, du Choeur des Abbesses, de Luc Benoit, de Anna Sobolieva, ou encore de la Soci\u00e9t\u00e9 Musicale du Tholy. La participation est libre. Les recettes seront revers\u00e9es \u00e0 l\u2019association Loubia Lo\u2019Ukraine. Un public nombreux est venu participer \u00e0 cette soir\u00e9e\u00a0! L\u2019objectif \u00e9tait notamment de r\u00e9colter des fonds afin d\u2019aider des familles ukrainiennes ayant trouv\u00e9 asile dans les Vosges, pour leur permettre de s\u2019installer. Les dons devront \u00eatre envoy\u00e9s \u00e0 l\u2019adresse suivante : Club Rotary de Remiremont, 13 chemin des capucins, 88200 Remiremont.<\/p>\n\n<p>&nbsp;<\/p>\n","protected":false},"excerpt":{"rendered":"<p>Un concert pour financer l\u2019accueil de r\u00e9fugi\u00e9s ukrainiens dans les Vosges a au lieu ce mercredi soir \u00e0 l\u2019espace Pont [&hellip;]<\/p>\n","protected":false},"author":407,"featured_media":57057,"comment_status":"open","ping_status":"open","sticky":false,"template":"","format":"standard","meta":{"footnotes":""},"categories":[26,4,35,155],"tags":[53,156,3484],"class_list":["post-57056","post","type-post","status-publish","format-standard","has-post-thumbnail","hentry","category-a-la-une","category-culture","category-remiremont-son-canton","category-saint-etienne","tag-concert","tag-saint-etienne","tag-ukraine"],"acf":[],"yoast_head":"<!-- This site is optimized with the Yoast SEO plugin v22.5 - https:\/\/yoast.com\/wordpress\/plugins\/seo\/ -->\n<title>Saint-Etienne\u00a0: un grand concert pour l\u2019accueil des r\u00e9fugi\u00e9s Ukrainiens - Remiremont Info<\/title>\n<meta name=\"robots\" content=\"index, follow, max-snippet:-1, max-image-preview:large, max-video-preview:-1\" \/>\n<link rel=\"canonical\" href=\"https:\/\/vosgesinfo.fr\/remiremontinfo\/2022\/06\/saint-etienne-grand-concert-laccueil-refugies-ukrainiens\/\" \/>\n<meta name=\"twitter:card\" content=\"summary_large_image\" \/>\n<meta name=\"twitter:title\" content=\"Saint-Etienne\u00a0: un grand concert pour l\u2019accueil des r\u00e9fugi\u00e9s Ukrainiens - Remiremont Info\" \/>\n<meta name=\"twitter:description\" content=\"Un concert pour financer l\u2019accueil de r\u00e9fugi\u00e9s ukrainiens dans les Vosges a au lieu ce mercredi soir \u00e0 l\u2019espace Pont [&hellip;]\" \/>\n<meta name=\"twitter:image\" content=\"https:\/\/vosgesinfo.fr\/app\/uploads\/sites\/5\/2024\/09\/202206285662345-979722566032116-3814237851334917130-n1.jpg\" \/>\n<meta name=\"twitter:creator\" content=\"@VosgesInfo88\" \/>\n<meta name=\"twitter:site\" content=\"@VosgesInfo88\" \/>\n<meta name=\"twitter:label1\" content=\"\u00c9crit par\" \/>\n\t<meta name=\"twitter:data1\" content=\"C D\" \/>\n\t<meta name=\"twitter:label2\" content=\"Dur\u00e9e de lecture estim\u00e9e\" \/>\n\t<meta name=\"twitter:data2\" content=\"1 minute\" \/>\n<script type=\"application\/ld+json\" class=\"yoast-schema-graph\">{\"@context\":\"https:\/\/schema.org\",\"@graph\":[{\"@type\":\"Article\",\"@id\":\"https:\/\/vosgesinfo.fr\/remiremontinfo\/2022\/06\/saint-etienne-grand-concert-laccueil-refugies-ukrainiens\/#article\",\"isPartOf\":{\"@id\":\"https:\/\/vosgesinfo.fr\/remiremontinfo\/2022\/06\/saint-etienne-grand-concert-laccueil-refugies-ukrainiens\/\"},\"author\":{\"name\":\"C D\",\"@id\":\"https:\/\/vosgesinfo.fr\/remiremontinfo\/#\/schema\/person\/3bfd164d5218a185b1db68655a265316\"},\"headline\":\"Saint-Etienne\u00a0: un grand concert pour l\u2019accueil des r\u00e9fugi\u00e9s Ukrainiens\",\"datePublished\":\"2022-06-09T05:45:42+00:00\",\"dateModified\":\"2022-06-09T05:45:42+00:00\",\"mainEntityOfPage\":{\"@id\":\"https:\/\/vosgesinfo.fr\/remiremontinfo\/2022\/06\/saint-etienne-grand-concert-laccueil-refugies-ukrainiens\/\"},\"wordCount\":188,\"commentCount\":0,\"publisher\":{\"@id\":\"https:\/\/vosgesinfo.fr\/remiremontinfo\/#organization\"},\"image\":{\"@id\":\"https:\/\/vosgesinfo.fr\/remiremontinfo\/2022\/06\/saint-etienne-grand-concert-laccueil-refugies-ukrainiens\/#primaryimage\"},\"thumbnailUrl\":\"https:\/\/vosgesinfo.fr\/app\/uploads\/sites\/5\/2024\/09\/202206285662345-979722566032116-3814237851334917130-n1.jpg\",\"keywords\":[\"concert\",\"saint \u00e9tienne\",\"ukraine\"],\"articleSection\":[\"A la Une\",\"Culture\",\"Remiremont &amp; son canton\",\"Saint-Etienne\"],\"inLanguage\":\"fr-FR\",\"potentialAction\":[{\"@type\":\"CommentAction\",\"name\":\"Comment\",\"target\":[\"https:\/\/vosgesinfo.fr\/remiremontinfo\/2022\/06\/saint-etienne-grand-concert-laccueil-refugies-ukrainiens\/#respond\"]}]},{\"@type\":\"WebPage\",\"@id\":\"https:\/\/vosgesinfo.fr\/remiremontinfo\/2022\/06\/saint-etienne-grand-concert-laccueil-refugies-ukrainiens\/\",\"url\":\"https:\/\/vosgesinfo.fr\/remiremontinfo\/2022\/06\/saint-etienne-grand-concert-laccueil-refugies-ukrainiens\/\",\"name\":\"Saint-Etienne\u00a0: un grand concert pour l\u2019accueil des r\u00e9fugi\u00e9s Ukrainiens - Remiremont Info\",\"isPartOf\":{\"@id\":\"https:\/\/vosgesinfo.fr\/remiremontinfo\/#website\"},\"primaryImageOfPage\":{\"@id\":\"https:\/\/vosgesinfo.fr\/remiremontinfo\/2022\/06\/saint-etienne-grand-concert-laccueil-refugies-ukrainiens\/#primaryimage\"},\"image\":{\"@id\":\"https:\/\/vosgesinfo.fr\/remiremontinfo\/2022\/06\/saint-etienne-grand-concert-laccueil-refugies-ukrainiens\/#primaryimage\"},\"thumbnailUrl\":\"https:\/\/vosgesinfo.fr\/app\/uploads\/sites\/5\/2024\/09\/202206285662345-979722566032116-3814237851334917130-n1.jpg\",\"datePublished\":\"2022-06-09T05:45:42+00:00\",\"dateModified\":\"2022-06-09T05:45:42+00:00\",\"breadcrumb\":{\"@id\":\"https:\/\/vosgesinfo.fr\/remiremontinfo\/2022\/06\/saint-etienne-grand-concert-laccueil-refugies-ukrainiens\/#breadcrumb\"},\"inLanguage\":\"fr-FR\",\"potentialAction\":[{\"@type\":\"ReadAction\",\"target\":[\"https:\/\/vosgesinfo.fr\/remiremontinfo\/2022\/06\/saint-etienne-grand-concert-laccueil-refugies-ukrainiens\/\"]}]},{\"@type\":\"ImageObject\",\"inLanguage\":\"fr-FR\",\"@id\":\"https:\/\/vosgesinfo.fr\/remiremontinfo\/2022\/06\/saint-etienne-grand-concert-laccueil-refugies-ukrainiens\/#primaryimage\",\"url\":\"https:\/\/vosgesinfo.fr\/app\/uploads\/sites\/5\/2024\/09\/202206285662345-979722566032116-3814237851334917130-n1.jpg\",\"contentUrl\":\"https:\/\/vosgesinfo.fr\/app\/uploads\/sites\/5\/2024\/09\/202206285662345-979722566032116-3814237851334917130-n1.jpg\",\"width\":1303,\"height\":906},{\"@type\":\"BreadcrumbList\",\"@id\":\"https:\/\/vosgesinfo.fr\/remiremontinfo\/2022\/06\/saint-etienne-grand-concert-laccueil-refugies-ukrainiens\/#breadcrumb\",\"itemListElement\":[{\"@type\":\"ListItem\",\"position\":1,\"name\":\"Home\",\"item\":\"https:\/\/vosgesinfo.fr\/remiremontinfo\/\"},{\"@type\":\"ListItem\",\"position\":2,\"name\":\"Saint-Etienne\u00a0: un grand concert pour l\u2019accueil des r\u00e9fugi\u00e9s Ukrainiens\"}]},{\"@type\":\"WebSite\",\"@id\":\"https:\/\/vosgesinfo.fr\/remiremontinfo\/#website\",\"url\":\"https:\/\/vosgesinfo.fr\/remiremontinfo\/\",\"name\":\"Remiremont Info\",\"description\":\"Toute l&#039;actualit\u00e9 de Remiremont\",\"publisher\":{\"@id\":\"https:\/\/vosgesinfo.fr\/remiremontinfo\/#organization\"},\"alternateName\":\"Toute l'actualit\u00e9 de Remiremont\",\"potentialAction\":[{\"@type\":\"SearchAction\",\"target\":{\"@type\":\"EntryPoint\",\"urlTemplate\":\"https:\/\/vosgesinfo.fr\/remiremontinfo\/?s={search_term_string}\"},\"query-input\":\"required name=search_term_string\"}],\"inLanguage\":\"fr-FR\"},{\"@type\":\"Organization\",\"@id\":\"https:\/\/vosgesinfo.fr\/remiremontinfo\/#organization\",\"name\":\"Remiremont Info\",\"url\":\"https:\/\/vosgesinfo.fr\/remiremontinfo\/\",\"logo\":{\"@type\":\"ImageObject\",\"inLanguage\":\"fr-FR\",\"@id\":\"https:\/\/vosgesinfo.fr\/remiremontinfo\/#\/schema\/logo\/image\/\",\"url\":\"https:\/\/vosgesinfo.fr\/app\/uploads\/sites\/5\/2023\/08\/favicon-remiremontinfo.png\",\"contentUrl\":\"https:\/\/vosgesinfo.fr\/app\/uploads\/sites\/5\/2023\/08\/favicon-remiremontinfo.png\",\"width\":512,\"height\":512,\"caption\":\"Remiremont Info\"},\"image\":{\"@id\":\"https:\/\/vosgesinfo.fr\/remiremontinfo\/#\/schema\/logo\/image\/\"},\"sameAs\":[\"https:\/\/www.facebook.com\/remiremontinfo\",\"https:\/\/x.com\/VosgesInfo88\",\"https:\/\/www.youtube.com\/@vosgesinfo\"]},{\"@type\":\"Person\",\"@id\":\"https:\/\/vosgesinfo.fr\/remiremontinfo\/#\/schema\/person\/3bfd164d5218a185b1db68655a265316\",\"name\":\"C D\",\"image\":{\"@type\":\"ImageObject\",\"inLanguage\":\"fr-FR\",\"@id\":\"https:\/\/vosgesinfo.fr\/remiremontinfo\/#\/schema\/person\/image\/\",\"url\":\"https:\/\/secure.gravatar.com\/avatar\/1f9a70007336511a47468b8f1c66f922b8b7cf617b02a31149ada43893a5d48f?s=96&d=mm&r=g\",\"contentUrl\":\"https:\/\/secure.gravatar.com\/avatar\/1f9a70007336511a47468b8f1c66f922b8b7cf617b02a31149ada43893a5d48f?s=96&d=mm&r=g\",\"caption\":\"C D\"},\"url\":\"https:\/\/vosgesinfo.fr\/remiremontinfo\/author\/cedric-drevet\/\"}]}<\/script>\n<!-- \/ Yoast SEO plugin. -->","yoast_head_json":{"title":"Saint-Etienne\u00a0: un grand concert pour l\u2019accueil des r\u00e9fugi\u00e9s Ukrainiens - Remiremont Info","robots":{"index":"index","follow":"follow","max-snippet":"max-snippet:-1","max-image-preview":"max-image-preview:large","max-video-preview":"max-video-preview:-1"},"canonical":"https:\/\/vosgesinfo.fr\/remiremontinfo\/2022\/06\/saint-etienne-grand-concert-laccueil-refugies-ukrainiens\/","twitter_card":"summary_large_image","twitter_title":"Saint-Etienne\u00a0: un grand concert pour l\u2019accueil des r\u00e9fugi\u00e9s Ukrainiens - Remiremont Info","twitter_description":"Un concert pour financer l\u2019accueil de r\u00e9fugi\u00e9s ukrainiens dans les Vosges a au lieu ce mercredi soir \u00e0 l\u2019espace Pont [&hellip;]","twitter_image":"https:\/\/vosgesinfo.fr\/app\/uploads\/sites\/5\/2024\/09\/202206285662345-979722566032116-3814237851334917130-n1.jpg","twitter_creator":"@VosgesInfo88","twitter_site":"@VosgesInfo88","twitter_misc":{"\u00c9crit par":"C D","Dur\u00e9e de lecture estim\u00e9e":"1 minute"},"schema":{"@context":"https:\/\/schema.org","@graph":[{"@type":"Article","@id":"https:\/\/vosgesinfo.fr\/remiremontinfo\/2022\/06\/saint-etienne-grand-concert-laccueil-refugies-ukrainiens\/#article","isPartOf":{"@id":"https:\/\/vosgesinfo.fr\/remiremontinfo\/2022\/06\/saint-etienne-grand-concert-laccueil-refugies-ukrainiens\/"},"author":{"name":"C D","@id":"https:\/\/vosgesinfo.fr\/remiremontinfo\/#\/schema\/person\/3bfd164d5218a185b1db68655a265316"},"headline":"Saint-Etienne\u00a0: un grand concert pour l\u2019accueil des r\u00e9fugi\u00e9s Ukrainiens","datePublished":"2022-06-09T05:45:42+00:00","dateModified":"2022-06-09T05:45:42+00:00","mainEntityOfPage":{"@id":"https:\/\/vosgesinfo.fr\/remiremontinfo\/2022\/06\/saint-etienne-grand-concert-laccueil-refugies-ukrainiens\/"},"wordCount":188,"commentCount":0,"publisher":{"@id":"https:\/\/vosgesinfo.fr\/remiremontinfo\/#organization"},"image":{"@id":"https:\/\/vosgesinfo.fr\/remiremontinfo\/2022\/06\/saint-etienne-grand-concert-laccueil-refugies-ukrainiens\/#primaryimage"},"thumbnailUrl":"https:\/\/vosgesinfo.fr\/app\/uploads\/sites\/5\/2024\/09\/202206285662345-979722566032116-3814237851334917130-n1.jpg","keywords":["concert","saint \u00e9tienne","ukraine"],"articleSection":["A la Une","Culture","Remiremont &amp; son canton","Saint-Etienne"],"inLanguage":"fr-FR","potentialAction":[{"@type":"CommentAction","name":"Comment","target":["https:\/\/vosgesinfo.fr\/remiremontinfo\/2022\/06\/saint-etienne-grand-concert-laccueil-refugies-ukrainiens\/#respond"]}]},{"@type":"WebPage","@id":"https:\/\/vosgesinfo.fr\/remiremontinfo\/2022\/06\/saint-etienne-grand-concert-laccueil-refugies-ukrainiens\/","url":"https:\/\/vosgesinfo.fr\/remiremontinfo\/2022\/06\/saint-etienne-grand-concert-laccueil-refugies-ukrainiens\/","name":"Saint-Etienne\u00a0: un grand concert pour l\u2019accueil des r\u00e9fugi\u00e9s Ukrainiens - Remiremont Info","isPartOf":{"@id":"https:\/\/vosgesinfo.fr\/remiremontinfo\/#website"},"primaryImageOfPage":{"@id":"https:\/\/vosgesinfo.fr\/remiremontinfo\/2022\/06\/saint-etienne-grand-concert-laccueil-refugies-ukrainiens\/#primaryimage"},"image":{"@id":"https:\/\/vosgesinfo.fr\/remiremontinfo\/2022\/06\/saint-etienne-grand-concert-laccueil-refugies-ukrainiens\/#primaryimage"},"thumbnailUrl":"https:\/\/vosgesinfo.fr\/app\/uploads\/sites\/5\/2024\/09\/202206285662345-979722566032116-3814237851334917130-n1.jpg","datePublished":"2022-06-09T05:45:42+00:00","dateModified":"2022-06-09T05:45:42+00:00","breadcrumb":{"@id":"https:\/\/vosgesinfo.fr\/remiremontinfo\/2022\/06\/saint-etienne-grand-concert-laccueil-refugies-ukrainiens\/#breadcrumb"},"inLanguage":"fr-FR","potentialAction":[{"@type":"ReadAction","target":["https:\/\/vosgesinfo.fr\/remiremontinfo\/2022\/06\/saint-etienne-grand-concert-laccueil-refugies-ukrainiens\/"]}]},{"@type":"ImageObject","inLanguage":"fr-FR","@id":"https:\/\/vosgesinfo.fr\/remiremontinfo\/2022\/06\/saint-etienne-grand-concert-laccueil-refugies-ukrainiens\/#primaryimage","url":"https:\/\/vosgesinfo.fr\/app\/uploads\/sites\/5\/2024\/09\/202206285662345-979722566032116-3814237851334917130-n1.jpg","contentUrl":"https:\/\/vosgesinfo.fr\/app\/uploads\/sites\/5\/2024\/09\/202206285662345-979722566032116-3814237851334917130-n1.jpg","width":1303,"height":906},{"@type":"BreadcrumbList","@id":"https:\/\/vosgesinfo.fr\/remiremontinfo\/2022\/06\/saint-etienne-grand-concert-laccueil-refugies-ukrainiens\/#breadcrumb","itemListElement":[{"@type":"ListItem","position":1,"name":"Home","item":"https:\/\/vosgesinfo.fr\/remiremontinfo\/"},{"@type":"ListItem","position":2,"name":"Saint-Etienne\u00a0: un grand concert pour l\u2019accueil des r\u00e9fugi\u00e9s Ukrainiens"}]},{"@type":"WebSite","@id":"https:\/\/vosgesinfo.fr\/remiremontinfo\/#website","url":"https:\/\/vosgesinfo.fr\/remiremontinfo\/","name":"Remiremont Info","description":"Toute l&#039;actualit\u00e9 de Remiremont","publisher":{"@id":"https:\/\/vosgesinfo.fr\/remiremontinfo\/#organization"},"alternateName":"Toute l'actualit\u00e9 de Remiremont","potentialAction":[{"@type":"SearchAction","target":{"@type":"EntryPoint","urlTemplate":"https:\/\/vosgesinfo.fr\/remiremontinfo\/?s={search_term_string}"},"query-input":"required name=search_term_string"}],"inLanguage":"fr-FR"},{"@type":"Organization","@id":"https:\/\/vosgesinfo.fr\/remiremontinfo\/#organization","name":"Remiremont Info","url":"https:\/\/vosgesinfo.fr\/remiremontinfo\/","logo":{"@type":"ImageObject","inLanguage":"fr-FR","@id":"https:\/\/vosgesinfo.fr\/remiremontinfo\/#\/schema\/logo\/image\/","url":"https:\/\/vosgesinfo.fr\/app\/uploads\/sites\/5\/2023\/08\/favicon-remiremontinfo.png","contentUrl":"https:\/\/vosgesinfo.fr\/app\/uploads\/sites\/5\/2023\/08\/favicon-remiremontinfo.png","width":512,"height":512,"caption":"Remiremont Info"},"image":{"@id":"https:\/\/vosgesinfo.fr\/remiremontinfo\/#\/schema\/logo\/image\/"},"sameAs":["https:\/\/www.facebook.com\/remiremontinfo","https:\/\/x.com\/VosgesInfo88","https:\/\/www.youtube.com\/@vosgesinfo"]},{"@type":"Person","@id":"https:\/\/vosgesinfo.fr\/remiremontinfo\/#\/schema\/person\/3bfd164d5218a185b1db68655a265316","name":"C D","image":{"@type":"ImageObject","inLanguage":"fr-FR","@id":"https:\/\/vosgesinfo.fr\/remiremontinfo\/#\/schema\/person\/image\/","url":"https:\/\/secure.gravatar.com\/avatar\/1f9a70007336511a47468b8f1c66f922b8b7cf617b02a31149ada43893a5d48f?s=96&d=mm&r=g","contentUrl":"https:\/\/secure.gravatar.com\/avatar\/1f9a70007336511a47468b8f1c66f922b8b7cf617b02a31149ada43893a5d48f?s=96&d=mm&r=g","caption":"C D"},"url":"https:\/\/vosgesinfo.fr\/remiremontinfo\/author\/cedric-drevet\/"}]}},"_links":{"self":[{"href":"https:\/\/vosgesinfo.fr\/remiremontinfo\/wp-json\/wp\/v2\/posts\/57056","targetHints":{"allow":["GET"]}}],"collection":[{"href":"https:\/\/vosgesinfo.fr\/remiremontinfo\/wp-json\/wp\/v2\/posts"}],"about":[{"href":"https:\/\/vosgesinfo.fr\/remiremontinfo\/wp-json\/wp\/v2\/types\/post"}],"author":[{"embeddable":true,"href":"https:\/\/vosgesinfo.fr\/remiremontinfo\/wp-json\/wp\/v2\/users\/407"}],"replies":[{"embeddable":true,"href":"https:\/\/vosgesinfo.fr\/remiremontinfo\/wp-json\/wp\/v2\/comments?post=57056"}],"version-history":[{"count":0,"href":"https:\/\/vosgesinfo.fr\/remiremontinfo\/wp-json\/wp\/v2\/posts\/57056\/revisions"}],"wp:featuredmedia":[{"embeddable":true,"href":"https:\/\/vosgesinfo.fr\/remiremontinfo\/wp-json\/wp\/v2\/media\/57057"}],"wp:attachment":[{"href":"https:\/\/vosgesinfo.fr\/remiremontinfo\/wp-json\/wp\/v2\/media?parent=57056"}],"wp:term":[{"taxonomy":"category","embeddable":true,"href":"https:\/\/vosgesinfo.fr\/remiremontinfo\/wp-json\/wp\/v2\/categories?post=57056"},{"taxonomy":"post_tag","embeddable":true,"href":"https:\/\/vosgesinfo.fr\/remiremontinfo\/wp-json\/wp\/v2\/tags?post=57056"}],"curies":[{"name":"wp","href":"https:\/\/api.w.org\/{rel}","templated":true}]}}