{"id":57314,"date":"2022-06-14T07:36:07","date_gmt":"2022-06-14T05:36:07","guid":{"rendered":"https:\/\/vosgesinfo.fr\/remiremontinfo\/2022\/06\/vosges-marie-claude-publie-troisieme-roman-clopin-clopant\/"},"modified":"2022-06-14T07:36:07","modified_gmt":"2022-06-14T05:36:07","slug":"vosges-marie-claude-publie-troisieme-roman-clopin-clopant","status":"publish","type":"post","link":"https:\/\/vosgesinfo.fr\/remiremontinfo\/2022\/06\/vosges-marie-claude-publie-troisieme-roman-clopin-clopant\/","title":{"rendered":"Vosges : Marie Claude publie son troisi\u00e8me roman, \u00ab Clopin Clopant \u00bb"},"content":{"rendered":"<h2><a href=\"\/2022\/06\/Capture-d\u2019\u00e9cran-2022-06-14-093248.png\"><img decoding=\"async\" class=\"alignnone size-large wp-image-346356\" src=\"\/2022\/06\/Capture-d\u2019\u00e9cran-2022-06-14-093248-1024x653.png\" alt=\"Capture d\u2019\u00e9cran 2022-06-14 093248\" width=\"960\" height=\"612\" \/><\/a><\/h2>\n<h2><span style=\"font-size: 12pt;\"><strong>Apr\u00e8s \u00ab La courte \u00e9chelle \u00bb et \u00ab Un peu plus loin \u00bb, l\u2019auteur vosgien Marie Claude vient de publier son troisi\u00e8me roman, intitul\u00e9 \u00ab\u00a0Clopin Clopant\u00a0\u00bb. Il est notamment en vente \u00e0 la librairie Lire et \u00e9crire \u00e0 Remiremont, ainsi que dans d\u2019autres commerces \u00e0 travers les Vosges.<\/strong><\/span><\/h2>\n<p>Marie Claude concilie l\u2019\u00e9criture, son quotidien de m\u00e8re de famille et son autre activit\u00e9 professionnelle. \u00c0 travers ce nouveau roman, l&rsquo;auteur tire sa r\u00e9v\u00e9rence aux aides \u00e0 domicile et rend hommage \u00e0 la vieillesse. L&rsquo;histoire est aussi l&rsquo;occasion de rappeler les \u00e9v\u00e9nements tragiques qui se sont d\u00e9roul\u00e9s \u00e0 la Piquante Pierre, haut lieu de la R\u00e9sistance vosgienne durant la guerre de 39-45.<\/p>\n<p>\u00ab\u00a0Cher Journal,<\/p>\n<p>J\u2019ai accueilli aujourd\u2019hui ma premi\u00e8re locataire. Elle s\u2019appelle Jos\u00e9phine et est \u00e2g\u00e9e de 24 ans. Elle a atterri \u00e0 Planois sans que je comprenne ni comment ni pourquoi. Si ce n\u2019est son c\u00f4t\u00e9 pile \u00e9lectrique mont\u00e9e sur ressort qui est de prime abord assez d\u00e9concertant, elle a l\u2019air plut\u00f4t sympa et la vie selon elle semble plut\u00f4t simple\u2026 Alors pourquoi ne puis-je pas m\u2019emp\u00eacher de penser qu\u2019elle va terriblement compliquer la mienne.<\/p>\n<p>Fran\u00e7ois\u00a0\u00bb<\/p>\n<p>Pour d\u00e9couvrir ce nouveau roman ou vous procurer les deux pr\u00e9c\u00e9dents, rendez-vous dans les boutiques qui les propose, notamment \u00e0 Cornimont, Epinal, G\u00e9rardmer, La Bresse, Le Thillot, Pouxeux, Rupt-sur-Moselle, etc. Pour plus d\u2019infos, cliquez ici :\u00a0<a href=\"https:\/\/www.facebook.com\/marieclaudeauteure\">Marie Claude<\/a>,\u00a0ou l\u00e0 :\u00a0<a href=\"https:\/\/www.marieclaudeauteure.fr\/\">marieclaudeauteure.fr<\/a>.<\/p>\n<p style=\"text-align: center;\"><a href=\"\/2022\/06\/286584414_558335828977262_4573335847098543937_n.jpg\"><img decoding=\"async\" class=\"alignnone size-full wp-image-346357\" src=\"\/2022\/06\/286584414_558335828977262_4573335847098543937_n.jpg\" alt=\"286584414_558335828977262_4573335847098543937_n\" width=\"841\" height=\"595\" \/><\/a><\/p>\n","protected":false},"excerpt":{"rendered":"<p>Apr\u00e8s \u00ab La courte \u00e9chelle \u00bb et \u00ab Un peu plus loin \u00bb, l\u2019auteur vosgien Marie Claude vient de publier [&hellip;]<\/p>\n","protected":false},"author":407,"featured_media":57315,"comment_status":"open","ping_status":"open","sticky":false,"template":"","format":"standard","meta":{"footnotes":""},"categories":[26,4,18],"tags":[41,360,32],"class_list":["post-57314","post","type-post","status-publish","format-standard","has-post-thumbnail","hentry","category-a-la-une","category-culture","category-vosges","tag-culture","tag-livre","tag-vosges"],"acf":[],"yoast_head":"<!-- This site is optimized with the Yoast SEO plugin v22.5 - https:\/\/yoast.com\/wordpress\/plugins\/seo\/ -->\n<title>Vosges : Marie Claude publie son troisi\u00e8me roman, \u00ab Clopin Clopant \u00bb - Remiremont Info<\/title>\n<meta name=\"robots\" content=\"index, follow, max-snippet:-1, max-image-preview:large, max-video-preview:-1\" \/>\n<link rel=\"canonical\" href=\"https:\/\/vosgesinfo.fr\/remiremontinfo\/2022\/06\/vosges-marie-claude-publie-troisieme-roman-clopin-clopant\/\" \/>\n<meta name=\"twitter:card\" content=\"summary_large_image\" \/>\n<meta name=\"twitter:title\" content=\"Vosges : Marie Claude publie son troisi\u00e8me roman, \u00ab Clopin Clopant \u00bb - Remiremont Info\" \/>\n<meta name=\"twitter:description\" content=\"Apr\u00e8s \u00ab La courte \u00e9chelle \u00bb et \u00ab Un peu plus loin \u00bb, l\u2019auteur vosgien Marie Claude vient de publier [&hellip;]\" \/>\n<meta name=\"twitter:image\" content=\"https:\/\/vosgesinfo.fr\/app\/uploads\/sites\/5\/2024\/09\/202206capture-decran-2022-06-14-093248.png\" \/>\n<meta name=\"twitter:creator\" content=\"@VosgesInfo88\" \/>\n<meta name=\"twitter:site\" content=\"@VosgesInfo88\" \/>\n<meta name=\"twitter:label1\" content=\"\u00c9crit par\" \/>\n\t<meta name=\"twitter:data1\" content=\"C D\" \/>\n\t<meta name=\"twitter:label2\" content=\"Dur\u00e9e de lecture estim\u00e9e\" \/>\n\t<meta name=\"twitter:data2\" content=\"1 minute\" \/>\n<script type=\"application\/ld+json\" class=\"yoast-schema-graph\">{\"@context\":\"https:\/\/schema.org\",\"@graph\":[{\"@type\":\"Article\",\"@id\":\"https:\/\/vosgesinfo.fr\/remiremontinfo\/2022\/06\/vosges-marie-claude-publie-troisieme-roman-clopin-clopant\/#article\",\"isPartOf\":{\"@id\":\"https:\/\/vosgesinfo.fr\/remiremontinfo\/2022\/06\/vosges-marie-claude-publie-troisieme-roman-clopin-clopant\/\"},\"author\":{\"name\":\"C D\",\"@id\":\"https:\/\/vosgesinfo.fr\/remiremontinfo\/#\/schema\/person\/3bfd164d5218a185b1db68655a265316\"},\"headline\":\"Vosges : Marie Claude publie son troisi\u00e8me roman, \u00ab Clopin Clopant \u00bb\",\"datePublished\":\"2022-06-14T05:36:07+00:00\",\"dateModified\":\"2022-06-14T05:36:07+00:00\",\"mainEntityOfPage\":{\"@id\":\"https:\/\/vosgesinfo.fr\/remiremontinfo\/2022\/06\/vosges-marie-claude-publie-troisieme-roman-clopin-clopant\/\"},\"wordCount\":259,\"commentCount\":0,\"publisher\":{\"@id\":\"https:\/\/vosgesinfo.fr\/remiremontinfo\/#organization\"},\"image\":{\"@id\":\"https:\/\/vosgesinfo.fr\/remiremontinfo\/2022\/06\/vosges-marie-claude-publie-troisieme-roman-clopin-clopant\/#primaryimage\"},\"thumbnailUrl\":\"https:\/\/vosgesinfo.fr\/app\/uploads\/sites\/5\/2024\/09\/202206capture-decran-2022-06-14-093248.png\",\"keywords\":[\"culture\",\"livre\",\"Vosges\"],\"articleSection\":[\"A la Une\",\"Culture\",\"Vosges\"],\"inLanguage\":\"fr-FR\",\"potentialAction\":[{\"@type\":\"CommentAction\",\"name\":\"Comment\",\"target\":[\"https:\/\/vosgesinfo.fr\/remiremontinfo\/2022\/06\/vosges-marie-claude-publie-troisieme-roman-clopin-clopant\/#respond\"]}]},{\"@type\":\"WebPage\",\"@id\":\"https:\/\/vosgesinfo.fr\/remiremontinfo\/2022\/06\/vosges-marie-claude-publie-troisieme-roman-clopin-clopant\/\",\"url\":\"https:\/\/vosgesinfo.fr\/remiremontinfo\/2022\/06\/vosges-marie-claude-publie-troisieme-roman-clopin-clopant\/\",\"name\":\"Vosges : Marie Claude publie son troisi\u00e8me roman, \u00ab Clopin Clopant \u00bb - Remiremont Info\",\"isPartOf\":{\"@id\":\"https:\/\/vosgesinfo.fr\/remiremontinfo\/#website\"},\"primaryImageOfPage\":{\"@id\":\"https:\/\/vosgesinfo.fr\/remiremontinfo\/2022\/06\/vosges-marie-claude-publie-troisieme-roman-clopin-clopant\/#primaryimage\"},\"image\":{\"@id\":\"https:\/\/vosgesinfo.fr\/remiremontinfo\/2022\/06\/vosges-marie-claude-publie-troisieme-roman-clopin-clopant\/#primaryimage\"},\"thumbnailUrl\":\"https:\/\/vosgesinfo.fr\/app\/uploads\/sites\/5\/2024\/09\/202206capture-decran-2022-06-14-093248.png\",\"datePublished\":\"2022-06-14T05:36:07+00:00\",\"dateModified\":\"2022-06-14T05:36:07+00:00\",\"breadcrumb\":{\"@id\":\"https:\/\/vosgesinfo.fr\/remiremontinfo\/2022\/06\/vosges-marie-claude-publie-troisieme-roman-clopin-clopant\/#breadcrumb\"},\"inLanguage\":\"fr-FR\",\"potentialAction\":[{\"@type\":\"ReadAction\",\"target\":[\"https:\/\/vosgesinfo.fr\/remiremontinfo\/2022\/06\/vosges-marie-claude-publie-troisieme-roman-clopin-clopant\/\"]}]},{\"@type\":\"ImageObject\",\"inLanguage\":\"fr-FR\",\"@id\":\"https:\/\/vosgesinfo.fr\/remiremontinfo\/2022\/06\/vosges-marie-claude-publie-troisieme-roman-clopin-clopant\/#primaryimage\",\"url\":\"https:\/\/vosgesinfo.fr\/app\/uploads\/sites\/5\/2024\/09\/202206capture-decran-2022-06-14-093248.png\",\"contentUrl\":\"https:\/\/vosgesinfo.fr\/app\/uploads\/sites\/5\/2024\/09\/202206capture-decran-2022-06-14-093248.png\",\"width\":1082,\"height\":690},{\"@type\":\"BreadcrumbList\",\"@id\":\"https:\/\/vosgesinfo.fr\/remiremontinfo\/2022\/06\/vosges-marie-claude-publie-troisieme-roman-clopin-clopant\/#breadcrumb\",\"itemListElement\":[{\"@type\":\"ListItem\",\"position\":1,\"name\":\"Home\",\"item\":\"https:\/\/vosgesinfo.fr\/remiremontinfo\/\"},{\"@type\":\"ListItem\",\"position\":2,\"name\":\"Vosges : Marie Claude publie son troisi\u00e8me roman, \u00ab Clopin Clopant \u00bb\"}]},{\"@type\":\"WebSite\",\"@id\":\"https:\/\/vosgesinfo.fr\/remiremontinfo\/#website\",\"url\":\"https:\/\/vosgesinfo.fr\/remiremontinfo\/\",\"name\":\"Remiremont Info\",\"description\":\"Toute l&#039;actualit\u00e9 de Remiremont\",\"publisher\":{\"@id\":\"https:\/\/vosgesinfo.fr\/remiremontinfo\/#organization\"},\"alternateName\":\"Toute l'actualit\u00e9 de Remiremont\",\"potentialAction\":[{\"@type\":\"SearchAction\",\"target\":{\"@type\":\"EntryPoint\",\"urlTemplate\":\"https:\/\/vosgesinfo.fr\/remiremontinfo\/?s={search_term_string}\"},\"query-input\":\"required name=search_term_string\"}],\"inLanguage\":\"fr-FR\"},{\"@type\":\"Organization\",\"@id\":\"https:\/\/vosgesinfo.fr\/remiremontinfo\/#organization\",\"name\":\"Remiremont Info\",\"url\":\"https:\/\/vosgesinfo.fr\/remiremontinfo\/\",\"logo\":{\"@type\":\"ImageObject\",\"inLanguage\":\"fr-FR\",\"@id\":\"https:\/\/vosgesinfo.fr\/remiremontinfo\/#\/schema\/logo\/image\/\",\"url\":\"https:\/\/vosgesinfo.fr\/app\/uploads\/sites\/5\/2023\/08\/favicon-remiremontinfo.png\",\"contentUrl\":\"https:\/\/vosgesinfo.fr\/app\/uploads\/sites\/5\/2023\/08\/favicon-remiremontinfo.png\",\"width\":512,\"height\":512,\"caption\":\"Remiremont Info\"},\"image\":{\"@id\":\"https:\/\/vosgesinfo.fr\/remiremontinfo\/#\/schema\/logo\/image\/\"},\"sameAs\":[\"https:\/\/www.facebook.com\/remiremontinfo\",\"https:\/\/x.com\/VosgesInfo88\",\"https:\/\/www.youtube.com\/@vosgesinfo\"]},{\"@type\":\"Person\",\"@id\":\"https:\/\/vosgesinfo.fr\/remiremontinfo\/#\/schema\/person\/3bfd164d5218a185b1db68655a265316\",\"name\":\"C D\",\"image\":{\"@type\":\"ImageObject\",\"inLanguage\":\"fr-FR\",\"@id\":\"https:\/\/vosgesinfo.fr\/remiremontinfo\/#\/schema\/person\/image\/\",\"url\":\"https:\/\/secure.gravatar.com\/avatar\/1f9a70007336511a47468b8f1c66f922b8b7cf617b02a31149ada43893a5d48f?s=96&d=mm&r=g\",\"contentUrl\":\"https:\/\/secure.gravatar.com\/avatar\/1f9a70007336511a47468b8f1c66f922b8b7cf617b02a31149ada43893a5d48f?s=96&d=mm&r=g\",\"caption\":\"C D\"},\"url\":\"https:\/\/vosgesinfo.fr\/remiremontinfo\/author\/cedric-drevet\/\"}]}<\/script>\n<!-- \/ Yoast SEO plugin. -->","yoast_head_json":{"title":"Vosges : Marie Claude publie son troisi\u00e8me roman, \u00ab Clopin Clopant \u00bb - Remiremont Info","robots":{"index":"index","follow":"follow","max-snippet":"max-snippet:-1","max-image-preview":"max-image-preview:large","max-video-preview":"max-video-preview:-1"},"canonical":"https:\/\/vosgesinfo.fr\/remiremontinfo\/2022\/06\/vosges-marie-claude-publie-troisieme-roman-clopin-clopant\/","twitter_card":"summary_large_image","twitter_title":"Vosges : Marie Claude publie son troisi\u00e8me roman, \u00ab Clopin Clopant \u00bb - Remiremont Info","twitter_description":"Apr\u00e8s \u00ab La courte \u00e9chelle \u00bb et \u00ab Un peu plus loin \u00bb, l\u2019auteur vosgien Marie Claude vient de publier [&hellip;]","twitter_image":"https:\/\/vosgesinfo.fr\/app\/uploads\/sites\/5\/2024\/09\/202206capture-decran-2022-06-14-093248.png","twitter_creator":"@VosgesInfo88","twitter_site":"@VosgesInfo88","twitter_misc":{"\u00c9crit par":"C D","Dur\u00e9e de lecture estim\u00e9e":"1 minute"},"schema":{"@context":"https:\/\/schema.org","@graph":[{"@type":"Article","@id":"https:\/\/vosgesinfo.fr\/remiremontinfo\/2022\/06\/vosges-marie-claude-publie-troisieme-roman-clopin-clopant\/#article","isPartOf":{"@id":"https:\/\/vosgesinfo.fr\/remiremontinfo\/2022\/06\/vosges-marie-claude-publie-troisieme-roman-clopin-clopant\/"},"author":{"name":"C D","@id":"https:\/\/vosgesinfo.fr\/remiremontinfo\/#\/schema\/person\/3bfd164d5218a185b1db68655a265316"},"headline":"Vosges : Marie Claude publie son troisi\u00e8me roman, \u00ab Clopin Clopant \u00bb","datePublished":"2022-06-14T05:36:07+00:00","dateModified":"2022-06-14T05:36:07+00:00","mainEntityOfPage":{"@id":"https:\/\/vosgesinfo.fr\/remiremontinfo\/2022\/06\/vosges-marie-claude-publie-troisieme-roman-clopin-clopant\/"},"wordCount":259,"commentCount":0,"publisher":{"@id":"https:\/\/vosgesinfo.fr\/remiremontinfo\/#organization"},"image":{"@id":"https:\/\/vosgesinfo.fr\/remiremontinfo\/2022\/06\/vosges-marie-claude-publie-troisieme-roman-clopin-clopant\/#primaryimage"},"thumbnailUrl":"https:\/\/vosgesinfo.fr\/app\/uploads\/sites\/5\/2024\/09\/202206capture-decran-2022-06-14-093248.png","keywords":["culture","livre","Vosges"],"articleSection":["A la Une","Culture","Vosges"],"inLanguage":"fr-FR","potentialAction":[{"@type":"CommentAction","name":"Comment","target":["https:\/\/vosgesinfo.fr\/remiremontinfo\/2022\/06\/vosges-marie-claude-publie-troisieme-roman-clopin-clopant\/#respond"]}]},{"@type":"WebPage","@id":"https:\/\/vosgesinfo.fr\/remiremontinfo\/2022\/06\/vosges-marie-claude-publie-troisieme-roman-clopin-clopant\/","url":"https:\/\/vosgesinfo.fr\/remiremontinfo\/2022\/06\/vosges-marie-claude-publie-troisieme-roman-clopin-clopant\/","name":"Vosges : Marie Claude publie son troisi\u00e8me roman, \u00ab Clopin Clopant \u00bb - Remiremont Info","isPartOf":{"@id":"https:\/\/vosgesinfo.fr\/remiremontinfo\/#website"},"primaryImageOfPage":{"@id":"https:\/\/vosgesinfo.fr\/remiremontinfo\/2022\/06\/vosges-marie-claude-publie-troisieme-roman-clopin-clopant\/#primaryimage"},"image":{"@id":"https:\/\/vosgesinfo.fr\/remiremontinfo\/2022\/06\/vosges-marie-claude-publie-troisieme-roman-clopin-clopant\/#primaryimage"},"thumbnailUrl":"https:\/\/vosgesinfo.fr\/app\/uploads\/sites\/5\/2024\/09\/202206capture-decran-2022-06-14-093248.png","datePublished":"2022-06-14T05:36:07+00:00","dateModified":"2022-06-14T05:36:07+00:00","breadcrumb":{"@id":"https:\/\/vosgesinfo.fr\/remiremontinfo\/2022\/06\/vosges-marie-claude-publie-troisieme-roman-clopin-clopant\/#breadcrumb"},"inLanguage":"fr-FR","potentialAction":[{"@type":"ReadAction","target":["https:\/\/vosgesinfo.fr\/remiremontinfo\/2022\/06\/vosges-marie-claude-publie-troisieme-roman-clopin-clopant\/"]}]},{"@type":"ImageObject","inLanguage":"fr-FR","@id":"https:\/\/vosgesinfo.fr\/remiremontinfo\/2022\/06\/vosges-marie-claude-publie-troisieme-roman-clopin-clopant\/#primaryimage","url":"https:\/\/vosgesinfo.fr\/app\/uploads\/sites\/5\/2024\/09\/202206capture-decran-2022-06-14-093248.png","contentUrl":"https:\/\/vosgesinfo.fr\/app\/uploads\/sites\/5\/2024\/09\/202206capture-decran-2022-06-14-093248.png","width":1082,"height":690},{"@type":"BreadcrumbList","@id":"https:\/\/vosgesinfo.fr\/remiremontinfo\/2022\/06\/vosges-marie-claude-publie-troisieme-roman-clopin-clopant\/#breadcrumb","itemListElement":[{"@type":"ListItem","position":1,"name":"Home","item":"https:\/\/vosgesinfo.fr\/remiremontinfo\/"},{"@type":"ListItem","position":2,"name":"Vosges : Marie Claude publie son troisi\u00e8me roman, \u00ab Clopin Clopant \u00bb"}]},{"@type":"WebSite","@id":"https:\/\/vosgesinfo.fr\/remiremontinfo\/#website","url":"https:\/\/vosgesinfo.fr\/remiremontinfo\/","name":"Remiremont Info","description":"Toute l&#039;actualit\u00e9 de Remiremont","publisher":{"@id":"https:\/\/vosgesinfo.fr\/remiremontinfo\/#organization"},"alternateName":"Toute l'actualit\u00e9 de Remiremont","potentialAction":[{"@type":"SearchAction","target":{"@type":"EntryPoint","urlTemplate":"https:\/\/vosgesinfo.fr\/remiremontinfo\/?s={search_term_string}"},"query-input":"required name=search_term_string"}],"inLanguage":"fr-FR"},{"@type":"Organization","@id":"https:\/\/vosgesinfo.fr\/remiremontinfo\/#organization","name":"Remiremont Info","url":"https:\/\/vosgesinfo.fr\/remiremontinfo\/","logo":{"@type":"ImageObject","inLanguage":"fr-FR","@id":"https:\/\/vosgesinfo.fr\/remiremontinfo\/#\/schema\/logo\/image\/","url":"https:\/\/vosgesinfo.fr\/app\/uploads\/sites\/5\/2023\/08\/favicon-remiremontinfo.png","contentUrl":"https:\/\/vosgesinfo.fr\/app\/uploads\/sites\/5\/2023\/08\/favicon-remiremontinfo.png","width":512,"height":512,"caption":"Remiremont Info"},"image":{"@id":"https:\/\/vosgesinfo.fr\/remiremontinfo\/#\/schema\/logo\/image\/"},"sameAs":["https:\/\/www.facebook.com\/remiremontinfo","https:\/\/x.com\/VosgesInfo88","https:\/\/www.youtube.com\/@vosgesinfo"]},{"@type":"Person","@id":"https:\/\/vosgesinfo.fr\/remiremontinfo\/#\/schema\/person\/3bfd164d5218a185b1db68655a265316","name":"C D","image":{"@type":"ImageObject","inLanguage":"fr-FR","@id":"https:\/\/vosgesinfo.fr\/remiremontinfo\/#\/schema\/person\/image\/","url":"https:\/\/secure.gravatar.com\/avatar\/1f9a70007336511a47468b8f1c66f922b8b7cf617b02a31149ada43893a5d48f?s=96&d=mm&r=g","contentUrl":"https:\/\/secure.gravatar.com\/avatar\/1f9a70007336511a47468b8f1c66f922b8b7cf617b02a31149ada43893a5d48f?s=96&d=mm&r=g","caption":"C D"},"url":"https:\/\/vosgesinfo.fr\/remiremontinfo\/author\/cedric-drevet\/"}]}},"_links":{"self":[{"href":"https:\/\/vosgesinfo.fr\/remiremontinfo\/wp-json\/wp\/v2\/posts\/57314","targetHints":{"allow":["GET"]}}],"collection":[{"href":"https:\/\/vosgesinfo.fr\/remiremontinfo\/wp-json\/wp\/v2\/posts"}],"about":[{"href":"https:\/\/vosgesinfo.fr\/remiremontinfo\/wp-json\/wp\/v2\/types\/post"}],"author":[{"embeddable":true,"href":"https:\/\/vosgesinfo.fr\/remiremontinfo\/wp-json\/wp\/v2\/users\/407"}],"replies":[{"embeddable":true,"href":"https:\/\/vosgesinfo.fr\/remiremontinfo\/wp-json\/wp\/v2\/comments?post=57314"}],"version-history":[{"count":0,"href":"https:\/\/vosgesinfo.fr\/remiremontinfo\/wp-json\/wp\/v2\/posts\/57314\/revisions"}],"wp:featuredmedia":[{"embeddable":true,"href":"https:\/\/vosgesinfo.fr\/remiremontinfo\/wp-json\/wp\/v2\/media\/57315"}],"wp:attachment":[{"href":"https:\/\/vosgesinfo.fr\/remiremontinfo\/wp-json\/wp\/v2\/media?parent=57314"}],"wp:term":[{"taxonomy":"category","embeddable":true,"href":"https:\/\/vosgesinfo.fr\/remiremontinfo\/wp-json\/wp\/v2\/categories?post=57314"},{"taxonomy":"post_tag","embeddable":true,"href":"https:\/\/vosgesinfo.fr\/remiremontinfo\/wp-json\/wp\/v2\/tags?post=57314"}],"curies":[{"name":"wp","href":"https:\/\/api.w.org\/{rel}","templated":true}]}}