{"id":57327,"date":"2022-06-14T07:20:11","date_gmt":"2022-06-14T05:20:11","guid":{"rendered":"https:\/\/vosgesinfo.fr\/remiremontinfo\/2022\/06\/fortes-chaleurs-a-saint-maurice-isabelle-poinsot-prend-nouvelles-personnes-vulnerables\/"},"modified":"2022-06-14T07:20:11","modified_gmt":"2022-06-14T05:20:11","slug":"fortes-chaleurs-a-saint-maurice-isabelle-poinsot-prend-nouvelles-personnes-vulnerables","status":"publish","type":"post","link":"https:\/\/vosgesinfo.fr\/remiremontinfo\/2022\/06\/fortes-chaleurs-a-saint-maurice-isabelle-poinsot-prend-nouvelles-personnes-vulnerables\/","title":{"rendered":"Fortes chaleurs : \u00e0 Saint-Maurice, Isabelle Poinsot prend des nouvelles des personnes vuln\u00e9rables"},"content":{"rendered":"<p style=\"text-align: center;\"><a href=\"\/2022\/06\/287339862_5442147259140161_854339722772556543_n.jpg\"><img decoding=\"async\" class=\"alignnone size-full wp-image-346371\" src=\"\/2022\/06\/287339862_5442147259140161_854339722772556543_n.jpg\" alt=\"287339862_5442147259140161_854339722772556543_n\" width=\"842\" height=\"708\" \/><\/a><\/p>\n<p><span style=\"font-size: 10pt;\"><em>Photo par\u00a0<a href=\"https:\/\/www.facebook.com\/Mairie-de-Saint-Maurice-Sur-Moselle-1791718760849714\">Mairie de Saint Maurice Sur Moselle<\/a><\/em><\/span><\/p>\n<h2><span style=\"font-size: 12pt;\"><strong>Dans le cadre des affaires sociales et solidaires, Isabelle Poinsot, troisi\u00e8me adjointe \u00e0 la Mairie de Saint-Maurice-sur-Moselle, prend des nouvelles r\u00e9guli\u00e8rement aupr\u00e8s des personnes vuln\u00e9rables lors des p\u00e9riodes de fortes chaleurs. Le Plan canicule 2022 est d\u00e9clench\u00e9 depuis quelques semaines maintenant.\u00a0<\/strong><\/span><\/h2>\n<p>Les administr\u00e9s connaissant des personnes de plus de 65 ans, des personnes vuln\u00e9rables et\/ou isol\u00e9es r\u00e9sidant sur la commune peuvent les annoncer au secr\u00e9tariat de Mairie au 03 29 25 11 21. Vous trouverez ci-dessous des informations sur les bons gestes \u00e0 adopter en cas de canicule :\u00a0<a class=\"oajrlxb2 g5ia77u1 qu0x051f esr5mh6w e9989ue4 r7d6kgcz rq0escxv nhd2j8a9 nc684nl6 p7hjln8o kvgmc6g5 cxmmr5t8 oygrvhab hcukyx3x jb3vyjys rz4wbd8a qt6c0cv9 a8nywdso i1ao9s8h esuyzwwr f1sip0of lzcic4wl gpro0wi8 py34i1dx\" tabindex=\"0\" href=\"https:\/\/solidarites-sante.gouv.fr\/sante-et-environnement\/risques-climatiques\/article\/vagues-de-chaleur?fbclid=IwAR0k1w16HXip7AioQJiUDxOmRE8YYQzZQGPj2PzUu6YB-JwCZ-R8G_3V3Jw\" target=\"_blank\" rel=\"nofollow noopener\">https:\/\/solidarites-sante.gouv.fr\/&#8230;\/vagues-de-chaleur<\/a>.<\/p>\n","protected":false},"excerpt":{"rendered":"<p>Photo par\u00a0Mairie de Saint Maurice Sur Moselle Dans le cadre des affaires sociales et solidaires, Isabelle Poinsot, troisi\u00e8me adjointe \u00e0 [&hellip;]<\/p>\n","protected":false},"author":407,"featured_media":57328,"comment_status":"open","ping_status":"open","sticky":false,"template":"","format":"standard","meta":{"footnotes":""},"categories":[26,37,39],"tags":[3904,4003,73],"class_list":["post-57327","post","type-post","status-publish","format-standard","has-post-thumbnail","hentry","category-a-la-une","category-le-thillot-son-canton","category-saint-maurice-moselle","tag-chaleur","tag-plan-canicule","tag-saint-maurice"],"acf":[],"yoast_head":"<!-- This site is optimized with the Yoast SEO plugin v22.5 - https:\/\/yoast.com\/wordpress\/plugins\/seo\/ -->\n<title>Fortes chaleurs : \u00e0 Saint-Maurice, Isabelle Poinsot prend des nouvelles des personnes vuln\u00e9rables - Remiremont Info<\/title>\n<meta name=\"robots\" content=\"index, follow, max-snippet:-1, max-image-preview:large, max-video-preview:-1\" \/>\n<link rel=\"canonical\" href=\"https:\/\/vosgesinfo.fr\/remiremontinfo\/2022\/06\/fortes-chaleurs-a-saint-maurice-isabelle-poinsot-prend-nouvelles-personnes-vulnerables\/\" \/>\n<meta name=\"twitter:card\" content=\"summary_large_image\" \/>\n<meta name=\"twitter:title\" content=\"Fortes chaleurs : \u00e0 Saint-Maurice, Isabelle Poinsot prend des nouvelles des personnes vuln\u00e9rables - Remiremont Info\" \/>\n<meta name=\"twitter:description\" content=\"Photo par\u00a0Mairie de Saint Maurice Sur Moselle Dans le cadre des affaires sociales et solidaires, Isabelle Poinsot, troisi\u00e8me adjointe \u00e0 [&hellip;]\" \/>\n<meta name=\"twitter:image\" content=\"https:\/\/vosgesinfo.fr\/app\/uploads\/sites\/5\/2024\/09\/202206287339862-5442147259140161-854339722772556543-n.jpg\" \/>\n<meta name=\"twitter:creator\" content=\"@VosgesInfo88\" \/>\n<meta name=\"twitter:site\" content=\"@VosgesInfo88\" \/>\n<meta name=\"twitter:label1\" content=\"\u00c9crit par\" \/>\n\t<meta name=\"twitter:data1\" content=\"C D\" \/>\n\t<meta name=\"twitter:label2\" content=\"Dur\u00e9e de lecture estim\u00e9e\" \/>\n\t<meta name=\"twitter:data2\" content=\"1 minute\" \/>\n<script type=\"application\/ld+json\" class=\"yoast-schema-graph\">{\"@context\":\"https:\/\/schema.org\",\"@graph\":[{\"@type\":\"Article\",\"@id\":\"https:\/\/vosgesinfo.fr\/remiremontinfo\/2022\/06\/fortes-chaleurs-a-saint-maurice-isabelle-poinsot-prend-nouvelles-personnes-vulnerables\/#article\",\"isPartOf\":{\"@id\":\"https:\/\/vosgesinfo.fr\/remiremontinfo\/2022\/06\/fortes-chaleurs-a-saint-maurice-isabelle-poinsot-prend-nouvelles-personnes-vulnerables\/\"},\"author\":{\"name\":\"C D\",\"@id\":\"https:\/\/vosgesinfo.fr\/remiremontinfo\/#\/schema\/person\/3bfd164d5218a185b1db68655a265316\"},\"headline\":\"Fortes chaleurs : \u00e0 Saint-Maurice, Isabelle Poinsot prend des nouvelles des personnes vuln\u00e9rables\",\"datePublished\":\"2022-06-14T05:20:11+00:00\",\"dateModified\":\"2022-06-14T05:20:11+00:00\",\"mainEntityOfPage\":{\"@id\":\"https:\/\/vosgesinfo.fr\/remiremontinfo\/2022\/06\/fortes-chaleurs-a-saint-maurice-isabelle-poinsot-prend-nouvelles-personnes-vulnerables\/\"},\"wordCount\":117,\"commentCount\":0,\"publisher\":{\"@id\":\"https:\/\/vosgesinfo.fr\/remiremontinfo\/#organization\"},\"image\":{\"@id\":\"https:\/\/vosgesinfo.fr\/remiremontinfo\/2022\/06\/fortes-chaleurs-a-saint-maurice-isabelle-poinsot-prend-nouvelles-personnes-vulnerables\/#primaryimage\"},\"thumbnailUrl\":\"https:\/\/vosgesinfo.fr\/app\/uploads\/sites\/5\/2024\/09\/202206287339862-5442147259140161-854339722772556543-n.jpg\",\"keywords\":[\"chaleur\",\"plan canicule\",\"Saint-Maurice\"],\"articleSection\":[\"A la Une\",\"Le Thillot &amp; son canton\",\"Saint-Maurice\/Moselle\"],\"inLanguage\":\"fr-FR\",\"potentialAction\":[{\"@type\":\"CommentAction\",\"name\":\"Comment\",\"target\":[\"https:\/\/vosgesinfo.fr\/remiremontinfo\/2022\/06\/fortes-chaleurs-a-saint-maurice-isabelle-poinsot-prend-nouvelles-personnes-vulnerables\/#respond\"]}]},{\"@type\":\"WebPage\",\"@id\":\"https:\/\/vosgesinfo.fr\/remiremontinfo\/2022\/06\/fortes-chaleurs-a-saint-maurice-isabelle-poinsot-prend-nouvelles-personnes-vulnerables\/\",\"url\":\"https:\/\/vosgesinfo.fr\/remiremontinfo\/2022\/06\/fortes-chaleurs-a-saint-maurice-isabelle-poinsot-prend-nouvelles-personnes-vulnerables\/\",\"name\":\"Fortes chaleurs : \u00e0 Saint-Maurice, Isabelle Poinsot prend des nouvelles des personnes vuln\u00e9rables - Remiremont Info\",\"isPartOf\":{\"@id\":\"https:\/\/vosgesinfo.fr\/remiremontinfo\/#website\"},\"primaryImageOfPage\":{\"@id\":\"https:\/\/vosgesinfo.fr\/remiremontinfo\/2022\/06\/fortes-chaleurs-a-saint-maurice-isabelle-poinsot-prend-nouvelles-personnes-vulnerables\/#primaryimage\"},\"image\":{\"@id\":\"https:\/\/vosgesinfo.fr\/remiremontinfo\/2022\/06\/fortes-chaleurs-a-saint-maurice-isabelle-poinsot-prend-nouvelles-personnes-vulnerables\/#primaryimage\"},\"thumbnailUrl\":\"https:\/\/vosgesinfo.fr\/app\/uploads\/sites\/5\/2024\/09\/202206287339862-5442147259140161-854339722772556543-n.jpg\",\"datePublished\":\"2022-06-14T05:20:11+00:00\",\"dateModified\":\"2022-06-14T05:20:11+00:00\",\"breadcrumb\":{\"@id\":\"https:\/\/vosgesinfo.fr\/remiremontinfo\/2022\/06\/fortes-chaleurs-a-saint-maurice-isabelle-poinsot-prend-nouvelles-personnes-vulnerables\/#breadcrumb\"},\"inLanguage\":\"fr-FR\",\"potentialAction\":[{\"@type\":\"ReadAction\",\"target\":[\"https:\/\/vosgesinfo.fr\/remiremontinfo\/2022\/06\/fortes-chaleurs-a-saint-maurice-isabelle-poinsot-prend-nouvelles-personnes-vulnerables\/\"]}]},{\"@type\":\"ImageObject\",\"inLanguage\":\"fr-FR\",\"@id\":\"https:\/\/vosgesinfo.fr\/remiremontinfo\/2022\/06\/fortes-chaleurs-a-saint-maurice-isabelle-poinsot-prend-nouvelles-personnes-vulnerables\/#primaryimage\",\"url\":\"https:\/\/vosgesinfo.fr\/app\/uploads\/sites\/5\/2024\/09\/202206287339862-5442147259140161-854339722772556543-n.jpg\",\"contentUrl\":\"https:\/\/vosgesinfo.fr\/app\/uploads\/sites\/5\/2024\/09\/202206287339862-5442147259140161-854339722772556543-n.jpg\",\"width\":842,\"height\":708},{\"@type\":\"BreadcrumbList\",\"@id\":\"https:\/\/vosgesinfo.fr\/remiremontinfo\/2022\/06\/fortes-chaleurs-a-saint-maurice-isabelle-poinsot-prend-nouvelles-personnes-vulnerables\/#breadcrumb\",\"itemListElement\":[{\"@type\":\"ListItem\",\"position\":1,\"name\":\"Home\",\"item\":\"https:\/\/vosgesinfo.fr\/remiremontinfo\/\"},{\"@type\":\"ListItem\",\"position\":2,\"name\":\"Fortes chaleurs : \u00e0 Saint-Maurice, Isabelle Poinsot prend des nouvelles des personnes vuln\u00e9rables\"}]},{\"@type\":\"WebSite\",\"@id\":\"https:\/\/vosgesinfo.fr\/remiremontinfo\/#website\",\"url\":\"https:\/\/vosgesinfo.fr\/remiremontinfo\/\",\"name\":\"Remiremont Info\",\"description\":\"Toute l&#039;actualit\u00e9 de Remiremont\",\"publisher\":{\"@id\":\"https:\/\/vosgesinfo.fr\/remiremontinfo\/#organization\"},\"alternateName\":\"Toute l'actualit\u00e9 de Remiremont\",\"potentialAction\":[{\"@type\":\"SearchAction\",\"target\":{\"@type\":\"EntryPoint\",\"urlTemplate\":\"https:\/\/vosgesinfo.fr\/remiremontinfo\/?s={search_term_string}\"},\"query-input\":\"required name=search_term_string\"}],\"inLanguage\":\"fr-FR\"},{\"@type\":\"Organization\",\"@id\":\"https:\/\/vosgesinfo.fr\/remiremontinfo\/#organization\",\"name\":\"Remiremont Info\",\"url\":\"https:\/\/vosgesinfo.fr\/remiremontinfo\/\",\"logo\":{\"@type\":\"ImageObject\",\"inLanguage\":\"fr-FR\",\"@id\":\"https:\/\/vosgesinfo.fr\/remiremontinfo\/#\/schema\/logo\/image\/\",\"url\":\"https:\/\/vosgesinfo.fr\/app\/uploads\/sites\/5\/2023\/08\/favicon-remiremontinfo.png\",\"contentUrl\":\"https:\/\/vosgesinfo.fr\/app\/uploads\/sites\/5\/2023\/08\/favicon-remiremontinfo.png\",\"width\":512,\"height\":512,\"caption\":\"Remiremont Info\"},\"image\":{\"@id\":\"https:\/\/vosgesinfo.fr\/remiremontinfo\/#\/schema\/logo\/image\/\"},\"sameAs\":[\"https:\/\/www.facebook.com\/remiremontinfo\",\"https:\/\/x.com\/VosgesInfo88\",\"https:\/\/www.youtube.com\/@vosgesinfo\"]},{\"@type\":\"Person\",\"@id\":\"https:\/\/vosgesinfo.fr\/remiremontinfo\/#\/schema\/person\/3bfd164d5218a185b1db68655a265316\",\"name\":\"C D\",\"image\":{\"@type\":\"ImageObject\",\"inLanguage\":\"fr-FR\",\"@id\":\"https:\/\/vosgesinfo.fr\/remiremontinfo\/#\/schema\/person\/image\/\",\"url\":\"https:\/\/secure.gravatar.com\/avatar\/1f9a70007336511a47468b8f1c66f922b8b7cf617b02a31149ada43893a5d48f?s=96&d=mm&r=g\",\"contentUrl\":\"https:\/\/secure.gravatar.com\/avatar\/1f9a70007336511a47468b8f1c66f922b8b7cf617b02a31149ada43893a5d48f?s=96&d=mm&r=g\",\"caption\":\"C D\"},\"url\":\"https:\/\/vosgesinfo.fr\/remiremontinfo\/author\/cedric-drevet\/\"}]}<\/script>\n<!-- \/ Yoast SEO plugin. -->","yoast_head_json":{"title":"Fortes chaleurs : \u00e0 Saint-Maurice, Isabelle Poinsot prend des nouvelles des personnes vuln\u00e9rables - Remiremont Info","robots":{"index":"index","follow":"follow","max-snippet":"max-snippet:-1","max-image-preview":"max-image-preview:large","max-video-preview":"max-video-preview:-1"},"canonical":"https:\/\/vosgesinfo.fr\/remiremontinfo\/2022\/06\/fortes-chaleurs-a-saint-maurice-isabelle-poinsot-prend-nouvelles-personnes-vulnerables\/","twitter_card":"summary_large_image","twitter_title":"Fortes chaleurs : \u00e0 Saint-Maurice, Isabelle Poinsot prend des nouvelles des personnes vuln\u00e9rables - Remiremont Info","twitter_description":"Photo par\u00a0Mairie de Saint Maurice Sur Moselle Dans le cadre des affaires sociales et solidaires, Isabelle Poinsot, troisi\u00e8me adjointe \u00e0 [&hellip;]","twitter_image":"https:\/\/vosgesinfo.fr\/app\/uploads\/sites\/5\/2024\/09\/202206287339862-5442147259140161-854339722772556543-n.jpg","twitter_creator":"@VosgesInfo88","twitter_site":"@VosgesInfo88","twitter_misc":{"\u00c9crit par":"C D","Dur\u00e9e de lecture estim\u00e9e":"1 minute"},"schema":{"@context":"https:\/\/schema.org","@graph":[{"@type":"Article","@id":"https:\/\/vosgesinfo.fr\/remiremontinfo\/2022\/06\/fortes-chaleurs-a-saint-maurice-isabelle-poinsot-prend-nouvelles-personnes-vulnerables\/#article","isPartOf":{"@id":"https:\/\/vosgesinfo.fr\/remiremontinfo\/2022\/06\/fortes-chaleurs-a-saint-maurice-isabelle-poinsot-prend-nouvelles-personnes-vulnerables\/"},"author":{"name":"C D","@id":"https:\/\/vosgesinfo.fr\/remiremontinfo\/#\/schema\/person\/3bfd164d5218a185b1db68655a265316"},"headline":"Fortes chaleurs : \u00e0 Saint-Maurice, Isabelle Poinsot prend des nouvelles des personnes vuln\u00e9rables","datePublished":"2022-06-14T05:20:11+00:00","dateModified":"2022-06-14T05:20:11+00:00","mainEntityOfPage":{"@id":"https:\/\/vosgesinfo.fr\/remiremontinfo\/2022\/06\/fortes-chaleurs-a-saint-maurice-isabelle-poinsot-prend-nouvelles-personnes-vulnerables\/"},"wordCount":117,"commentCount":0,"publisher":{"@id":"https:\/\/vosgesinfo.fr\/remiremontinfo\/#organization"},"image":{"@id":"https:\/\/vosgesinfo.fr\/remiremontinfo\/2022\/06\/fortes-chaleurs-a-saint-maurice-isabelle-poinsot-prend-nouvelles-personnes-vulnerables\/#primaryimage"},"thumbnailUrl":"https:\/\/vosgesinfo.fr\/app\/uploads\/sites\/5\/2024\/09\/202206287339862-5442147259140161-854339722772556543-n.jpg","keywords":["chaleur","plan canicule","Saint-Maurice"],"articleSection":["A la Une","Le Thillot &amp; son canton","Saint-Maurice\/Moselle"],"inLanguage":"fr-FR","potentialAction":[{"@type":"CommentAction","name":"Comment","target":["https:\/\/vosgesinfo.fr\/remiremontinfo\/2022\/06\/fortes-chaleurs-a-saint-maurice-isabelle-poinsot-prend-nouvelles-personnes-vulnerables\/#respond"]}]},{"@type":"WebPage","@id":"https:\/\/vosgesinfo.fr\/remiremontinfo\/2022\/06\/fortes-chaleurs-a-saint-maurice-isabelle-poinsot-prend-nouvelles-personnes-vulnerables\/","url":"https:\/\/vosgesinfo.fr\/remiremontinfo\/2022\/06\/fortes-chaleurs-a-saint-maurice-isabelle-poinsot-prend-nouvelles-personnes-vulnerables\/","name":"Fortes chaleurs : \u00e0 Saint-Maurice, Isabelle Poinsot prend des nouvelles des personnes vuln\u00e9rables - Remiremont Info","isPartOf":{"@id":"https:\/\/vosgesinfo.fr\/remiremontinfo\/#website"},"primaryImageOfPage":{"@id":"https:\/\/vosgesinfo.fr\/remiremontinfo\/2022\/06\/fortes-chaleurs-a-saint-maurice-isabelle-poinsot-prend-nouvelles-personnes-vulnerables\/#primaryimage"},"image":{"@id":"https:\/\/vosgesinfo.fr\/remiremontinfo\/2022\/06\/fortes-chaleurs-a-saint-maurice-isabelle-poinsot-prend-nouvelles-personnes-vulnerables\/#primaryimage"},"thumbnailUrl":"https:\/\/vosgesinfo.fr\/app\/uploads\/sites\/5\/2024\/09\/202206287339862-5442147259140161-854339722772556543-n.jpg","datePublished":"2022-06-14T05:20:11+00:00","dateModified":"2022-06-14T05:20:11+00:00","breadcrumb":{"@id":"https:\/\/vosgesinfo.fr\/remiremontinfo\/2022\/06\/fortes-chaleurs-a-saint-maurice-isabelle-poinsot-prend-nouvelles-personnes-vulnerables\/#breadcrumb"},"inLanguage":"fr-FR","potentialAction":[{"@type":"ReadAction","target":["https:\/\/vosgesinfo.fr\/remiremontinfo\/2022\/06\/fortes-chaleurs-a-saint-maurice-isabelle-poinsot-prend-nouvelles-personnes-vulnerables\/"]}]},{"@type":"ImageObject","inLanguage":"fr-FR","@id":"https:\/\/vosgesinfo.fr\/remiremontinfo\/2022\/06\/fortes-chaleurs-a-saint-maurice-isabelle-poinsot-prend-nouvelles-personnes-vulnerables\/#primaryimage","url":"https:\/\/vosgesinfo.fr\/app\/uploads\/sites\/5\/2024\/09\/202206287339862-5442147259140161-854339722772556543-n.jpg","contentUrl":"https:\/\/vosgesinfo.fr\/app\/uploads\/sites\/5\/2024\/09\/202206287339862-5442147259140161-854339722772556543-n.jpg","width":842,"height":708},{"@type":"BreadcrumbList","@id":"https:\/\/vosgesinfo.fr\/remiremontinfo\/2022\/06\/fortes-chaleurs-a-saint-maurice-isabelle-poinsot-prend-nouvelles-personnes-vulnerables\/#breadcrumb","itemListElement":[{"@type":"ListItem","position":1,"name":"Home","item":"https:\/\/vosgesinfo.fr\/remiremontinfo\/"},{"@type":"ListItem","position":2,"name":"Fortes chaleurs : \u00e0 Saint-Maurice, Isabelle Poinsot prend des nouvelles des personnes vuln\u00e9rables"}]},{"@type":"WebSite","@id":"https:\/\/vosgesinfo.fr\/remiremontinfo\/#website","url":"https:\/\/vosgesinfo.fr\/remiremontinfo\/","name":"Remiremont Info","description":"Toute l&#039;actualit\u00e9 de Remiremont","publisher":{"@id":"https:\/\/vosgesinfo.fr\/remiremontinfo\/#organization"},"alternateName":"Toute l'actualit\u00e9 de Remiremont","potentialAction":[{"@type":"SearchAction","target":{"@type":"EntryPoint","urlTemplate":"https:\/\/vosgesinfo.fr\/remiremontinfo\/?s={search_term_string}"},"query-input":"required name=search_term_string"}],"inLanguage":"fr-FR"},{"@type":"Organization","@id":"https:\/\/vosgesinfo.fr\/remiremontinfo\/#organization","name":"Remiremont Info","url":"https:\/\/vosgesinfo.fr\/remiremontinfo\/","logo":{"@type":"ImageObject","inLanguage":"fr-FR","@id":"https:\/\/vosgesinfo.fr\/remiremontinfo\/#\/schema\/logo\/image\/","url":"https:\/\/vosgesinfo.fr\/app\/uploads\/sites\/5\/2023\/08\/favicon-remiremontinfo.png","contentUrl":"https:\/\/vosgesinfo.fr\/app\/uploads\/sites\/5\/2023\/08\/favicon-remiremontinfo.png","width":512,"height":512,"caption":"Remiremont Info"},"image":{"@id":"https:\/\/vosgesinfo.fr\/remiremontinfo\/#\/schema\/logo\/image\/"},"sameAs":["https:\/\/www.facebook.com\/remiremontinfo","https:\/\/x.com\/VosgesInfo88","https:\/\/www.youtube.com\/@vosgesinfo"]},{"@type":"Person","@id":"https:\/\/vosgesinfo.fr\/remiremontinfo\/#\/schema\/person\/3bfd164d5218a185b1db68655a265316","name":"C D","image":{"@type":"ImageObject","inLanguage":"fr-FR","@id":"https:\/\/vosgesinfo.fr\/remiremontinfo\/#\/schema\/person\/image\/","url":"https:\/\/secure.gravatar.com\/avatar\/1f9a70007336511a47468b8f1c66f922b8b7cf617b02a31149ada43893a5d48f?s=96&d=mm&r=g","contentUrl":"https:\/\/secure.gravatar.com\/avatar\/1f9a70007336511a47468b8f1c66f922b8b7cf617b02a31149ada43893a5d48f?s=96&d=mm&r=g","caption":"C D"},"url":"https:\/\/vosgesinfo.fr\/remiremontinfo\/author\/cedric-drevet\/"}]}},"_links":{"self":[{"href":"https:\/\/vosgesinfo.fr\/remiremontinfo\/wp-json\/wp\/v2\/posts\/57327","targetHints":{"allow":["GET"]}}],"collection":[{"href":"https:\/\/vosgesinfo.fr\/remiremontinfo\/wp-json\/wp\/v2\/posts"}],"about":[{"href":"https:\/\/vosgesinfo.fr\/remiremontinfo\/wp-json\/wp\/v2\/types\/post"}],"author":[{"embeddable":true,"href":"https:\/\/vosgesinfo.fr\/remiremontinfo\/wp-json\/wp\/v2\/users\/407"}],"replies":[{"embeddable":true,"href":"https:\/\/vosgesinfo.fr\/remiremontinfo\/wp-json\/wp\/v2\/comments?post=57327"}],"version-history":[{"count":0,"href":"https:\/\/vosgesinfo.fr\/remiremontinfo\/wp-json\/wp\/v2\/posts\/57327\/revisions"}],"wp:featuredmedia":[{"embeddable":true,"href":"https:\/\/vosgesinfo.fr\/remiremontinfo\/wp-json\/wp\/v2\/media\/57328"}],"wp:attachment":[{"href":"https:\/\/vosgesinfo.fr\/remiremontinfo\/wp-json\/wp\/v2\/media?parent=57327"}],"wp:term":[{"taxonomy":"category","embeddable":true,"href":"https:\/\/vosgesinfo.fr\/remiremontinfo\/wp-json\/wp\/v2\/categories?post=57327"},{"taxonomy":"post_tag","embeddable":true,"href":"https:\/\/vosgesinfo.fr\/remiremontinfo\/wp-json\/wp\/v2\/tags?post=57327"}],"curies":[{"name":"wp","href":"https:\/\/api.w.org\/{rel}","templated":true}]}}