{"id":57342,"date":"2022-06-14T07:03:24","date_gmt":"2022-06-14T05:03:24","guid":{"rendered":"https:\/\/vosgesinfo.fr\/remiremontinfo\/2022\/06\/bacterie-e-coli-yaourts-vendus-supermarches-rappeles\/"},"modified":"2022-06-14T07:03:24","modified_gmt":"2022-06-14T05:03:24","slug":"bacterie-e-coli-yaourts-vendus-supermarches-rappeles","status":"publish","type":"post","link":"https:\/\/vosgesinfo.fr\/remiremontinfo\/2022\/06\/bacterie-e-coli-yaourts-vendus-supermarches-rappeles\/","title":{"rendered":"Bact\u00e9rie E.coli : des yaourts vendus en supermarch\u00e9s rappel\u00e9s"},"content":{"rendered":"<h2>Le site gouvernemental\u00a0<a href=\"https:\/\/rappel.conso.gouv.fr\/fiche-rappel\/7335\/Interne*\" target=\"_blank\" rel=\"noopener\">Rappel Conso<\/a>\u00a0invite les consommateur \u00e0 rapporter les yaourts de la marque Malo, vendue en supermarch\u00e9.\u00a0Les gammes nature, sucr\u00e9, lait entier saveur grenadine et lait entier saveur framboise sont concern\u00e9es par ce rappel.<\/h2>\n<p>Nouveau rappel de produits pour suspicion de contamination \u00e0 la bact\u00e9rie E.coli. Selon le site gouvernemental\u00a0<a href=\"https:\/\/rappel.conso.gouv.fr\/fiche-rappel\/7335\/Interne*\" target=\"_blank\" rel=\"noopener\">Rappel Conso<\/a>, il s\u2019agit des yaourts de la marque Malo. Les gammes nature, sucr\u00e9s, saveur grenadine et lait entier saveur framboise sont concern\u00e9es. Il s\u2019agit d\u2019un rappel national, toute la France est concern\u00e9e.<\/p>\n<p>Les yaourts concern\u00e9s par ce rappel sont les pots en carton 4x125g commercialis\u00e9s depuis le 9 juin pour la gamme nature (r\u00e9f\u00e9rence GTIN: 327869211114) et les yaourts au lait entier saveur grenadine (r\u00e9f\u00e9rence GTIN: 3278692363339), le 10 juin pour les yaourts au lait entier saveur framboise (r\u00e9f\u00e9rence GTIN: 3278692420025) et le 11 juin pour les sucr\u00e9s (r\u00e9f\u00e9rence GTIN: 3278692211142).<\/p>\n<p>Les Escherichia coli peuvent entra\u00eener dans les 3 jours qui suivent la consommation, des gastro-ent\u00e9rites marqu\u00e9es par des douleurs abdominales et des diarrh\u00e9es (\u00e9ventuellement accompagn\u00e9es de sang), accompagn\u00e9es ou non de fi\u00e8vre.<\/p>\n<p>Les personnes qui auraient consomm\u00e9 les produits mentionn\u00e9s ci-dessus et qui pr\u00e9senteraient ce type de sympt\u00f4mes sont invit\u00e9es \u00e0 consulter sans d\u00e9lai leur m\u00e9decin traitant en lui signalant cette consommation et la nature du germe contaminant.<\/p>\n<p>C.K.N.<\/p>\n","protected":false},"excerpt":{"rendered":"<p>Le site gouvernemental\u00a0Rappel Conso\u00a0invite les consommateur \u00e0 rapporter les yaourts de la marque Malo, vendue en supermarch\u00e9.\u00a0Les gammes nature, sucr\u00e9, [&hellip;]<\/p>\n","protected":false},"author":407,"featured_media":57343,"comment_status":"open","ping_status":"open","sticky":false,"template":"","format":"standard","meta":{"footnotes":""},"categories":[26,18],"tags":[4052,4053,4054],"class_list":["post-57342","post","type-post","status-publish","format-standard","has-post-thumbnail","hentry","category-a-la-une","category-vosges","tag-bacterie","tag-supermarches","tag-yaourt"],"acf":[],"yoast_head":"<!-- This site is optimized with the Yoast SEO plugin v22.5 - https:\/\/yoast.com\/wordpress\/plugins\/seo\/ -->\n<title>Bact\u00e9rie E.coli : des yaourts vendus en supermarch\u00e9s rappel\u00e9s - Remiremont Info<\/title>\n<meta name=\"robots\" content=\"index, follow, max-snippet:-1, max-image-preview:large, max-video-preview:-1\" \/>\n<link rel=\"canonical\" href=\"https:\/\/vosgesinfo.fr\/remiremontinfo\/2022\/06\/bacterie-e-coli-yaourts-vendus-supermarches-rappeles\/\" \/>\n<meta name=\"twitter:card\" content=\"summary_large_image\" \/>\n<meta name=\"twitter:title\" content=\"Bact\u00e9rie E.coli : des yaourts vendus en supermarch\u00e9s rappel\u00e9s - Remiremont Info\" \/>\n<meta name=\"twitter:description\" content=\"Le site gouvernemental\u00a0Rappel Conso\u00a0invite les consommateur \u00e0 rapporter les yaourts de la marque Malo, vendue en supermarch\u00e9.\u00a0Les gammes nature, sucr\u00e9, [&hellip;]\" \/>\n<meta name=\"twitter:image\" content=\"https:\/\/vosgesinfo.fr\/app\/uploads\/sites\/5\/2024\/09\/202206milk-g2789fe786-1920-800x532-1.jpg\" \/>\n<meta name=\"twitter:creator\" content=\"@VosgesInfo88\" \/>\n<meta name=\"twitter:site\" content=\"@VosgesInfo88\" \/>\n<meta name=\"twitter:label1\" content=\"\u00c9crit par\" \/>\n\t<meta name=\"twitter:data1\" content=\"C D\" \/>\n\t<meta name=\"twitter:label2\" content=\"Dur\u00e9e de lecture estim\u00e9e\" \/>\n\t<meta name=\"twitter:data2\" content=\"1 minute\" \/>\n<script type=\"application\/ld+json\" class=\"yoast-schema-graph\">{\"@context\":\"https:\/\/schema.org\",\"@graph\":[{\"@type\":\"Article\",\"@id\":\"https:\/\/vosgesinfo.fr\/remiremontinfo\/2022\/06\/bacterie-e-coli-yaourts-vendus-supermarches-rappeles\/#article\",\"isPartOf\":{\"@id\":\"https:\/\/vosgesinfo.fr\/remiremontinfo\/2022\/06\/bacterie-e-coli-yaourts-vendus-supermarches-rappeles\/\"},\"author\":{\"name\":\"C D\",\"@id\":\"https:\/\/vosgesinfo.fr\/remiremontinfo\/#\/schema\/person\/3bfd164d5218a185b1db68655a265316\"},\"headline\":\"Bact\u00e9rie E.coli : des yaourts vendus en supermarch\u00e9s rappel\u00e9s\",\"datePublished\":\"2022-06-14T05:03:24+00:00\",\"dateModified\":\"2022-06-14T05:03:24+00:00\",\"mainEntityOfPage\":{\"@id\":\"https:\/\/vosgesinfo.fr\/remiremontinfo\/2022\/06\/bacterie-e-coli-yaourts-vendus-supermarches-rappeles\/\"},\"wordCount\":251,\"commentCount\":0,\"publisher\":{\"@id\":\"https:\/\/vosgesinfo.fr\/remiremontinfo\/#organization\"},\"image\":{\"@id\":\"https:\/\/vosgesinfo.fr\/remiremontinfo\/2022\/06\/bacterie-e-coli-yaourts-vendus-supermarches-rappeles\/#primaryimage\"},\"thumbnailUrl\":\"https:\/\/vosgesinfo.fr\/app\/uploads\/sites\/5\/2024\/09\/202206milk-g2789fe786-1920-800x532-1.jpg\",\"keywords\":[\"bact\u00e9rie\",\"supermarch\u00e9s\",\"yaourt\"],\"articleSection\":[\"A la Une\",\"Vosges\"],\"inLanguage\":\"fr-FR\",\"potentialAction\":[{\"@type\":\"CommentAction\",\"name\":\"Comment\",\"target\":[\"https:\/\/vosgesinfo.fr\/remiremontinfo\/2022\/06\/bacterie-e-coli-yaourts-vendus-supermarches-rappeles\/#respond\"]}]},{\"@type\":\"WebPage\",\"@id\":\"https:\/\/vosgesinfo.fr\/remiremontinfo\/2022\/06\/bacterie-e-coli-yaourts-vendus-supermarches-rappeles\/\",\"url\":\"https:\/\/vosgesinfo.fr\/remiremontinfo\/2022\/06\/bacterie-e-coli-yaourts-vendus-supermarches-rappeles\/\",\"name\":\"Bact\u00e9rie E.coli : des yaourts vendus en supermarch\u00e9s rappel\u00e9s - Remiremont Info\",\"isPartOf\":{\"@id\":\"https:\/\/vosgesinfo.fr\/remiremontinfo\/#website\"},\"primaryImageOfPage\":{\"@id\":\"https:\/\/vosgesinfo.fr\/remiremontinfo\/2022\/06\/bacterie-e-coli-yaourts-vendus-supermarches-rappeles\/#primaryimage\"},\"image\":{\"@id\":\"https:\/\/vosgesinfo.fr\/remiremontinfo\/2022\/06\/bacterie-e-coli-yaourts-vendus-supermarches-rappeles\/#primaryimage\"},\"thumbnailUrl\":\"https:\/\/vosgesinfo.fr\/app\/uploads\/sites\/5\/2024\/09\/202206milk-g2789fe786-1920-800x532-1.jpg\",\"datePublished\":\"2022-06-14T05:03:24+00:00\",\"dateModified\":\"2022-06-14T05:03:24+00:00\",\"breadcrumb\":{\"@id\":\"https:\/\/vosgesinfo.fr\/remiremontinfo\/2022\/06\/bacterie-e-coli-yaourts-vendus-supermarches-rappeles\/#breadcrumb\"},\"inLanguage\":\"fr-FR\",\"potentialAction\":[{\"@type\":\"ReadAction\",\"target\":[\"https:\/\/vosgesinfo.fr\/remiremontinfo\/2022\/06\/bacterie-e-coli-yaourts-vendus-supermarches-rappeles\/\"]}]},{\"@type\":\"ImageObject\",\"inLanguage\":\"fr-FR\",\"@id\":\"https:\/\/vosgesinfo.fr\/remiremontinfo\/2022\/06\/bacterie-e-coli-yaourts-vendus-supermarches-rappeles\/#primaryimage\",\"url\":\"https:\/\/vosgesinfo.fr\/app\/uploads\/sites\/5\/2024\/09\/202206milk-g2789fe786-1920-800x532-1.jpg\",\"contentUrl\":\"https:\/\/vosgesinfo.fr\/app\/uploads\/sites\/5\/2024\/09\/202206milk-g2789fe786-1920-800x532-1.jpg\",\"width\":800,\"height\":532},{\"@type\":\"BreadcrumbList\",\"@id\":\"https:\/\/vosgesinfo.fr\/remiremontinfo\/2022\/06\/bacterie-e-coli-yaourts-vendus-supermarches-rappeles\/#breadcrumb\",\"itemListElement\":[{\"@type\":\"ListItem\",\"position\":1,\"name\":\"Home\",\"item\":\"https:\/\/vosgesinfo.fr\/remiremontinfo\/\"},{\"@type\":\"ListItem\",\"position\":2,\"name\":\"Bact\u00e9rie E.coli : des yaourts vendus en supermarch\u00e9s rappel\u00e9s\"}]},{\"@type\":\"WebSite\",\"@id\":\"https:\/\/vosgesinfo.fr\/remiremontinfo\/#website\",\"url\":\"https:\/\/vosgesinfo.fr\/remiremontinfo\/\",\"name\":\"Remiremont Info\",\"description\":\"Toute l&#039;actualit\u00e9 de Remiremont\",\"publisher\":{\"@id\":\"https:\/\/vosgesinfo.fr\/remiremontinfo\/#organization\"},\"alternateName\":\"Toute l'actualit\u00e9 de Remiremont\",\"potentialAction\":[{\"@type\":\"SearchAction\",\"target\":{\"@type\":\"EntryPoint\",\"urlTemplate\":\"https:\/\/vosgesinfo.fr\/remiremontinfo\/?s={search_term_string}\"},\"query-input\":\"required name=search_term_string\"}],\"inLanguage\":\"fr-FR\"},{\"@type\":\"Organization\",\"@id\":\"https:\/\/vosgesinfo.fr\/remiremontinfo\/#organization\",\"name\":\"Remiremont Info\",\"url\":\"https:\/\/vosgesinfo.fr\/remiremontinfo\/\",\"logo\":{\"@type\":\"ImageObject\",\"inLanguage\":\"fr-FR\",\"@id\":\"https:\/\/vosgesinfo.fr\/remiremontinfo\/#\/schema\/logo\/image\/\",\"url\":\"https:\/\/vosgesinfo.fr\/app\/uploads\/sites\/5\/2023\/08\/favicon-remiremontinfo.png\",\"contentUrl\":\"https:\/\/vosgesinfo.fr\/app\/uploads\/sites\/5\/2023\/08\/favicon-remiremontinfo.png\",\"width\":512,\"height\":512,\"caption\":\"Remiremont Info\"},\"image\":{\"@id\":\"https:\/\/vosgesinfo.fr\/remiremontinfo\/#\/schema\/logo\/image\/\"},\"sameAs\":[\"https:\/\/www.facebook.com\/remiremontinfo\",\"https:\/\/x.com\/VosgesInfo88\",\"https:\/\/www.youtube.com\/@vosgesinfo\"]},{\"@type\":\"Person\",\"@id\":\"https:\/\/vosgesinfo.fr\/remiremontinfo\/#\/schema\/person\/3bfd164d5218a185b1db68655a265316\",\"name\":\"C D\",\"image\":{\"@type\":\"ImageObject\",\"inLanguage\":\"fr-FR\",\"@id\":\"https:\/\/vosgesinfo.fr\/remiremontinfo\/#\/schema\/person\/image\/\",\"url\":\"https:\/\/secure.gravatar.com\/avatar\/1f9a70007336511a47468b8f1c66f922b8b7cf617b02a31149ada43893a5d48f?s=96&d=mm&r=g\",\"contentUrl\":\"https:\/\/secure.gravatar.com\/avatar\/1f9a70007336511a47468b8f1c66f922b8b7cf617b02a31149ada43893a5d48f?s=96&d=mm&r=g\",\"caption\":\"C D\"},\"url\":\"https:\/\/vosgesinfo.fr\/remiremontinfo\/author\/cedric-drevet\/\"}]}<\/script>\n<!-- \/ Yoast SEO plugin. -->","yoast_head_json":{"title":"Bact\u00e9rie E.coli : des yaourts vendus en supermarch\u00e9s rappel\u00e9s - Remiremont Info","robots":{"index":"index","follow":"follow","max-snippet":"max-snippet:-1","max-image-preview":"max-image-preview:large","max-video-preview":"max-video-preview:-1"},"canonical":"https:\/\/vosgesinfo.fr\/remiremontinfo\/2022\/06\/bacterie-e-coli-yaourts-vendus-supermarches-rappeles\/","twitter_card":"summary_large_image","twitter_title":"Bact\u00e9rie E.coli : des yaourts vendus en supermarch\u00e9s rappel\u00e9s - Remiremont Info","twitter_description":"Le site gouvernemental\u00a0Rappel Conso\u00a0invite les consommateur \u00e0 rapporter les yaourts de la marque Malo, vendue en supermarch\u00e9.\u00a0Les gammes nature, sucr\u00e9, [&hellip;]","twitter_image":"https:\/\/vosgesinfo.fr\/app\/uploads\/sites\/5\/2024\/09\/202206milk-g2789fe786-1920-800x532-1.jpg","twitter_creator":"@VosgesInfo88","twitter_site":"@VosgesInfo88","twitter_misc":{"\u00c9crit par":"C D","Dur\u00e9e de lecture estim\u00e9e":"1 minute"},"schema":{"@context":"https:\/\/schema.org","@graph":[{"@type":"Article","@id":"https:\/\/vosgesinfo.fr\/remiremontinfo\/2022\/06\/bacterie-e-coli-yaourts-vendus-supermarches-rappeles\/#article","isPartOf":{"@id":"https:\/\/vosgesinfo.fr\/remiremontinfo\/2022\/06\/bacterie-e-coli-yaourts-vendus-supermarches-rappeles\/"},"author":{"name":"C D","@id":"https:\/\/vosgesinfo.fr\/remiremontinfo\/#\/schema\/person\/3bfd164d5218a185b1db68655a265316"},"headline":"Bact\u00e9rie E.coli : des yaourts vendus en supermarch\u00e9s rappel\u00e9s","datePublished":"2022-06-14T05:03:24+00:00","dateModified":"2022-06-14T05:03:24+00:00","mainEntityOfPage":{"@id":"https:\/\/vosgesinfo.fr\/remiremontinfo\/2022\/06\/bacterie-e-coli-yaourts-vendus-supermarches-rappeles\/"},"wordCount":251,"commentCount":0,"publisher":{"@id":"https:\/\/vosgesinfo.fr\/remiremontinfo\/#organization"},"image":{"@id":"https:\/\/vosgesinfo.fr\/remiremontinfo\/2022\/06\/bacterie-e-coli-yaourts-vendus-supermarches-rappeles\/#primaryimage"},"thumbnailUrl":"https:\/\/vosgesinfo.fr\/app\/uploads\/sites\/5\/2024\/09\/202206milk-g2789fe786-1920-800x532-1.jpg","keywords":["bact\u00e9rie","supermarch\u00e9s","yaourt"],"articleSection":["A la Une","Vosges"],"inLanguage":"fr-FR","potentialAction":[{"@type":"CommentAction","name":"Comment","target":["https:\/\/vosgesinfo.fr\/remiremontinfo\/2022\/06\/bacterie-e-coli-yaourts-vendus-supermarches-rappeles\/#respond"]}]},{"@type":"WebPage","@id":"https:\/\/vosgesinfo.fr\/remiremontinfo\/2022\/06\/bacterie-e-coli-yaourts-vendus-supermarches-rappeles\/","url":"https:\/\/vosgesinfo.fr\/remiremontinfo\/2022\/06\/bacterie-e-coli-yaourts-vendus-supermarches-rappeles\/","name":"Bact\u00e9rie E.coli : des yaourts vendus en supermarch\u00e9s rappel\u00e9s - Remiremont Info","isPartOf":{"@id":"https:\/\/vosgesinfo.fr\/remiremontinfo\/#website"},"primaryImageOfPage":{"@id":"https:\/\/vosgesinfo.fr\/remiremontinfo\/2022\/06\/bacterie-e-coli-yaourts-vendus-supermarches-rappeles\/#primaryimage"},"image":{"@id":"https:\/\/vosgesinfo.fr\/remiremontinfo\/2022\/06\/bacterie-e-coli-yaourts-vendus-supermarches-rappeles\/#primaryimage"},"thumbnailUrl":"https:\/\/vosgesinfo.fr\/app\/uploads\/sites\/5\/2024\/09\/202206milk-g2789fe786-1920-800x532-1.jpg","datePublished":"2022-06-14T05:03:24+00:00","dateModified":"2022-06-14T05:03:24+00:00","breadcrumb":{"@id":"https:\/\/vosgesinfo.fr\/remiremontinfo\/2022\/06\/bacterie-e-coli-yaourts-vendus-supermarches-rappeles\/#breadcrumb"},"inLanguage":"fr-FR","potentialAction":[{"@type":"ReadAction","target":["https:\/\/vosgesinfo.fr\/remiremontinfo\/2022\/06\/bacterie-e-coli-yaourts-vendus-supermarches-rappeles\/"]}]},{"@type":"ImageObject","inLanguage":"fr-FR","@id":"https:\/\/vosgesinfo.fr\/remiremontinfo\/2022\/06\/bacterie-e-coli-yaourts-vendus-supermarches-rappeles\/#primaryimage","url":"https:\/\/vosgesinfo.fr\/app\/uploads\/sites\/5\/2024\/09\/202206milk-g2789fe786-1920-800x532-1.jpg","contentUrl":"https:\/\/vosgesinfo.fr\/app\/uploads\/sites\/5\/2024\/09\/202206milk-g2789fe786-1920-800x532-1.jpg","width":800,"height":532},{"@type":"BreadcrumbList","@id":"https:\/\/vosgesinfo.fr\/remiremontinfo\/2022\/06\/bacterie-e-coli-yaourts-vendus-supermarches-rappeles\/#breadcrumb","itemListElement":[{"@type":"ListItem","position":1,"name":"Home","item":"https:\/\/vosgesinfo.fr\/remiremontinfo\/"},{"@type":"ListItem","position":2,"name":"Bact\u00e9rie E.coli : des yaourts vendus en supermarch\u00e9s rappel\u00e9s"}]},{"@type":"WebSite","@id":"https:\/\/vosgesinfo.fr\/remiremontinfo\/#website","url":"https:\/\/vosgesinfo.fr\/remiremontinfo\/","name":"Remiremont Info","description":"Toute l&#039;actualit\u00e9 de Remiremont","publisher":{"@id":"https:\/\/vosgesinfo.fr\/remiremontinfo\/#organization"},"alternateName":"Toute l'actualit\u00e9 de Remiremont","potentialAction":[{"@type":"SearchAction","target":{"@type":"EntryPoint","urlTemplate":"https:\/\/vosgesinfo.fr\/remiremontinfo\/?s={search_term_string}"},"query-input":"required name=search_term_string"}],"inLanguage":"fr-FR"},{"@type":"Organization","@id":"https:\/\/vosgesinfo.fr\/remiremontinfo\/#organization","name":"Remiremont Info","url":"https:\/\/vosgesinfo.fr\/remiremontinfo\/","logo":{"@type":"ImageObject","inLanguage":"fr-FR","@id":"https:\/\/vosgesinfo.fr\/remiremontinfo\/#\/schema\/logo\/image\/","url":"https:\/\/vosgesinfo.fr\/app\/uploads\/sites\/5\/2023\/08\/favicon-remiremontinfo.png","contentUrl":"https:\/\/vosgesinfo.fr\/app\/uploads\/sites\/5\/2023\/08\/favicon-remiremontinfo.png","width":512,"height":512,"caption":"Remiremont Info"},"image":{"@id":"https:\/\/vosgesinfo.fr\/remiremontinfo\/#\/schema\/logo\/image\/"},"sameAs":["https:\/\/www.facebook.com\/remiremontinfo","https:\/\/x.com\/VosgesInfo88","https:\/\/www.youtube.com\/@vosgesinfo"]},{"@type":"Person","@id":"https:\/\/vosgesinfo.fr\/remiremontinfo\/#\/schema\/person\/3bfd164d5218a185b1db68655a265316","name":"C D","image":{"@type":"ImageObject","inLanguage":"fr-FR","@id":"https:\/\/vosgesinfo.fr\/remiremontinfo\/#\/schema\/person\/image\/","url":"https:\/\/secure.gravatar.com\/avatar\/1f9a70007336511a47468b8f1c66f922b8b7cf617b02a31149ada43893a5d48f?s=96&d=mm&r=g","contentUrl":"https:\/\/secure.gravatar.com\/avatar\/1f9a70007336511a47468b8f1c66f922b8b7cf617b02a31149ada43893a5d48f?s=96&d=mm&r=g","caption":"C D"},"url":"https:\/\/vosgesinfo.fr\/remiremontinfo\/author\/cedric-drevet\/"}]}},"_links":{"self":[{"href":"https:\/\/vosgesinfo.fr\/remiremontinfo\/wp-json\/wp\/v2\/posts\/57342","targetHints":{"allow":["GET"]}}],"collection":[{"href":"https:\/\/vosgesinfo.fr\/remiremontinfo\/wp-json\/wp\/v2\/posts"}],"about":[{"href":"https:\/\/vosgesinfo.fr\/remiremontinfo\/wp-json\/wp\/v2\/types\/post"}],"author":[{"embeddable":true,"href":"https:\/\/vosgesinfo.fr\/remiremontinfo\/wp-json\/wp\/v2\/users\/407"}],"replies":[{"embeddable":true,"href":"https:\/\/vosgesinfo.fr\/remiremontinfo\/wp-json\/wp\/v2\/comments?post=57342"}],"version-history":[{"count":0,"href":"https:\/\/vosgesinfo.fr\/remiremontinfo\/wp-json\/wp\/v2\/posts\/57342\/revisions"}],"wp:featuredmedia":[{"embeddable":true,"href":"https:\/\/vosgesinfo.fr\/remiremontinfo\/wp-json\/wp\/v2\/media\/57343"}],"wp:attachment":[{"href":"https:\/\/vosgesinfo.fr\/remiremontinfo\/wp-json\/wp\/v2\/media?parent=57342"}],"wp:term":[{"taxonomy":"category","embeddable":true,"href":"https:\/\/vosgesinfo.fr\/remiremontinfo\/wp-json\/wp\/v2\/categories?post=57342"},{"taxonomy":"post_tag","embeddable":true,"href":"https:\/\/vosgesinfo.fr\/remiremontinfo\/wp-json\/wp\/v2\/tags?post=57342"}],"curies":[{"name":"wp","href":"https:\/\/api.w.org\/{rel}","templated":true}]}}