{"id":57353,"date":"2022-06-14T04:11:59","date_gmt":"2022-06-14T02:11:59","guid":{"rendered":"https:\/\/vosgesinfo.fr\/remiremontinfo\/2022\/06\/bac-pleine-canicule-etablissements-appeles-a-vigilance\/"},"modified":"2022-06-14T04:11:59","modified_gmt":"2022-06-14T02:11:59","slug":"bac-pleine-canicule-etablissements-appeles-a-vigilance","status":"publish","type":"post","link":"https:\/\/vosgesinfo.fr\/remiremontinfo\/2022\/06\/bac-pleine-canicule-etablissements-appeles-a-vigilance\/","title":{"rendered":"Bac en pleine canicule : les \u00e9tablissements appel\u00e9s \u00e0 la vigilance"},"content":{"rendered":"<p><a href=\"\/2020\/07\/soleil-chaleur-thermometer-3581190_960_720.jpg\"><img decoding=\"async\" class=\"alignnone size-full wp-image-292068\" src=\"\/2020\/07\/soleil-chaleur-thermometer-3581190_960_720.jpg\" alt=\"soleil-chaleur-thermometer-3581190_960_720\" width=\"800\" height=\"401\" \/><\/a><\/p>\n<h2 class=\"x_MsoNormal\"><span style=\"font-size: 12pt;\">Le minist\u00e8re de l\u2019\u00c9ducation nationale a rappel\u00e9 ses recommandations aux directeurs et directrices d\u2019\u00e9coles pour \u00ab\u00a0pr\u00e9venir les effets d\u2019une canicule\u00a0\u00bb sur les \u00e9l\u00e8ves et professeurs.\u00a0Les \u00e9preuves \u00e9crites du bac professionnel d\u00e9marrent ce mardi 14 juin.<\/span><\/h2>\n<p class=\"x_MsoNormal\"><span style=\"font-size: 12pt;\"><em>\u00ab\u00a0Au regard des temp\u00e9ratures exceptionnellement \u00e9lev\u00e9es annonc\u00e9es pour les prochains jours, des recommandations sp\u00e9cifiques \u00e0 destination des directeurs d\u2019\u00e9cole et chefs d\u2019\u00e9tablissement ont \u00e9t\u00e9 transmises ce jour par le minist\u00e8re de l\u2019\u00c9ducation nationale et de la Jeunesse, afin de pr\u00e9venir les effets d\u2019une canicule sur les candidats qui passent les \u00e9preuves du baccalaur\u00e9at et les personnels mobilis\u00e9s, ainsi que sur les \u00e9l\u00e8ves et les professeurs en classe.<\/em><\/span><\/p>\n<p class=\"x_MsoNormal\"><span style=\"font-size: 12pt;\"><em>Durant cette semaine, une vigilance particuli\u00e8re sera apport\u00e9e \u00e0 la sant\u00e9 des \u00e9l\u00e8ves, notamment des plus jeunes, des plus fragiles et de ceux qui passeront les \u00e9preuves du baccalaur\u00e9at. Pour ces derniers, les chefs de centre d\u2019examen veilleront \u00e0 bien faire respecter les consignes en cas d\u2019\u00e9pisode de forte chaleur, tout en assurant le bon d\u00e9roulement des \u00e9preuves.<\/em><\/span><\/p>\n<p class=\"x_MsoNormal\"><span style=\"font-size: 12pt;\"><em>En plus des bons gestes \u00e0 adopter, comme boire r\u00e9guli\u00e8rement, ne pas s\u2019exposer au soleil, adapter son alimentation, etc., il est rappel\u00e9 l\u2019importance d\u2019\u00eatre \u00e9galement attentif aux signes d\u2019un coup de chaleur : grande faiblesse, fatigue, \u00e9tourdissements, vertiges, naus\u00e9es, crampes, temp\u00e9rature, maux de t\u00eate. Il faut alors agir rapidement, et appeler les secours m\u00e9dicalis\u00e9s (SAMU 15).<\/em><\/span><\/p>\n<p class=\"x_MsoNormal\"><span style=\"font-size: 12pt;\"><em>Toutes les recommandations aux directeurs d\u2019\u00e9cole et chefs d\u2019\u00e9tablissement sont disponibles sur le site du minist\u00e8re\u00a0:\u00a0<a href=\"http:\/\/www.education.gouv.fr\/canicule\" target=\"_blank\" rel=\"noopener noreferrer\" data-auth=\"NotApplicable\" data-linkindex=\"0\">www.education.gouv.fr\/canicule<\/a>\u00ab\u00a0<\/em><\/span><\/p>\n","protected":false},"excerpt":{"rendered":"<p>Le minist\u00e8re de l\u2019\u00c9ducation nationale a rappel\u00e9 ses recommandations aux directeurs et directrices d\u2019\u00e9coles pour \u00ab\u00a0pr\u00e9venir les effets d\u2019une canicule\u00a0\u00bb [&hellip;]<\/p>\n","protected":false},"author":407,"featured_media":57354,"comment_status":"open","ping_status":"open","sticky":false,"template":"","format":"standard","meta":{"footnotes":""},"categories":[26,127,18],"tags":[3918,128,32],"class_list":["post-57353","post","type-post","status-publish","format-standard","has-post-thumbnail","hentry","category-a-la-une","category-meteo","category-vosges","tag-chaud","tag-meteo","tag-vosges"],"acf":[],"yoast_head":"<!-- This site is optimized with the Yoast SEO plugin v22.5 - https:\/\/yoast.com\/wordpress\/plugins\/seo\/ -->\n<title>Bac en pleine canicule : les \u00e9tablissements appel\u00e9s \u00e0 la vigilance - Remiremont Info<\/title>\n<meta name=\"robots\" content=\"index, follow, max-snippet:-1, max-image-preview:large, max-video-preview:-1\" \/>\n<link rel=\"canonical\" href=\"https:\/\/vosgesinfo.fr\/remiremontinfo\/2022\/06\/bac-pleine-canicule-etablissements-appeles-a-vigilance\/\" \/>\n<meta name=\"twitter:card\" content=\"summary_large_image\" \/>\n<meta name=\"twitter:title\" content=\"Bac en pleine canicule : les \u00e9tablissements appel\u00e9s \u00e0 la vigilance - Remiremont Info\" \/>\n<meta name=\"twitter:description\" content=\"Le minist\u00e8re de l\u2019\u00c9ducation nationale a rappel\u00e9 ses recommandations aux directeurs et directrices d\u2019\u00e9coles pour \u00ab\u00a0pr\u00e9venir les effets d\u2019une canicule\u00a0\u00bb [&hellip;]\" \/>\n<meta name=\"twitter:image\" content=\"https:\/\/vosgesinfo.fr\/app\/uploads\/sites\/5\/2024\/09\/202007soleil-chaleur-thermometer-3581190-960-720-2.jpg\" \/>\n<meta name=\"twitter:creator\" content=\"@VosgesInfo88\" \/>\n<meta name=\"twitter:site\" content=\"@VosgesInfo88\" \/>\n<meta name=\"twitter:label1\" content=\"\u00c9crit par\" \/>\n\t<meta name=\"twitter:data1\" content=\"C D\" \/>\n\t<meta name=\"twitter:label2\" content=\"Dur\u00e9e de lecture estim\u00e9e\" \/>\n\t<meta name=\"twitter:data2\" content=\"1 minute\" \/>\n<script type=\"application\/ld+json\" class=\"yoast-schema-graph\">{\"@context\":\"https:\/\/schema.org\",\"@graph\":[{\"@type\":\"Article\",\"@id\":\"https:\/\/vosgesinfo.fr\/remiremontinfo\/2022\/06\/bac-pleine-canicule-etablissements-appeles-a-vigilance\/#article\",\"isPartOf\":{\"@id\":\"https:\/\/vosgesinfo.fr\/remiremontinfo\/2022\/06\/bac-pleine-canicule-etablissements-appeles-a-vigilance\/\"},\"author\":{\"name\":\"C D\",\"@id\":\"https:\/\/vosgesinfo.fr\/remiremontinfo\/#\/schema\/person\/3bfd164d5218a185b1db68655a265316\"},\"headline\":\"Bac en pleine canicule : les \u00e9tablissements appel\u00e9s \u00e0 la vigilance\",\"datePublished\":\"2022-06-14T02:11:59+00:00\",\"dateModified\":\"2022-06-14T02:11:59+00:00\",\"mainEntityOfPage\":{\"@id\":\"https:\/\/vosgesinfo.fr\/remiremontinfo\/2022\/06\/bac-pleine-canicule-etablissements-appeles-a-vigilance\/\"},\"wordCount\":282,\"commentCount\":0,\"publisher\":{\"@id\":\"https:\/\/vosgesinfo.fr\/remiremontinfo\/#organization\"},\"image\":{\"@id\":\"https:\/\/vosgesinfo.fr\/remiremontinfo\/2022\/06\/bac-pleine-canicule-etablissements-appeles-a-vigilance\/#primaryimage\"},\"thumbnailUrl\":\"https:\/\/vosgesinfo.fr\/app\/uploads\/sites\/5\/2024\/09\/202007soleil-chaleur-thermometer-3581190-960-720-2.jpg\",\"keywords\":[\"chaud\",\"M\u00e9t\u00e9o\",\"Vosges\"],\"articleSection\":[\"A la Une\",\"M\u00e9t\u00e9o\",\"Vosges\"],\"inLanguage\":\"fr-FR\",\"potentialAction\":[{\"@type\":\"CommentAction\",\"name\":\"Comment\",\"target\":[\"https:\/\/vosgesinfo.fr\/remiremontinfo\/2022\/06\/bac-pleine-canicule-etablissements-appeles-a-vigilance\/#respond\"]}]},{\"@type\":\"WebPage\",\"@id\":\"https:\/\/vosgesinfo.fr\/remiremontinfo\/2022\/06\/bac-pleine-canicule-etablissements-appeles-a-vigilance\/\",\"url\":\"https:\/\/vosgesinfo.fr\/remiremontinfo\/2022\/06\/bac-pleine-canicule-etablissements-appeles-a-vigilance\/\",\"name\":\"Bac en pleine canicule : les \u00e9tablissements appel\u00e9s \u00e0 la vigilance - Remiremont Info\",\"isPartOf\":{\"@id\":\"https:\/\/vosgesinfo.fr\/remiremontinfo\/#website\"},\"primaryImageOfPage\":{\"@id\":\"https:\/\/vosgesinfo.fr\/remiremontinfo\/2022\/06\/bac-pleine-canicule-etablissements-appeles-a-vigilance\/#primaryimage\"},\"image\":{\"@id\":\"https:\/\/vosgesinfo.fr\/remiremontinfo\/2022\/06\/bac-pleine-canicule-etablissements-appeles-a-vigilance\/#primaryimage\"},\"thumbnailUrl\":\"https:\/\/vosgesinfo.fr\/app\/uploads\/sites\/5\/2024\/09\/202007soleil-chaleur-thermometer-3581190-960-720-2.jpg\",\"datePublished\":\"2022-06-14T02:11:59+00:00\",\"dateModified\":\"2022-06-14T02:11:59+00:00\",\"breadcrumb\":{\"@id\":\"https:\/\/vosgesinfo.fr\/remiremontinfo\/2022\/06\/bac-pleine-canicule-etablissements-appeles-a-vigilance\/#breadcrumb\"},\"inLanguage\":\"fr-FR\",\"potentialAction\":[{\"@type\":\"ReadAction\",\"target\":[\"https:\/\/vosgesinfo.fr\/remiremontinfo\/2022\/06\/bac-pleine-canicule-etablissements-appeles-a-vigilance\/\"]}]},{\"@type\":\"ImageObject\",\"inLanguage\":\"fr-FR\",\"@id\":\"https:\/\/vosgesinfo.fr\/remiremontinfo\/2022\/06\/bac-pleine-canicule-etablissements-appeles-a-vigilance\/#primaryimage\",\"url\":\"https:\/\/vosgesinfo.fr\/app\/uploads\/sites\/5\/2024\/09\/202007soleil-chaleur-thermometer-3581190-960-720-2.jpg\",\"contentUrl\":\"https:\/\/vosgesinfo.fr\/app\/uploads\/sites\/5\/2024\/09\/202007soleil-chaleur-thermometer-3581190-960-720-2.jpg\",\"width\":800,\"height\":401},{\"@type\":\"BreadcrumbList\",\"@id\":\"https:\/\/vosgesinfo.fr\/remiremontinfo\/2022\/06\/bac-pleine-canicule-etablissements-appeles-a-vigilance\/#breadcrumb\",\"itemListElement\":[{\"@type\":\"ListItem\",\"position\":1,\"name\":\"Home\",\"item\":\"https:\/\/vosgesinfo.fr\/remiremontinfo\/\"},{\"@type\":\"ListItem\",\"position\":2,\"name\":\"Bac en pleine canicule : les \u00e9tablissements appel\u00e9s \u00e0 la vigilance\"}]},{\"@type\":\"WebSite\",\"@id\":\"https:\/\/vosgesinfo.fr\/remiremontinfo\/#website\",\"url\":\"https:\/\/vosgesinfo.fr\/remiremontinfo\/\",\"name\":\"Remiremont Info\",\"description\":\"Toute l&#039;actualit\u00e9 de Remiremont\",\"publisher\":{\"@id\":\"https:\/\/vosgesinfo.fr\/remiremontinfo\/#organization\"},\"alternateName\":\"Toute l'actualit\u00e9 de Remiremont\",\"potentialAction\":[{\"@type\":\"SearchAction\",\"target\":{\"@type\":\"EntryPoint\",\"urlTemplate\":\"https:\/\/vosgesinfo.fr\/remiremontinfo\/?s={search_term_string}\"},\"query-input\":\"required name=search_term_string\"}],\"inLanguage\":\"fr-FR\"},{\"@type\":\"Organization\",\"@id\":\"https:\/\/vosgesinfo.fr\/remiremontinfo\/#organization\",\"name\":\"Remiremont Info\",\"url\":\"https:\/\/vosgesinfo.fr\/remiremontinfo\/\",\"logo\":{\"@type\":\"ImageObject\",\"inLanguage\":\"fr-FR\",\"@id\":\"https:\/\/vosgesinfo.fr\/remiremontinfo\/#\/schema\/logo\/image\/\",\"url\":\"https:\/\/vosgesinfo.fr\/app\/uploads\/sites\/5\/2023\/08\/favicon-remiremontinfo.png\",\"contentUrl\":\"https:\/\/vosgesinfo.fr\/app\/uploads\/sites\/5\/2023\/08\/favicon-remiremontinfo.png\",\"width\":512,\"height\":512,\"caption\":\"Remiremont Info\"},\"image\":{\"@id\":\"https:\/\/vosgesinfo.fr\/remiremontinfo\/#\/schema\/logo\/image\/\"},\"sameAs\":[\"https:\/\/www.facebook.com\/remiremontinfo\",\"https:\/\/x.com\/VosgesInfo88\",\"https:\/\/www.youtube.com\/@vosgesinfo\"]},{\"@type\":\"Person\",\"@id\":\"https:\/\/vosgesinfo.fr\/remiremontinfo\/#\/schema\/person\/3bfd164d5218a185b1db68655a265316\",\"name\":\"C D\",\"image\":{\"@type\":\"ImageObject\",\"inLanguage\":\"fr-FR\",\"@id\":\"https:\/\/vosgesinfo.fr\/remiremontinfo\/#\/schema\/person\/image\/\",\"url\":\"https:\/\/secure.gravatar.com\/avatar\/1f9a70007336511a47468b8f1c66f922b8b7cf617b02a31149ada43893a5d48f?s=96&d=mm&r=g\",\"contentUrl\":\"https:\/\/secure.gravatar.com\/avatar\/1f9a70007336511a47468b8f1c66f922b8b7cf617b02a31149ada43893a5d48f?s=96&d=mm&r=g\",\"caption\":\"C D\"},\"url\":\"https:\/\/vosgesinfo.fr\/remiremontinfo\/author\/cedric-drevet\/\"}]}<\/script>\n<!-- \/ Yoast SEO plugin. -->","yoast_head_json":{"title":"Bac en pleine canicule : les \u00e9tablissements appel\u00e9s \u00e0 la vigilance - Remiremont Info","robots":{"index":"index","follow":"follow","max-snippet":"max-snippet:-1","max-image-preview":"max-image-preview:large","max-video-preview":"max-video-preview:-1"},"canonical":"https:\/\/vosgesinfo.fr\/remiremontinfo\/2022\/06\/bac-pleine-canicule-etablissements-appeles-a-vigilance\/","twitter_card":"summary_large_image","twitter_title":"Bac en pleine canicule : les \u00e9tablissements appel\u00e9s \u00e0 la vigilance - Remiremont Info","twitter_description":"Le minist\u00e8re de l\u2019\u00c9ducation nationale a rappel\u00e9 ses recommandations aux directeurs et directrices d\u2019\u00e9coles pour \u00ab\u00a0pr\u00e9venir les effets d\u2019une canicule\u00a0\u00bb [&hellip;]","twitter_image":"https:\/\/vosgesinfo.fr\/app\/uploads\/sites\/5\/2024\/09\/202007soleil-chaleur-thermometer-3581190-960-720-2.jpg","twitter_creator":"@VosgesInfo88","twitter_site":"@VosgesInfo88","twitter_misc":{"\u00c9crit par":"C D","Dur\u00e9e de lecture estim\u00e9e":"1 minute"},"schema":{"@context":"https:\/\/schema.org","@graph":[{"@type":"Article","@id":"https:\/\/vosgesinfo.fr\/remiremontinfo\/2022\/06\/bac-pleine-canicule-etablissements-appeles-a-vigilance\/#article","isPartOf":{"@id":"https:\/\/vosgesinfo.fr\/remiremontinfo\/2022\/06\/bac-pleine-canicule-etablissements-appeles-a-vigilance\/"},"author":{"name":"C D","@id":"https:\/\/vosgesinfo.fr\/remiremontinfo\/#\/schema\/person\/3bfd164d5218a185b1db68655a265316"},"headline":"Bac en pleine canicule : les \u00e9tablissements appel\u00e9s \u00e0 la vigilance","datePublished":"2022-06-14T02:11:59+00:00","dateModified":"2022-06-14T02:11:59+00:00","mainEntityOfPage":{"@id":"https:\/\/vosgesinfo.fr\/remiremontinfo\/2022\/06\/bac-pleine-canicule-etablissements-appeles-a-vigilance\/"},"wordCount":282,"commentCount":0,"publisher":{"@id":"https:\/\/vosgesinfo.fr\/remiremontinfo\/#organization"},"image":{"@id":"https:\/\/vosgesinfo.fr\/remiremontinfo\/2022\/06\/bac-pleine-canicule-etablissements-appeles-a-vigilance\/#primaryimage"},"thumbnailUrl":"https:\/\/vosgesinfo.fr\/app\/uploads\/sites\/5\/2024\/09\/202007soleil-chaleur-thermometer-3581190-960-720-2.jpg","keywords":["chaud","M\u00e9t\u00e9o","Vosges"],"articleSection":["A la Une","M\u00e9t\u00e9o","Vosges"],"inLanguage":"fr-FR","potentialAction":[{"@type":"CommentAction","name":"Comment","target":["https:\/\/vosgesinfo.fr\/remiremontinfo\/2022\/06\/bac-pleine-canicule-etablissements-appeles-a-vigilance\/#respond"]}]},{"@type":"WebPage","@id":"https:\/\/vosgesinfo.fr\/remiremontinfo\/2022\/06\/bac-pleine-canicule-etablissements-appeles-a-vigilance\/","url":"https:\/\/vosgesinfo.fr\/remiremontinfo\/2022\/06\/bac-pleine-canicule-etablissements-appeles-a-vigilance\/","name":"Bac en pleine canicule : les \u00e9tablissements appel\u00e9s \u00e0 la vigilance - Remiremont Info","isPartOf":{"@id":"https:\/\/vosgesinfo.fr\/remiremontinfo\/#website"},"primaryImageOfPage":{"@id":"https:\/\/vosgesinfo.fr\/remiremontinfo\/2022\/06\/bac-pleine-canicule-etablissements-appeles-a-vigilance\/#primaryimage"},"image":{"@id":"https:\/\/vosgesinfo.fr\/remiremontinfo\/2022\/06\/bac-pleine-canicule-etablissements-appeles-a-vigilance\/#primaryimage"},"thumbnailUrl":"https:\/\/vosgesinfo.fr\/app\/uploads\/sites\/5\/2024\/09\/202007soleil-chaleur-thermometer-3581190-960-720-2.jpg","datePublished":"2022-06-14T02:11:59+00:00","dateModified":"2022-06-14T02:11:59+00:00","breadcrumb":{"@id":"https:\/\/vosgesinfo.fr\/remiremontinfo\/2022\/06\/bac-pleine-canicule-etablissements-appeles-a-vigilance\/#breadcrumb"},"inLanguage":"fr-FR","potentialAction":[{"@type":"ReadAction","target":["https:\/\/vosgesinfo.fr\/remiremontinfo\/2022\/06\/bac-pleine-canicule-etablissements-appeles-a-vigilance\/"]}]},{"@type":"ImageObject","inLanguage":"fr-FR","@id":"https:\/\/vosgesinfo.fr\/remiremontinfo\/2022\/06\/bac-pleine-canicule-etablissements-appeles-a-vigilance\/#primaryimage","url":"https:\/\/vosgesinfo.fr\/app\/uploads\/sites\/5\/2024\/09\/202007soleil-chaleur-thermometer-3581190-960-720-2.jpg","contentUrl":"https:\/\/vosgesinfo.fr\/app\/uploads\/sites\/5\/2024\/09\/202007soleil-chaleur-thermometer-3581190-960-720-2.jpg","width":800,"height":401},{"@type":"BreadcrumbList","@id":"https:\/\/vosgesinfo.fr\/remiremontinfo\/2022\/06\/bac-pleine-canicule-etablissements-appeles-a-vigilance\/#breadcrumb","itemListElement":[{"@type":"ListItem","position":1,"name":"Home","item":"https:\/\/vosgesinfo.fr\/remiremontinfo\/"},{"@type":"ListItem","position":2,"name":"Bac en pleine canicule : les \u00e9tablissements appel\u00e9s \u00e0 la vigilance"}]},{"@type":"WebSite","@id":"https:\/\/vosgesinfo.fr\/remiremontinfo\/#website","url":"https:\/\/vosgesinfo.fr\/remiremontinfo\/","name":"Remiremont Info","description":"Toute l&#039;actualit\u00e9 de Remiremont","publisher":{"@id":"https:\/\/vosgesinfo.fr\/remiremontinfo\/#organization"},"alternateName":"Toute l'actualit\u00e9 de Remiremont","potentialAction":[{"@type":"SearchAction","target":{"@type":"EntryPoint","urlTemplate":"https:\/\/vosgesinfo.fr\/remiremontinfo\/?s={search_term_string}"},"query-input":"required name=search_term_string"}],"inLanguage":"fr-FR"},{"@type":"Organization","@id":"https:\/\/vosgesinfo.fr\/remiremontinfo\/#organization","name":"Remiremont Info","url":"https:\/\/vosgesinfo.fr\/remiremontinfo\/","logo":{"@type":"ImageObject","inLanguage":"fr-FR","@id":"https:\/\/vosgesinfo.fr\/remiremontinfo\/#\/schema\/logo\/image\/","url":"https:\/\/vosgesinfo.fr\/app\/uploads\/sites\/5\/2023\/08\/favicon-remiremontinfo.png","contentUrl":"https:\/\/vosgesinfo.fr\/app\/uploads\/sites\/5\/2023\/08\/favicon-remiremontinfo.png","width":512,"height":512,"caption":"Remiremont Info"},"image":{"@id":"https:\/\/vosgesinfo.fr\/remiremontinfo\/#\/schema\/logo\/image\/"},"sameAs":["https:\/\/www.facebook.com\/remiremontinfo","https:\/\/x.com\/VosgesInfo88","https:\/\/www.youtube.com\/@vosgesinfo"]},{"@type":"Person","@id":"https:\/\/vosgesinfo.fr\/remiremontinfo\/#\/schema\/person\/3bfd164d5218a185b1db68655a265316","name":"C D","image":{"@type":"ImageObject","inLanguage":"fr-FR","@id":"https:\/\/vosgesinfo.fr\/remiremontinfo\/#\/schema\/person\/image\/","url":"https:\/\/secure.gravatar.com\/avatar\/1f9a70007336511a47468b8f1c66f922b8b7cf617b02a31149ada43893a5d48f?s=96&d=mm&r=g","contentUrl":"https:\/\/secure.gravatar.com\/avatar\/1f9a70007336511a47468b8f1c66f922b8b7cf617b02a31149ada43893a5d48f?s=96&d=mm&r=g","caption":"C D"},"url":"https:\/\/vosgesinfo.fr\/remiremontinfo\/author\/cedric-drevet\/"}]}},"_links":{"self":[{"href":"https:\/\/vosgesinfo.fr\/remiremontinfo\/wp-json\/wp\/v2\/posts\/57353","targetHints":{"allow":["GET"]}}],"collection":[{"href":"https:\/\/vosgesinfo.fr\/remiremontinfo\/wp-json\/wp\/v2\/posts"}],"about":[{"href":"https:\/\/vosgesinfo.fr\/remiremontinfo\/wp-json\/wp\/v2\/types\/post"}],"author":[{"embeddable":true,"href":"https:\/\/vosgesinfo.fr\/remiremontinfo\/wp-json\/wp\/v2\/users\/407"}],"replies":[{"embeddable":true,"href":"https:\/\/vosgesinfo.fr\/remiremontinfo\/wp-json\/wp\/v2\/comments?post=57353"}],"version-history":[{"count":0,"href":"https:\/\/vosgesinfo.fr\/remiremontinfo\/wp-json\/wp\/v2\/posts\/57353\/revisions"}],"wp:featuredmedia":[{"embeddable":true,"href":"https:\/\/vosgesinfo.fr\/remiremontinfo\/wp-json\/wp\/v2\/media\/57354"}],"wp:attachment":[{"href":"https:\/\/vosgesinfo.fr\/remiremontinfo\/wp-json\/wp\/v2\/media?parent=57353"}],"wp:term":[{"taxonomy":"category","embeddable":true,"href":"https:\/\/vosgesinfo.fr\/remiremontinfo\/wp-json\/wp\/v2\/categories?post=57353"},{"taxonomy":"post_tag","embeddable":true,"href":"https:\/\/vosgesinfo.fr\/remiremontinfo\/wp-json\/wp\/v2\/tags?post=57353"}],"curies":[{"name":"wp","href":"https:\/\/api.w.org\/{rel}","templated":true}]}}