{"id":57357,"date":"2022-06-14T08:02:05","date_gmt":"2022-06-14T06:02:05","guid":{"rendered":"https:\/\/vosgesinfo.fr\/remiremontinfo\/2022\/06\/legislatives-pierre-francois-rn-lobjectif-cest-de-rassembler\/"},"modified":"2022-06-14T08:02:05","modified_gmt":"2022-06-14T06:02:05","slug":"legislatives-pierre-francois-rn-lobjectif-cest-de-rassembler","status":"publish","type":"post","link":"https:\/\/vosgesinfo.fr\/remiremontinfo\/2022\/06\/legislatives-pierre-francois-rn-lobjectif-cest-de-rassembler\/","title":{"rendered":"L\u00e9gislatives\u00a0: pour Pierre Fran\u00e7ois (RN), \u00ab\u00a0l\u2019objectif, maintenant, c\u2019est de rassembler\u00a0\u00bb"},"content":{"rendered":"<p>&nbsp;<\/p>\n<p style=\"text-align: center;\"><a href=\"\/2022\/06\/041.jpg\"><img decoding=\"async\" class=\"alignnone size-full wp-image-346411\" src=\"\/2022\/06\/041.jpg\" alt=\"04\" width=\"601\" height=\"443\" \/><\/a><\/p>\n<h2><span style=\"font-size: 12pt;\"><strong>Le premier tour des \u00e9lections l\u00e9gislatives a eu lieu ce dimanche. Le Rassemblement national est qualifi\u00e9 au second tour dans les quatre circonscriptions des Vosges et il arrive en t\u00eate dans la quatri\u00e8me, celle de la plaine. En ce qui concerne la 3\u00e8me circonscription, qui comprend Remiremont et G\u00e9rardmer, le candidat du RN arrive en deuxi\u00e8me position.<\/strong><\/span><\/h2>\n<p>Le d\u00e9put\u00e9 sortant, Christophe Nagelen, candidat \u00e0 sa r\u00e9\u00e9lection, remporte 15 136 voix, soit 47,21% des suffrages exprim\u00e9s. Pierre Fran\u00e7ois (RN) obtient 5 805 voix, soit 18,10% des voix. Un score tr\u00e8s encourageant pour ce dernier.<em> \u00ab\u00a0Une grande satisfaction\u00a0\u00bb<\/em>, \u00e9videmment. Ce niveau \u00e9lectoral, en France et dans les Vosges, serait <em>\u00ab\u00a0d\u00fb \u00e0 une mobilisation massive de notre \u00e9lectorat\u00a0<\/em>\u00bb, affirme Pierre Fran\u00e7ois. <em>\u00ab\u00a0Quand la participation est bonne, il y a une vague RN qui se profile\u00a0\u00bb<\/em>. La qualification de quatre candidats pour le second tour, contre z\u00e9ro en 2017, est un grand pas en avant. <em>\u00ab\u00a0On a fait le Grand Chelem\u00a0\u00bb<\/em>. Du c\u00f4t\u00e9 du RN, on a espoir de pouvoir avoir des d\u00e9put\u00e9s, notamment dans la 4\u00e8me et la 2\u00e8me circonscription.<\/p>\n<p><em>\u00ab\u00a0L\u2019objectif, maintenant, c\u2019est de rassembler\u00a0\u00bb<\/em>, affirme le candidat RN dans la 3\u00e8me circonscription. <em>\u00ab\u00a0Essayer de convaincre le plus possible les \u00e9lecteurs\u00a0\u00bb<\/em>. Notamment ceux qui ont fait le choix de B\u00e9atrice Pierrat, la candidate de la NUPES, au premier tour, ou les abstentionnistes. Il convient pour cela de faire comprendre aux citoyens que <em>\u00ab\u00a0leurs bulletins de vote peuvent tout changer\u00a0\u00bb.<\/em> Cette semaine, Pierre Fran\u00e7ois a pr\u00e9vu de se rendre notamment sur le march\u00e9 de G\u00e9rardmer. Il constate la bonne progression du vote RN, m\u00eame dans les communes les plus peupl\u00e9es, traditionnellement moins favorable au parti. Rendez-vous dimanche prochain pour d\u00e9couvrir combien d&rsquo;\u00e9lecteurs de la 3\u00e8me circonscription feront le choix du bulletin de vote RN.<\/p>\n<p>&nbsp;<\/p>\n","protected":false},"excerpt":{"rendered":"<p>&nbsp; Le premier tour des \u00e9lections l\u00e9gislatives a eu lieu ce dimanche. Le Rassemblement national est qualifi\u00e9 au second tour [&hellip;]<\/p>\n","protected":false},"author":407,"featured_media":57358,"comment_status":"open","ping_status":"open","sticky":false,"template":"","format":"standard","meta":{"footnotes":""},"categories":[26,10,18],"tags":[1778,1132,126,1130,32],"class_list":["post-57357","post","type-post","status-publish","format-standard","has-post-thumbnail","hentry","category-a-la-une","category-politique","category-vosges","tag-3eme-circonscription","tag-legislatives","tag-politique","tag-rn","tag-vosges"],"acf":[],"yoast_head":"<!-- This site is optimized with the Yoast SEO plugin v22.5 - https:\/\/yoast.com\/wordpress\/plugins\/seo\/ -->\n<title>L\u00e9gislatives\u00a0: pour Pierre Fran\u00e7ois (RN), \u00ab\u00a0l\u2019objectif, maintenant, c\u2019est de rassembler\u00a0\u00bb - Remiremont Info<\/title>\n<meta name=\"robots\" content=\"index, follow, max-snippet:-1, max-image-preview:large, max-video-preview:-1\" \/>\n<link rel=\"canonical\" href=\"https:\/\/vosgesinfo.fr\/remiremontinfo\/2022\/06\/legislatives-pierre-francois-rn-lobjectif-cest-de-rassembler\/\" \/>\n<meta name=\"twitter:card\" content=\"summary_large_image\" \/>\n<meta name=\"twitter:title\" content=\"L\u00e9gislatives\u00a0: pour Pierre Fran\u00e7ois (RN), \u00ab\u00a0l\u2019objectif, maintenant, c\u2019est de rassembler\u00a0\u00bb - Remiremont Info\" \/>\n<meta name=\"twitter:description\" content=\"&nbsp; Le premier tour des \u00e9lections l\u00e9gislatives a eu lieu ce dimanche. Le Rassemblement national est qualifi\u00e9 au second tour [&hellip;]\" \/>\n<meta name=\"twitter:image\" content=\"https:\/\/vosgesinfo.fr\/app\/uploads\/sites\/5\/2024\/09\/202206041.jpg\" \/>\n<meta name=\"twitter:creator\" content=\"@VosgesInfo88\" \/>\n<meta name=\"twitter:site\" content=\"@VosgesInfo88\" \/>\n<meta name=\"twitter:label1\" content=\"\u00c9crit par\" \/>\n\t<meta name=\"twitter:data1\" content=\"C D\" \/>\n\t<meta name=\"twitter:label2\" content=\"Dur\u00e9e de lecture estim\u00e9e\" \/>\n\t<meta name=\"twitter:data2\" content=\"2 minutes\" \/>\n<script type=\"application\/ld+json\" class=\"yoast-schema-graph\">{\"@context\":\"https:\/\/schema.org\",\"@graph\":[{\"@type\":\"Article\",\"@id\":\"https:\/\/vosgesinfo.fr\/remiremontinfo\/2022\/06\/legislatives-pierre-francois-rn-lobjectif-cest-de-rassembler\/#article\",\"isPartOf\":{\"@id\":\"https:\/\/vosgesinfo.fr\/remiremontinfo\/2022\/06\/legislatives-pierre-francois-rn-lobjectif-cest-de-rassembler\/\"},\"author\":{\"name\":\"C D\",\"@id\":\"https:\/\/vosgesinfo.fr\/remiremontinfo\/#\/schema\/person\/3bfd164d5218a185b1db68655a265316\"},\"headline\":\"L\u00e9gislatives\u00a0: pour Pierre Fran\u00e7ois (RN), \u00ab\u00a0l\u2019objectif, maintenant, c\u2019est de rassembler\u00a0\u00bb\",\"datePublished\":\"2022-06-14T06:02:05+00:00\",\"dateModified\":\"2022-06-14T06:02:05+00:00\",\"mainEntityOfPage\":{\"@id\":\"https:\/\/vosgesinfo.fr\/remiremontinfo\/2022\/06\/legislatives-pierre-francois-rn-lobjectif-cest-de-rassembler\/\"},\"wordCount\":322,\"commentCount\":0,\"publisher\":{\"@id\":\"https:\/\/vosgesinfo.fr\/remiremontinfo\/#organization\"},\"image\":{\"@id\":\"https:\/\/vosgesinfo.fr\/remiremontinfo\/2022\/06\/legislatives-pierre-francois-rn-lobjectif-cest-de-rassembler\/#primaryimage\"},\"thumbnailUrl\":\"https:\/\/vosgesinfo.fr\/app\/uploads\/sites\/5\/2024\/09\/202206041.jpg\",\"keywords\":[\"3\u00e8me circonscription\",\"legislatives\",\"politique\",\"RN\",\"Vosges\"],\"articleSection\":[\"A la Une\",\"Politique\",\"Vosges\"],\"inLanguage\":\"fr-FR\",\"potentialAction\":[{\"@type\":\"CommentAction\",\"name\":\"Comment\",\"target\":[\"https:\/\/vosgesinfo.fr\/remiremontinfo\/2022\/06\/legislatives-pierre-francois-rn-lobjectif-cest-de-rassembler\/#respond\"]}]},{\"@type\":\"WebPage\",\"@id\":\"https:\/\/vosgesinfo.fr\/remiremontinfo\/2022\/06\/legislatives-pierre-francois-rn-lobjectif-cest-de-rassembler\/\",\"url\":\"https:\/\/vosgesinfo.fr\/remiremontinfo\/2022\/06\/legislatives-pierre-francois-rn-lobjectif-cest-de-rassembler\/\",\"name\":\"L\u00e9gislatives\u00a0: pour Pierre Fran\u00e7ois (RN), \u00ab\u00a0l\u2019objectif, maintenant, c\u2019est de rassembler\u00a0\u00bb - Remiremont Info\",\"isPartOf\":{\"@id\":\"https:\/\/vosgesinfo.fr\/remiremontinfo\/#website\"},\"primaryImageOfPage\":{\"@id\":\"https:\/\/vosgesinfo.fr\/remiremontinfo\/2022\/06\/legislatives-pierre-francois-rn-lobjectif-cest-de-rassembler\/#primaryimage\"},\"image\":{\"@id\":\"https:\/\/vosgesinfo.fr\/remiremontinfo\/2022\/06\/legislatives-pierre-francois-rn-lobjectif-cest-de-rassembler\/#primaryimage\"},\"thumbnailUrl\":\"https:\/\/vosgesinfo.fr\/app\/uploads\/sites\/5\/2024\/09\/202206041.jpg\",\"datePublished\":\"2022-06-14T06:02:05+00:00\",\"dateModified\":\"2022-06-14T06:02:05+00:00\",\"breadcrumb\":{\"@id\":\"https:\/\/vosgesinfo.fr\/remiremontinfo\/2022\/06\/legislatives-pierre-francois-rn-lobjectif-cest-de-rassembler\/#breadcrumb\"},\"inLanguage\":\"fr-FR\",\"potentialAction\":[{\"@type\":\"ReadAction\",\"target\":[\"https:\/\/vosgesinfo.fr\/remiremontinfo\/2022\/06\/legislatives-pierre-francois-rn-lobjectif-cest-de-rassembler\/\"]}]},{\"@type\":\"ImageObject\",\"inLanguage\":\"fr-FR\",\"@id\":\"https:\/\/vosgesinfo.fr\/remiremontinfo\/2022\/06\/legislatives-pierre-francois-rn-lobjectif-cest-de-rassembler\/#primaryimage\",\"url\":\"https:\/\/vosgesinfo.fr\/app\/uploads\/sites\/5\/2024\/09\/202206041.jpg\",\"contentUrl\":\"https:\/\/vosgesinfo.fr\/app\/uploads\/sites\/5\/2024\/09\/202206041.jpg\",\"width\":601,\"height\":443},{\"@type\":\"BreadcrumbList\",\"@id\":\"https:\/\/vosgesinfo.fr\/remiremontinfo\/2022\/06\/legislatives-pierre-francois-rn-lobjectif-cest-de-rassembler\/#breadcrumb\",\"itemListElement\":[{\"@type\":\"ListItem\",\"position\":1,\"name\":\"Home\",\"item\":\"https:\/\/vosgesinfo.fr\/remiremontinfo\/\"},{\"@type\":\"ListItem\",\"position\":2,\"name\":\"L\u00e9gislatives\u00a0: pour Pierre Fran\u00e7ois (RN), \u00ab\u00a0l\u2019objectif, maintenant, c\u2019est de rassembler\u00a0\u00bb\"}]},{\"@type\":\"WebSite\",\"@id\":\"https:\/\/vosgesinfo.fr\/remiremontinfo\/#website\",\"url\":\"https:\/\/vosgesinfo.fr\/remiremontinfo\/\",\"name\":\"Remiremont Info\",\"description\":\"Toute l&#039;actualit\u00e9 de Remiremont\",\"publisher\":{\"@id\":\"https:\/\/vosgesinfo.fr\/remiremontinfo\/#organization\"},\"alternateName\":\"Toute l'actualit\u00e9 de Remiremont\",\"potentialAction\":[{\"@type\":\"SearchAction\",\"target\":{\"@type\":\"EntryPoint\",\"urlTemplate\":\"https:\/\/vosgesinfo.fr\/remiremontinfo\/?s={search_term_string}\"},\"query-input\":\"required name=search_term_string\"}],\"inLanguage\":\"fr-FR\"},{\"@type\":\"Organization\",\"@id\":\"https:\/\/vosgesinfo.fr\/remiremontinfo\/#organization\",\"name\":\"Remiremont Info\",\"url\":\"https:\/\/vosgesinfo.fr\/remiremontinfo\/\",\"logo\":{\"@type\":\"ImageObject\",\"inLanguage\":\"fr-FR\",\"@id\":\"https:\/\/vosgesinfo.fr\/remiremontinfo\/#\/schema\/logo\/image\/\",\"url\":\"https:\/\/vosgesinfo.fr\/app\/uploads\/sites\/5\/2023\/08\/favicon-remiremontinfo.png\",\"contentUrl\":\"https:\/\/vosgesinfo.fr\/app\/uploads\/sites\/5\/2023\/08\/favicon-remiremontinfo.png\",\"width\":512,\"height\":512,\"caption\":\"Remiremont Info\"},\"image\":{\"@id\":\"https:\/\/vosgesinfo.fr\/remiremontinfo\/#\/schema\/logo\/image\/\"},\"sameAs\":[\"https:\/\/www.facebook.com\/remiremontinfo\",\"https:\/\/x.com\/VosgesInfo88\",\"https:\/\/www.youtube.com\/@vosgesinfo\"]},{\"@type\":\"Person\",\"@id\":\"https:\/\/vosgesinfo.fr\/remiremontinfo\/#\/schema\/person\/3bfd164d5218a185b1db68655a265316\",\"name\":\"C D\",\"image\":{\"@type\":\"ImageObject\",\"inLanguage\":\"fr-FR\",\"@id\":\"https:\/\/vosgesinfo.fr\/remiremontinfo\/#\/schema\/person\/image\/\",\"url\":\"https:\/\/secure.gravatar.com\/avatar\/1f9a70007336511a47468b8f1c66f922b8b7cf617b02a31149ada43893a5d48f?s=96&d=mm&r=g\",\"contentUrl\":\"https:\/\/secure.gravatar.com\/avatar\/1f9a70007336511a47468b8f1c66f922b8b7cf617b02a31149ada43893a5d48f?s=96&d=mm&r=g\",\"caption\":\"C D\"},\"url\":\"https:\/\/vosgesinfo.fr\/remiremontinfo\/author\/cedric-drevet\/\"}]}<\/script>\n<!-- \/ Yoast SEO plugin. -->","yoast_head_json":{"title":"L\u00e9gislatives\u00a0: pour Pierre Fran\u00e7ois (RN), \u00ab\u00a0l\u2019objectif, maintenant, c\u2019est de rassembler\u00a0\u00bb - Remiremont Info","robots":{"index":"index","follow":"follow","max-snippet":"max-snippet:-1","max-image-preview":"max-image-preview:large","max-video-preview":"max-video-preview:-1"},"canonical":"https:\/\/vosgesinfo.fr\/remiremontinfo\/2022\/06\/legislatives-pierre-francois-rn-lobjectif-cest-de-rassembler\/","twitter_card":"summary_large_image","twitter_title":"L\u00e9gislatives\u00a0: pour Pierre Fran\u00e7ois (RN), \u00ab\u00a0l\u2019objectif, maintenant, c\u2019est de rassembler\u00a0\u00bb - Remiremont Info","twitter_description":"&nbsp; Le premier tour des \u00e9lections l\u00e9gislatives a eu lieu ce dimanche. Le Rassemblement national est qualifi\u00e9 au second tour [&hellip;]","twitter_image":"https:\/\/vosgesinfo.fr\/app\/uploads\/sites\/5\/2024\/09\/202206041.jpg","twitter_creator":"@VosgesInfo88","twitter_site":"@VosgesInfo88","twitter_misc":{"\u00c9crit par":"C D","Dur\u00e9e de lecture estim\u00e9e":"2 minutes"},"schema":{"@context":"https:\/\/schema.org","@graph":[{"@type":"Article","@id":"https:\/\/vosgesinfo.fr\/remiremontinfo\/2022\/06\/legislatives-pierre-francois-rn-lobjectif-cest-de-rassembler\/#article","isPartOf":{"@id":"https:\/\/vosgesinfo.fr\/remiremontinfo\/2022\/06\/legislatives-pierre-francois-rn-lobjectif-cest-de-rassembler\/"},"author":{"name":"C D","@id":"https:\/\/vosgesinfo.fr\/remiremontinfo\/#\/schema\/person\/3bfd164d5218a185b1db68655a265316"},"headline":"L\u00e9gislatives\u00a0: pour Pierre Fran\u00e7ois (RN), \u00ab\u00a0l\u2019objectif, maintenant, c\u2019est de rassembler\u00a0\u00bb","datePublished":"2022-06-14T06:02:05+00:00","dateModified":"2022-06-14T06:02:05+00:00","mainEntityOfPage":{"@id":"https:\/\/vosgesinfo.fr\/remiremontinfo\/2022\/06\/legislatives-pierre-francois-rn-lobjectif-cest-de-rassembler\/"},"wordCount":322,"commentCount":0,"publisher":{"@id":"https:\/\/vosgesinfo.fr\/remiremontinfo\/#organization"},"image":{"@id":"https:\/\/vosgesinfo.fr\/remiremontinfo\/2022\/06\/legislatives-pierre-francois-rn-lobjectif-cest-de-rassembler\/#primaryimage"},"thumbnailUrl":"https:\/\/vosgesinfo.fr\/app\/uploads\/sites\/5\/2024\/09\/202206041.jpg","keywords":["3\u00e8me circonscription","legislatives","politique","RN","Vosges"],"articleSection":["A la Une","Politique","Vosges"],"inLanguage":"fr-FR","potentialAction":[{"@type":"CommentAction","name":"Comment","target":["https:\/\/vosgesinfo.fr\/remiremontinfo\/2022\/06\/legislatives-pierre-francois-rn-lobjectif-cest-de-rassembler\/#respond"]}]},{"@type":"WebPage","@id":"https:\/\/vosgesinfo.fr\/remiremontinfo\/2022\/06\/legislatives-pierre-francois-rn-lobjectif-cest-de-rassembler\/","url":"https:\/\/vosgesinfo.fr\/remiremontinfo\/2022\/06\/legislatives-pierre-francois-rn-lobjectif-cest-de-rassembler\/","name":"L\u00e9gislatives\u00a0: pour Pierre Fran\u00e7ois (RN), \u00ab\u00a0l\u2019objectif, maintenant, c\u2019est de rassembler\u00a0\u00bb - Remiremont Info","isPartOf":{"@id":"https:\/\/vosgesinfo.fr\/remiremontinfo\/#website"},"primaryImageOfPage":{"@id":"https:\/\/vosgesinfo.fr\/remiremontinfo\/2022\/06\/legislatives-pierre-francois-rn-lobjectif-cest-de-rassembler\/#primaryimage"},"image":{"@id":"https:\/\/vosgesinfo.fr\/remiremontinfo\/2022\/06\/legislatives-pierre-francois-rn-lobjectif-cest-de-rassembler\/#primaryimage"},"thumbnailUrl":"https:\/\/vosgesinfo.fr\/app\/uploads\/sites\/5\/2024\/09\/202206041.jpg","datePublished":"2022-06-14T06:02:05+00:00","dateModified":"2022-06-14T06:02:05+00:00","breadcrumb":{"@id":"https:\/\/vosgesinfo.fr\/remiremontinfo\/2022\/06\/legislatives-pierre-francois-rn-lobjectif-cest-de-rassembler\/#breadcrumb"},"inLanguage":"fr-FR","potentialAction":[{"@type":"ReadAction","target":["https:\/\/vosgesinfo.fr\/remiremontinfo\/2022\/06\/legislatives-pierre-francois-rn-lobjectif-cest-de-rassembler\/"]}]},{"@type":"ImageObject","inLanguage":"fr-FR","@id":"https:\/\/vosgesinfo.fr\/remiremontinfo\/2022\/06\/legislatives-pierre-francois-rn-lobjectif-cest-de-rassembler\/#primaryimage","url":"https:\/\/vosgesinfo.fr\/app\/uploads\/sites\/5\/2024\/09\/202206041.jpg","contentUrl":"https:\/\/vosgesinfo.fr\/app\/uploads\/sites\/5\/2024\/09\/202206041.jpg","width":601,"height":443},{"@type":"BreadcrumbList","@id":"https:\/\/vosgesinfo.fr\/remiremontinfo\/2022\/06\/legislatives-pierre-francois-rn-lobjectif-cest-de-rassembler\/#breadcrumb","itemListElement":[{"@type":"ListItem","position":1,"name":"Home","item":"https:\/\/vosgesinfo.fr\/remiremontinfo\/"},{"@type":"ListItem","position":2,"name":"L\u00e9gislatives\u00a0: pour Pierre Fran\u00e7ois (RN), \u00ab\u00a0l\u2019objectif, maintenant, c\u2019est de rassembler\u00a0\u00bb"}]},{"@type":"WebSite","@id":"https:\/\/vosgesinfo.fr\/remiremontinfo\/#website","url":"https:\/\/vosgesinfo.fr\/remiremontinfo\/","name":"Remiremont Info","description":"Toute l&#039;actualit\u00e9 de Remiremont","publisher":{"@id":"https:\/\/vosgesinfo.fr\/remiremontinfo\/#organization"},"alternateName":"Toute l'actualit\u00e9 de Remiremont","potentialAction":[{"@type":"SearchAction","target":{"@type":"EntryPoint","urlTemplate":"https:\/\/vosgesinfo.fr\/remiremontinfo\/?s={search_term_string}"},"query-input":"required name=search_term_string"}],"inLanguage":"fr-FR"},{"@type":"Organization","@id":"https:\/\/vosgesinfo.fr\/remiremontinfo\/#organization","name":"Remiremont Info","url":"https:\/\/vosgesinfo.fr\/remiremontinfo\/","logo":{"@type":"ImageObject","inLanguage":"fr-FR","@id":"https:\/\/vosgesinfo.fr\/remiremontinfo\/#\/schema\/logo\/image\/","url":"https:\/\/vosgesinfo.fr\/app\/uploads\/sites\/5\/2023\/08\/favicon-remiremontinfo.png","contentUrl":"https:\/\/vosgesinfo.fr\/app\/uploads\/sites\/5\/2023\/08\/favicon-remiremontinfo.png","width":512,"height":512,"caption":"Remiremont Info"},"image":{"@id":"https:\/\/vosgesinfo.fr\/remiremontinfo\/#\/schema\/logo\/image\/"},"sameAs":["https:\/\/www.facebook.com\/remiremontinfo","https:\/\/x.com\/VosgesInfo88","https:\/\/www.youtube.com\/@vosgesinfo"]},{"@type":"Person","@id":"https:\/\/vosgesinfo.fr\/remiremontinfo\/#\/schema\/person\/3bfd164d5218a185b1db68655a265316","name":"C D","image":{"@type":"ImageObject","inLanguage":"fr-FR","@id":"https:\/\/vosgesinfo.fr\/remiremontinfo\/#\/schema\/person\/image\/","url":"https:\/\/secure.gravatar.com\/avatar\/1f9a70007336511a47468b8f1c66f922b8b7cf617b02a31149ada43893a5d48f?s=96&d=mm&r=g","contentUrl":"https:\/\/secure.gravatar.com\/avatar\/1f9a70007336511a47468b8f1c66f922b8b7cf617b02a31149ada43893a5d48f?s=96&d=mm&r=g","caption":"C D"},"url":"https:\/\/vosgesinfo.fr\/remiremontinfo\/author\/cedric-drevet\/"}]}},"_links":{"self":[{"href":"https:\/\/vosgesinfo.fr\/remiremontinfo\/wp-json\/wp\/v2\/posts\/57357","targetHints":{"allow":["GET"]}}],"collection":[{"href":"https:\/\/vosgesinfo.fr\/remiremontinfo\/wp-json\/wp\/v2\/posts"}],"about":[{"href":"https:\/\/vosgesinfo.fr\/remiremontinfo\/wp-json\/wp\/v2\/types\/post"}],"author":[{"embeddable":true,"href":"https:\/\/vosgesinfo.fr\/remiremontinfo\/wp-json\/wp\/v2\/users\/407"}],"replies":[{"embeddable":true,"href":"https:\/\/vosgesinfo.fr\/remiremontinfo\/wp-json\/wp\/v2\/comments?post=57357"}],"version-history":[{"count":0,"href":"https:\/\/vosgesinfo.fr\/remiremontinfo\/wp-json\/wp\/v2\/posts\/57357\/revisions"}],"wp:featuredmedia":[{"embeddable":true,"href":"https:\/\/vosgesinfo.fr\/remiremontinfo\/wp-json\/wp\/v2\/media\/57358"}],"wp:attachment":[{"href":"https:\/\/vosgesinfo.fr\/remiremontinfo\/wp-json\/wp\/v2\/media?parent=57357"}],"wp:term":[{"taxonomy":"category","embeddable":true,"href":"https:\/\/vosgesinfo.fr\/remiremontinfo\/wp-json\/wp\/v2\/categories?post=57357"},{"taxonomy":"post_tag","embeddable":true,"href":"https:\/\/vosgesinfo.fr\/remiremontinfo\/wp-json\/wp\/v2\/tags?post=57357"}],"curies":[{"name":"wp","href":"https:\/\/api.w.org\/{rel}","templated":true}]}}