{"id":57382,"date":"2022-06-15T08:08:29","date_gmt":"2022-06-15T06:08:29","guid":{"rendered":"https:\/\/vosgesinfo.fr\/remiremontinfo\/2022\/06\/choeurs-dapsolsi-concert-a-leglise-haut-tot\/"},"modified":"2022-06-15T08:08:29","modified_gmt":"2022-06-15T06:08:29","slug":"choeurs-dapsolsi-concert-a-leglise-haut-tot","status":"publish","type":"post","link":"https:\/\/vosgesinfo.fr\/remiremontinfo\/2022\/06\/choeurs-dapsolsi-concert-a-leglise-haut-tot\/","title":{"rendered":"Les Choeurs d&rsquo;Apsolsi en concert \u00e0 l&rsquo;\u00e9glise du Haut-du-T\u00f4t"},"content":{"rendered":"<div><span style=\"font-size: 10pt;\"><em><a href=\"\/2022\/06\/P1040864-1024x812.jpg\"><img decoding=\"async\" class=\"alignnone size-large wp-image-346456\" src=\"\/2022\/06\/P1040864-1024x812-1024x812.jpg\" alt=\"P1040864-1024x812\" width=\"960\" height=\"761\" \/><\/a><\/em><\/span><\/div>\n<div><span style=\"font-size: 10pt;\"><em>Photo d&rsquo;archives, www.leschoeursdapsolsi.fr<\/em><\/span><\/div>\n<h2><span style=\"font-size: 12pt;\"><strong>La chorale \u00ab\u00a0Les Choeurs d&rsquo;Apsolsi\u00a0\u00bb f\u00eatera ses 20 ans le\u00a0dimanche 19 juin \u00e0 18h\u00a0\u00e0 l&rsquo;Eglise du Haut du T\u00f4t. Pour l&rsquo;occasion, tous les anciens choristes depuis la cr\u00e9ation du groupe en 2001 ont \u00e9t\u00e9 invit\u00e9s. Une expo photo sera en place le jour du concert dans la salle \u00e0 proximit\u00e9 de l&rsquo;\u00c9glise avec une r\u00e9trospective en images des concerts, des choristes, des moments de convivialit\u00e9.\u00a0<\/strong><\/span><\/h2>\n<p>Petit retour sur l&rsquo;histoire des Choeurs d&rsquo;Apsolsi : \u00e0 l\u2019initiative de l\u2019Association Familiale, la chorale de Sapois a \u00e9t\u00e9 cr\u00e9\u00e9e en avril 2001 pour chanter \u00e0 la f\u00eate de la musique. Elle se composait alors de 6 chanteurs et chanteuses. Elle fut reconduite \u00e0 la rentr\u00e9e de septembre avec 12 membres \u00e0 son actif sous le nom \u00ab\u00a0Les Ch\u0153urs d\u2019Apsolsi\u00a0\u00bb, anagramme de Sapois. La chorale compte aujourd\u2019hui 42 membres, qui viennent de Sapois, Rochesson, Basse sur le Rupt, Vagney, le Syndicat, Cleurie, Le Tholy, Rehaupal ,Tendon et aussi de La Bresse, Saulxures sur Moselotte et de G\u00e9rardmer. Depuis 2002, la chorale est dirig\u00e9e par Pierre Toussaint.<\/p>\n<p style=\"text-align: center;\"><a href=\"\/2022\/06\/010.jpg\"><img decoding=\"async\" class=\"alignnone size-full wp-image-346457\" src=\"\/2022\/06\/010.jpg\" alt=\"0\" width=\"666\" height=\"942\" \/><\/a><\/p>\n<div><\/div>\n","protected":false},"excerpt":{"rendered":"<p>Photo d&rsquo;archives, www.leschoeursdapsolsi.fr La chorale \u00ab\u00a0Les Choeurs d&rsquo;Apsolsi\u00a0\u00bb f\u00eatera ses 20 ans le\u00a0dimanche 19 juin \u00e0 18h\u00a0\u00e0 l&rsquo;Eglise du Haut [&hellip;]<\/p>\n","protected":false},"author":407,"featured_media":57383,"comment_status":"open","ping_status":"open","sticky":false,"template":"","format":"standard","meta":{"footnotes":""},"categories":[26,4,25,27],"tags":[607,53,30,4058,32],"class_list":["post-57382","post","type-post","status-publish","format-standard","has-post-thumbnail","hentry","category-a-la-une","category-culture","category-la-bresse-son-canton","category-le-haut-du-tot","tag-chorale","tag-concert","tag-haut-du-tot","tag-les-choeurs-dapsolsi","tag-vosges"],"acf":[],"yoast_head":"<!-- This site is optimized with the Yoast SEO plugin v22.5 - https:\/\/yoast.com\/wordpress\/plugins\/seo\/ -->\n<title>Les Choeurs d&#039;Apsolsi en concert \u00e0 l&#039;\u00e9glise du Haut-du-T\u00f4t - Remiremont Info<\/title>\n<meta name=\"robots\" content=\"index, follow, max-snippet:-1, max-image-preview:large, max-video-preview:-1\" \/>\n<link rel=\"canonical\" href=\"https:\/\/vosgesinfo.fr\/remiremontinfo\/2022\/06\/choeurs-dapsolsi-concert-a-leglise-haut-tot\/\" \/>\n<meta name=\"twitter:card\" content=\"summary_large_image\" \/>\n<meta name=\"twitter:title\" content=\"Les Choeurs d&#039;Apsolsi en concert \u00e0 l&#039;\u00e9glise du Haut-du-T\u00f4t - Remiremont Info\" \/>\n<meta name=\"twitter:description\" content=\"Photo d&rsquo;archives, www.leschoeursdapsolsi.fr La chorale \u00ab\u00a0Les Choeurs d&rsquo;Apsolsi\u00a0\u00bb f\u00eatera ses 20 ans le\u00a0dimanche 19 juin \u00e0 18h\u00a0\u00e0 l&rsquo;Eglise du Haut [&hellip;]\" \/>\n<meta name=\"twitter:image\" content=\"https:\/\/vosgesinfo.fr\/app\/uploads\/sites\/5\/2024\/09\/202206p1040864-1024x812-1.jpg\" \/>\n<meta name=\"twitter:creator\" content=\"@VosgesInfo88\" \/>\n<meta name=\"twitter:site\" content=\"@VosgesInfo88\" \/>\n<meta name=\"twitter:label1\" content=\"\u00c9crit par\" \/>\n\t<meta name=\"twitter:data1\" content=\"C D\" \/>\n\t<meta name=\"twitter:label2\" content=\"Dur\u00e9e de lecture estim\u00e9e\" \/>\n\t<meta name=\"twitter:data2\" content=\"1 minute\" \/>\n<script type=\"application\/ld+json\" class=\"yoast-schema-graph\">{\"@context\":\"https:\/\/schema.org\",\"@graph\":[{\"@type\":\"Article\",\"@id\":\"https:\/\/vosgesinfo.fr\/remiremontinfo\/2022\/06\/choeurs-dapsolsi-concert-a-leglise-haut-tot\/#article\",\"isPartOf\":{\"@id\":\"https:\/\/vosgesinfo.fr\/remiremontinfo\/2022\/06\/choeurs-dapsolsi-concert-a-leglise-haut-tot\/\"},\"author\":{\"name\":\"C D\",\"@id\":\"https:\/\/vosgesinfo.fr\/remiremontinfo\/#\/schema\/person\/3bfd164d5218a185b1db68655a265316\"},\"headline\":\"Les Choeurs d&rsquo;Apsolsi en concert \u00e0 l&rsquo;\u00e9glise du Haut-du-T\u00f4t\",\"datePublished\":\"2022-06-15T06:08:29+00:00\",\"dateModified\":\"2022-06-15T06:08:29+00:00\",\"mainEntityOfPage\":{\"@id\":\"https:\/\/vosgesinfo.fr\/remiremontinfo\/2022\/06\/choeurs-dapsolsi-concert-a-leglise-haut-tot\/\"},\"wordCount\":195,\"commentCount\":0,\"publisher\":{\"@id\":\"https:\/\/vosgesinfo.fr\/remiremontinfo\/#organization\"},\"image\":{\"@id\":\"https:\/\/vosgesinfo.fr\/remiremontinfo\/2022\/06\/choeurs-dapsolsi-concert-a-leglise-haut-tot\/#primaryimage\"},\"thumbnailUrl\":\"https:\/\/vosgesinfo.fr\/app\/uploads\/sites\/5\/2024\/09\/202206p1040864-1024x812-1.jpg\",\"keywords\":[\"Chorale\",\"concert\",\"haut du tot\",\"Les Choeurs d'Apsolsi\",\"Vosges\"],\"articleSection\":[\"A la Une\",\"Culture\",\"La Bresse &amp; son canton\",\"Le Haut-du-T\u00f4t\"],\"inLanguage\":\"fr-FR\",\"potentialAction\":[{\"@type\":\"CommentAction\",\"name\":\"Comment\",\"target\":[\"https:\/\/vosgesinfo.fr\/remiremontinfo\/2022\/06\/choeurs-dapsolsi-concert-a-leglise-haut-tot\/#respond\"]}]},{\"@type\":\"WebPage\",\"@id\":\"https:\/\/vosgesinfo.fr\/remiremontinfo\/2022\/06\/choeurs-dapsolsi-concert-a-leglise-haut-tot\/\",\"url\":\"https:\/\/vosgesinfo.fr\/remiremontinfo\/2022\/06\/choeurs-dapsolsi-concert-a-leglise-haut-tot\/\",\"name\":\"Les Choeurs d'Apsolsi en concert \u00e0 l'\u00e9glise du Haut-du-T\u00f4t - Remiremont Info\",\"isPartOf\":{\"@id\":\"https:\/\/vosgesinfo.fr\/remiremontinfo\/#website\"},\"primaryImageOfPage\":{\"@id\":\"https:\/\/vosgesinfo.fr\/remiremontinfo\/2022\/06\/choeurs-dapsolsi-concert-a-leglise-haut-tot\/#primaryimage\"},\"image\":{\"@id\":\"https:\/\/vosgesinfo.fr\/remiremontinfo\/2022\/06\/choeurs-dapsolsi-concert-a-leglise-haut-tot\/#primaryimage\"},\"thumbnailUrl\":\"https:\/\/vosgesinfo.fr\/app\/uploads\/sites\/5\/2024\/09\/202206p1040864-1024x812-1.jpg\",\"datePublished\":\"2022-06-15T06:08:29+00:00\",\"dateModified\":\"2022-06-15T06:08:29+00:00\",\"breadcrumb\":{\"@id\":\"https:\/\/vosgesinfo.fr\/remiremontinfo\/2022\/06\/choeurs-dapsolsi-concert-a-leglise-haut-tot\/#breadcrumb\"},\"inLanguage\":\"fr-FR\",\"potentialAction\":[{\"@type\":\"ReadAction\",\"target\":[\"https:\/\/vosgesinfo.fr\/remiremontinfo\/2022\/06\/choeurs-dapsolsi-concert-a-leglise-haut-tot\/\"]}]},{\"@type\":\"ImageObject\",\"inLanguage\":\"fr-FR\",\"@id\":\"https:\/\/vosgesinfo.fr\/remiremontinfo\/2022\/06\/choeurs-dapsolsi-concert-a-leglise-haut-tot\/#primaryimage\",\"url\":\"https:\/\/vosgesinfo.fr\/app\/uploads\/sites\/5\/2024\/09\/202206p1040864-1024x812-1.jpg\",\"contentUrl\":\"https:\/\/vosgesinfo.fr\/app\/uploads\/sites\/5\/2024\/09\/202206p1040864-1024x812-1.jpg\",\"width\":1024,\"height\":812},{\"@type\":\"BreadcrumbList\",\"@id\":\"https:\/\/vosgesinfo.fr\/remiremontinfo\/2022\/06\/choeurs-dapsolsi-concert-a-leglise-haut-tot\/#breadcrumb\",\"itemListElement\":[{\"@type\":\"ListItem\",\"position\":1,\"name\":\"Home\",\"item\":\"https:\/\/vosgesinfo.fr\/remiremontinfo\/\"},{\"@type\":\"ListItem\",\"position\":2,\"name\":\"Les Choeurs d&rsquo;Apsolsi en concert \u00e0 l&rsquo;\u00e9glise du Haut-du-T\u00f4t\"}]},{\"@type\":\"WebSite\",\"@id\":\"https:\/\/vosgesinfo.fr\/remiremontinfo\/#website\",\"url\":\"https:\/\/vosgesinfo.fr\/remiremontinfo\/\",\"name\":\"Remiremont Info\",\"description\":\"Toute l&#039;actualit\u00e9 de Remiremont\",\"publisher\":{\"@id\":\"https:\/\/vosgesinfo.fr\/remiremontinfo\/#organization\"},\"alternateName\":\"Toute l'actualit\u00e9 de Remiremont\",\"potentialAction\":[{\"@type\":\"SearchAction\",\"target\":{\"@type\":\"EntryPoint\",\"urlTemplate\":\"https:\/\/vosgesinfo.fr\/remiremontinfo\/?s={search_term_string}\"},\"query-input\":\"required name=search_term_string\"}],\"inLanguage\":\"fr-FR\"},{\"@type\":\"Organization\",\"@id\":\"https:\/\/vosgesinfo.fr\/remiremontinfo\/#organization\",\"name\":\"Remiremont Info\",\"url\":\"https:\/\/vosgesinfo.fr\/remiremontinfo\/\",\"logo\":{\"@type\":\"ImageObject\",\"inLanguage\":\"fr-FR\",\"@id\":\"https:\/\/vosgesinfo.fr\/remiremontinfo\/#\/schema\/logo\/image\/\",\"url\":\"https:\/\/vosgesinfo.fr\/app\/uploads\/sites\/5\/2023\/08\/favicon-remiremontinfo.png\",\"contentUrl\":\"https:\/\/vosgesinfo.fr\/app\/uploads\/sites\/5\/2023\/08\/favicon-remiremontinfo.png\",\"width\":512,\"height\":512,\"caption\":\"Remiremont Info\"},\"image\":{\"@id\":\"https:\/\/vosgesinfo.fr\/remiremontinfo\/#\/schema\/logo\/image\/\"},\"sameAs\":[\"https:\/\/www.facebook.com\/remiremontinfo\",\"https:\/\/x.com\/VosgesInfo88\",\"https:\/\/www.youtube.com\/@vosgesinfo\"]},{\"@type\":\"Person\",\"@id\":\"https:\/\/vosgesinfo.fr\/remiremontinfo\/#\/schema\/person\/3bfd164d5218a185b1db68655a265316\",\"name\":\"C D\",\"image\":{\"@type\":\"ImageObject\",\"inLanguage\":\"fr-FR\",\"@id\":\"https:\/\/vosgesinfo.fr\/remiremontinfo\/#\/schema\/person\/image\/\",\"url\":\"https:\/\/secure.gravatar.com\/avatar\/1f9a70007336511a47468b8f1c66f922b8b7cf617b02a31149ada43893a5d48f?s=96&d=mm&r=g\",\"contentUrl\":\"https:\/\/secure.gravatar.com\/avatar\/1f9a70007336511a47468b8f1c66f922b8b7cf617b02a31149ada43893a5d48f?s=96&d=mm&r=g\",\"caption\":\"C D\"},\"url\":\"https:\/\/vosgesinfo.fr\/remiremontinfo\/author\/cedric-drevet\/\"}]}<\/script>\n<!-- \/ Yoast SEO plugin. -->","yoast_head_json":{"title":"Les Choeurs d'Apsolsi en concert \u00e0 l'\u00e9glise du Haut-du-T\u00f4t - Remiremont Info","robots":{"index":"index","follow":"follow","max-snippet":"max-snippet:-1","max-image-preview":"max-image-preview:large","max-video-preview":"max-video-preview:-1"},"canonical":"https:\/\/vosgesinfo.fr\/remiremontinfo\/2022\/06\/choeurs-dapsolsi-concert-a-leglise-haut-tot\/","twitter_card":"summary_large_image","twitter_title":"Les Choeurs d'Apsolsi en concert \u00e0 l'\u00e9glise du Haut-du-T\u00f4t - Remiremont Info","twitter_description":"Photo d&rsquo;archives, www.leschoeursdapsolsi.fr La chorale \u00ab\u00a0Les Choeurs d&rsquo;Apsolsi\u00a0\u00bb f\u00eatera ses 20 ans le\u00a0dimanche 19 juin \u00e0 18h\u00a0\u00e0 l&rsquo;Eglise du Haut [&hellip;]","twitter_image":"https:\/\/vosgesinfo.fr\/app\/uploads\/sites\/5\/2024\/09\/202206p1040864-1024x812-1.jpg","twitter_creator":"@VosgesInfo88","twitter_site":"@VosgesInfo88","twitter_misc":{"\u00c9crit par":"C D","Dur\u00e9e de lecture estim\u00e9e":"1 minute"},"schema":{"@context":"https:\/\/schema.org","@graph":[{"@type":"Article","@id":"https:\/\/vosgesinfo.fr\/remiremontinfo\/2022\/06\/choeurs-dapsolsi-concert-a-leglise-haut-tot\/#article","isPartOf":{"@id":"https:\/\/vosgesinfo.fr\/remiremontinfo\/2022\/06\/choeurs-dapsolsi-concert-a-leglise-haut-tot\/"},"author":{"name":"C D","@id":"https:\/\/vosgesinfo.fr\/remiremontinfo\/#\/schema\/person\/3bfd164d5218a185b1db68655a265316"},"headline":"Les Choeurs d&rsquo;Apsolsi en concert \u00e0 l&rsquo;\u00e9glise du Haut-du-T\u00f4t","datePublished":"2022-06-15T06:08:29+00:00","dateModified":"2022-06-15T06:08:29+00:00","mainEntityOfPage":{"@id":"https:\/\/vosgesinfo.fr\/remiremontinfo\/2022\/06\/choeurs-dapsolsi-concert-a-leglise-haut-tot\/"},"wordCount":195,"commentCount":0,"publisher":{"@id":"https:\/\/vosgesinfo.fr\/remiremontinfo\/#organization"},"image":{"@id":"https:\/\/vosgesinfo.fr\/remiremontinfo\/2022\/06\/choeurs-dapsolsi-concert-a-leglise-haut-tot\/#primaryimage"},"thumbnailUrl":"https:\/\/vosgesinfo.fr\/app\/uploads\/sites\/5\/2024\/09\/202206p1040864-1024x812-1.jpg","keywords":["Chorale","concert","haut du tot","Les Choeurs d'Apsolsi","Vosges"],"articleSection":["A la Une","Culture","La Bresse &amp; son canton","Le Haut-du-T\u00f4t"],"inLanguage":"fr-FR","potentialAction":[{"@type":"CommentAction","name":"Comment","target":["https:\/\/vosgesinfo.fr\/remiremontinfo\/2022\/06\/choeurs-dapsolsi-concert-a-leglise-haut-tot\/#respond"]}]},{"@type":"WebPage","@id":"https:\/\/vosgesinfo.fr\/remiremontinfo\/2022\/06\/choeurs-dapsolsi-concert-a-leglise-haut-tot\/","url":"https:\/\/vosgesinfo.fr\/remiremontinfo\/2022\/06\/choeurs-dapsolsi-concert-a-leglise-haut-tot\/","name":"Les Choeurs d'Apsolsi en concert \u00e0 l'\u00e9glise du Haut-du-T\u00f4t - Remiremont Info","isPartOf":{"@id":"https:\/\/vosgesinfo.fr\/remiremontinfo\/#website"},"primaryImageOfPage":{"@id":"https:\/\/vosgesinfo.fr\/remiremontinfo\/2022\/06\/choeurs-dapsolsi-concert-a-leglise-haut-tot\/#primaryimage"},"image":{"@id":"https:\/\/vosgesinfo.fr\/remiremontinfo\/2022\/06\/choeurs-dapsolsi-concert-a-leglise-haut-tot\/#primaryimage"},"thumbnailUrl":"https:\/\/vosgesinfo.fr\/app\/uploads\/sites\/5\/2024\/09\/202206p1040864-1024x812-1.jpg","datePublished":"2022-06-15T06:08:29+00:00","dateModified":"2022-06-15T06:08:29+00:00","breadcrumb":{"@id":"https:\/\/vosgesinfo.fr\/remiremontinfo\/2022\/06\/choeurs-dapsolsi-concert-a-leglise-haut-tot\/#breadcrumb"},"inLanguage":"fr-FR","potentialAction":[{"@type":"ReadAction","target":["https:\/\/vosgesinfo.fr\/remiremontinfo\/2022\/06\/choeurs-dapsolsi-concert-a-leglise-haut-tot\/"]}]},{"@type":"ImageObject","inLanguage":"fr-FR","@id":"https:\/\/vosgesinfo.fr\/remiremontinfo\/2022\/06\/choeurs-dapsolsi-concert-a-leglise-haut-tot\/#primaryimage","url":"https:\/\/vosgesinfo.fr\/app\/uploads\/sites\/5\/2024\/09\/202206p1040864-1024x812-1.jpg","contentUrl":"https:\/\/vosgesinfo.fr\/app\/uploads\/sites\/5\/2024\/09\/202206p1040864-1024x812-1.jpg","width":1024,"height":812},{"@type":"BreadcrumbList","@id":"https:\/\/vosgesinfo.fr\/remiremontinfo\/2022\/06\/choeurs-dapsolsi-concert-a-leglise-haut-tot\/#breadcrumb","itemListElement":[{"@type":"ListItem","position":1,"name":"Home","item":"https:\/\/vosgesinfo.fr\/remiremontinfo\/"},{"@type":"ListItem","position":2,"name":"Les Choeurs d&rsquo;Apsolsi en concert \u00e0 l&rsquo;\u00e9glise du Haut-du-T\u00f4t"}]},{"@type":"WebSite","@id":"https:\/\/vosgesinfo.fr\/remiremontinfo\/#website","url":"https:\/\/vosgesinfo.fr\/remiremontinfo\/","name":"Remiremont Info","description":"Toute l&#039;actualit\u00e9 de Remiremont","publisher":{"@id":"https:\/\/vosgesinfo.fr\/remiremontinfo\/#organization"},"alternateName":"Toute l'actualit\u00e9 de Remiremont","potentialAction":[{"@type":"SearchAction","target":{"@type":"EntryPoint","urlTemplate":"https:\/\/vosgesinfo.fr\/remiremontinfo\/?s={search_term_string}"},"query-input":"required name=search_term_string"}],"inLanguage":"fr-FR"},{"@type":"Organization","@id":"https:\/\/vosgesinfo.fr\/remiremontinfo\/#organization","name":"Remiremont Info","url":"https:\/\/vosgesinfo.fr\/remiremontinfo\/","logo":{"@type":"ImageObject","inLanguage":"fr-FR","@id":"https:\/\/vosgesinfo.fr\/remiremontinfo\/#\/schema\/logo\/image\/","url":"https:\/\/vosgesinfo.fr\/app\/uploads\/sites\/5\/2023\/08\/favicon-remiremontinfo.png","contentUrl":"https:\/\/vosgesinfo.fr\/app\/uploads\/sites\/5\/2023\/08\/favicon-remiremontinfo.png","width":512,"height":512,"caption":"Remiremont Info"},"image":{"@id":"https:\/\/vosgesinfo.fr\/remiremontinfo\/#\/schema\/logo\/image\/"},"sameAs":["https:\/\/www.facebook.com\/remiremontinfo","https:\/\/x.com\/VosgesInfo88","https:\/\/www.youtube.com\/@vosgesinfo"]},{"@type":"Person","@id":"https:\/\/vosgesinfo.fr\/remiremontinfo\/#\/schema\/person\/3bfd164d5218a185b1db68655a265316","name":"C D","image":{"@type":"ImageObject","inLanguage":"fr-FR","@id":"https:\/\/vosgesinfo.fr\/remiremontinfo\/#\/schema\/person\/image\/","url":"https:\/\/secure.gravatar.com\/avatar\/1f9a70007336511a47468b8f1c66f922b8b7cf617b02a31149ada43893a5d48f?s=96&d=mm&r=g","contentUrl":"https:\/\/secure.gravatar.com\/avatar\/1f9a70007336511a47468b8f1c66f922b8b7cf617b02a31149ada43893a5d48f?s=96&d=mm&r=g","caption":"C D"},"url":"https:\/\/vosgesinfo.fr\/remiremontinfo\/author\/cedric-drevet\/"}]}},"_links":{"self":[{"href":"https:\/\/vosgesinfo.fr\/remiremontinfo\/wp-json\/wp\/v2\/posts\/57382","targetHints":{"allow":["GET"]}}],"collection":[{"href":"https:\/\/vosgesinfo.fr\/remiremontinfo\/wp-json\/wp\/v2\/posts"}],"about":[{"href":"https:\/\/vosgesinfo.fr\/remiremontinfo\/wp-json\/wp\/v2\/types\/post"}],"author":[{"embeddable":true,"href":"https:\/\/vosgesinfo.fr\/remiremontinfo\/wp-json\/wp\/v2\/users\/407"}],"replies":[{"embeddable":true,"href":"https:\/\/vosgesinfo.fr\/remiremontinfo\/wp-json\/wp\/v2\/comments?post=57382"}],"version-history":[{"count":0,"href":"https:\/\/vosgesinfo.fr\/remiremontinfo\/wp-json\/wp\/v2\/posts\/57382\/revisions"}],"wp:featuredmedia":[{"embeddable":true,"href":"https:\/\/vosgesinfo.fr\/remiremontinfo\/wp-json\/wp\/v2\/media\/57383"}],"wp:attachment":[{"href":"https:\/\/vosgesinfo.fr\/remiremontinfo\/wp-json\/wp\/v2\/media?parent=57382"}],"wp:term":[{"taxonomy":"category","embeddable":true,"href":"https:\/\/vosgesinfo.fr\/remiremontinfo\/wp-json\/wp\/v2\/categories?post=57382"},{"taxonomy":"post_tag","embeddable":true,"href":"https:\/\/vosgesinfo.fr\/remiremontinfo\/wp-json\/wp\/v2\/tags?post=57382"}],"curies":[{"name":"wp","href":"https:\/\/api.w.org\/{rel}","templated":true}]}}