{"id":57451,"date":"2022-06-16T07:05:04","date_gmt":"2022-06-16T05:05:04","guid":{"rendered":"https:\/\/vosgesinfo.fr\/remiremontinfo\/2022\/06\/photos-decouvrez-3-bebes-lynx-nes-parc-de-sainte-croix\/"},"modified":"2022-06-16T07:05:04","modified_gmt":"2022-06-16T05:05:04","slug":"photos-decouvrez-3-bebes-lynx-nes-parc-de-sainte-croix","status":"publish","type":"post","link":"https:\/\/vosgesinfo.fr\/remiremontinfo\/2022\/06\/photos-decouvrez-3-bebes-lynx-nes-parc-de-sainte-croix\/","title":{"rendered":"PHOTOS \u2013 D\u00e9couvrez les 3 b\u00e9b\u00e9s lynx n\u00e9s au Parc de Sainte-Croix"},"content":{"rendered":"<h2 class=\"x_MsoNormal\">Trois petits lynx sont n\u00e9s le 18 mai dernier, au Parc de Sainte-Croix (Moselle). D\u00e9couvrez les photos.<\/h2>\n<p class=\"x_MsoNormal\">Un heureux \u00e9v\u00e8nement a eu lieu au Parc Animalier de Sainte-Croix le 18 mai dernier aux aurores. En effet, la femelle lynx du Parc Freyja, a donn\u00e9<br \/>\nnaissances \u00e0 3 petits chatons lynx. Ces naissances interviennent un an jour pour jour apr\u00e8s les naissance de Stix, Nassak et Eros en 2021.<br \/>\nLes chatons sont n\u00e9s quelques jours avant le grand week-end du lynx qu\u2019organisait Sainte-Croix le 21 et 22 mai dernier.<\/p>\n<p class=\"x_MsoNormal\">Cet \u00e9v\u00e8nement qui fut un beau succ\u00e8s, rassemblait des sp\u00e9cialistes de l\u2019esp\u00e8ce pour un colloque et une table ronde sur l\u2019avenir du lynx dans le Grand Est. Le lynx est en effet une esp\u00e8ce menac\u00e9e et Sainte-Croix s\u2019engage depuis longtemps pour sa protection.<\/p>\n<p class=\"x_MsoNormal\">Pour le moment les jeunes chatons lynx restent coll\u00e9s \u00e0 leur m\u00e8re qui se repose dans sa tani\u00e8re. Ils sont d\u2019ailleurs visibles par le public du Parc et il est m\u00eame possible de les observer entrain de s\u2019allaiter.<\/p>\n","protected":false},"excerpt":{"rendered":"<p>Trois petits lynx sont n\u00e9s le 18 mai dernier, au Parc de Sainte-Croix (Moselle). D\u00e9couvrez les photos. Un heureux \u00e9v\u00e8nement [&hellip;]<\/p>\n","protected":false},"author":407,"featured_media":57452,"comment_status":"open","ping_status":"open","sticky":false,"template":"","format":"standard","meta":{"footnotes":""},"categories":[26,236],"tags":[2152,237,3739,4067,4068],"class_list":["post-57451","post","type-post","status-publish","format-standard","has-post-thumbnail","hentry","category-a-la-une","category-lorraine","tag-animaux","tag-lorraine","tag-lynx","tag-parc","tag-sainte-croix"],"acf":[],"yoast_head":"<!-- This site is optimized with the Yoast SEO plugin v22.5 - https:\/\/yoast.com\/wordpress\/plugins\/seo\/ -->\n<title>PHOTOS \u2013 D\u00e9couvrez les 3 b\u00e9b\u00e9s lynx n\u00e9s au Parc de Sainte-Croix - Remiremont Info<\/title>\n<meta name=\"robots\" content=\"index, follow, max-snippet:-1, max-image-preview:large, max-video-preview:-1\" \/>\n<link rel=\"canonical\" href=\"https:\/\/vosgesinfo.fr\/remiremontinfo\/2022\/06\/photos-decouvrez-3-bebes-lynx-nes-parc-de-sainte-croix\/\" \/>\n<meta name=\"twitter:card\" content=\"summary_large_image\" \/>\n<meta name=\"twitter:title\" content=\"PHOTOS \u2013 D\u00e9couvrez les 3 b\u00e9b\u00e9s lynx n\u00e9s au Parc de Sainte-Croix - Remiremont Info\" \/>\n<meta name=\"twitter:description\" content=\"Trois petits lynx sont n\u00e9s le 18 mai dernier, au Parc de Sainte-Croix (Moselle). D\u00e9couvrez les photos. Un heureux \u00e9v\u00e8nement [&hellip;]\" \/>\n<meta name=\"twitter:image\" content=\"https:\/\/vosgesinfo.fr\/app\/uploads\/sites\/5\/2024\/09\/202206img-9414-cp-emilie-scherrer-800x547-1.jpg\" \/>\n<meta name=\"twitter:creator\" content=\"@VosgesInfo88\" \/>\n<meta name=\"twitter:site\" content=\"@VosgesInfo88\" \/>\n<meta name=\"twitter:label1\" content=\"\u00c9crit par\" \/>\n\t<meta name=\"twitter:data1\" content=\"C D\" \/>\n\t<meta name=\"twitter:label2\" content=\"Dur\u00e9e de lecture estim\u00e9e\" \/>\n\t<meta name=\"twitter:data2\" content=\"1 minute\" \/>\n<script type=\"application\/ld+json\" class=\"yoast-schema-graph\">{\"@context\":\"https:\/\/schema.org\",\"@graph\":[{\"@type\":\"Article\",\"@id\":\"https:\/\/vosgesinfo.fr\/remiremontinfo\/2022\/06\/photos-decouvrez-3-bebes-lynx-nes-parc-de-sainte-croix\/#article\",\"isPartOf\":{\"@id\":\"https:\/\/vosgesinfo.fr\/remiremontinfo\/2022\/06\/photos-decouvrez-3-bebes-lynx-nes-parc-de-sainte-croix\/\"},\"author\":{\"name\":\"C D\",\"@id\":\"https:\/\/vosgesinfo.fr\/remiremontinfo\/#\/schema\/person\/3bfd164d5218a185b1db68655a265316\"},\"headline\":\"PHOTOS \u2013 D\u00e9couvrez les 3 b\u00e9b\u00e9s lynx n\u00e9s au Parc de Sainte-Croix\",\"datePublished\":\"2022-06-16T05:05:04+00:00\",\"dateModified\":\"2022-06-16T05:05:04+00:00\",\"mainEntityOfPage\":{\"@id\":\"https:\/\/vosgesinfo.fr\/remiremontinfo\/2022\/06\/photos-decouvrez-3-bebes-lynx-nes-parc-de-sainte-croix\/\"},\"wordCount\":196,\"commentCount\":0,\"publisher\":{\"@id\":\"https:\/\/vosgesinfo.fr\/remiremontinfo\/#organization\"},\"image\":{\"@id\":\"https:\/\/vosgesinfo.fr\/remiremontinfo\/2022\/06\/photos-decouvrez-3-bebes-lynx-nes-parc-de-sainte-croix\/#primaryimage\"},\"thumbnailUrl\":\"https:\/\/vosgesinfo.fr\/app\/uploads\/sites\/5\/2024\/09\/202206img-9414-cp-emilie-scherrer-800x547-1.jpg\",\"keywords\":[\"animaux\",\"Lorraine\",\"lynx\",\"parc\",\"sainte croix\"],\"articleSection\":[\"A la Une\",\"Lorraine\"],\"inLanguage\":\"fr-FR\",\"potentialAction\":[{\"@type\":\"CommentAction\",\"name\":\"Comment\",\"target\":[\"https:\/\/vosgesinfo.fr\/remiremontinfo\/2022\/06\/photos-decouvrez-3-bebes-lynx-nes-parc-de-sainte-croix\/#respond\"]}]},{\"@type\":\"WebPage\",\"@id\":\"https:\/\/vosgesinfo.fr\/remiremontinfo\/2022\/06\/photos-decouvrez-3-bebes-lynx-nes-parc-de-sainte-croix\/\",\"url\":\"https:\/\/vosgesinfo.fr\/remiremontinfo\/2022\/06\/photos-decouvrez-3-bebes-lynx-nes-parc-de-sainte-croix\/\",\"name\":\"PHOTOS \u2013 D\u00e9couvrez les 3 b\u00e9b\u00e9s lynx n\u00e9s au Parc de Sainte-Croix - Remiremont Info\",\"isPartOf\":{\"@id\":\"https:\/\/vosgesinfo.fr\/remiremontinfo\/#website\"},\"primaryImageOfPage\":{\"@id\":\"https:\/\/vosgesinfo.fr\/remiremontinfo\/2022\/06\/photos-decouvrez-3-bebes-lynx-nes-parc-de-sainte-croix\/#primaryimage\"},\"image\":{\"@id\":\"https:\/\/vosgesinfo.fr\/remiremontinfo\/2022\/06\/photos-decouvrez-3-bebes-lynx-nes-parc-de-sainte-croix\/#primaryimage\"},\"thumbnailUrl\":\"https:\/\/vosgesinfo.fr\/app\/uploads\/sites\/5\/2024\/09\/202206img-9414-cp-emilie-scherrer-800x547-1.jpg\",\"datePublished\":\"2022-06-16T05:05:04+00:00\",\"dateModified\":\"2022-06-16T05:05:04+00:00\",\"breadcrumb\":{\"@id\":\"https:\/\/vosgesinfo.fr\/remiremontinfo\/2022\/06\/photos-decouvrez-3-bebes-lynx-nes-parc-de-sainte-croix\/#breadcrumb\"},\"inLanguage\":\"fr-FR\",\"potentialAction\":[{\"@type\":\"ReadAction\",\"target\":[\"https:\/\/vosgesinfo.fr\/remiremontinfo\/2022\/06\/photos-decouvrez-3-bebes-lynx-nes-parc-de-sainte-croix\/\"]}]},{\"@type\":\"ImageObject\",\"inLanguage\":\"fr-FR\",\"@id\":\"https:\/\/vosgesinfo.fr\/remiremontinfo\/2022\/06\/photos-decouvrez-3-bebes-lynx-nes-parc-de-sainte-croix\/#primaryimage\",\"url\":\"https:\/\/vosgesinfo.fr\/app\/uploads\/sites\/5\/2024\/09\/202206img-9414-cp-emilie-scherrer-800x547-1.jpg\",\"contentUrl\":\"https:\/\/vosgesinfo.fr\/app\/uploads\/sites\/5\/2024\/09\/202206img-9414-cp-emilie-scherrer-800x547-1.jpg\",\"width\":800,\"height\":547},{\"@type\":\"BreadcrumbList\",\"@id\":\"https:\/\/vosgesinfo.fr\/remiremontinfo\/2022\/06\/photos-decouvrez-3-bebes-lynx-nes-parc-de-sainte-croix\/#breadcrumb\",\"itemListElement\":[{\"@type\":\"ListItem\",\"position\":1,\"name\":\"Home\",\"item\":\"https:\/\/vosgesinfo.fr\/remiremontinfo\/\"},{\"@type\":\"ListItem\",\"position\":2,\"name\":\"PHOTOS \u2013 D\u00e9couvrez les 3 b\u00e9b\u00e9s lynx n\u00e9s au Parc de Sainte-Croix\"}]},{\"@type\":\"WebSite\",\"@id\":\"https:\/\/vosgesinfo.fr\/remiremontinfo\/#website\",\"url\":\"https:\/\/vosgesinfo.fr\/remiremontinfo\/\",\"name\":\"Remiremont Info\",\"description\":\"Toute l&#039;actualit\u00e9 de Remiremont\",\"publisher\":{\"@id\":\"https:\/\/vosgesinfo.fr\/remiremontinfo\/#organization\"},\"alternateName\":\"Toute l'actualit\u00e9 de Remiremont\",\"potentialAction\":[{\"@type\":\"SearchAction\",\"target\":{\"@type\":\"EntryPoint\",\"urlTemplate\":\"https:\/\/vosgesinfo.fr\/remiremontinfo\/?s={search_term_string}\"},\"query-input\":\"required name=search_term_string\"}],\"inLanguage\":\"fr-FR\"},{\"@type\":\"Organization\",\"@id\":\"https:\/\/vosgesinfo.fr\/remiremontinfo\/#organization\",\"name\":\"Remiremont Info\",\"url\":\"https:\/\/vosgesinfo.fr\/remiremontinfo\/\",\"logo\":{\"@type\":\"ImageObject\",\"inLanguage\":\"fr-FR\",\"@id\":\"https:\/\/vosgesinfo.fr\/remiremontinfo\/#\/schema\/logo\/image\/\",\"url\":\"https:\/\/vosgesinfo.fr\/app\/uploads\/sites\/5\/2023\/08\/favicon-remiremontinfo.png\",\"contentUrl\":\"https:\/\/vosgesinfo.fr\/app\/uploads\/sites\/5\/2023\/08\/favicon-remiremontinfo.png\",\"width\":512,\"height\":512,\"caption\":\"Remiremont Info\"},\"image\":{\"@id\":\"https:\/\/vosgesinfo.fr\/remiremontinfo\/#\/schema\/logo\/image\/\"},\"sameAs\":[\"https:\/\/www.facebook.com\/remiremontinfo\",\"https:\/\/x.com\/VosgesInfo88\",\"https:\/\/www.youtube.com\/@vosgesinfo\"]},{\"@type\":\"Person\",\"@id\":\"https:\/\/vosgesinfo.fr\/remiremontinfo\/#\/schema\/person\/3bfd164d5218a185b1db68655a265316\",\"name\":\"C D\",\"image\":{\"@type\":\"ImageObject\",\"inLanguage\":\"fr-FR\",\"@id\":\"https:\/\/vosgesinfo.fr\/remiremontinfo\/#\/schema\/person\/image\/\",\"url\":\"https:\/\/secure.gravatar.com\/avatar\/1f9a70007336511a47468b8f1c66f922b8b7cf617b02a31149ada43893a5d48f?s=96&d=mm&r=g\",\"contentUrl\":\"https:\/\/secure.gravatar.com\/avatar\/1f9a70007336511a47468b8f1c66f922b8b7cf617b02a31149ada43893a5d48f?s=96&d=mm&r=g\",\"caption\":\"C D\"},\"url\":\"https:\/\/vosgesinfo.fr\/remiremontinfo\/author\/cedric-drevet\/\"}]}<\/script>\n<!-- \/ Yoast SEO plugin. -->","yoast_head_json":{"title":"PHOTOS \u2013 D\u00e9couvrez les 3 b\u00e9b\u00e9s lynx n\u00e9s au Parc de Sainte-Croix - Remiremont Info","robots":{"index":"index","follow":"follow","max-snippet":"max-snippet:-1","max-image-preview":"max-image-preview:large","max-video-preview":"max-video-preview:-1"},"canonical":"https:\/\/vosgesinfo.fr\/remiremontinfo\/2022\/06\/photos-decouvrez-3-bebes-lynx-nes-parc-de-sainte-croix\/","twitter_card":"summary_large_image","twitter_title":"PHOTOS \u2013 D\u00e9couvrez les 3 b\u00e9b\u00e9s lynx n\u00e9s au Parc de Sainte-Croix - Remiremont Info","twitter_description":"Trois petits lynx sont n\u00e9s le 18 mai dernier, au Parc de Sainte-Croix (Moselle). D\u00e9couvrez les photos. Un heureux \u00e9v\u00e8nement [&hellip;]","twitter_image":"https:\/\/vosgesinfo.fr\/app\/uploads\/sites\/5\/2024\/09\/202206img-9414-cp-emilie-scherrer-800x547-1.jpg","twitter_creator":"@VosgesInfo88","twitter_site":"@VosgesInfo88","twitter_misc":{"\u00c9crit par":"C D","Dur\u00e9e de lecture estim\u00e9e":"1 minute"},"schema":{"@context":"https:\/\/schema.org","@graph":[{"@type":"Article","@id":"https:\/\/vosgesinfo.fr\/remiremontinfo\/2022\/06\/photos-decouvrez-3-bebes-lynx-nes-parc-de-sainte-croix\/#article","isPartOf":{"@id":"https:\/\/vosgesinfo.fr\/remiremontinfo\/2022\/06\/photos-decouvrez-3-bebes-lynx-nes-parc-de-sainte-croix\/"},"author":{"name":"C D","@id":"https:\/\/vosgesinfo.fr\/remiremontinfo\/#\/schema\/person\/3bfd164d5218a185b1db68655a265316"},"headline":"PHOTOS \u2013 D\u00e9couvrez les 3 b\u00e9b\u00e9s lynx n\u00e9s au Parc de Sainte-Croix","datePublished":"2022-06-16T05:05:04+00:00","dateModified":"2022-06-16T05:05:04+00:00","mainEntityOfPage":{"@id":"https:\/\/vosgesinfo.fr\/remiremontinfo\/2022\/06\/photos-decouvrez-3-bebes-lynx-nes-parc-de-sainte-croix\/"},"wordCount":196,"commentCount":0,"publisher":{"@id":"https:\/\/vosgesinfo.fr\/remiremontinfo\/#organization"},"image":{"@id":"https:\/\/vosgesinfo.fr\/remiremontinfo\/2022\/06\/photos-decouvrez-3-bebes-lynx-nes-parc-de-sainte-croix\/#primaryimage"},"thumbnailUrl":"https:\/\/vosgesinfo.fr\/app\/uploads\/sites\/5\/2024\/09\/202206img-9414-cp-emilie-scherrer-800x547-1.jpg","keywords":["animaux","Lorraine","lynx","parc","sainte croix"],"articleSection":["A la Une","Lorraine"],"inLanguage":"fr-FR","potentialAction":[{"@type":"CommentAction","name":"Comment","target":["https:\/\/vosgesinfo.fr\/remiremontinfo\/2022\/06\/photos-decouvrez-3-bebes-lynx-nes-parc-de-sainte-croix\/#respond"]}]},{"@type":"WebPage","@id":"https:\/\/vosgesinfo.fr\/remiremontinfo\/2022\/06\/photos-decouvrez-3-bebes-lynx-nes-parc-de-sainte-croix\/","url":"https:\/\/vosgesinfo.fr\/remiremontinfo\/2022\/06\/photos-decouvrez-3-bebes-lynx-nes-parc-de-sainte-croix\/","name":"PHOTOS \u2013 D\u00e9couvrez les 3 b\u00e9b\u00e9s lynx n\u00e9s au Parc de Sainte-Croix - Remiremont Info","isPartOf":{"@id":"https:\/\/vosgesinfo.fr\/remiremontinfo\/#website"},"primaryImageOfPage":{"@id":"https:\/\/vosgesinfo.fr\/remiremontinfo\/2022\/06\/photos-decouvrez-3-bebes-lynx-nes-parc-de-sainte-croix\/#primaryimage"},"image":{"@id":"https:\/\/vosgesinfo.fr\/remiremontinfo\/2022\/06\/photos-decouvrez-3-bebes-lynx-nes-parc-de-sainte-croix\/#primaryimage"},"thumbnailUrl":"https:\/\/vosgesinfo.fr\/app\/uploads\/sites\/5\/2024\/09\/202206img-9414-cp-emilie-scherrer-800x547-1.jpg","datePublished":"2022-06-16T05:05:04+00:00","dateModified":"2022-06-16T05:05:04+00:00","breadcrumb":{"@id":"https:\/\/vosgesinfo.fr\/remiremontinfo\/2022\/06\/photos-decouvrez-3-bebes-lynx-nes-parc-de-sainte-croix\/#breadcrumb"},"inLanguage":"fr-FR","potentialAction":[{"@type":"ReadAction","target":["https:\/\/vosgesinfo.fr\/remiremontinfo\/2022\/06\/photos-decouvrez-3-bebes-lynx-nes-parc-de-sainte-croix\/"]}]},{"@type":"ImageObject","inLanguage":"fr-FR","@id":"https:\/\/vosgesinfo.fr\/remiremontinfo\/2022\/06\/photos-decouvrez-3-bebes-lynx-nes-parc-de-sainte-croix\/#primaryimage","url":"https:\/\/vosgesinfo.fr\/app\/uploads\/sites\/5\/2024\/09\/202206img-9414-cp-emilie-scherrer-800x547-1.jpg","contentUrl":"https:\/\/vosgesinfo.fr\/app\/uploads\/sites\/5\/2024\/09\/202206img-9414-cp-emilie-scherrer-800x547-1.jpg","width":800,"height":547},{"@type":"BreadcrumbList","@id":"https:\/\/vosgesinfo.fr\/remiremontinfo\/2022\/06\/photos-decouvrez-3-bebes-lynx-nes-parc-de-sainte-croix\/#breadcrumb","itemListElement":[{"@type":"ListItem","position":1,"name":"Home","item":"https:\/\/vosgesinfo.fr\/remiremontinfo\/"},{"@type":"ListItem","position":2,"name":"PHOTOS \u2013 D\u00e9couvrez les 3 b\u00e9b\u00e9s lynx n\u00e9s au Parc de Sainte-Croix"}]},{"@type":"WebSite","@id":"https:\/\/vosgesinfo.fr\/remiremontinfo\/#website","url":"https:\/\/vosgesinfo.fr\/remiremontinfo\/","name":"Remiremont Info","description":"Toute l&#039;actualit\u00e9 de Remiremont","publisher":{"@id":"https:\/\/vosgesinfo.fr\/remiremontinfo\/#organization"},"alternateName":"Toute l'actualit\u00e9 de Remiremont","potentialAction":[{"@type":"SearchAction","target":{"@type":"EntryPoint","urlTemplate":"https:\/\/vosgesinfo.fr\/remiremontinfo\/?s={search_term_string}"},"query-input":"required name=search_term_string"}],"inLanguage":"fr-FR"},{"@type":"Organization","@id":"https:\/\/vosgesinfo.fr\/remiremontinfo\/#organization","name":"Remiremont Info","url":"https:\/\/vosgesinfo.fr\/remiremontinfo\/","logo":{"@type":"ImageObject","inLanguage":"fr-FR","@id":"https:\/\/vosgesinfo.fr\/remiremontinfo\/#\/schema\/logo\/image\/","url":"https:\/\/vosgesinfo.fr\/app\/uploads\/sites\/5\/2023\/08\/favicon-remiremontinfo.png","contentUrl":"https:\/\/vosgesinfo.fr\/app\/uploads\/sites\/5\/2023\/08\/favicon-remiremontinfo.png","width":512,"height":512,"caption":"Remiremont Info"},"image":{"@id":"https:\/\/vosgesinfo.fr\/remiremontinfo\/#\/schema\/logo\/image\/"},"sameAs":["https:\/\/www.facebook.com\/remiremontinfo","https:\/\/x.com\/VosgesInfo88","https:\/\/www.youtube.com\/@vosgesinfo"]},{"@type":"Person","@id":"https:\/\/vosgesinfo.fr\/remiremontinfo\/#\/schema\/person\/3bfd164d5218a185b1db68655a265316","name":"C D","image":{"@type":"ImageObject","inLanguage":"fr-FR","@id":"https:\/\/vosgesinfo.fr\/remiremontinfo\/#\/schema\/person\/image\/","url":"https:\/\/secure.gravatar.com\/avatar\/1f9a70007336511a47468b8f1c66f922b8b7cf617b02a31149ada43893a5d48f?s=96&d=mm&r=g","contentUrl":"https:\/\/secure.gravatar.com\/avatar\/1f9a70007336511a47468b8f1c66f922b8b7cf617b02a31149ada43893a5d48f?s=96&d=mm&r=g","caption":"C D"},"url":"https:\/\/vosgesinfo.fr\/remiremontinfo\/author\/cedric-drevet\/"}]}},"_links":{"self":[{"href":"https:\/\/vosgesinfo.fr\/remiremontinfo\/wp-json\/wp\/v2\/posts\/57451","targetHints":{"allow":["GET"]}}],"collection":[{"href":"https:\/\/vosgesinfo.fr\/remiremontinfo\/wp-json\/wp\/v2\/posts"}],"about":[{"href":"https:\/\/vosgesinfo.fr\/remiremontinfo\/wp-json\/wp\/v2\/types\/post"}],"author":[{"embeddable":true,"href":"https:\/\/vosgesinfo.fr\/remiremontinfo\/wp-json\/wp\/v2\/users\/407"}],"replies":[{"embeddable":true,"href":"https:\/\/vosgesinfo.fr\/remiremontinfo\/wp-json\/wp\/v2\/comments?post=57451"}],"version-history":[{"count":0,"href":"https:\/\/vosgesinfo.fr\/remiremontinfo\/wp-json\/wp\/v2\/posts\/57451\/revisions"}],"wp:featuredmedia":[{"embeddable":true,"href":"https:\/\/vosgesinfo.fr\/remiremontinfo\/wp-json\/wp\/v2\/media\/57452"}],"wp:attachment":[{"href":"https:\/\/vosgesinfo.fr\/remiremontinfo\/wp-json\/wp\/v2\/media?parent=57451"}],"wp:term":[{"taxonomy":"category","embeddable":true,"href":"https:\/\/vosgesinfo.fr\/remiremontinfo\/wp-json\/wp\/v2\/categories?post=57451"},{"taxonomy":"post_tag","embeddable":true,"href":"https:\/\/vosgesinfo.fr\/remiremontinfo\/wp-json\/wp\/v2\/tags?post=57451"}],"curies":[{"name":"wp","href":"https:\/\/api.w.org\/{rel}","templated":true}]}}