{"id":57507,"date":"2022-06-17T10:35:43","date_gmt":"2022-06-17T08:35:43","guid":{"rendered":"https:\/\/vosgesinfo.fr\/remiremontinfo\/2022\/06\/3eme-camp-jeunes-sapeurs-pompiers-vosges\/"},"modified":"2022-06-17T10:35:43","modified_gmt":"2022-06-17T08:35:43","slug":"3eme-camp-jeunes-sapeurs-pompiers-vosges","status":"publish","type":"post","link":"https:\/\/vosgesinfo.fr\/remiremontinfo\/2022\/06\/3eme-camp-jeunes-sapeurs-pompiers-vosges\/","title":{"rendered":"3\u00e8me camp des jeunes sapeurs-pompiers des Vosges"},"content":{"rendered":"<p>&nbsp;<\/p>\n<h2 class=\"x_elementToProof\"><span style=\"font-size: 12pt;\"><strong>Les sapeurs-pompiers des Vosges (UDSP, ADJSP et SDIS) organisent leur troisi\u00e8me camp des Jeunes sapeurs-pompiers visant \u00e0 faire passer le Brevet National des Jeunes sapeurs-pompiers aux participants du\u00a024 au 27 juin prochain.<\/strong><\/span><\/h2>\n<div>\n<div class=\"x_elementToProof\"><span style=\"font-size: 12pt;\">\u00a0<\/span><\/div>\n<div class=\"x_elementToProof\"><b>Unique en France,<\/b>\u00a0ce camp est le seul \u00e0 associer l\u2019examen et l\u2019int\u00e9gration de jeunes au sein du corps d\u00e9partemental durant 4 jours sans interruption.<\/div>\n<div class=\"x_elementToProof\"><\/div>\n<div class=\"x_elementToProof\">A la fois\u00a0<b>motivant, p\u00e9dagogique, solennel\u00a0<\/b>et \u00e0 certains moments<b>\u00a0ludique<\/b>, ces quatre jours permettront \u00e0 pr\u00e8s de 100 jeunes de faire leur entr\u00e9e dans le corps d\u00e9partemental des sapeurs-pompiers des Vosges sanctionn\u00e9e par le brevet national des jeunes sapeurs-pompiers, \u00e9preuves pour lesquelles ils travaillent depuis 3 ans.<\/div>\n<div class=\"x_elementToProof\"><b>\u00a0<\/b><\/div>\n<div class=\"x_elementToProof\"><b><b>Temps forts :\u00a0<\/b><\/b><\/div>\n<div class=\"x_elementToProof\">\n<ul>\n<li>Jour 1 : Moments de coh\u00e9sion au Plateau Technique de formation d\u2019Uxegney autour d\u2019un \u00ab\u00a0fire challenge\u00a0\u00bb et au stade d\u2019eaux vive \u00e0 Epinal<\/li>\n<li>Jour 2 : Journ\u00e9e consacr\u00e9e aux man\u0153uvres<\/li>\n<li>Jour 4 : C\u00e9r\u00e9monie de cl\u00f4ture en pr\u00e9sence des familles<\/li>\n<li>Chaque journ\u00e9e sera ponctu\u00e9e de petites c\u00e9r\u00e9monies avec des surprises pour les jeunes<\/li>\n<\/ul>\n<\/div>\n<div class=\"x_elementToProof\"><b><i>Quelques chiffres :\u00a0<\/i><\/b><\/div>\n<div class=\"x_elementToProof\">\n<ul>\n<li><i>4 jours, 3nuits<\/i><\/li>\n<li class=\"x_elementToProof\"><i>93 Jeunes Sapeurs-Pompiers de tout le D\u00e9partement<\/i><\/li>\n<li class=\"x_elementToProof\"><i>30 formateurs par jour<\/i><\/li>\n<li class=\"x_elementToProof\"><i>6 mois de pr\u00e9paration<\/i><\/li>\n<\/ul>\n<p>&nbsp;<\/p>\n<\/div>\n<\/div>\n","protected":false},"excerpt":{"rendered":"<p>&nbsp; Les sapeurs-pompiers des Vosges (UDSP, ADJSP et SDIS) organisent leur troisi\u00e8me camp des Jeunes sapeurs-pompiers visant \u00e0 faire passer [&hellip;]<\/p>\n","protected":false},"author":407,"featured_media":57508,"comment_status":"open","ping_status":"open","sticky":false,"template":"","format":"standard","meta":{"footnotes":""},"categories":[26,18],"tags":[2075,1963,32],"class_list":["post-57507","post","type-post","status-publish","format-standard","has-post-thumbnail","hentry","category-a-la-une","category-vosges","tag-jeunes","tag-sapeurs-pompiers","tag-vosges"],"acf":[],"yoast_head":"<!-- This site is optimized with the Yoast SEO plugin v22.5 - https:\/\/yoast.com\/wordpress\/plugins\/seo\/ -->\n<title>3\u00e8me camp des jeunes sapeurs-pompiers des Vosges - Remiremont Info<\/title>\n<meta name=\"robots\" content=\"index, follow, max-snippet:-1, max-image-preview:large, max-video-preview:-1\" \/>\n<link rel=\"canonical\" href=\"https:\/\/vosgesinfo.fr\/remiremontinfo\/2022\/06\/3eme-camp-jeunes-sapeurs-pompiers-vosges\/\" \/>\n<meta name=\"twitter:card\" content=\"summary_large_image\" \/>\n<meta name=\"twitter:title\" content=\"3\u00e8me camp des jeunes sapeurs-pompiers des Vosges - Remiremont Info\" \/>\n<meta name=\"twitter:description\" content=\"&nbsp; Les sapeurs-pompiers des Vosges (UDSP, ADJSP et SDIS) organisent leur troisi\u00e8me camp des Jeunes sapeurs-pompiers visant \u00e0 faire passer [&hellip;]\" \/>\n<meta name=\"twitter:image\" content=\"https:\/\/vosgesinfo.fr\/app\/uploads\/sites\/5\/2024\/09\/202206capture-decran-2022-06-17-123449.png\" \/>\n<meta name=\"twitter:creator\" content=\"@VosgesInfo88\" \/>\n<meta name=\"twitter:site\" content=\"@VosgesInfo88\" \/>\n<meta name=\"twitter:label1\" content=\"\u00c9crit par\" \/>\n\t<meta name=\"twitter:data1\" content=\"C D\" \/>\n\t<meta name=\"twitter:label2\" content=\"Dur\u00e9e de lecture estim\u00e9e\" \/>\n\t<meta name=\"twitter:data2\" content=\"1 minute\" \/>\n<script type=\"application\/ld+json\" class=\"yoast-schema-graph\">{\"@context\":\"https:\/\/schema.org\",\"@graph\":[{\"@type\":\"Article\",\"@id\":\"https:\/\/vosgesinfo.fr\/remiremontinfo\/2022\/06\/3eme-camp-jeunes-sapeurs-pompiers-vosges\/#article\",\"isPartOf\":{\"@id\":\"https:\/\/vosgesinfo.fr\/remiremontinfo\/2022\/06\/3eme-camp-jeunes-sapeurs-pompiers-vosges\/\"},\"author\":{\"name\":\"C D\",\"@id\":\"https:\/\/vosgesinfo.fr\/remiremontinfo\/#\/schema\/person\/3bfd164d5218a185b1db68655a265316\"},\"headline\":\"3\u00e8me camp des jeunes sapeurs-pompiers des Vosges\",\"datePublished\":\"2022-06-17T08:35:43+00:00\",\"dateModified\":\"2022-06-17T08:35:43+00:00\",\"mainEntityOfPage\":{\"@id\":\"https:\/\/vosgesinfo.fr\/remiremontinfo\/2022\/06\/3eme-camp-jeunes-sapeurs-pompiers-vosges\/\"},\"wordCount\":197,\"commentCount\":0,\"publisher\":{\"@id\":\"https:\/\/vosgesinfo.fr\/remiremontinfo\/#organization\"},\"image\":{\"@id\":\"https:\/\/vosgesinfo.fr\/remiremontinfo\/2022\/06\/3eme-camp-jeunes-sapeurs-pompiers-vosges\/#primaryimage\"},\"thumbnailUrl\":\"https:\/\/vosgesinfo.fr\/app\/uploads\/sites\/5\/2024\/09\/202206capture-decran-2022-06-17-123449.png\",\"keywords\":[\"jeunes\",\"sapeurs-pompiers\",\"Vosges\"],\"articleSection\":[\"A la Une\",\"Vosges\"],\"inLanguage\":\"fr-FR\",\"potentialAction\":[{\"@type\":\"CommentAction\",\"name\":\"Comment\",\"target\":[\"https:\/\/vosgesinfo.fr\/remiremontinfo\/2022\/06\/3eme-camp-jeunes-sapeurs-pompiers-vosges\/#respond\"]}]},{\"@type\":\"WebPage\",\"@id\":\"https:\/\/vosgesinfo.fr\/remiremontinfo\/2022\/06\/3eme-camp-jeunes-sapeurs-pompiers-vosges\/\",\"url\":\"https:\/\/vosgesinfo.fr\/remiremontinfo\/2022\/06\/3eme-camp-jeunes-sapeurs-pompiers-vosges\/\",\"name\":\"3\u00e8me camp des jeunes sapeurs-pompiers des Vosges - Remiremont Info\",\"isPartOf\":{\"@id\":\"https:\/\/vosgesinfo.fr\/remiremontinfo\/#website\"},\"primaryImageOfPage\":{\"@id\":\"https:\/\/vosgesinfo.fr\/remiremontinfo\/2022\/06\/3eme-camp-jeunes-sapeurs-pompiers-vosges\/#primaryimage\"},\"image\":{\"@id\":\"https:\/\/vosgesinfo.fr\/remiremontinfo\/2022\/06\/3eme-camp-jeunes-sapeurs-pompiers-vosges\/#primaryimage\"},\"thumbnailUrl\":\"https:\/\/vosgesinfo.fr\/app\/uploads\/sites\/5\/2024\/09\/202206capture-decran-2022-06-17-123449.png\",\"datePublished\":\"2022-06-17T08:35:43+00:00\",\"dateModified\":\"2022-06-17T08:35:43+00:00\",\"breadcrumb\":{\"@id\":\"https:\/\/vosgesinfo.fr\/remiremontinfo\/2022\/06\/3eme-camp-jeunes-sapeurs-pompiers-vosges\/#breadcrumb\"},\"inLanguage\":\"fr-FR\",\"potentialAction\":[{\"@type\":\"ReadAction\",\"target\":[\"https:\/\/vosgesinfo.fr\/remiremontinfo\/2022\/06\/3eme-camp-jeunes-sapeurs-pompiers-vosges\/\"]}]},{\"@type\":\"ImageObject\",\"inLanguage\":\"fr-FR\",\"@id\":\"https:\/\/vosgesinfo.fr\/remiremontinfo\/2022\/06\/3eme-camp-jeunes-sapeurs-pompiers-vosges\/#primaryimage\",\"url\":\"https:\/\/vosgesinfo.fr\/app\/uploads\/sites\/5\/2024\/09\/202206capture-decran-2022-06-17-123449.png\",\"contentUrl\":\"https:\/\/vosgesinfo.fr\/app\/uploads\/sites\/5\/2024\/09\/202206capture-decran-2022-06-17-123449.png\",\"width\":1291,\"height\":826},{\"@type\":\"BreadcrumbList\",\"@id\":\"https:\/\/vosgesinfo.fr\/remiremontinfo\/2022\/06\/3eme-camp-jeunes-sapeurs-pompiers-vosges\/#breadcrumb\",\"itemListElement\":[{\"@type\":\"ListItem\",\"position\":1,\"name\":\"Home\",\"item\":\"https:\/\/vosgesinfo.fr\/remiremontinfo\/\"},{\"@type\":\"ListItem\",\"position\":2,\"name\":\"3\u00e8me camp des jeunes sapeurs-pompiers des Vosges\"}]},{\"@type\":\"WebSite\",\"@id\":\"https:\/\/vosgesinfo.fr\/remiremontinfo\/#website\",\"url\":\"https:\/\/vosgesinfo.fr\/remiremontinfo\/\",\"name\":\"Remiremont Info\",\"description\":\"Toute l&#039;actualit\u00e9 de Remiremont\",\"publisher\":{\"@id\":\"https:\/\/vosgesinfo.fr\/remiremontinfo\/#organization\"},\"alternateName\":\"Toute l'actualit\u00e9 de Remiremont\",\"potentialAction\":[{\"@type\":\"SearchAction\",\"target\":{\"@type\":\"EntryPoint\",\"urlTemplate\":\"https:\/\/vosgesinfo.fr\/remiremontinfo\/?s={search_term_string}\"},\"query-input\":\"required name=search_term_string\"}],\"inLanguage\":\"fr-FR\"},{\"@type\":\"Organization\",\"@id\":\"https:\/\/vosgesinfo.fr\/remiremontinfo\/#organization\",\"name\":\"Remiremont Info\",\"url\":\"https:\/\/vosgesinfo.fr\/remiremontinfo\/\",\"logo\":{\"@type\":\"ImageObject\",\"inLanguage\":\"fr-FR\",\"@id\":\"https:\/\/vosgesinfo.fr\/remiremontinfo\/#\/schema\/logo\/image\/\",\"url\":\"https:\/\/vosgesinfo.fr\/app\/uploads\/sites\/5\/2023\/08\/favicon-remiremontinfo.png\",\"contentUrl\":\"https:\/\/vosgesinfo.fr\/app\/uploads\/sites\/5\/2023\/08\/favicon-remiremontinfo.png\",\"width\":512,\"height\":512,\"caption\":\"Remiremont Info\"},\"image\":{\"@id\":\"https:\/\/vosgesinfo.fr\/remiremontinfo\/#\/schema\/logo\/image\/\"},\"sameAs\":[\"https:\/\/www.facebook.com\/remiremontinfo\",\"https:\/\/x.com\/VosgesInfo88\",\"https:\/\/www.youtube.com\/@vosgesinfo\"]},{\"@type\":\"Person\",\"@id\":\"https:\/\/vosgesinfo.fr\/remiremontinfo\/#\/schema\/person\/3bfd164d5218a185b1db68655a265316\",\"name\":\"C D\",\"image\":{\"@type\":\"ImageObject\",\"inLanguage\":\"fr-FR\",\"@id\":\"https:\/\/vosgesinfo.fr\/remiremontinfo\/#\/schema\/person\/image\/\",\"url\":\"https:\/\/secure.gravatar.com\/avatar\/1f9a70007336511a47468b8f1c66f922b8b7cf617b02a31149ada43893a5d48f?s=96&d=mm&r=g\",\"contentUrl\":\"https:\/\/secure.gravatar.com\/avatar\/1f9a70007336511a47468b8f1c66f922b8b7cf617b02a31149ada43893a5d48f?s=96&d=mm&r=g\",\"caption\":\"C D\"},\"url\":\"https:\/\/vosgesinfo.fr\/remiremontinfo\/author\/cedric-drevet\/\"}]}<\/script>\n<!-- \/ Yoast SEO plugin. -->","yoast_head_json":{"title":"3\u00e8me camp des jeunes sapeurs-pompiers des Vosges - Remiremont Info","robots":{"index":"index","follow":"follow","max-snippet":"max-snippet:-1","max-image-preview":"max-image-preview:large","max-video-preview":"max-video-preview:-1"},"canonical":"https:\/\/vosgesinfo.fr\/remiremontinfo\/2022\/06\/3eme-camp-jeunes-sapeurs-pompiers-vosges\/","twitter_card":"summary_large_image","twitter_title":"3\u00e8me camp des jeunes sapeurs-pompiers des Vosges - Remiremont Info","twitter_description":"&nbsp; Les sapeurs-pompiers des Vosges (UDSP, ADJSP et SDIS) organisent leur troisi\u00e8me camp des Jeunes sapeurs-pompiers visant \u00e0 faire passer [&hellip;]","twitter_image":"https:\/\/vosgesinfo.fr\/app\/uploads\/sites\/5\/2024\/09\/202206capture-decran-2022-06-17-123449.png","twitter_creator":"@VosgesInfo88","twitter_site":"@VosgesInfo88","twitter_misc":{"\u00c9crit par":"C D","Dur\u00e9e de lecture estim\u00e9e":"1 minute"},"schema":{"@context":"https:\/\/schema.org","@graph":[{"@type":"Article","@id":"https:\/\/vosgesinfo.fr\/remiremontinfo\/2022\/06\/3eme-camp-jeunes-sapeurs-pompiers-vosges\/#article","isPartOf":{"@id":"https:\/\/vosgesinfo.fr\/remiremontinfo\/2022\/06\/3eme-camp-jeunes-sapeurs-pompiers-vosges\/"},"author":{"name":"C D","@id":"https:\/\/vosgesinfo.fr\/remiremontinfo\/#\/schema\/person\/3bfd164d5218a185b1db68655a265316"},"headline":"3\u00e8me camp des jeunes sapeurs-pompiers des Vosges","datePublished":"2022-06-17T08:35:43+00:00","dateModified":"2022-06-17T08:35:43+00:00","mainEntityOfPage":{"@id":"https:\/\/vosgesinfo.fr\/remiremontinfo\/2022\/06\/3eme-camp-jeunes-sapeurs-pompiers-vosges\/"},"wordCount":197,"commentCount":0,"publisher":{"@id":"https:\/\/vosgesinfo.fr\/remiremontinfo\/#organization"},"image":{"@id":"https:\/\/vosgesinfo.fr\/remiremontinfo\/2022\/06\/3eme-camp-jeunes-sapeurs-pompiers-vosges\/#primaryimage"},"thumbnailUrl":"https:\/\/vosgesinfo.fr\/app\/uploads\/sites\/5\/2024\/09\/202206capture-decran-2022-06-17-123449.png","keywords":["jeunes","sapeurs-pompiers","Vosges"],"articleSection":["A la Une","Vosges"],"inLanguage":"fr-FR","potentialAction":[{"@type":"CommentAction","name":"Comment","target":["https:\/\/vosgesinfo.fr\/remiremontinfo\/2022\/06\/3eme-camp-jeunes-sapeurs-pompiers-vosges\/#respond"]}]},{"@type":"WebPage","@id":"https:\/\/vosgesinfo.fr\/remiremontinfo\/2022\/06\/3eme-camp-jeunes-sapeurs-pompiers-vosges\/","url":"https:\/\/vosgesinfo.fr\/remiremontinfo\/2022\/06\/3eme-camp-jeunes-sapeurs-pompiers-vosges\/","name":"3\u00e8me camp des jeunes sapeurs-pompiers des Vosges - Remiremont Info","isPartOf":{"@id":"https:\/\/vosgesinfo.fr\/remiremontinfo\/#website"},"primaryImageOfPage":{"@id":"https:\/\/vosgesinfo.fr\/remiremontinfo\/2022\/06\/3eme-camp-jeunes-sapeurs-pompiers-vosges\/#primaryimage"},"image":{"@id":"https:\/\/vosgesinfo.fr\/remiremontinfo\/2022\/06\/3eme-camp-jeunes-sapeurs-pompiers-vosges\/#primaryimage"},"thumbnailUrl":"https:\/\/vosgesinfo.fr\/app\/uploads\/sites\/5\/2024\/09\/202206capture-decran-2022-06-17-123449.png","datePublished":"2022-06-17T08:35:43+00:00","dateModified":"2022-06-17T08:35:43+00:00","breadcrumb":{"@id":"https:\/\/vosgesinfo.fr\/remiremontinfo\/2022\/06\/3eme-camp-jeunes-sapeurs-pompiers-vosges\/#breadcrumb"},"inLanguage":"fr-FR","potentialAction":[{"@type":"ReadAction","target":["https:\/\/vosgesinfo.fr\/remiremontinfo\/2022\/06\/3eme-camp-jeunes-sapeurs-pompiers-vosges\/"]}]},{"@type":"ImageObject","inLanguage":"fr-FR","@id":"https:\/\/vosgesinfo.fr\/remiremontinfo\/2022\/06\/3eme-camp-jeunes-sapeurs-pompiers-vosges\/#primaryimage","url":"https:\/\/vosgesinfo.fr\/app\/uploads\/sites\/5\/2024\/09\/202206capture-decran-2022-06-17-123449.png","contentUrl":"https:\/\/vosgesinfo.fr\/app\/uploads\/sites\/5\/2024\/09\/202206capture-decran-2022-06-17-123449.png","width":1291,"height":826},{"@type":"BreadcrumbList","@id":"https:\/\/vosgesinfo.fr\/remiremontinfo\/2022\/06\/3eme-camp-jeunes-sapeurs-pompiers-vosges\/#breadcrumb","itemListElement":[{"@type":"ListItem","position":1,"name":"Home","item":"https:\/\/vosgesinfo.fr\/remiremontinfo\/"},{"@type":"ListItem","position":2,"name":"3\u00e8me camp des jeunes sapeurs-pompiers des Vosges"}]},{"@type":"WebSite","@id":"https:\/\/vosgesinfo.fr\/remiremontinfo\/#website","url":"https:\/\/vosgesinfo.fr\/remiremontinfo\/","name":"Remiremont Info","description":"Toute l&#039;actualit\u00e9 de Remiremont","publisher":{"@id":"https:\/\/vosgesinfo.fr\/remiremontinfo\/#organization"},"alternateName":"Toute l'actualit\u00e9 de Remiremont","potentialAction":[{"@type":"SearchAction","target":{"@type":"EntryPoint","urlTemplate":"https:\/\/vosgesinfo.fr\/remiremontinfo\/?s={search_term_string}"},"query-input":"required name=search_term_string"}],"inLanguage":"fr-FR"},{"@type":"Organization","@id":"https:\/\/vosgesinfo.fr\/remiremontinfo\/#organization","name":"Remiremont Info","url":"https:\/\/vosgesinfo.fr\/remiremontinfo\/","logo":{"@type":"ImageObject","inLanguage":"fr-FR","@id":"https:\/\/vosgesinfo.fr\/remiremontinfo\/#\/schema\/logo\/image\/","url":"https:\/\/vosgesinfo.fr\/app\/uploads\/sites\/5\/2023\/08\/favicon-remiremontinfo.png","contentUrl":"https:\/\/vosgesinfo.fr\/app\/uploads\/sites\/5\/2023\/08\/favicon-remiremontinfo.png","width":512,"height":512,"caption":"Remiremont Info"},"image":{"@id":"https:\/\/vosgesinfo.fr\/remiremontinfo\/#\/schema\/logo\/image\/"},"sameAs":["https:\/\/www.facebook.com\/remiremontinfo","https:\/\/x.com\/VosgesInfo88","https:\/\/www.youtube.com\/@vosgesinfo"]},{"@type":"Person","@id":"https:\/\/vosgesinfo.fr\/remiremontinfo\/#\/schema\/person\/3bfd164d5218a185b1db68655a265316","name":"C D","image":{"@type":"ImageObject","inLanguage":"fr-FR","@id":"https:\/\/vosgesinfo.fr\/remiremontinfo\/#\/schema\/person\/image\/","url":"https:\/\/secure.gravatar.com\/avatar\/1f9a70007336511a47468b8f1c66f922b8b7cf617b02a31149ada43893a5d48f?s=96&d=mm&r=g","contentUrl":"https:\/\/secure.gravatar.com\/avatar\/1f9a70007336511a47468b8f1c66f922b8b7cf617b02a31149ada43893a5d48f?s=96&d=mm&r=g","caption":"C D"},"url":"https:\/\/vosgesinfo.fr\/remiremontinfo\/author\/cedric-drevet\/"}]}},"_links":{"self":[{"href":"https:\/\/vosgesinfo.fr\/remiremontinfo\/wp-json\/wp\/v2\/posts\/57507","targetHints":{"allow":["GET"]}}],"collection":[{"href":"https:\/\/vosgesinfo.fr\/remiremontinfo\/wp-json\/wp\/v2\/posts"}],"about":[{"href":"https:\/\/vosgesinfo.fr\/remiremontinfo\/wp-json\/wp\/v2\/types\/post"}],"author":[{"embeddable":true,"href":"https:\/\/vosgesinfo.fr\/remiremontinfo\/wp-json\/wp\/v2\/users\/407"}],"replies":[{"embeddable":true,"href":"https:\/\/vosgesinfo.fr\/remiremontinfo\/wp-json\/wp\/v2\/comments?post=57507"}],"version-history":[{"count":0,"href":"https:\/\/vosgesinfo.fr\/remiremontinfo\/wp-json\/wp\/v2\/posts\/57507\/revisions"}],"wp:featuredmedia":[{"embeddable":true,"href":"https:\/\/vosgesinfo.fr\/remiremontinfo\/wp-json\/wp\/v2\/media\/57508"}],"wp:attachment":[{"href":"https:\/\/vosgesinfo.fr\/remiremontinfo\/wp-json\/wp\/v2\/media?parent=57507"}],"wp:term":[{"taxonomy":"category","embeddable":true,"href":"https:\/\/vosgesinfo.fr\/remiremontinfo\/wp-json\/wp\/v2\/categories?post=57507"},{"taxonomy":"post_tag","embeddable":true,"href":"https:\/\/vosgesinfo.fr\/remiremontinfo\/wp-json\/wp\/v2\/tags?post=57507"}],"curies":[{"name":"wp","href":"https:\/\/api.w.org\/{rel}","templated":true}]}}