{"id":57529,"date":"2022-06-18T06:26:48","date_gmt":"2022-06-18T04:26:48","guid":{"rendered":"https:\/\/vosgesinfo.fr\/remiremontinfo\/2022\/06\/trail-de-vallee-lacs-maxime-vannesson-finit-solitaire-sunset\/"},"modified":"2022-06-18T06:26:48","modified_gmt":"2022-06-18T04:26:48","slug":"trail-de-vallee-lacs-maxime-vannesson-finit-solitaire-sunset","status":"publish","type":"post","link":"https:\/\/vosgesinfo.fr\/remiremontinfo\/2022\/06\/trail-de-vallee-lacs-maxime-vannesson-finit-solitaire-sunset\/","title":{"rendered":"Trail de la Vall\u00e9e des Lacs : Maxime Vannesson finit en solitaire sur la Sunset"},"content":{"rendered":"<h3>C\u2019est parti pour cette nouvelle \u00e9dition du Trail de la Vall\u00e9e des Lacs dont le camp de base est de retour \u00e0 la Mauselaine cette ann\u00e9e histoire de revenir au site historique et de de contribuer \u00e0 faire vivre le domaine skiable durant la saison estivale.<\/h3>\n<p><a href=\"https:\/\/gerardmerinfo.fr\/wp-content\/uploads\/2022\/06\/trail-de-la-vall%C3%A9e-des-lacs-courrue-sunset-3.jpg\" data-featherlight=\"image\"><img decoding=\"async\" class=\"wp-image-191036 size-medium\" src=\"https:\/\/vosgesinfo.fr\/app\/uploads\/sites\/5\/2022\/06\/trail-de-la-vallee-des-lacs-courrue-sunset-3-340x255-1.jpg\" alt=\"Maxime vannesson\" width=\"340\" height=\"255\" \/><\/a><\/p>\n<p>Premi\u00e8re course et premier vainqueur avec le coureur originaire de Gerb\u00e9pal Maxime Vannesson qui s\u2019impose lors de la Courrue Sunset. Il devance Louis Claudon et Robin Antoine qu\u2019il a l\u00e2ch\u00e9 dans les derniers kilom\u00e8tres pour finir la course en solitaire sous les applaudissements du public qui attendait les coureurs devant chez Tintin. La cerise sur le g\u00e2teau, c\u2019\u00e9tait la pr\u00e9sence de l\u2019Union Musicale de G\u00e9rardmer qui apportait la petite touche \u00e9pique sur la ligne d\u2019arriv\u00e9e au son de \u00ab\u00a0Eyes of the tiger\u00a0\u00bb , sans oublier les m\u00e9dailles remises aux coureurs qui sont comme toujours de tr\u00e8s belle facture, dixit le speaker de la course, un certain Maxime Laheurte\u2026 Qui en conna\u00eet donc un rayon en mati\u00e8re m\u00e9dailles !<\/p>\n","protected":false},"excerpt":{"rendered":"<p>C\u2019est parti pour cette nouvelle \u00e9dition du Trail de la Vall\u00e9e des Lacs dont le camp de base est de [&hellip;]<\/p>\n","protected":false},"author":407,"featured_media":57530,"comment_status":"open","ping_status":"open","sticky":false,"template":"","format":"standard","meta":{"footnotes":""},"categories":[26,14,18],"tags":[1814,61,32],"class_list":["post-57529","post","type-post","status-publish","format-standard","has-post-thumbnail","hentry","category-a-la-une","category-sport","category-vosges","tag-athle","tag-sport","tag-vosges"],"acf":[],"yoast_head":"<!-- This site is optimized with the Yoast SEO plugin v22.5 - https:\/\/yoast.com\/wordpress\/plugins\/seo\/ -->\n<title>Trail de la Vall\u00e9e des Lacs : Maxime Vannesson finit en solitaire sur la Sunset - Remiremont Info<\/title>\n<meta name=\"robots\" content=\"index, follow, max-snippet:-1, max-image-preview:large, max-video-preview:-1\" \/>\n<link rel=\"canonical\" href=\"https:\/\/vosgesinfo.fr\/remiremontinfo\/2022\/06\/trail-de-vallee-lacs-maxime-vannesson-finit-solitaire-sunset\/\" \/>\n<meta name=\"twitter:card\" content=\"summary_large_image\" \/>\n<meta name=\"twitter:title\" content=\"Trail de la Vall\u00e9e des Lacs : Maxime Vannesson finit en solitaire sur la Sunset - Remiremont Info\" \/>\n<meta name=\"twitter:description\" content=\"C\u2019est parti pour cette nouvelle \u00e9dition du Trail de la Vall\u00e9e des Lacs dont le camp de base est de [&hellip;]\" \/>\n<meta name=\"twitter:image\" content=\"https:\/\/vosgesinfo.fr\/app\/uploads\/sites\/5\/2024\/09\/202206012.jpg\" \/>\n<meta name=\"twitter:creator\" content=\"@VosgesInfo88\" \/>\n<meta name=\"twitter:site\" content=\"@VosgesInfo88\" \/>\n<meta name=\"twitter:label1\" content=\"\u00c9crit par\" \/>\n\t<meta name=\"twitter:data1\" content=\"C D\" \/>\n\t<meta name=\"twitter:label2\" content=\"Dur\u00e9e de lecture estim\u00e9e\" \/>\n\t<meta name=\"twitter:data2\" content=\"1 minute\" \/>\n<script type=\"application\/ld+json\" class=\"yoast-schema-graph\">{\"@context\":\"https:\/\/schema.org\",\"@graph\":[{\"@type\":\"Article\",\"@id\":\"https:\/\/vosgesinfo.fr\/remiremontinfo\/2022\/06\/trail-de-vallee-lacs-maxime-vannesson-finit-solitaire-sunset\/#article\",\"isPartOf\":{\"@id\":\"https:\/\/vosgesinfo.fr\/remiremontinfo\/2022\/06\/trail-de-vallee-lacs-maxime-vannesson-finit-solitaire-sunset\/\"},\"author\":{\"name\":\"C D\",\"@id\":\"https:\/\/vosgesinfo.fr\/remiremontinfo\/#\/schema\/person\/3bfd164d5218a185b1db68655a265316\"},\"headline\":\"Trail de la Vall\u00e9e des Lacs : Maxime Vannesson finit en solitaire sur la Sunset\",\"datePublished\":\"2022-06-18T04:26:48+00:00\",\"dateModified\":\"2022-06-18T04:26:48+00:00\",\"mainEntityOfPage\":{\"@id\":\"https:\/\/vosgesinfo.fr\/remiremontinfo\/2022\/06\/trail-de-vallee-lacs-maxime-vannesson-finit-solitaire-sunset\/\"},\"wordCount\":196,\"commentCount\":0,\"publisher\":{\"@id\":\"https:\/\/vosgesinfo.fr\/remiremontinfo\/#organization\"},\"image\":{\"@id\":\"https:\/\/vosgesinfo.fr\/remiremontinfo\/2022\/06\/trail-de-vallee-lacs-maxime-vannesson-finit-solitaire-sunset\/#primaryimage\"},\"thumbnailUrl\":\"https:\/\/vosgesinfo.fr\/app\/uploads\/sites\/5\/2024\/09\/202206012.jpg\",\"keywords\":[\"athl\u00e9\",\"sport\",\"Vosges\"],\"articleSection\":[\"A la Une\",\"Sport\",\"Vosges\"],\"inLanguage\":\"fr-FR\",\"potentialAction\":[{\"@type\":\"CommentAction\",\"name\":\"Comment\",\"target\":[\"https:\/\/vosgesinfo.fr\/remiremontinfo\/2022\/06\/trail-de-vallee-lacs-maxime-vannesson-finit-solitaire-sunset\/#respond\"]}]},{\"@type\":\"WebPage\",\"@id\":\"https:\/\/vosgesinfo.fr\/remiremontinfo\/2022\/06\/trail-de-vallee-lacs-maxime-vannesson-finit-solitaire-sunset\/\",\"url\":\"https:\/\/vosgesinfo.fr\/remiremontinfo\/2022\/06\/trail-de-vallee-lacs-maxime-vannesson-finit-solitaire-sunset\/\",\"name\":\"Trail de la Vall\u00e9e des Lacs : Maxime Vannesson finit en solitaire sur la Sunset - Remiremont Info\",\"isPartOf\":{\"@id\":\"https:\/\/vosgesinfo.fr\/remiremontinfo\/#website\"},\"primaryImageOfPage\":{\"@id\":\"https:\/\/vosgesinfo.fr\/remiremontinfo\/2022\/06\/trail-de-vallee-lacs-maxime-vannesson-finit-solitaire-sunset\/#primaryimage\"},\"image\":{\"@id\":\"https:\/\/vosgesinfo.fr\/remiremontinfo\/2022\/06\/trail-de-vallee-lacs-maxime-vannesson-finit-solitaire-sunset\/#primaryimage\"},\"thumbnailUrl\":\"https:\/\/vosgesinfo.fr\/app\/uploads\/sites\/5\/2024\/09\/202206012.jpg\",\"datePublished\":\"2022-06-18T04:26:48+00:00\",\"dateModified\":\"2022-06-18T04:26:48+00:00\",\"breadcrumb\":{\"@id\":\"https:\/\/vosgesinfo.fr\/remiremontinfo\/2022\/06\/trail-de-vallee-lacs-maxime-vannesson-finit-solitaire-sunset\/#breadcrumb\"},\"inLanguage\":\"fr-FR\",\"potentialAction\":[{\"@type\":\"ReadAction\",\"target\":[\"https:\/\/vosgesinfo.fr\/remiremontinfo\/2022\/06\/trail-de-vallee-lacs-maxime-vannesson-finit-solitaire-sunset\/\"]}]},{\"@type\":\"ImageObject\",\"inLanguage\":\"fr-FR\",\"@id\":\"https:\/\/vosgesinfo.fr\/remiremontinfo\/2022\/06\/trail-de-vallee-lacs-maxime-vannesson-finit-solitaire-sunset\/#primaryimage\",\"url\":\"https:\/\/vosgesinfo.fr\/app\/uploads\/sites\/5\/2024\/09\/202206012.jpg\",\"contentUrl\":\"https:\/\/vosgesinfo.fr\/app\/uploads\/sites\/5\/2024\/09\/202206012.jpg\",\"width\":1256,\"height\":942},{\"@type\":\"BreadcrumbList\",\"@id\":\"https:\/\/vosgesinfo.fr\/remiremontinfo\/2022\/06\/trail-de-vallee-lacs-maxime-vannesson-finit-solitaire-sunset\/#breadcrumb\",\"itemListElement\":[{\"@type\":\"ListItem\",\"position\":1,\"name\":\"Home\",\"item\":\"https:\/\/vosgesinfo.fr\/remiremontinfo\/\"},{\"@type\":\"ListItem\",\"position\":2,\"name\":\"Trail de la Vall\u00e9e des Lacs : Maxime Vannesson finit en solitaire sur la Sunset\"}]},{\"@type\":\"WebSite\",\"@id\":\"https:\/\/vosgesinfo.fr\/remiremontinfo\/#website\",\"url\":\"https:\/\/vosgesinfo.fr\/remiremontinfo\/\",\"name\":\"Remiremont Info\",\"description\":\"Toute l&#039;actualit\u00e9 de Remiremont\",\"publisher\":{\"@id\":\"https:\/\/vosgesinfo.fr\/remiremontinfo\/#organization\"},\"alternateName\":\"Toute l'actualit\u00e9 de Remiremont\",\"potentialAction\":[{\"@type\":\"SearchAction\",\"target\":{\"@type\":\"EntryPoint\",\"urlTemplate\":\"https:\/\/vosgesinfo.fr\/remiremontinfo\/?s={search_term_string}\"},\"query-input\":\"required name=search_term_string\"}],\"inLanguage\":\"fr-FR\"},{\"@type\":\"Organization\",\"@id\":\"https:\/\/vosgesinfo.fr\/remiremontinfo\/#organization\",\"name\":\"Remiremont Info\",\"url\":\"https:\/\/vosgesinfo.fr\/remiremontinfo\/\",\"logo\":{\"@type\":\"ImageObject\",\"inLanguage\":\"fr-FR\",\"@id\":\"https:\/\/vosgesinfo.fr\/remiremontinfo\/#\/schema\/logo\/image\/\",\"url\":\"https:\/\/vosgesinfo.fr\/app\/uploads\/sites\/5\/2023\/08\/favicon-remiremontinfo.png\",\"contentUrl\":\"https:\/\/vosgesinfo.fr\/app\/uploads\/sites\/5\/2023\/08\/favicon-remiremontinfo.png\",\"width\":512,\"height\":512,\"caption\":\"Remiremont Info\"},\"image\":{\"@id\":\"https:\/\/vosgesinfo.fr\/remiremontinfo\/#\/schema\/logo\/image\/\"},\"sameAs\":[\"https:\/\/www.facebook.com\/remiremontinfo\",\"https:\/\/x.com\/VosgesInfo88\",\"https:\/\/www.youtube.com\/@vosgesinfo\"]},{\"@type\":\"Person\",\"@id\":\"https:\/\/vosgesinfo.fr\/remiremontinfo\/#\/schema\/person\/3bfd164d5218a185b1db68655a265316\",\"name\":\"C D\",\"image\":{\"@type\":\"ImageObject\",\"inLanguage\":\"fr-FR\",\"@id\":\"https:\/\/vosgesinfo.fr\/remiremontinfo\/#\/schema\/person\/image\/\",\"url\":\"https:\/\/secure.gravatar.com\/avatar\/1f9a70007336511a47468b8f1c66f922b8b7cf617b02a31149ada43893a5d48f?s=96&d=mm&r=g\",\"contentUrl\":\"https:\/\/secure.gravatar.com\/avatar\/1f9a70007336511a47468b8f1c66f922b8b7cf617b02a31149ada43893a5d48f?s=96&d=mm&r=g\",\"caption\":\"C D\"},\"url\":\"https:\/\/vosgesinfo.fr\/remiremontinfo\/author\/cedric-drevet\/\"}]}<\/script>\n<!-- \/ Yoast SEO plugin. -->","yoast_head_json":{"title":"Trail de la Vall\u00e9e des Lacs : Maxime Vannesson finit en solitaire sur la Sunset - Remiremont Info","robots":{"index":"index","follow":"follow","max-snippet":"max-snippet:-1","max-image-preview":"max-image-preview:large","max-video-preview":"max-video-preview:-1"},"canonical":"https:\/\/vosgesinfo.fr\/remiremontinfo\/2022\/06\/trail-de-vallee-lacs-maxime-vannesson-finit-solitaire-sunset\/","twitter_card":"summary_large_image","twitter_title":"Trail de la Vall\u00e9e des Lacs : Maxime Vannesson finit en solitaire sur la Sunset - Remiremont Info","twitter_description":"C\u2019est parti pour cette nouvelle \u00e9dition du Trail de la Vall\u00e9e des Lacs dont le camp de base est de [&hellip;]","twitter_image":"https:\/\/vosgesinfo.fr\/app\/uploads\/sites\/5\/2024\/09\/202206012.jpg","twitter_creator":"@VosgesInfo88","twitter_site":"@VosgesInfo88","twitter_misc":{"\u00c9crit par":"C D","Dur\u00e9e de lecture estim\u00e9e":"1 minute"},"schema":{"@context":"https:\/\/schema.org","@graph":[{"@type":"Article","@id":"https:\/\/vosgesinfo.fr\/remiremontinfo\/2022\/06\/trail-de-vallee-lacs-maxime-vannesson-finit-solitaire-sunset\/#article","isPartOf":{"@id":"https:\/\/vosgesinfo.fr\/remiremontinfo\/2022\/06\/trail-de-vallee-lacs-maxime-vannesson-finit-solitaire-sunset\/"},"author":{"name":"C D","@id":"https:\/\/vosgesinfo.fr\/remiremontinfo\/#\/schema\/person\/3bfd164d5218a185b1db68655a265316"},"headline":"Trail de la Vall\u00e9e des Lacs : Maxime Vannesson finit en solitaire sur la Sunset","datePublished":"2022-06-18T04:26:48+00:00","dateModified":"2022-06-18T04:26:48+00:00","mainEntityOfPage":{"@id":"https:\/\/vosgesinfo.fr\/remiremontinfo\/2022\/06\/trail-de-vallee-lacs-maxime-vannesson-finit-solitaire-sunset\/"},"wordCount":196,"commentCount":0,"publisher":{"@id":"https:\/\/vosgesinfo.fr\/remiremontinfo\/#organization"},"image":{"@id":"https:\/\/vosgesinfo.fr\/remiremontinfo\/2022\/06\/trail-de-vallee-lacs-maxime-vannesson-finit-solitaire-sunset\/#primaryimage"},"thumbnailUrl":"https:\/\/vosgesinfo.fr\/app\/uploads\/sites\/5\/2024\/09\/202206012.jpg","keywords":["athl\u00e9","sport","Vosges"],"articleSection":["A la Une","Sport","Vosges"],"inLanguage":"fr-FR","potentialAction":[{"@type":"CommentAction","name":"Comment","target":["https:\/\/vosgesinfo.fr\/remiremontinfo\/2022\/06\/trail-de-vallee-lacs-maxime-vannesson-finit-solitaire-sunset\/#respond"]}]},{"@type":"WebPage","@id":"https:\/\/vosgesinfo.fr\/remiremontinfo\/2022\/06\/trail-de-vallee-lacs-maxime-vannesson-finit-solitaire-sunset\/","url":"https:\/\/vosgesinfo.fr\/remiremontinfo\/2022\/06\/trail-de-vallee-lacs-maxime-vannesson-finit-solitaire-sunset\/","name":"Trail de la Vall\u00e9e des Lacs : Maxime Vannesson finit en solitaire sur la Sunset - Remiremont Info","isPartOf":{"@id":"https:\/\/vosgesinfo.fr\/remiremontinfo\/#website"},"primaryImageOfPage":{"@id":"https:\/\/vosgesinfo.fr\/remiremontinfo\/2022\/06\/trail-de-vallee-lacs-maxime-vannesson-finit-solitaire-sunset\/#primaryimage"},"image":{"@id":"https:\/\/vosgesinfo.fr\/remiremontinfo\/2022\/06\/trail-de-vallee-lacs-maxime-vannesson-finit-solitaire-sunset\/#primaryimage"},"thumbnailUrl":"https:\/\/vosgesinfo.fr\/app\/uploads\/sites\/5\/2024\/09\/202206012.jpg","datePublished":"2022-06-18T04:26:48+00:00","dateModified":"2022-06-18T04:26:48+00:00","breadcrumb":{"@id":"https:\/\/vosgesinfo.fr\/remiremontinfo\/2022\/06\/trail-de-vallee-lacs-maxime-vannesson-finit-solitaire-sunset\/#breadcrumb"},"inLanguage":"fr-FR","potentialAction":[{"@type":"ReadAction","target":["https:\/\/vosgesinfo.fr\/remiremontinfo\/2022\/06\/trail-de-vallee-lacs-maxime-vannesson-finit-solitaire-sunset\/"]}]},{"@type":"ImageObject","inLanguage":"fr-FR","@id":"https:\/\/vosgesinfo.fr\/remiremontinfo\/2022\/06\/trail-de-vallee-lacs-maxime-vannesson-finit-solitaire-sunset\/#primaryimage","url":"https:\/\/vosgesinfo.fr\/app\/uploads\/sites\/5\/2024\/09\/202206012.jpg","contentUrl":"https:\/\/vosgesinfo.fr\/app\/uploads\/sites\/5\/2024\/09\/202206012.jpg","width":1256,"height":942},{"@type":"BreadcrumbList","@id":"https:\/\/vosgesinfo.fr\/remiremontinfo\/2022\/06\/trail-de-vallee-lacs-maxime-vannesson-finit-solitaire-sunset\/#breadcrumb","itemListElement":[{"@type":"ListItem","position":1,"name":"Home","item":"https:\/\/vosgesinfo.fr\/remiremontinfo\/"},{"@type":"ListItem","position":2,"name":"Trail de la Vall\u00e9e des Lacs : Maxime Vannesson finit en solitaire sur la Sunset"}]},{"@type":"WebSite","@id":"https:\/\/vosgesinfo.fr\/remiremontinfo\/#website","url":"https:\/\/vosgesinfo.fr\/remiremontinfo\/","name":"Remiremont Info","description":"Toute l&#039;actualit\u00e9 de Remiremont","publisher":{"@id":"https:\/\/vosgesinfo.fr\/remiremontinfo\/#organization"},"alternateName":"Toute l'actualit\u00e9 de Remiremont","potentialAction":[{"@type":"SearchAction","target":{"@type":"EntryPoint","urlTemplate":"https:\/\/vosgesinfo.fr\/remiremontinfo\/?s={search_term_string}"},"query-input":"required name=search_term_string"}],"inLanguage":"fr-FR"},{"@type":"Organization","@id":"https:\/\/vosgesinfo.fr\/remiremontinfo\/#organization","name":"Remiremont Info","url":"https:\/\/vosgesinfo.fr\/remiremontinfo\/","logo":{"@type":"ImageObject","inLanguage":"fr-FR","@id":"https:\/\/vosgesinfo.fr\/remiremontinfo\/#\/schema\/logo\/image\/","url":"https:\/\/vosgesinfo.fr\/app\/uploads\/sites\/5\/2023\/08\/favicon-remiremontinfo.png","contentUrl":"https:\/\/vosgesinfo.fr\/app\/uploads\/sites\/5\/2023\/08\/favicon-remiremontinfo.png","width":512,"height":512,"caption":"Remiremont Info"},"image":{"@id":"https:\/\/vosgesinfo.fr\/remiremontinfo\/#\/schema\/logo\/image\/"},"sameAs":["https:\/\/www.facebook.com\/remiremontinfo","https:\/\/x.com\/VosgesInfo88","https:\/\/www.youtube.com\/@vosgesinfo"]},{"@type":"Person","@id":"https:\/\/vosgesinfo.fr\/remiremontinfo\/#\/schema\/person\/3bfd164d5218a185b1db68655a265316","name":"C D","image":{"@type":"ImageObject","inLanguage":"fr-FR","@id":"https:\/\/vosgesinfo.fr\/remiremontinfo\/#\/schema\/person\/image\/","url":"https:\/\/secure.gravatar.com\/avatar\/1f9a70007336511a47468b8f1c66f922b8b7cf617b02a31149ada43893a5d48f?s=96&d=mm&r=g","contentUrl":"https:\/\/secure.gravatar.com\/avatar\/1f9a70007336511a47468b8f1c66f922b8b7cf617b02a31149ada43893a5d48f?s=96&d=mm&r=g","caption":"C D"},"url":"https:\/\/vosgesinfo.fr\/remiremontinfo\/author\/cedric-drevet\/"}]}},"_links":{"self":[{"href":"https:\/\/vosgesinfo.fr\/remiremontinfo\/wp-json\/wp\/v2\/posts\/57529","targetHints":{"allow":["GET"]}}],"collection":[{"href":"https:\/\/vosgesinfo.fr\/remiremontinfo\/wp-json\/wp\/v2\/posts"}],"about":[{"href":"https:\/\/vosgesinfo.fr\/remiremontinfo\/wp-json\/wp\/v2\/types\/post"}],"author":[{"embeddable":true,"href":"https:\/\/vosgesinfo.fr\/remiremontinfo\/wp-json\/wp\/v2\/users\/407"}],"replies":[{"embeddable":true,"href":"https:\/\/vosgesinfo.fr\/remiremontinfo\/wp-json\/wp\/v2\/comments?post=57529"}],"version-history":[{"count":0,"href":"https:\/\/vosgesinfo.fr\/remiremontinfo\/wp-json\/wp\/v2\/posts\/57529\/revisions"}],"wp:featuredmedia":[{"embeddable":true,"href":"https:\/\/vosgesinfo.fr\/remiremontinfo\/wp-json\/wp\/v2\/media\/57530"}],"wp:attachment":[{"href":"https:\/\/vosgesinfo.fr\/remiremontinfo\/wp-json\/wp\/v2\/media?parent=57529"}],"wp:term":[{"taxonomy":"category","embeddable":true,"href":"https:\/\/vosgesinfo.fr\/remiremontinfo\/wp-json\/wp\/v2\/categories?post=57529"},{"taxonomy":"post_tag","embeddable":true,"href":"https:\/\/vosgesinfo.fr\/remiremontinfo\/wp-json\/wp\/v2\/tags?post=57529"}],"curies":[{"name":"wp","href":"https:\/\/api.w.org\/{rel}","templated":true}]}}