{"id":5781,"date":"2024-04-13T10:16:02","date_gmt":"2024-04-13T08:16:02","guid":{"rendered":"https:\/\/vosgesinfo.fr\/remiremontinfo\/?p=5781"},"modified":"2024-04-14T19:46:09","modified_gmt":"2024-04-14T17:46:09","slug":"cap-sur-remiremont-pour-le-salon-de-la-voiture-de-course-retro","status":"publish","type":"post","link":"https:\/\/vosgesinfo.fr\/remiremontinfo\/2024\/04\/cap-sur-remiremont-pour-le-salon-de-la-voiture-de-course-retro\/","title":{"rendered":"Cap sur Remiremont pour le salon de la voiture de course r\u00e9tro !"},"content":{"rendered":"<p><a href=\"https:\/\/vosgesinfo.fr\/app\/uploads\/sites\/5\/2024\/04\/1979-lorraine-1979-167-copie-1-scaled.jpg\"><img decoding=\"async\" class=\"aligncenter size-medium wp-image-5783\" src=\"https:\/\/vosgesinfo.fr\/app\/uploads\/sites\/5\/2024\/04\/1979-lorraine-1979-167-copie-1-300x200.jpg\" alt=\"\" width=\"300\" height=\"200\" srcset=\"https:\/\/vosgesinfo.fr\/app\/uploads\/sites\/5\/2024\/04\/1979-lorraine-1979-167-copie-1-300x200.jpg 300w, https:\/\/vosgesinfo.fr\/app\/uploads\/sites\/5\/2024\/04\/1979-lorraine-1979-167-copie-1-1024x683.jpg 1024w, https:\/\/vosgesinfo.fr\/app\/uploads\/sites\/5\/2024\/04\/1979-lorraine-1979-167-copie-1-768x512.jpg 768w, https:\/\/vosgesinfo.fr\/app\/uploads\/sites\/5\/2024\/04\/1979-lorraine-1979-167-copie-1-1536x1024.jpg 1536w, https:\/\/vosgesinfo.fr\/app\/uploads\/sites\/5\/2024\/04\/1979-lorraine-1979-167-copie-1-2048x1365.jpg 2048w\" sizes=\"(max-width: 300px) 100vw, 300px\" \/><\/a><\/p>\n<p class=\"western\"><b>Organis\u00e9 par l\u2019association \u00ab\u00a0G\u00e9rardmer Auto Passion\u00a0\u00bb, le 22\u00e8me salon de la voiture de course r\u00e9tro s\u2019appr\u00eate \u00e0 poser ses roues dans la cit\u00e9 des chanoinesses. Rendez-vous les samedi 27 et dimanche 28 avril au palais des congr\u00e8s romarimontain pour cet \u00e9v\u00e9nement qui attire de tr\u00e8s nombreux visiteurs. <\/b><\/p>\n<p class=\"western\"><a href=\"https:\/\/vosgesinfo.fr\/app\/uploads\/sites\/5\/2024\/04\/433878905-873500111246516-8377936270665901169-n.jpg\"><img decoding=\"async\" class=\"alignright size-medium wp-image-5784\" src=\"https:\/\/vosgesinfo.fr\/app\/uploads\/sites\/5\/2024\/04\/433878905-873500111246516-8377936270665901169-n-212x300.jpg\" alt=\"\" width=\"212\" height=\"300\" srcset=\"https:\/\/vosgesinfo.fr\/app\/uploads\/sites\/5\/2024\/04\/433878905-873500111246516-8377936270665901169-n-212x300.jpg 212w, https:\/\/vosgesinfo.fr\/app\/uploads\/sites\/5\/2024\/04\/433878905-873500111246516-8377936270665901169-n-724x1024.jpg 724w, https:\/\/vosgesinfo.fr\/app\/uploads\/sites\/5\/2024\/04\/433878905-873500111246516-8377936270665901169-n-768x1086.jpg 768w, https:\/\/vosgesinfo.fr\/app\/uploads\/sites\/5\/2024\/04\/433878905-873500111246516-8377936270665901169-n-1086x1536.jpg 1086w, https:\/\/vosgesinfo.fr\/app\/uploads\/sites\/5\/2024\/04\/433878905-873500111246516-8377936270665901169-n.jpg 1448w\" sizes=\"(max-width: 212px) 100vw, 212px\" \/><\/a>De la perle des Vosges \u00e0 la belle des Vosges, l\u2019ann\u00e9e 2024 est synonyme d\u2019un changement pour l\u2019association \u00ab\u00a0G\u00e9rardmer Auto Passion\u00a0\u00bb que pr\u00e9side Thierry Desjeunes. Organis\u00e9 depuis deux d\u00e9cennies dans la cit\u00e9 g\u00e9romoise, ce salon de la voiture de course r\u00e9tro rejoint Remiremont. Il s\u2019agit l\u00e0 d\u2019une manifestation de marque au sens propre du terme, puisqu\u2019elle r\u00e9unira plus d\u2019une trentaine de v\u00e9hicules de comp\u00e9tition.<\/p>\n<p class=\"western\">Une pr\u00e9sentation unique r\u00e9unissant des voitures de toutes cat\u00e9gories\u00a0: Grand Tourisme, Endurance, Course de C\u00f4te, Rallye. Des mod\u00e8les uniques seront expos\u00e9s \u00e0 l\u2019exemple de la 405 T16 d\u2019Ari Vatanen et de la 208 T16 avec laquelle S\u00e9bastien Loeb a effectu\u00e9 la mont\u00e9e du Pikes Peak dans l\u2019\u00c9tat am\u00e9ricain du Colorado (record du Monde 2013).<\/p>\n<p class=\"western\"><b>Autour du th\u00e8me \u00ab\u00a0les femmes dans la course\u00a0\u00bb<\/b><\/p>\n<div id=\"attachment_5782\" style=\"width: 310px\" class=\"wp-caption alignright\"><a href=\"https:\/\/vosgesinfo.fr\/app\/uploads\/sites\/5\/2024\/04\/anne-baverey-cc-mont-dore-1988-1-scaled.jpg\"><img decoding=\"async\" aria-describedby=\"caption-attachment-5782\" class=\"size-medium wp-image-5782\" src=\"https:\/\/vosgesinfo.fr\/app\/uploads\/sites\/5\/2024\/04\/anne-baverey-cc-mont-dore-1988-1-300x200.jpg\" alt=\"\" width=\"300\" height=\"200\" srcset=\"https:\/\/vosgesinfo.fr\/app\/uploads\/sites\/5\/2024\/04\/anne-baverey-cc-mont-dore-1988-1-300x200.jpg 300w, https:\/\/vosgesinfo.fr\/app\/uploads\/sites\/5\/2024\/04\/anne-baverey-cc-mont-dore-1988-1-1024x683.jpg 1024w, https:\/\/vosgesinfo.fr\/app\/uploads\/sites\/5\/2024\/04\/anne-baverey-cc-mont-dore-1988-1-768x512.jpg 768w, https:\/\/vosgesinfo.fr\/app\/uploads\/sites\/5\/2024\/04\/anne-baverey-cc-mont-dore-1988-1-1536x1024.jpg 1536w, https:\/\/vosgesinfo.fr\/app\/uploads\/sites\/5\/2024\/04\/anne-baverey-cc-mont-dore-1988-1-2048x1365.jpg 2048w\" sizes=\"(max-width: 300px) 100vw, 300px\" \/><\/a><p id=\"caption-attachment-5782\" class=\"wp-caption-text\">Anne BAVEREY CC MONT Dore 1988 (1)<\/p><\/div>\n<p class=\"western\">Cette 22\u00e8me \u00e9dition du salon de la voiture de course r\u00e9tro ne manquera pas d\u2019attrait. Le public y rencontrera des invit\u00e9s au palmar\u00e8s \u00e9loquent, dont le pilote Jean-Claude Andruet, n\u00e9 en 1940 \u00e0 Montreuil. Nomm\u00e9 \u00ab\u00a0le surdou\u00e9\u00a0\u00bb, il cumule les titres dont ceux de champion de France des rallyes 1968 et 1970 et champion d\u2019Europe 1970. Trois ans plus tard, il remporte le rallye de Monte Carlo. Puis engag\u00e9 aupr\u00e8s de marques italiennes, il cumule plusieurs victoires et en 1985, il passe chez Citro\u00ebn. A son actif \u00e9galement, 19 participations aux 24 Heures du Mans entre 1967 et 1989.<\/p>\n<p class=\"western\">Avec pour th\u00e8me \u00ab\u00a0les femmes dans la course\u00a0\u00bb le salon r\u00e9unira aussi deux prestigieuses invit\u00e9es. Anne Baverey, n\u00e9e en 1946 \u00e0 Lyon et si bien nomm\u00e9e \u00ab\u00a0la Reine de la Montagne\u00a0\u00bb, championne de France 2\u00e8me Division 1984 et 10 fois championne de France 1\u00e8re Division. C\u2019est aussi une 1\u00e8re victoire femme en course de c\u00f4te \u00e0 Bagnols-Sabran (1982) et plusieurs manches du championnat d\u2019Europe entre 1987 et 1990.<\/p>\n<p class=\"western\">\n<p class=\"western\">Autre f\u00e9minine \u00e0 l\u2019honneur, Christine Beckers, n\u00e9e en Belgique en 1943, championne des conductrices dans ce pays en 1967, 1968, 1970 et 1972, elle s\u2019est class\u00e9e 3\u00e8me du championnat d\u2019Europe du Tourisme 1970 Division 1, mais encore 3\u00e8me du Grand Prix de N\u00fcrburgring, ainsi qu\u2019une victoire en Coupe des Dames, sans oublier 11 participations aux 24 Heures de Spa et la liste est encore longue\u2026<\/p>\n<p class=\"western\">Parmi d\u2019autres animations\u00a0: circuit siot, vente de miniatures, d\u2019aquarelles et restauration. Samedi 27 avril de 9 h 00 \u00e0 19 h 00 et dimanche 28 de 9 h 00 \u00e0 18 h 00, palais des congr\u00e8s de Remiremont (parking sur place). Entr\u00e9e \u00e0 6 \u20ac (gratuit pour les moins de 12 ans).<\/p>\n<p><a href=\"https:\/\/vosgesinfo.fr\/app\/uploads\/sites\/5\/2024\/04\/peugeot-208-t16-pikes-peak.jpg\"><img decoding=\"async\" class=\"aligncenter size-large wp-image-5785\" src=\"https:\/\/vosgesinfo.fr\/app\/uploads\/sites\/5\/2024\/04\/peugeot-208-t16-pikes-peak-1024x682.jpg\" alt=\"\" width=\"1024\" height=\"682\" srcset=\"https:\/\/vosgesinfo.fr\/app\/uploads\/sites\/5\/2024\/04\/peugeot-208-t16-pikes-peak-1024x682.jpg 1024w, https:\/\/vosgesinfo.fr\/app\/uploads\/sites\/5\/2024\/04\/peugeot-208-t16-pikes-peak-300x200.jpg 300w, https:\/\/vosgesinfo.fr\/app\/uploads\/sites\/5\/2024\/04\/peugeot-208-t16-pikes-peak-768x512.jpg 768w, https:\/\/vosgesinfo.fr\/app\/uploads\/sites\/5\/2024\/04\/peugeot-208-t16-pikes-peak.jpg 1060w\" sizes=\"(max-width: 1024px) 100vw, 1024px\" \/><\/a><\/p>\n","protected":false},"excerpt":{"rendered":"<p>Organis\u00e9 par l\u2019association \u00ab\u00a0G\u00e9rardmer Auto Passion\u00a0\u00bb, le 22\u00e8me salon de la voiture de course r\u00e9tro s\u2019appr\u00eate \u00e0 poser ses roues [&hellip;]<\/p>\n","protected":false},"author":391,"featured_media":5784,"comment_status":"open","ping_status":"open","sticky":false,"template":"","format":"standard","meta":{"footnotes":""},"categories":[26,64,18],"tags":[428],"class_list":["post-5781","post","type-post","status-publish","format-standard","has-post-thumbnail","hentry","category-a-la-une","category-evenements","category-vosges","tag-salon-de-la-voiture-de-course-retro-elles-sont-arrivees"],"acf":[],"yoast_head":"<!-- This site is optimized with the Yoast SEO plugin v22.5 - https:\/\/yoast.com\/wordpress\/plugins\/seo\/ -->\n<title>Cap sur Remiremont pour le salon de la voiture de course r\u00e9tro ! - Remiremont Info<\/title>\n<meta name=\"robots\" content=\"index, follow, max-snippet:-1, max-image-preview:large, max-video-preview:-1\" \/>\n<link rel=\"canonical\" href=\"https:\/\/vosgesinfo.fr\/remiremontinfo\/2024\/04\/cap-sur-remiremont-pour-le-salon-de-la-voiture-de-course-retro\/\" \/>\n<meta name=\"twitter:card\" content=\"summary_large_image\" \/>\n<meta name=\"twitter:title\" content=\"Cap sur Remiremont pour le salon de la voiture de course r\u00e9tro ! - Remiremont Info\" \/>\n<meta name=\"twitter:description\" content=\"Organis\u00e9 par l\u2019association \u00ab\u00a0G\u00e9rardmer Auto Passion\u00a0\u00bb, le 22\u00e8me salon de la voiture de course r\u00e9tro s\u2019appr\u00eate \u00e0 poser ses roues [&hellip;]\" \/>\n<meta name=\"twitter:image\" content=\"https:\/\/vosgesinfo.fr\/app\/uploads\/sites\/5\/2024\/04\/433878905-873500111246516-8377936270665901169-n.jpg\" \/>\n<meta name=\"twitter:creator\" content=\"@VosgesInfo88\" \/>\n<meta name=\"twitter:site\" content=\"@VosgesInfo88\" \/>\n<meta name=\"twitter:label1\" content=\"\u00c9crit par\" \/>\n\t<meta name=\"twitter:data1\" content=\"La redaction\" \/>\n\t<meta name=\"twitter:label2\" content=\"Dur\u00e9e de lecture estim\u00e9e\" \/>\n\t<meta name=\"twitter:data2\" content=\"2 minutes\" \/>\n<script type=\"application\/ld+json\" class=\"yoast-schema-graph\">{\"@context\":\"https:\/\/schema.org\",\"@graph\":[{\"@type\":\"Article\",\"@id\":\"https:\/\/vosgesinfo.fr\/remiremontinfo\/2024\/04\/cap-sur-remiremont-pour-le-salon-de-la-voiture-de-course-retro\/#article\",\"isPartOf\":{\"@id\":\"https:\/\/vosgesinfo.fr\/remiremontinfo\/2024\/04\/cap-sur-remiremont-pour-le-salon-de-la-voiture-de-course-retro\/\"},\"author\":{\"name\":\"La redaction\",\"@id\":\"https:\/\/vosgesinfo.fr\/remiremontinfo\/#\/schema\/person\/27a3695b06db98895b354c0765cdfc31\"},\"headline\":\"Cap sur Remiremont pour le salon de la voiture de course r\u00e9tro !\",\"datePublished\":\"2024-04-13T08:16:02+00:00\",\"dateModified\":\"2024-04-14T17:46:09+00:00\",\"mainEntityOfPage\":{\"@id\":\"https:\/\/vosgesinfo.fr\/remiremontinfo\/2024\/04\/cap-sur-remiremont-pour-le-salon-de-la-voiture-de-course-retro\/\"},\"wordCount\":493,\"commentCount\":0,\"publisher\":{\"@id\":\"https:\/\/vosgesinfo.fr\/remiremontinfo\/#organization\"},\"image\":{\"@id\":\"https:\/\/vosgesinfo.fr\/remiremontinfo\/2024\/04\/cap-sur-remiremont-pour-le-salon-de-la-voiture-de-course-retro\/#primaryimage\"},\"thumbnailUrl\":\"https:\/\/vosgesinfo.fr\/app\/uploads\/sites\/5\/2024\/04\/433878905-873500111246516-8377936270665901169-n.jpg\",\"keywords\":[\"Salon de la voiture de course r\u00e9tro : elles sont arriv\u00e9es !\"],\"articleSection\":[\"A la Une\",\"Ev\u00e8nements\",\"Vosges\"],\"inLanguage\":\"fr-FR\",\"potentialAction\":[{\"@type\":\"CommentAction\",\"name\":\"Comment\",\"target\":[\"https:\/\/vosgesinfo.fr\/remiremontinfo\/2024\/04\/cap-sur-remiremont-pour-le-salon-de-la-voiture-de-course-retro\/#respond\"]}]},{\"@type\":\"WebPage\",\"@id\":\"https:\/\/vosgesinfo.fr\/remiremontinfo\/2024\/04\/cap-sur-remiremont-pour-le-salon-de-la-voiture-de-course-retro\/\",\"url\":\"https:\/\/vosgesinfo.fr\/remiremontinfo\/2024\/04\/cap-sur-remiremont-pour-le-salon-de-la-voiture-de-course-retro\/\",\"name\":\"Cap sur Remiremont pour le salon de la voiture de course r\u00e9tro ! - Remiremont Info\",\"isPartOf\":{\"@id\":\"https:\/\/vosgesinfo.fr\/remiremontinfo\/#website\"},\"primaryImageOfPage\":{\"@id\":\"https:\/\/vosgesinfo.fr\/remiremontinfo\/2024\/04\/cap-sur-remiremont-pour-le-salon-de-la-voiture-de-course-retro\/#primaryimage\"},\"image\":{\"@id\":\"https:\/\/vosgesinfo.fr\/remiremontinfo\/2024\/04\/cap-sur-remiremont-pour-le-salon-de-la-voiture-de-course-retro\/#primaryimage\"},\"thumbnailUrl\":\"https:\/\/vosgesinfo.fr\/app\/uploads\/sites\/5\/2024\/04\/433878905-873500111246516-8377936270665901169-n.jpg\",\"datePublished\":\"2024-04-13T08:16:02+00:00\",\"dateModified\":\"2024-04-14T17:46:09+00:00\",\"breadcrumb\":{\"@id\":\"https:\/\/vosgesinfo.fr\/remiremontinfo\/2024\/04\/cap-sur-remiremont-pour-le-salon-de-la-voiture-de-course-retro\/#breadcrumb\"},\"inLanguage\":\"fr-FR\",\"potentialAction\":[{\"@type\":\"ReadAction\",\"target\":[\"https:\/\/vosgesinfo.fr\/remiremontinfo\/2024\/04\/cap-sur-remiremont-pour-le-salon-de-la-voiture-de-course-retro\/\"]}]},{\"@type\":\"ImageObject\",\"inLanguage\":\"fr-FR\",\"@id\":\"https:\/\/vosgesinfo.fr\/remiremontinfo\/2024\/04\/cap-sur-remiremont-pour-le-salon-de-la-voiture-de-course-retro\/#primaryimage\",\"url\":\"https:\/\/vosgesinfo.fr\/app\/uploads\/sites\/5\/2024\/04\/433878905-873500111246516-8377936270665901169-n.jpg\",\"contentUrl\":\"https:\/\/vosgesinfo.fr\/app\/uploads\/sites\/5\/2024\/04\/433878905-873500111246516-8377936270665901169-n.jpg\",\"width\":1448,\"height\":2048},{\"@type\":\"BreadcrumbList\",\"@id\":\"https:\/\/vosgesinfo.fr\/remiremontinfo\/2024\/04\/cap-sur-remiremont-pour-le-salon-de-la-voiture-de-course-retro\/#breadcrumb\",\"itemListElement\":[{\"@type\":\"ListItem\",\"position\":1,\"name\":\"Home\",\"item\":\"https:\/\/vosgesinfo.fr\/remiremontinfo\/\"},{\"@type\":\"ListItem\",\"position\":2,\"name\":\"Cap sur Remiremont pour le salon de la voiture de course r\u00e9tro !\"}]},{\"@type\":\"WebSite\",\"@id\":\"https:\/\/vosgesinfo.fr\/remiremontinfo\/#website\",\"url\":\"https:\/\/vosgesinfo.fr\/remiremontinfo\/\",\"name\":\"Remiremont Info\",\"description\":\"Toute l&#039;actualit\u00e9 de Remiremont\",\"publisher\":{\"@id\":\"https:\/\/vosgesinfo.fr\/remiremontinfo\/#organization\"},\"alternateName\":\"Toute l'actualit\u00e9 de Remiremont\",\"potentialAction\":[{\"@type\":\"SearchAction\",\"target\":{\"@type\":\"EntryPoint\",\"urlTemplate\":\"https:\/\/vosgesinfo.fr\/remiremontinfo\/?s={search_term_string}\"},\"query-input\":\"required name=search_term_string\"}],\"inLanguage\":\"fr-FR\"},{\"@type\":\"Organization\",\"@id\":\"https:\/\/vosgesinfo.fr\/remiremontinfo\/#organization\",\"name\":\"Remiremont Info\",\"url\":\"https:\/\/vosgesinfo.fr\/remiremontinfo\/\",\"logo\":{\"@type\":\"ImageObject\",\"inLanguage\":\"fr-FR\",\"@id\":\"https:\/\/vosgesinfo.fr\/remiremontinfo\/#\/schema\/logo\/image\/\",\"url\":\"https:\/\/vosgesinfo.fr\/app\/uploads\/sites\/5\/2023\/08\/favicon-remiremontinfo.png\",\"contentUrl\":\"https:\/\/vosgesinfo.fr\/app\/uploads\/sites\/5\/2023\/08\/favicon-remiremontinfo.png\",\"width\":512,\"height\":512,\"caption\":\"Remiremont Info\"},\"image\":{\"@id\":\"https:\/\/vosgesinfo.fr\/remiremontinfo\/#\/schema\/logo\/image\/\"},\"sameAs\":[\"https:\/\/www.facebook.com\/remiremontinfo\",\"https:\/\/x.com\/VosgesInfo88\",\"https:\/\/www.youtube.com\/@vosgesinfo\"]},{\"@type\":\"Person\",\"@id\":\"https:\/\/vosgesinfo.fr\/remiremontinfo\/#\/schema\/person\/27a3695b06db98895b354c0765cdfc31\",\"name\":\"La redaction\",\"image\":{\"@type\":\"ImageObject\",\"inLanguage\":\"fr-FR\",\"@id\":\"https:\/\/vosgesinfo.fr\/remiremontinfo\/#\/schema\/person\/image\/\",\"url\":\"https:\/\/secure.gravatar.com\/avatar\/64c76a78e501cedee55736f43f332df901e1896ae9cd8fad269ae2236dd0e8b6?s=96&d=mm&r=g\",\"contentUrl\":\"https:\/\/secure.gravatar.com\/avatar\/64c76a78e501cedee55736f43f332df901e1896ae9cd8fad269ae2236dd0e8b6?s=96&d=mm&r=g\",\"caption\":\"La redaction\"},\"url\":\"https:\/\/vosgesinfo.fr\/remiremontinfo\/author\/la-redaction\/\"}]}<\/script>\n<!-- \/ Yoast SEO plugin. -->","yoast_head_json":{"title":"Cap sur Remiremont pour le salon de la voiture de course r\u00e9tro ! - Remiremont Info","robots":{"index":"index","follow":"follow","max-snippet":"max-snippet:-1","max-image-preview":"max-image-preview:large","max-video-preview":"max-video-preview:-1"},"canonical":"https:\/\/vosgesinfo.fr\/remiremontinfo\/2024\/04\/cap-sur-remiremont-pour-le-salon-de-la-voiture-de-course-retro\/","twitter_card":"summary_large_image","twitter_title":"Cap sur Remiremont pour le salon de la voiture de course r\u00e9tro ! - Remiremont Info","twitter_description":"Organis\u00e9 par l\u2019association \u00ab\u00a0G\u00e9rardmer Auto Passion\u00a0\u00bb, le 22\u00e8me salon de la voiture de course r\u00e9tro s\u2019appr\u00eate \u00e0 poser ses roues [&hellip;]","twitter_image":"https:\/\/vosgesinfo.fr\/app\/uploads\/sites\/5\/2024\/04\/433878905-873500111246516-8377936270665901169-n.jpg","twitter_creator":"@VosgesInfo88","twitter_site":"@VosgesInfo88","twitter_misc":{"\u00c9crit par":"La redaction","Dur\u00e9e de lecture estim\u00e9e":"2 minutes"},"schema":{"@context":"https:\/\/schema.org","@graph":[{"@type":"Article","@id":"https:\/\/vosgesinfo.fr\/remiremontinfo\/2024\/04\/cap-sur-remiremont-pour-le-salon-de-la-voiture-de-course-retro\/#article","isPartOf":{"@id":"https:\/\/vosgesinfo.fr\/remiremontinfo\/2024\/04\/cap-sur-remiremont-pour-le-salon-de-la-voiture-de-course-retro\/"},"author":{"name":"La redaction","@id":"https:\/\/vosgesinfo.fr\/remiremontinfo\/#\/schema\/person\/27a3695b06db98895b354c0765cdfc31"},"headline":"Cap sur Remiremont pour le salon de la voiture de course r\u00e9tro !","datePublished":"2024-04-13T08:16:02+00:00","dateModified":"2024-04-14T17:46:09+00:00","mainEntityOfPage":{"@id":"https:\/\/vosgesinfo.fr\/remiremontinfo\/2024\/04\/cap-sur-remiremont-pour-le-salon-de-la-voiture-de-course-retro\/"},"wordCount":493,"commentCount":0,"publisher":{"@id":"https:\/\/vosgesinfo.fr\/remiremontinfo\/#organization"},"image":{"@id":"https:\/\/vosgesinfo.fr\/remiremontinfo\/2024\/04\/cap-sur-remiremont-pour-le-salon-de-la-voiture-de-course-retro\/#primaryimage"},"thumbnailUrl":"https:\/\/vosgesinfo.fr\/app\/uploads\/sites\/5\/2024\/04\/433878905-873500111246516-8377936270665901169-n.jpg","keywords":["Salon de la voiture de course r\u00e9tro : elles sont arriv\u00e9es !"],"articleSection":["A la Une","Ev\u00e8nements","Vosges"],"inLanguage":"fr-FR","potentialAction":[{"@type":"CommentAction","name":"Comment","target":["https:\/\/vosgesinfo.fr\/remiremontinfo\/2024\/04\/cap-sur-remiremont-pour-le-salon-de-la-voiture-de-course-retro\/#respond"]}]},{"@type":"WebPage","@id":"https:\/\/vosgesinfo.fr\/remiremontinfo\/2024\/04\/cap-sur-remiremont-pour-le-salon-de-la-voiture-de-course-retro\/","url":"https:\/\/vosgesinfo.fr\/remiremontinfo\/2024\/04\/cap-sur-remiremont-pour-le-salon-de-la-voiture-de-course-retro\/","name":"Cap sur Remiremont pour le salon de la voiture de course r\u00e9tro ! - Remiremont Info","isPartOf":{"@id":"https:\/\/vosgesinfo.fr\/remiremontinfo\/#website"},"primaryImageOfPage":{"@id":"https:\/\/vosgesinfo.fr\/remiremontinfo\/2024\/04\/cap-sur-remiremont-pour-le-salon-de-la-voiture-de-course-retro\/#primaryimage"},"image":{"@id":"https:\/\/vosgesinfo.fr\/remiremontinfo\/2024\/04\/cap-sur-remiremont-pour-le-salon-de-la-voiture-de-course-retro\/#primaryimage"},"thumbnailUrl":"https:\/\/vosgesinfo.fr\/app\/uploads\/sites\/5\/2024\/04\/433878905-873500111246516-8377936270665901169-n.jpg","datePublished":"2024-04-13T08:16:02+00:00","dateModified":"2024-04-14T17:46:09+00:00","breadcrumb":{"@id":"https:\/\/vosgesinfo.fr\/remiremontinfo\/2024\/04\/cap-sur-remiremont-pour-le-salon-de-la-voiture-de-course-retro\/#breadcrumb"},"inLanguage":"fr-FR","potentialAction":[{"@type":"ReadAction","target":["https:\/\/vosgesinfo.fr\/remiremontinfo\/2024\/04\/cap-sur-remiremont-pour-le-salon-de-la-voiture-de-course-retro\/"]}]},{"@type":"ImageObject","inLanguage":"fr-FR","@id":"https:\/\/vosgesinfo.fr\/remiremontinfo\/2024\/04\/cap-sur-remiremont-pour-le-salon-de-la-voiture-de-course-retro\/#primaryimage","url":"https:\/\/vosgesinfo.fr\/app\/uploads\/sites\/5\/2024\/04\/433878905-873500111246516-8377936270665901169-n.jpg","contentUrl":"https:\/\/vosgesinfo.fr\/app\/uploads\/sites\/5\/2024\/04\/433878905-873500111246516-8377936270665901169-n.jpg","width":1448,"height":2048},{"@type":"BreadcrumbList","@id":"https:\/\/vosgesinfo.fr\/remiremontinfo\/2024\/04\/cap-sur-remiremont-pour-le-salon-de-la-voiture-de-course-retro\/#breadcrumb","itemListElement":[{"@type":"ListItem","position":1,"name":"Home","item":"https:\/\/vosgesinfo.fr\/remiremontinfo\/"},{"@type":"ListItem","position":2,"name":"Cap sur Remiremont pour le salon de la voiture de course r\u00e9tro !"}]},{"@type":"WebSite","@id":"https:\/\/vosgesinfo.fr\/remiremontinfo\/#website","url":"https:\/\/vosgesinfo.fr\/remiremontinfo\/","name":"Remiremont Info","description":"Toute l&#039;actualit\u00e9 de Remiremont","publisher":{"@id":"https:\/\/vosgesinfo.fr\/remiremontinfo\/#organization"},"alternateName":"Toute l'actualit\u00e9 de Remiremont","potentialAction":[{"@type":"SearchAction","target":{"@type":"EntryPoint","urlTemplate":"https:\/\/vosgesinfo.fr\/remiremontinfo\/?s={search_term_string}"},"query-input":"required name=search_term_string"}],"inLanguage":"fr-FR"},{"@type":"Organization","@id":"https:\/\/vosgesinfo.fr\/remiremontinfo\/#organization","name":"Remiremont Info","url":"https:\/\/vosgesinfo.fr\/remiremontinfo\/","logo":{"@type":"ImageObject","inLanguage":"fr-FR","@id":"https:\/\/vosgesinfo.fr\/remiremontinfo\/#\/schema\/logo\/image\/","url":"https:\/\/vosgesinfo.fr\/app\/uploads\/sites\/5\/2023\/08\/favicon-remiremontinfo.png","contentUrl":"https:\/\/vosgesinfo.fr\/app\/uploads\/sites\/5\/2023\/08\/favicon-remiremontinfo.png","width":512,"height":512,"caption":"Remiremont Info"},"image":{"@id":"https:\/\/vosgesinfo.fr\/remiremontinfo\/#\/schema\/logo\/image\/"},"sameAs":["https:\/\/www.facebook.com\/remiremontinfo","https:\/\/x.com\/VosgesInfo88","https:\/\/www.youtube.com\/@vosgesinfo"]},{"@type":"Person","@id":"https:\/\/vosgesinfo.fr\/remiremontinfo\/#\/schema\/person\/27a3695b06db98895b354c0765cdfc31","name":"La redaction","image":{"@type":"ImageObject","inLanguage":"fr-FR","@id":"https:\/\/vosgesinfo.fr\/remiremontinfo\/#\/schema\/person\/image\/","url":"https:\/\/secure.gravatar.com\/avatar\/64c76a78e501cedee55736f43f332df901e1896ae9cd8fad269ae2236dd0e8b6?s=96&d=mm&r=g","contentUrl":"https:\/\/secure.gravatar.com\/avatar\/64c76a78e501cedee55736f43f332df901e1896ae9cd8fad269ae2236dd0e8b6?s=96&d=mm&r=g","caption":"La redaction"},"url":"https:\/\/vosgesinfo.fr\/remiremontinfo\/author\/la-redaction\/"}]}},"_links":{"self":[{"href":"https:\/\/vosgesinfo.fr\/remiremontinfo\/wp-json\/wp\/v2\/posts\/5781","targetHints":{"allow":["GET"]}}],"collection":[{"href":"https:\/\/vosgesinfo.fr\/remiremontinfo\/wp-json\/wp\/v2\/posts"}],"about":[{"href":"https:\/\/vosgesinfo.fr\/remiremontinfo\/wp-json\/wp\/v2\/types\/post"}],"author":[{"embeddable":true,"href":"https:\/\/vosgesinfo.fr\/remiremontinfo\/wp-json\/wp\/v2\/users\/391"}],"replies":[{"embeddable":true,"href":"https:\/\/vosgesinfo.fr\/remiremontinfo\/wp-json\/wp\/v2\/comments?post=5781"}],"version-history":[{"count":1,"href":"https:\/\/vosgesinfo.fr\/remiremontinfo\/wp-json\/wp\/v2\/posts\/5781\/revisions"}],"predecessor-version":[{"id":5786,"href":"https:\/\/vosgesinfo.fr\/remiremontinfo\/wp-json\/wp\/v2\/posts\/5781\/revisions\/5786"}],"wp:featuredmedia":[{"embeddable":true,"href":"https:\/\/vosgesinfo.fr\/remiremontinfo\/wp-json\/wp\/v2\/media\/5784"}],"wp:attachment":[{"href":"https:\/\/vosgesinfo.fr\/remiremontinfo\/wp-json\/wp\/v2\/media?parent=5781"}],"wp:term":[{"taxonomy":"category","embeddable":true,"href":"https:\/\/vosgesinfo.fr\/remiremontinfo\/wp-json\/wp\/v2\/categories?post=5781"},{"taxonomy":"post_tag","embeddable":true,"href":"https:\/\/vosgesinfo.fr\/remiremontinfo\/wp-json\/wp\/v2\/tags?post=5781"}],"curies":[{"name":"wp","href":"https:\/\/api.w.org\/{rel}","templated":true}]}}