{"id":5787,"date":"2024-04-13T18:04:34","date_gmt":"2024-04-13T16:04:34","guid":{"rendered":"https:\/\/vosgesinfo.fr\/remiremontinfo\/?p=5787"},"modified":"2024-04-13T18:05:46","modified_gmt":"2024-04-13T16:05:46","slug":"remiremont-le-kiosque-renove-de-facon-remarquable","status":"publish","type":"post","link":"https:\/\/vosgesinfo.fr\/remiremontinfo\/2024\/04\/remiremont-le-kiosque-renove-de-facon-remarquable\/","title":{"rendered":"Remiremont, Le Kiosque r\u00e9nov\u00e9 de fa\u00e7on remarquable !"},"content":{"rendered":"<p><img decoding=\"async\" class=\"size-large wp-image-5788 aligncenter\" src=\"https:\/\/vosgesinfo.fr\/app\/uploads\/sites\/5\/2024\/04\/inauguration-kiosque-77-1024x683.jpg\" alt=\"\" width=\"1024\" height=\"683\" srcset=\"https:\/\/vosgesinfo.fr\/app\/uploads\/sites\/5\/2024\/04\/inauguration-kiosque-77-1024x683.jpg 1024w, https:\/\/vosgesinfo.fr\/app\/uploads\/sites\/5\/2024\/04\/inauguration-kiosque-77-300x200.jpg 300w, https:\/\/vosgesinfo.fr\/app\/uploads\/sites\/5\/2024\/04\/inauguration-kiosque-77-768x512.jpg 768w, https:\/\/vosgesinfo.fr\/app\/uploads\/sites\/5\/2024\/04\/inauguration-kiosque-77-1536x1024.jpg 1536w, https:\/\/vosgesinfo.fr\/app\/uploads\/sites\/5\/2024\/04\/inauguration-kiosque-77-2048x1365.jpg 2048w\" sizes=\"(max-width: 1024px) 100vw, 1024px\" \/><\/p>\n<p><strong>Apr\u00e8s plusieurs mois de travaux, l&#8217;embl\u00e9matique Kiosque du Calvaire de Remiremont a retrouv\u00e9 toute sa beaut\u00e9 d&rsquo;antan. Pour f\u00eater cette renaissance, la Ville de Remiremont a souhait\u00e9 organiser une journ\u00e9e d&rsquo;inauguration festive et conviviale.<\/strong><\/p>\n<p><a href=\"https:\/\/vosgesinfo.fr\/app\/uploads\/sites\/5\/2024\/04\/inauguration-kiosque-70-scaled.jpg\"><img decoding=\"async\" class=\"size-medium wp-image-5789 alignright\" src=\"https:\/\/vosgesinfo.fr\/app\/uploads\/sites\/5\/2024\/04\/inauguration-kiosque-70-200x300.jpg\" alt=\"\" width=\"200\" height=\"300\" srcset=\"https:\/\/vosgesinfo.fr\/app\/uploads\/sites\/5\/2024\/04\/inauguration-kiosque-70-200x300.jpg 200w, https:\/\/vosgesinfo.fr\/app\/uploads\/sites\/5\/2024\/04\/inauguration-kiosque-70-683x1024.jpg 683w, https:\/\/vosgesinfo.fr\/app\/uploads\/sites\/5\/2024\/04\/inauguration-kiosque-70-768x1152.jpg 768w, https:\/\/vosgesinfo.fr\/app\/uploads\/sites\/5\/2024\/04\/inauguration-kiosque-70-1024x1536.jpg 1024w, https:\/\/vosgesinfo.fr\/app\/uploads\/sites\/5\/2024\/04\/inauguration-kiosque-70-1365x2048.jpg 1365w, https:\/\/vosgesinfo.fr\/app\/uploads\/sites\/5\/2024\/04\/inauguration-kiosque-70-scaled.jpg 1707w\" sizes=\"(max-width: 200px) 100vw, 200px\" \/><\/a>C\u2019est donc par ce beau samedi ensoleill\u00e9, que devant une foule nombreuse de Romarimontains (nes) et entour\u00e9 de nombreux \u00e9lus que le Maire, Jean-Beno\u00eet Tisserand a pris la parole. En guise d\u2019introduction, il a rappel\u00e9 son attachement personnel \u00e0 ce lieu, \u00e0 ce kiosque qu\u2019il connait depuis son enfance, a fr\u00e9quent\u00e9 au cours de son adolescence puis ensuite en famille. Il est vrai qu\u2019avant sa fermeture, pour des raisons \u00e9videntes de s\u00e9curit\u00e9, ce lieu de calme et de nature \u00e0 deux pas du centre-ville \u00e9tait depuis toujours (1876) pris\u00e9 par toutes les g\u00e9n\u00e9rations.<\/p>\n<p>Apr\u00e8s les avoir f\u00e9licit\u00e9 et remerci\u00e9 pour cette r\u00e9novation remarquable, Jean-Beno\u00eet Tisserand a donn\u00e9 la parole aux responsables des entreprises (Porta-Brolis, Cornu Fr\u00e8res, Haha Architecture\u2026) ayant particip\u00e9 \u00e0 cette belle r\u00e9ussite. La joie et la fiert\u00e9 d\u2019avoir contribu\u00e9 \u00e0 ce chantier particulier et embl\u00e9matique \u00e9tait partag\u00e9e par tous les intervenants. Notons ici que la charpente a \u00e9t\u00e9 r\u00e9alis\u00e9e en Douglas (qui ne n\u00e9cessite aucun traitement) et la couverture en bois de ch\u00e2taignier (comme le Clocher de l\u2019abbatiale) ne compte pas moins de 5000 pi\u00e8ces fabriqu\u00e9es individuellement.<\/p>\n<p><a href=\"https:\/\/vosgesinfo.fr\/app\/uploads\/sites\/5\/2024\/04\/inauguration-kiosque-85-scaled.jpg\"><img decoding=\"async\" class=\"alignright size-medium wp-image-5791\" src=\"https:\/\/vosgesinfo.fr\/app\/uploads\/sites\/5\/2024\/04\/inauguration-kiosque-85-200x300.jpg\" alt=\"\" width=\"200\" height=\"300\" srcset=\"https:\/\/vosgesinfo.fr\/app\/uploads\/sites\/5\/2024\/04\/inauguration-kiosque-85-200x300.jpg 200w, https:\/\/vosgesinfo.fr\/app\/uploads\/sites\/5\/2024\/04\/inauguration-kiosque-85-683x1024.jpg 683w, https:\/\/vosgesinfo.fr\/app\/uploads\/sites\/5\/2024\/04\/inauguration-kiosque-85-768x1152.jpg 768w, https:\/\/vosgesinfo.fr\/app\/uploads\/sites\/5\/2024\/04\/inauguration-kiosque-85-1024x1536.jpg 1024w, https:\/\/vosgesinfo.fr\/app\/uploads\/sites\/5\/2024\/04\/inauguration-kiosque-85-1365x2048.jpg 1365w, https:\/\/vosgesinfo.fr\/app\/uploads\/sites\/5\/2024\/04\/inauguration-kiosque-85-scaled.jpg 1707w\" sizes=\"(max-width: 200px) 100vw, 200px\" \/><\/a>Les \u00e9lus et repr\u00e9sentants des financeurs (Conseil R\u00e9gional et d\u00e9partemental, fonds Europ\u00e9ens, Fondation du Patrimoine\u2026) se sont ensuite succ\u00e9d\u00e9 permettant \u00e0 chacun de se rendre compte qu\u2019un projet de ce type (d\u2019un montant total de 120 000\u20ac) est aussi une r\u00e9alisation et une vision d\u2019ensemble. Avant que tous soient invit\u00e9s \u00e0 partager un verre de l\u2019amiti\u00e9 bienvenu, le symbolique ruban a \u00e9t\u00e9 coup\u00e9 marquant le d\u00e9but d\u2019une nouvelle histoire pour le kiosque qui est amen\u00e9 \u00e0 redevenir un lieu de rendez-vous, d\u2019animation et de d\u00e9tente.<\/p>\n<p>La journ\u00e9e s\u2019est ensuite poursuivie avec concerts, spectacles, ateliers pour enfants, food-truck et exposition\u2026 de quoi faire le bonheur des petits et des grands !<\/p>\n<p><strong>PM<\/strong><\/p>\n\n\t\t<style type=\"text\/css\">\n\t\t\t#gallery-1 {\n\t\t\t\tmargin: auto;\n\t\t\t}\n\t\t\t#gallery-1 .gallery-item {\n\t\t\t\tfloat: left;\n\t\t\t\tmargin-top: 10px;\n\t\t\t\ttext-align: center;\n\t\t\t\twidth: 50%;\n\t\t\t}\n\t\t\t#gallery-1 img {\n\t\t\t\tborder: 2px solid #cfcfcf;\n\t\t\t}\n\t\t\t#gallery-1 .gallery-caption {\n\t\t\t\tmargin-left: 0;\n\t\t\t}\n\t\t\t\/* see gallery_shortcode() in wp-includes\/media.php *\/\n\t\t<\/style>\n\t\t<div id='gallery-1' class='gallery galleryid-5787 gallery-columns-2 gallery-size-medium'><dl class='gallery-item'>\n\t\t\t<dt class='gallery-icon landscape'>\n\t\t\t\t<a href='https:\/\/vosgesinfo.fr\/app\/uploads\/sites\/5\/2024\/04\/inauguration-kiosque-91-scaled.jpg'><img decoding=\"async\" width=\"300\" height=\"200\" src=\"https:\/\/vosgesinfo.fr\/app\/uploads\/sites\/5\/2024\/04\/inauguration-kiosque-91-300x200.jpg\" class=\"attachment-medium size-medium\" alt=\"\" srcset=\"https:\/\/vosgesinfo.fr\/app\/uploads\/sites\/5\/2024\/04\/inauguration-kiosque-91-300x200.jpg 300w, https:\/\/vosgesinfo.fr\/app\/uploads\/sites\/5\/2024\/04\/inauguration-kiosque-91-1024x683.jpg 1024w, https:\/\/vosgesinfo.fr\/app\/uploads\/sites\/5\/2024\/04\/inauguration-kiosque-91-768x512.jpg 768w, https:\/\/vosgesinfo.fr\/app\/uploads\/sites\/5\/2024\/04\/inauguration-kiosque-91-1536x1024.jpg 1536w, https:\/\/vosgesinfo.fr\/app\/uploads\/sites\/5\/2024\/04\/inauguration-kiosque-91-2048x1365.jpg 2048w\" sizes=\"(max-width: 300px) 100vw, 300px\" \/><\/a>\n\t\t\t<\/dt><\/dl><dl class='gallery-item'>\n\t\t\t<dt class='gallery-icon landscape'>\n\t\t\t\t<a href='https:\/\/vosgesinfo.fr\/app\/uploads\/sites\/5\/2024\/04\/inauguration-kiosque-34-scaled.jpg'><img decoding=\"async\" width=\"300\" height=\"200\" src=\"https:\/\/vosgesinfo.fr\/app\/uploads\/sites\/5\/2024\/04\/inauguration-kiosque-34-300x200.jpg\" class=\"attachment-medium size-medium\" alt=\"\" srcset=\"https:\/\/vosgesinfo.fr\/app\/uploads\/sites\/5\/2024\/04\/inauguration-kiosque-34-300x200.jpg 300w, https:\/\/vosgesinfo.fr\/app\/uploads\/sites\/5\/2024\/04\/inauguration-kiosque-34-1024x683.jpg 1024w, https:\/\/vosgesinfo.fr\/app\/uploads\/sites\/5\/2024\/04\/inauguration-kiosque-34-768x512.jpg 768w, https:\/\/vosgesinfo.fr\/app\/uploads\/sites\/5\/2024\/04\/inauguration-kiosque-34-1536x1024.jpg 1536w, https:\/\/vosgesinfo.fr\/app\/uploads\/sites\/5\/2024\/04\/inauguration-kiosque-34-2048x1365.jpg 2048w\" sizes=\"(max-width: 300px) 100vw, 300px\" \/><\/a>\n\t\t\t<\/dt><\/dl><br style=\"clear: both\" \/>\n\t\t<\/div>\n\n","protected":false},"excerpt":{"rendered":"<p>Apr\u00e8s plusieurs mois de travaux, l&#8217;embl\u00e9matique Kiosque du Calvaire de Remiremont a retrouv\u00e9 toute sa beaut\u00e9 d&rsquo;antan. Pour f\u00eater cette [&hellip;]<\/p>\n","protected":false},"author":413,"featured_media":5788,"comment_status":"open","ping_status":"open","sticky":false,"template":"","format":"standard","meta":{"footnotes":""},"categories":[26,64,124,35],"tags":[980],"class_list":["post-5787","post","type-post","status-publish","format-standard","has-post-thumbnail","hentry","category-a-la-une","category-evenements","category-fetes","category-remiremont-son-canton","tag-kiosque-du-calvaire"],"acf":[],"yoast_head":"<!-- This site is optimized with the Yoast SEO plugin v22.5 - https:\/\/yoast.com\/wordpress\/plugins\/seo\/ -->\n<title>Remiremont, Le Kiosque r\u00e9nov\u00e9 de fa\u00e7on remarquable ! - Remiremont Info<\/title>\n<meta name=\"robots\" content=\"index, follow, max-snippet:-1, max-image-preview:large, max-video-preview:-1\" \/>\n<link rel=\"canonical\" href=\"https:\/\/vosgesinfo.fr\/remiremontinfo\/2024\/04\/remiremont-le-kiosque-renove-de-facon-remarquable\/\" \/>\n<meta name=\"twitter:card\" content=\"summary_large_image\" \/>\n<meta name=\"twitter:title\" content=\"Remiremont, Le Kiosque r\u00e9nov\u00e9 de fa\u00e7on remarquable ! - Remiremont Info\" \/>\n<meta name=\"twitter:description\" content=\"Apr\u00e8s plusieurs mois de travaux, l&#8217;embl\u00e9matique Kiosque du Calvaire de Remiremont a retrouv\u00e9 toute sa beaut\u00e9 d&rsquo;antan. Pour f\u00eater cette [&hellip;]\" \/>\n<meta name=\"twitter:image\" content=\"https:\/\/vosgesinfo.fr\/app\/uploads\/sites\/5\/2024\/04\/inauguration-kiosque-77-scaled.jpg\" \/>\n<meta name=\"twitter:creator\" content=\"@VosgesInfo88\" \/>\n<meta name=\"twitter:site\" content=\"@VosgesInfo88\" \/>\n<meta name=\"twitter:label1\" content=\"\u00c9crit par\" \/>\n\t<meta name=\"twitter:data1\" content=\"P.M\" \/>\n\t<meta name=\"twitter:label2\" content=\"Dur\u00e9e de lecture estim\u00e9e\" \/>\n\t<meta name=\"twitter:data2\" content=\"2 minutes\" \/>\n<script type=\"application\/ld+json\" class=\"yoast-schema-graph\">{\"@context\":\"https:\/\/schema.org\",\"@graph\":[{\"@type\":\"Article\",\"@id\":\"https:\/\/vosgesinfo.fr\/remiremontinfo\/2024\/04\/remiremont-le-kiosque-renove-de-facon-remarquable\/#article\",\"isPartOf\":{\"@id\":\"https:\/\/vosgesinfo.fr\/remiremontinfo\/2024\/04\/remiremont-le-kiosque-renove-de-facon-remarquable\/\"},\"author\":{\"name\":\"P.M\",\"@id\":\"https:\/\/vosgesinfo.fr\/remiremontinfo\/#\/schema\/person\/a6fd2dde36da20be3679f2058b94c5b8\"},\"headline\":\"Remiremont, Le Kiosque r\u00e9nov\u00e9 de fa\u00e7on remarquable !\",\"datePublished\":\"2024-04-13T16:04:34+00:00\",\"dateModified\":\"2024-04-13T16:05:46+00:00\",\"mainEntityOfPage\":{\"@id\":\"https:\/\/vosgesinfo.fr\/remiremontinfo\/2024\/04\/remiremont-le-kiosque-renove-de-facon-remarquable\/\"},\"wordCount\":376,\"commentCount\":1,\"publisher\":{\"@id\":\"https:\/\/vosgesinfo.fr\/remiremontinfo\/#organization\"},\"image\":{\"@id\":\"https:\/\/vosgesinfo.fr\/remiremontinfo\/2024\/04\/remiremont-le-kiosque-renove-de-facon-remarquable\/#primaryimage\"},\"thumbnailUrl\":\"https:\/\/vosgesinfo.fr\/app\/uploads\/sites\/5\/2024\/04\/inauguration-kiosque-77-scaled.jpg\",\"keywords\":[\"Kiosque du calvaire\"],\"articleSection\":[\"A la Une\",\"Ev\u00e8nements\",\"F\u00eates\",\"Remiremont &amp; son canton\"],\"inLanguage\":\"fr-FR\",\"potentialAction\":[{\"@type\":\"CommentAction\",\"name\":\"Comment\",\"target\":[\"https:\/\/vosgesinfo.fr\/remiremontinfo\/2024\/04\/remiremont-le-kiosque-renove-de-facon-remarquable\/#respond\"]}]},{\"@type\":\"WebPage\",\"@id\":\"https:\/\/vosgesinfo.fr\/remiremontinfo\/2024\/04\/remiremont-le-kiosque-renove-de-facon-remarquable\/\",\"url\":\"https:\/\/vosgesinfo.fr\/remiremontinfo\/2024\/04\/remiremont-le-kiosque-renove-de-facon-remarquable\/\",\"name\":\"Remiremont, Le Kiosque r\u00e9nov\u00e9 de fa\u00e7on remarquable ! - Remiremont Info\",\"isPartOf\":{\"@id\":\"https:\/\/vosgesinfo.fr\/remiremontinfo\/#website\"},\"primaryImageOfPage\":{\"@id\":\"https:\/\/vosgesinfo.fr\/remiremontinfo\/2024\/04\/remiremont-le-kiosque-renove-de-facon-remarquable\/#primaryimage\"},\"image\":{\"@id\":\"https:\/\/vosgesinfo.fr\/remiremontinfo\/2024\/04\/remiremont-le-kiosque-renove-de-facon-remarquable\/#primaryimage\"},\"thumbnailUrl\":\"https:\/\/vosgesinfo.fr\/app\/uploads\/sites\/5\/2024\/04\/inauguration-kiosque-77-scaled.jpg\",\"datePublished\":\"2024-04-13T16:04:34+00:00\",\"dateModified\":\"2024-04-13T16:05:46+00:00\",\"breadcrumb\":{\"@id\":\"https:\/\/vosgesinfo.fr\/remiremontinfo\/2024\/04\/remiremont-le-kiosque-renove-de-facon-remarquable\/#breadcrumb\"},\"inLanguage\":\"fr-FR\",\"potentialAction\":[{\"@type\":\"ReadAction\",\"target\":[\"https:\/\/vosgesinfo.fr\/remiremontinfo\/2024\/04\/remiremont-le-kiosque-renove-de-facon-remarquable\/\"]}]},{\"@type\":\"ImageObject\",\"inLanguage\":\"fr-FR\",\"@id\":\"https:\/\/vosgesinfo.fr\/remiremontinfo\/2024\/04\/remiremont-le-kiosque-renove-de-facon-remarquable\/#primaryimage\",\"url\":\"https:\/\/vosgesinfo.fr\/app\/uploads\/sites\/5\/2024\/04\/inauguration-kiosque-77-scaled.jpg\",\"contentUrl\":\"https:\/\/vosgesinfo.fr\/app\/uploads\/sites\/5\/2024\/04\/inauguration-kiosque-77-scaled.jpg\",\"width\":2560,\"height\":1707},{\"@type\":\"BreadcrumbList\",\"@id\":\"https:\/\/vosgesinfo.fr\/remiremontinfo\/2024\/04\/remiremont-le-kiosque-renove-de-facon-remarquable\/#breadcrumb\",\"itemListElement\":[{\"@type\":\"ListItem\",\"position\":1,\"name\":\"Home\",\"item\":\"https:\/\/vosgesinfo.fr\/remiremontinfo\/\"},{\"@type\":\"ListItem\",\"position\":2,\"name\":\"Remiremont, Le Kiosque r\u00e9nov\u00e9 de fa\u00e7on remarquable !\"}]},{\"@type\":\"WebSite\",\"@id\":\"https:\/\/vosgesinfo.fr\/remiremontinfo\/#website\",\"url\":\"https:\/\/vosgesinfo.fr\/remiremontinfo\/\",\"name\":\"Remiremont Info\",\"description\":\"Toute l&#039;actualit\u00e9 de Remiremont\",\"publisher\":{\"@id\":\"https:\/\/vosgesinfo.fr\/remiremontinfo\/#organization\"},\"alternateName\":\"Toute l'actualit\u00e9 de Remiremont\",\"potentialAction\":[{\"@type\":\"SearchAction\",\"target\":{\"@type\":\"EntryPoint\",\"urlTemplate\":\"https:\/\/vosgesinfo.fr\/remiremontinfo\/?s={search_term_string}\"},\"query-input\":\"required name=search_term_string\"}],\"inLanguage\":\"fr-FR\"},{\"@type\":\"Organization\",\"@id\":\"https:\/\/vosgesinfo.fr\/remiremontinfo\/#organization\",\"name\":\"Remiremont Info\",\"url\":\"https:\/\/vosgesinfo.fr\/remiremontinfo\/\",\"logo\":{\"@type\":\"ImageObject\",\"inLanguage\":\"fr-FR\",\"@id\":\"https:\/\/vosgesinfo.fr\/remiremontinfo\/#\/schema\/logo\/image\/\",\"url\":\"https:\/\/vosgesinfo.fr\/app\/uploads\/sites\/5\/2023\/08\/favicon-remiremontinfo.png\",\"contentUrl\":\"https:\/\/vosgesinfo.fr\/app\/uploads\/sites\/5\/2023\/08\/favicon-remiremontinfo.png\",\"width\":512,\"height\":512,\"caption\":\"Remiremont Info\"},\"image\":{\"@id\":\"https:\/\/vosgesinfo.fr\/remiremontinfo\/#\/schema\/logo\/image\/\"},\"sameAs\":[\"https:\/\/www.facebook.com\/remiremontinfo\",\"https:\/\/x.com\/VosgesInfo88\",\"https:\/\/www.youtube.com\/@vosgesinfo\"]},{\"@type\":\"Person\",\"@id\":\"https:\/\/vosgesinfo.fr\/remiremontinfo\/#\/schema\/person\/a6fd2dde36da20be3679f2058b94c5b8\",\"name\":\"P.M\",\"image\":{\"@type\":\"ImageObject\",\"inLanguage\":\"fr-FR\",\"@id\":\"https:\/\/vosgesinfo.fr\/remiremontinfo\/#\/schema\/person\/image\/\",\"url\":\"https:\/\/secure.gravatar.com\/avatar\/db38f6ef38bb165f6f4d352563f264129673ed4536984fbbcddf700bd12f8a9a?s=96&d=mm&r=g\",\"contentUrl\":\"https:\/\/secure.gravatar.com\/avatar\/db38f6ef38bb165f6f4d352563f264129673ed4536984fbbcddf700bd12f8a9a?s=96&d=mm&r=g\",\"caption\":\"P.M\"},\"url\":\"https:\/\/vosgesinfo.fr\/remiremontinfo\/author\/p-mangel88\/\"}]}<\/script>\n<!-- \/ Yoast SEO plugin. -->","yoast_head_json":{"title":"Remiremont, Le Kiosque r\u00e9nov\u00e9 de fa\u00e7on remarquable ! - Remiremont Info","robots":{"index":"index","follow":"follow","max-snippet":"max-snippet:-1","max-image-preview":"max-image-preview:large","max-video-preview":"max-video-preview:-1"},"canonical":"https:\/\/vosgesinfo.fr\/remiremontinfo\/2024\/04\/remiremont-le-kiosque-renove-de-facon-remarquable\/","twitter_card":"summary_large_image","twitter_title":"Remiremont, Le Kiosque r\u00e9nov\u00e9 de fa\u00e7on remarquable ! - Remiremont Info","twitter_description":"Apr\u00e8s plusieurs mois de travaux, l&#8217;embl\u00e9matique Kiosque du Calvaire de Remiremont a retrouv\u00e9 toute sa beaut\u00e9 d&rsquo;antan. Pour f\u00eater cette [&hellip;]","twitter_image":"https:\/\/vosgesinfo.fr\/app\/uploads\/sites\/5\/2024\/04\/inauguration-kiosque-77-scaled.jpg","twitter_creator":"@VosgesInfo88","twitter_site":"@VosgesInfo88","twitter_misc":{"\u00c9crit par":"P.M","Dur\u00e9e de lecture estim\u00e9e":"2 minutes"},"schema":{"@context":"https:\/\/schema.org","@graph":[{"@type":"Article","@id":"https:\/\/vosgesinfo.fr\/remiremontinfo\/2024\/04\/remiremont-le-kiosque-renove-de-facon-remarquable\/#article","isPartOf":{"@id":"https:\/\/vosgesinfo.fr\/remiremontinfo\/2024\/04\/remiremont-le-kiosque-renove-de-facon-remarquable\/"},"author":{"name":"P.M","@id":"https:\/\/vosgesinfo.fr\/remiremontinfo\/#\/schema\/person\/a6fd2dde36da20be3679f2058b94c5b8"},"headline":"Remiremont, Le Kiosque r\u00e9nov\u00e9 de fa\u00e7on remarquable !","datePublished":"2024-04-13T16:04:34+00:00","dateModified":"2024-04-13T16:05:46+00:00","mainEntityOfPage":{"@id":"https:\/\/vosgesinfo.fr\/remiremontinfo\/2024\/04\/remiremont-le-kiosque-renove-de-facon-remarquable\/"},"wordCount":376,"commentCount":1,"publisher":{"@id":"https:\/\/vosgesinfo.fr\/remiremontinfo\/#organization"},"image":{"@id":"https:\/\/vosgesinfo.fr\/remiremontinfo\/2024\/04\/remiremont-le-kiosque-renove-de-facon-remarquable\/#primaryimage"},"thumbnailUrl":"https:\/\/vosgesinfo.fr\/app\/uploads\/sites\/5\/2024\/04\/inauguration-kiosque-77-scaled.jpg","keywords":["Kiosque du calvaire"],"articleSection":["A la Une","Ev\u00e8nements","F\u00eates","Remiremont &amp; son canton"],"inLanguage":"fr-FR","potentialAction":[{"@type":"CommentAction","name":"Comment","target":["https:\/\/vosgesinfo.fr\/remiremontinfo\/2024\/04\/remiremont-le-kiosque-renove-de-facon-remarquable\/#respond"]}]},{"@type":"WebPage","@id":"https:\/\/vosgesinfo.fr\/remiremontinfo\/2024\/04\/remiremont-le-kiosque-renove-de-facon-remarquable\/","url":"https:\/\/vosgesinfo.fr\/remiremontinfo\/2024\/04\/remiremont-le-kiosque-renove-de-facon-remarquable\/","name":"Remiremont, Le Kiosque r\u00e9nov\u00e9 de fa\u00e7on remarquable ! - Remiremont Info","isPartOf":{"@id":"https:\/\/vosgesinfo.fr\/remiremontinfo\/#website"},"primaryImageOfPage":{"@id":"https:\/\/vosgesinfo.fr\/remiremontinfo\/2024\/04\/remiremont-le-kiosque-renove-de-facon-remarquable\/#primaryimage"},"image":{"@id":"https:\/\/vosgesinfo.fr\/remiremontinfo\/2024\/04\/remiremont-le-kiosque-renove-de-facon-remarquable\/#primaryimage"},"thumbnailUrl":"https:\/\/vosgesinfo.fr\/app\/uploads\/sites\/5\/2024\/04\/inauguration-kiosque-77-scaled.jpg","datePublished":"2024-04-13T16:04:34+00:00","dateModified":"2024-04-13T16:05:46+00:00","breadcrumb":{"@id":"https:\/\/vosgesinfo.fr\/remiremontinfo\/2024\/04\/remiremont-le-kiosque-renove-de-facon-remarquable\/#breadcrumb"},"inLanguage":"fr-FR","potentialAction":[{"@type":"ReadAction","target":["https:\/\/vosgesinfo.fr\/remiremontinfo\/2024\/04\/remiremont-le-kiosque-renove-de-facon-remarquable\/"]}]},{"@type":"ImageObject","inLanguage":"fr-FR","@id":"https:\/\/vosgesinfo.fr\/remiremontinfo\/2024\/04\/remiremont-le-kiosque-renove-de-facon-remarquable\/#primaryimage","url":"https:\/\/vosgesinfo.fr\/app\/uploads\/sites\/5\/2024\/04\/inauguration-kiosque-77-scaled.jpg","contentUrl":"https:\/\/vosgesinfo.fr\/app\/uploads\/sites\/5\/2024\/04\/inauguration-kiosque-77-scaled.jpg","width":2560,"height":1707},{"@type":"BreadcrumbList","@id":"https:\/\/vosgesinfo.fr\/remiremontinfo\/2024\/04\/remiremont-le-kiosque-renove-de-facon-remarquable\/#breadcrumb","itemListElement":[{"@type":"ListItem","position":1,"name":"Home","item":"https:\/\/vosgesinfo.fr\/remiremontinfo\/"},{"@type":"ListItem","position":2,"name":"Remiremont, Le Kiosque r\u00e9nov\u00e9 de fa\u00e7on remarquable !"}]},{"@type":"WebSite","@id":"https:\/\/vosgesinfo.fr\/remiremontinfo\/#website","url":"https:\/\/vosgesinfo.fr\/remiremontinfo\/","name":"Remiremont Info","description":"Toute l&#039;actualit\u00e9 de Remiremont","publisher":{"@id":"https:\/\/vosgesinfo.fr\/remiremontinfo\/#organization"},"alternateName":"Toute l'actualit\u00e9 de Remiremont","potentialAction":[{"@type":"SearchAction","target":{"@type":"EntryPoint","urlTemplate":"https:\/\/vosgesinfo.fr\/remiremontinfo\/?s={search_term_string}"},"query-input":"required name=search_term_string"}],"inLanguage":"fr-FR"},{"@type":"Organization","@id":"https:\/\/vosgesinfo.fr\/remiremontinfo\/#organization","name":"Remiremont Info","url":"https:\/\/vosgesinfo.fr\/remiremontinfo\/","logo":{"@type":"ImageObject","inLanguage":"fr-FR","@id":"https:\/\/vosgesinfo.fr\/remiremontinfo\/#\/schema\/logo\/image\/","url":"https:\/\/vosgesinfo.fr\/app\/uploads\/sites\/5\/2023\/08\/favicon-remiremontinfo.png","contentUrl":"https:\/\/vosgesinfo.fr\/app\/uploads\/sites\/5\/2023\/08\/favicon-remiremontinfo.png","width":512,"height":512,"caption":"Remiremont Info"},"image":{"@id":"https:\/\/vosgesinfo.fr\/remiremontinfo\/#\/schema\/logo\/image\/"},"sameAs":["https:\/\/www.facebook.com\/remiremontinfo","https:\/\/x.com\/VosgesInfo88","https:\/\/www.youtube.com\/@vosgesinfo"]},{"@type":"Person","@id":"https:\/\/vosgesinfo.fr\/remiremontinfo\/#\/schema\/person\/a6fd2dde36da20be3679f2058b94c5b8","name":"P.M","image":{"@type":"ImageObject","inLanguage":"fr-FR","@id":"https:\/\/vosgesinfo.fr\/remiremontinfo\/#\/schema\/person\/image\/","url":"https:\/\/secure.gravatar.com\/avatar\/db38f6ef38bb165f6f4d352563f264129673ed4536984fbbcddf700bd12f8a9a?s=96&d=mm&r=g","contentUrl":"https:\/\/secure.gravatar.com\/avatar\/db38f6ef38bb165f6f4d352563f264129673ed4536984fbbcddf700bd12f8a9a?s=96&d=mm&r=g","caption":"P.M"},"url":"https:\/\/vosgesinfo.fr\/remiremontinfo\/author\/p-mangel88\/"}]}},"_links":{"self":[{"href":"https:\/\/vosgesinfo.fr\/remiremontinfo\/wp-json\/wp\/v2\/posts\/5787","targetHints":{"allow":["GET"]}}],"collection":[{"href":"https:\/\/vosgesinfo.fr\/remiremontinfo\/wp-json\/wp\/v2\/posts"}],"about":[{"href":"https:\/\/vosgesinfo.fr\/remiremontinfo\/wp-json\/wp\/v2\/types\/post"}],"author":[{"embeddable":true,"href":"https:\/\/vosgesinfo.fr\/remiremontinfo\/wp-json\/wp\/v2\/users\/413"}],"replies":[{"embeddable":true,"href":"https:\/\/vosgesinfo.fr\/remiremontinfo\/wp-json\/wp\/v2\/comments?post=5787"}],"version-history":[{"count":5,"href":"https:\/\/vosgesinfo.fr\/remiremontinfo\/wp-json\/wp\/v2\/posts\/5787\/revisions"}],"predecessor-version":[{"id":5806,"href":"https:\/\/vosgesinfo.fr\/remiremontinfo\/wp-json\/wp\/v2\/posts\/5787\/revisions\/5806"}],"wp:featuredmedia":[{"embeddable":true,"href":"https:\/\/vosgesinfo.fr\/remiremontinfo\/wp-json\/wp\/v2\/media\/5788"}],"wp:attachment":[{"href":"https:\/\/vosgesinfo.fr\/remiremontinfo\/wp-json\/wp\/v2\/media?parent=5787"}],"wp:term":[{"taxonomy":"category","embeddable":true,"href":"https:\/\/vosgesinfo.fr\/remiremontinfo\/wp-json\/wp\/v2\/categories?post=5787"},{"taxonomy":"post_tag","embeddable":true,"href":"https:\/\/vosgesinfo.fr\/remiremontinfo\/wp-json\/wp\/v2\/tags?post=5787"}],"curies":[{"name":"wp","href":"https:\/\/api.w.org\/{rel}","templated":true}]}}