{"id":57964,"date":"2022-06-25T10:02:38","date_gmt":"2022-06-25T08:02:38","guid":{"rendered":"https:\/\/vosgesinfo.fr\/remiremontinfo\/2022\/06\/menil-chaleureux-accueil-champion-olympique-clement-noel\/"},"modified":"2022-06-25T10:02:38","modified_gmt":"2022-06-25T08:02:38","slug":"menil-chaleureux-accueil-champion-olympique-clement-noel","status":"publish","type":"post","link":"https:\/\/vosgesinfo.fr\/remiremontinfo\/2022\/06\/menil-chaleureux-accueil-champion-olympique-clement-noel\/","title":{"rendered":"Le M\u00e9nil\u00a0: un chaleureux accueil pour le champion olympique Cl\u00e9ment No\u00ebl"},"content":{"rendered":"<p><a href=\"\/2022\/06\/DSC_1160.jpg\"><img decoding=\"async\" class=\"alignnone size-large wp-image-347364\" src=\"\/2022\/06\/DSC_1160-1024x764.jpg\" alt=\"DSC_1160\" width=\"960\" height=\"716\" \/><\/a><\/p>\n<h2><span style=\"font-size: 12pt;\"><strong>Des dizaines de personnes se sont rassembl\u00e9es ce samedi matin \u00e0 la salle La Familiale au M\u00e9nil, pour accueillir le skieur vosgien et champion olympique Cl\u00e9ment No\u00ebl. Une r\u00e9ception a en effet \u00e9t\u00e9 organis\u00e9e en son honneur.<\/strong><\/span><\/h2>\n<p>De nombreux enfants, notamment, sont venus saluer le m\u00e9daill\u00e9 d\u2019or en ski alpin, qui a remport\u00e9 le slalom sp\u00e9cial, aux jeux Olympiques de P\u00e9kin l\u2019hiver dernier. Plusieurs \u00e9lus \u00e9taient pr\u00e9sents ce mardi \u00e0 l\u2019occasion de cette c\u00e9r\u00e9monie, parmi lesquels le maire de la commune Jean-Fran\u00e7ois Viry, le pr\u00e9sident du Conseil D\u00e9partemental Fran\u00e7ois Vannson, le d\u00e9put\u00e9 Christophe Naegelen et la conseill\u00e8re d\u00e9partementale et maire de Ventron Brigitte Vanson.<\/p>\n<p>Le maire Jean-Fran\u00e7ois Viry a rappel\u00e9 les attaches familiales de Cl\u00e9ment No\u00ebl sur la commune. Le champion olympique est en effet issu d\u2019une famille gu\u00e9donne. Une partie de sa famille vit au M\u00e9nil. L\u2019\u00e9lu a \u00e9galement fait une br\u00e8ve pr\u00e9sentation du parcours du skieur. Cl\u00e9ment No\u00ebl a fait son apprentissage du ski dans les montagnes vosgiennes. La belle r\u00e9ussite sportive du vosgien est <em>\u00ab\u00a0une fiert\u00e9\u00a0\u00bb<\/em>, affirme Jean Fran\u00e7ois Viry. <em>\u00ab\u00a0Lorsque les m\u00e9dias annoncent ses r\u00e9sultats, cela met en valeur nos Vosges\u00a0\u00bb.<\/em><\/p>\n<p><em>\u00ab\u00a0Les Vosges sont une terre de champions\u00a0\u00bb<\/em>, affirme Brigitte Vanson, f\u00e9licitant et remerciant le m\u00e9daill\u00e9 d\u2019or olympique.<em> \u00ab\u00a0Tu as mis en lumi\u00e8re notre station de Ventron et celle du M\u00e9nil\u00a0\u00bb<\/em>. Fran\u00e7ois Vannson, pr\u00e9sident du Conseil D\u00e9partemental, a lui aussi vivement f\u00e9licit\u00e9 le champion, <em>\u00ab\u00a0ambassadeur\u00a0\u00bb<\/em> des Vosges en France et dans le monde. <em>\u00ab\u00a0Nous sommes \u00e9videmment tr\u00e8s fiers de toi, pour ton parcours remarquable\u00a0\u00bb<\/em>. La m\u00e9daille du D\u00e9partement a \u00e9t\u00e9 remise \u00e0 Cl\u00e9ment No\u00ebl.<\/p>\n\n<p>&nbsp;<\/p>\n","protected":false},"excerpt":{"rendered":"<p>Des dizaines de personnes se sont rassembl\u00e9es ce samedi matin \u00e0 la salle La Familiale au M\u00e9nil, pour accueillir le [&hellip;]<\/p>\n","protected":false},"author":407,"featured_media":57965,"comment_status":"open","ping_status":"open","sticky":false,"template":"","format":"standard","meta":{"footnotes":""},"categories":[26,37,14],"tags":[1558,513,355,61,32],"class_list":["post-57964","post","type-post","status-publish","format-standard","has-post-thumbnail","hentry","category-a-la-une","category-le-thillot-son-canton","category-sport","tag-clement-noel","tag-le-menil","tag-ski","tag-sport","tag-vosges"],"acf":[],"yoast_head":"<!-- This site is optimized with the Yoast SEO plugin v22.5 - https:\/\/yoast.com\/wordpress\/plugins\/seo\/ -->\n<title>Le M\u00e9nil\u00a0: un chaleureux accueil pour le champion olympique Cl\u00e9ment No\u00ebl - Remiremont Info<\/title>\n<meta name=\"robots\" content=\"index, follow, max-snippet:-1, max-image-preview:large, max-video-preview:-1\" \/>\n<link rel=\"canonical\" href=\"https:\/\/vosgesinfo.fr\/remiremontinfo\/2022\/06\/menil-chaleureux-accueil-champion-olympique-clement-noel\/\" \/>\n<meta name=\"twitter:card\" content=\"summary_large_image\" \/>\n<meta name=\"twitter:title\" content=\"Le M\u00e9nil\u00a0: un chaleureux accueil pour le champion olympique Cl\u00e9ment No\u00ebl - Remiremont Info\" \/>\n<meta name=\"twitter:description\" content=\"Des dizaines de personnes se sont rassembl\u00e9es ce samedi matin \u00e0 la salle La Familiale au M\u00e9nil, pour accueillir le [&hellip;]\" \/>\n<meta name=\"twitter:image\" content=\"https:\/\/vosgesinfo.fr\/app\/uploads\/sites\/5\/2024\/09\/202206dsc-11971.jpg\" \/>\n<meta name=\"twitter:creator\" content=\"@VosgesInfo88\" \/>\n<meta name=\"twitter:site\" content=\"@VosgesInfo88\" \/>\n<meta name=\"twitter:label1\" content=\"\u00c9crit par\" \/>\n\t<meta name=\"twitter:data1\" content=\"C D\" \/>\n\t<meta name=\"twitter:label2\" content=\"Dur\u00e9e de lecture estim\u00e9e\" \/>\n\t<meta name=\"twitter:data2\" content=\"2 minutes\" \/>\n<script type=\"application\/ld+json\" class=\"yoast-schema-graph\">{\"@context\":\"https:\/\/schema.org\",\"@graph\":[{\"@type\":\"Article\",\"@id\":\"https:\/\/vosgesinfo.fr\/remiremontinfo\/2022\/06\/menil-chaleureux-accueil-champion-olympique-clement-noel\/#article\",\"isPartOf\":{\"@id\":\"https:\/\/vosgesinfo.fr\/remiremontinfo\/2022\/06\/menil-chaleureux-accueil-champion-olympique-clement-noel\/\"},\"author\":{\"name\":\"C D\",\"@id\":\"https:\/\/vosgesinfo.fr\/remiremontinfo\/#\/schema\/person\/3bfd164d5218a185b1db68655a265316\"},\"headline\":\"Le M\u00e9nil\u00a0: un chaleureux accueil pour le champion olympique Cl\u00e9ment No\u00ebl\",\"datePublished\":\"2022-06-25T08:02:38+00:00\",\"dateModified\":\"2022-06-25T08:02:38+00:00\",\"mainEntityOfPage\":{\"@id\":\"https:\/\/vosgesinfo.fr\/remiremontinfo\/2022\/06\/menil-chaleureux-accueil-champion-olympique-clement-noel\/\"},\"wordCount\":329,\"commentCount\":0,\"publisher\":{\"@id\":\"https:\/\/vosgesinfo.fr\/remiremontinfo\/#organization\"},\"image\":{\"@id\":\"https:\/\/vosgesinfo.fr\/remiremontinfo\/2022\/06\/menil-chaleureux-accueil-champion-olympique-clement-noel\/#primaryimage\"},\"thumbnailUrl\":\"https:\/\/vosgesinfo.fr\/app\/uploads\/sites\/5\/2024\/09\/202206dsc-11971.jpg\",\"keywords\":[\"clement noel\",\"Le M\u00e9nil\",\"ski\",\"sport\",\"Vosges\"],\"articleSection\":[\"A la Une\",\"Le Thillot &amp; son canton\",\"Sport\"],\"inLanguage\":\"fr-FR\",\"potentialAction\":[{\"@type\":\"CommentAction\",\"name\":\"Comment\",\"target\":[\"https:\/\/vosgesinfo.fr\/remiremontinfo\/2022\/06\/menil-chaleureux-accueil-champion-olympique-clement-noel\/#respond\"]}]},{\"@type\":\"WebPage\",\"@id\":\"https:\/\/vosgesinfo.fr\/remiremontinfo\/2022\/06\/menil-chaleureux-accueil-champion-olympique-clement-noel\/\",\"url\":\"https:\/\/vosgesinfo.fr\/remiremontinfo\/2022\/06\/menil-chaleureux-accueil-champion-olympique-clement-noel\/\",\"name\":\"Le M\u00e9nil\u00a0: un chaleureux accueil pour le champion olympique Cl\u00e9ment No\u00ebl - Remiremont Info\",\"isPartOf\":{\"@id\":\"https:\/\/vosgesinfo.fr\/remiremontinfo\/#website\"},\"primaryImageOfPage\":{\"@id\":\"https:\/\/vosgesinfo.fr\/remiremontinfo\/2022\/06\/menil-chaleureux-accueil-champion-olympique-clement-noel\/#primaryimage\"},\"image\":{\"@id\":\"https:\/\/vosgesinfo.fr\/remiremontinfo\/2022\/06\/menil-chaleureux-accueil-champion-olympique-clement-noel\/#primaryimage\"},\"thumbnailUrl\":\"https:\/\/vosgesinfo.fr\/app\/uploads\/sites\/5\/2024\/09\/202206dsc-11971.jpg\",\"datePublished\":\"2022-06-25T08:02:38+00:00\",\"dateModified\":\"2022-06-25T08:02:38+00:00\",\"breadcrumb\":{\"@id\":\"https:\/\/vosgesinfo.fr\/remiremontinfo\/2022\/06\/menil-chaleureux-accueil-champion-olympique-clement-noel\/#breadcrumb\"},\"inLanguage\":\"fr-FR\",\"potentialAction\":[{\"@type\":\"ReadAction\",\"target\":[\"https:\/\/vosgesinfo.fr\/remiremontinfo\/2022\/06\/menil-chaleureux-accueil-champion-olympique-clement-noel\/\"]}]},{\"@type\":\"ImageObject\",\"inLanguage\":\"fr-FR\",\"@id\":\"https:\/\/vosgesinfo.fr\/remiremontinfo\/2022\/06\/menil-chaleureux-accueil-champion-olympique-clement-noel\/#primaryimage\",\"url\":\"https:\/\/vosgesinfo.fr\/app\/uploads\/sites\/5\/2024\/09\/202206dsc-11971.jpg\",\"contentUrl\":\"https:\/\/vosgesinfo.fr\/app\/uploads\/sites\/5\/2024\/09\/202206dsc-11971.jpg\",\"width\":1600,\"height\":1164},{\"@type\":\"BreadcrumbList\",\"@id\":\"https:\/\/vosgesinfo.fr\/remiremontinfo\/2022\/06\/menil-chaleureux-accueil-champion-olympique-clement-noel\/#breadcrumb\",\"itemListElement\":[{\"@type\":\"ListItem\",\"position\":1,\"name\":\"Home\",\"item\":\"https:\/\/vosgesinfo.fr\/remiremontinfo\/\"},{\"@type\":\"ListItem\",\"position\":2,\"name\":\"Le M\u00e9nil\u00a0: un chaleureux accueil pour le champion olympique Cl\u00e9ment No\u00ebl\"}]},{\"@type\":\"WebSite\",\"@id\":\"https:\/\/vosgesinfo.fr\/remiremontinfo\/#website\",\"url\":\"https:\/\/vosgesinfo.fr\/remiremontinfo\/\",\"name\":\"Remiremont Info\",\"description\":\"Toute l&#039;actualit\u00e9 de Remiremont\",\"publisher\":{\"@id\":\"https:\/\/vosgesinfo.fr\/remiremontinfo\/#organization\"},\"alternateName\":\"Toute l'actualit\u00e9 de Remiremont\",\"potentialAction\":[{\"@type\":\"SearchAction\",\"target\":{\"@type\":\"EntryPoint\",\"urlTemplate\":\"https:\/\/vosgesinfo.fr\/remiremontinfo\/?s={search_term_string}\"},\"query-input\":\"required name=search_term_string\"}],\"inLanguage\":\"fr-FR\"},{\"@type\":\"Organization\",\"@id\":\"https:\/\/vosgesinfo.fr\/remiremontinfo\/#organization\",\"name\":\"Remiremont Info\",\"url\":\"https:\/\/vosgesinfo.fr\/remiremontinfo\/\",\"logo\":{\"@type\":\"ImageObject\",\"inLanguage\":\"fr-FR\",\"@id\":\"https:\/\/vosgesinfo.fr\/remiremontinfo\/#\/schema\/logo\/image\/\",\"url\":\"https:\/\/vosgesinfo.fr\/app\/uploads\/sites\/5\/2023\/08\/favicon-remiremontinfo.png\",\"contentUrl\":\"https:\/\/vosgesinfo.fr\/app\/uploads\/sites\/5\/2023\/08\/favicon-remiremontinfo.png\",\"width\":512,\"height\":512,\"caption\":\"Remiremont Info\"},\"image\":{\"@id\":\"https:\/\/vosgesinfo.fr\/remiremontinfo\/#\/schema\/logo\/image\/\"},\"sameAs\":[\"https:\/\/www.facebook.com\/remiremontinfo\",\"https:\/\/x.com\/VosgesInfo88\",\"https:\/\/www.youtube.com\/@vosgesinfo\"]},{\"@type\":\"Person\",\"@id\":\"https:\/\/vosgesinfo.fr\/remiremontinfo\/#\/schema\/person\/3bfd164d5218a185b1db68655a265316\",\"name\":\"C D\",\"image\":{\"@type\":\"ImageObject\",\"inLanguage\":\"fr-FR\",\"@id\":\"https:\/\/vosgesinfo.fr\/remiremontinfo\/#\/schema\/person\/image\/\",\"url\":\"https:\/\/secure.gravatar.com\/avatar\/1f9a70007336511a47468b8f1c66f922b8b7cf617b02a31149ada43893a5d48f?s=96&d=mm&r=g\",\"contentUrl\":\"https:\/\/secure.gravatar.com\/avatar\/1f9a70007336511a47468b8f1c66f922b8b7cf617b02a31149ada43893a5d48f?s=96&d=mm&r=g\",\"caption\":\"C D\"},\"url\":\"https:\/\/vosgesinfo.fr\/remiremontinfo\/author\/cedric-drevet\/\"}]}<\/script>\n<!-- \/ Yoast SEO plugin. -->","yoast_head_json":{"title":"Le M\u00e9nil\u00a0: un chaleureux accueil pour le champion olympique Cl\u00e9ment No\u00ebl - Remiremont Info","robots":{"index":"index","follow":"follow","max-snippet":"max-snippet:-1","max-image-preview":"max-image-preview:large","max-video-preview":"max-video-preview:-1"},"canonical":"https:\/\/vosgesinfo.fr\/remiremontinfo\/2022\/06\/menil-chaleureux-accueil-champion-olympique-clement-noel\/","twitter_card":"summary_large_image","twitter_title":"Le M\u00e9nil\u00a0: un chaleureux accueil pour le champion olympique Cl\u00e9ment No\u00ebl - Remiremont Info","twitter_description":"Des dizaines de personnes se sont rassembl\u00e9es ce samedi matin \u00e0 la salle La Familiale au M\u00e9nil, pour accueillir le [&hellip;]","twitter_image":"https:\/\/vosgesinfo.fr\/app\/uploads\/sites\/5\/2024\/09\/202206dsc-11971.jpg","twitter_creator":"@VosgesInfo88","twitter_site":"@VosgesInfo88","twitter_misc":{"\u00c9crit par":"C D","Dur\u00e9e de lecture estim\u00e9e":"2 minutes"},"schema":{"@context":"https:\/\/schema.org","@graph":[{"@type":"Article","@id":"https:\/\/vosgesinfo.fr\/remiremontinfo\/2022\/06\/menil-chaleureux-accueil-champion-olympique-clement-noel\/#article","isPartOf":{"@id":"https:\/\/vosgesinfo.fr\/remiremontinfo\/2022\/06\/menil-chaleureux-accueil-champion-olympique-clement-noel\/"},"author":{"name":"C D","@id":"https:\/\/vosgesinfo.fr\/remiremontinfo\/#\/schema\/person\/3bfd164d5218a185b1db68655a265316"},"headline":"Le M\u00e9nil\u00a0: un chaleureux accueil pour le champion olympique Cl\u00e9ment No\u00ebl","datePublished":"2022-06-25T08:02:38+00:00","dateModified":"2022-06-25T08:02:38+00:00","mainEntityOfPage":{"@id":"https:\/\/vosgesinfo.fr\/remiremontinfo\/2022\/06\/menil-chaleureux-accueil-champion-olympique-clement-noel\/"},"wordCount":329,"commentCount":0,"publisher":{"@id":"https:\/\/vosgesinfo.fr\/remiremontinfo\/#organization"},"image":{"@id":"https:\/\/vosgesinfo.fr\/remiremontinfo\/2022\/06\/menil-chaleureux-accueil-champion-olympique-clement-noel\/#primaryimage"},"thumbnailUrl":"https:\/\/vosgesinfo.fr\/app\/uploads\/sites\/5\/2024\/09\/202206dsc-11971.jpg","keywords":["clement noel","Le M\u00e9nil","ski","sport","Vosges"],"articleSection":["A la Une","Le Thillot &amp; son canton","Sport"],"inLanguage":"fr-FR","potentialAction":[{"@type":"CommentAction","name":"Comment","target":["https:\/\/vosgesinfo.fr\/remiremontinfo\/2022\/06\/menil-chaleureux-accueil-champion-olympique-clement-noel\/#respond"]}]},{"@type":"WebPage","@id":"https:\/\/vosgesinfo.fr\/remiremontinfo\/2022\/06\/menil-chaleureux-accueil-champion-olympique-clement-noel\/","url":"https:\/\/vosgesinfo.fr\/remiremontinfo\/2022\/06\/menil-chaleureux-accueil-champion-olympique-clement-noel\/","name":"Le M\u00e9nil\u00a0: un chaleureux accueil pour le champion olympique Cl\u00e9ment No\u00ebl - Remiremont Info","isPartOf":{"@id":"https:\/\/vosgesinfo.fr\/remiremontinfo\/#website"},"primaryImageOfPage":{"@id":"https:\/\/vosgesinfo.fr\/remiremontinfo\/2022\/06\/menil-chaleureux-accueil-champion-olympique-clement-noel\/#primaryimage"},"image":{"@id":"https:\/\/vosgesinfo.fr\/remiremontinfo\/2022\/06\/menil-chaleureux-accueil-champion-olympique-clement-noel\/#primaryimage"},"thumbnailUrl":"https:\/\/vosgesinfo.fr\/app\/uploads\/sites\/5\/2024\/09\/202206dsc-11971.jpg","datePublished":"2022-06-25T08:02:38+00:00","dateModified":"2022-06-25T08:02:38+00:00","breadcrumb":{"@id":"https:\/\/vosgesinfo.fr\/remiremontinfo\/2022\/06\/menil-chaleureux-accueil-champion-olympique-clement-noel\/#breadcrumb"},"inLanguage":"fr-FR","potentialAction":[{"@type":"ReadAction","target":["https:\/\/vosgesinfo.fr\/remiremontinfo\/2022\/06\/menil-chaleureux-accueil-champion-olympique-clement-noel\/"]}]},{"@type":"ImageObject","inLanguage":"fr-FR","@id":"https:\/\/vosgesinfo.fr\/remiremontinfo\/2022\/06\/menil-chaleureux-accueil-champion-olympique-clement-noel\/#primaryimage","url":"https:\/\/vosgesinfo.fr\/app\/uploads\/sites\/5\/2024\/09\/202206dsc-11971.jpg","contentUrl":"https:\/\/vosgesinfo.fr\/app\/uploads\/sites\/5\/2024\/09\/202206dsc-11971.jpg","width":1600,"height":1164},{"@type":"BreadcrumbList","@id":"https:\/\/vosgesinfo.fr\/remiremontinfo\/2022\/06\/menil-chaleureux-accueil-champion-olympique-clement-noel\/#breadcrumb","itemListElement":[{"@type":"ListItem","position":1,"name":"Home","item":"https:\/\/vosgesinfo.fr\/remiremontinfo\/"},{"@type":"ListItem","position":2,"name":"Le M\u00e9nil\u00a0: un chaleureux accueil pour le champion olympique Cl\u00e9ment No\u00ebl"}]},{"@type":"WebSite","@id":"https:\/\/vosgesinfo.fr\/remiremontinfo\/#website","url":"https:\/\/vosgesinfo.fr\/remiremontinfo\/","name":"Remiremont Info","description":"Toute l&#039;actualit\u00e9 de Remiremont","publisher":{"@id":"https:\/\/vosgesinfo.fr\/remiremontinfo\/#organization"},"alternateName":"Toute l'actualit\u00e9 de Remiremont","potentialAction":[{"@type":"SearchAction","target":{"@type":"EntryPoint","urlTemplate":"https:\/\/vosgesinfo.fr\/remiremontinfo\/?s={search_term_string}"},"query-input":"required name=search_term_string"}],"inLanguage":"fr-FR"},{"@type":"Organization","@id":"https:\/\/vosgesinfo.fr\/remiremontinfo\/#organization","name":"Remiremont Info","url":"https:\/\/vosgesinfo.fr\/remiremontinfo\/","logo":{"@type":"ImageObject","inLanguage":"fr-FR","@id":"https:\/\/vosgesinfo.fr\/remiremontinfo\/#\/schema\/logo\/image\/","url":"https:\/\/vosgesinfo.fr\/app\/uploads\/sites\/5\/2023\/08\/favicon-remiremontinfo.png","contentUrl":"https:\/\/vosgesinfo.fr\/app\/uploads\/sites\/5\/2023\/08\/favicon-remiremontinfo.png","width":512,"height":512,"caption":"Remiremont Info"},"image":{"@id":"https:\/\/vosgesinfo.fr\/remiremontinfo\/#\/schema\/logo\/image\/"},"sameAs":["https:\/\/www.facebook.com\/remiremontinfo","https:\/\/x.com\/VosgesInfo88","https:\/\/www.youtube.com\/@vosgesinfo"]},{"@type":"Person","@id":"https:\/\/vosgesinfo.fr\/remiremontinfo\/#\/schema\/person\/3bfd164d5218a185b1db68655a265316","name":"C D","image":{"@type":"ImageObject","inLanguage":"fr-FR","@id":"https:\/\/vosgesinfo.fr\/remiremontinfo\/#\/schema\/person\/image\/","url":"https:\/\/secure.gravatar.com\/avatar\/1f9a70007336511a47468b8f1c66f922b8b7cf617b02a31149ada43893a5d48f?s=96&d=mm&r=g","contentUrl":"https:\/\/secure.gravatar.com\/avatar\/1f9a70007336511a47468b8f1c66f922b8b7cf617b02a31149ada43893a5d48f?s=96&d=mm&r=g","caption":"C D"},"url":"https:\/\/vosgesinfo.fr\/remiremontinfo\/author\/cedric-drevet\/"}]}},"_links":{"self":[{"href":"https:\/\/vosgesinfo.fr\/remiremontinfo\/wp-json\/wp\/v2\/posts\/57964","targetHints":{"allow":["GET"]}}],"collection":[{"href":"https:\/\/vosgesinfo.fr\/remiremontinfo\/wp-json\/wp\/v2\/posts"}],"about":[{"href":"https:\/\/vosgesinfo.fr\/remiremontinfo\/wp-json\/wp\/v2\/types\/post"}],"author":[{"embeddable":true,"href":"https:\/\/vosgesinfo.fr\/remiremontinfo\/wp-json\/wp\/v2\/users\/407"}],"replies":[{"embeddable":true,"href":"https:\/\/vosgesinfo.fr\/remiremontinfo\/wp-json\/wp\/v2\/comments?post=57964"}],"version-history":[{"count":0,"href":"https:\/\/vosgesinfo.fr\/remiremontinfo\/wp-json\/wp\/v2\/posts\/57964\/revisions"}],"wp:featuredmedia":[{"embeddable":true,"href":"https:\/\/vosgesinfo.fr\/remiremontinfo\/wp-json\/wp\/v2\/media\/57965"}],"wp:attachment":[{"href":"https:\/\/vosgesinfo.fr\/remiremontinfo\/wp-json\/wp\/v2\/media?parent=57964"}],"wp:term":[{"taxonomy":"category","embeddable":true,"href":"https:\/\/vosgesinfo.fr\/remiremontinfo\/wp-json\/wp\/v2\/categories?post=57964"},{"taxonomy":"post_tag","embeddable":true,"href":"https:\/\/vosgesinfo.fr\/remiremontinfo\/wp-json\/wp\/v2\/tags?post=57964"}],"curies":[{"name":"wp","href":"https:\/\/api.w.org\/{rel}","templated":true}]}}