{"id":58148,"date":"2022-06-29T15:48:34","date_gmt":"2022-06-29T13:48:34","guid":{"rendered":"https:\/\/vosgesinfo.fr\/remiremontinfo\/2022\/06\/tour-de-france-fermeture-exceptionnelle-services-finances-publiques\/"},"modified":"2022-06-29T15:48:34","modified_gmt":"2022-06-29T13:48:34","slug":"tour-de-france-fermeture-exceptionnelle-services-finances-publiques","status":"publish","type":"post","link":"https:\/\/vosgesinfo.fr\/remiremontinfo\/2022\/06\/tour-de-france-fermeture-exceptionnelle-services-finances-publiques\/","title":{"rendered":"Tour de France &#8211; fermeture exceptionnelle des services des finances publiques"},"content":{"rendered":"<p><a href=\"\/2022\/06\/service-des-finances-publiques.jpg\"><img decoding=\"async\" class=\"aligncenter size-full wp-image-347650\" src=\"\/2022\/06\/service-des-finances-publiques.jpg\" alt=\"service des finances publiques\" width=\"1200\" height=\"630\" \/><\/a><a href=\"\/2022\/06\/service-des-finances-publiques.jpg\"><br \/>\n<\/a><\/p>\n<p><strong><span style=\"text-decoration: underline;\">Communiqu\u00e9 de presse<\/span><\/strong><\/p>\n<p><u><b>8 juillet 2022\u00a0: Fermeture exceptionnelle des services des finances publiques\u00a0 de Bruy\u00e8res, Cornimont, Le Thillot et G\u00e9rardmer<\/p>\n<p><\/b><\/u>Le vendredi 8 juillet prochain, \u00e0 l\u2019occasion de la 7\u00e8me \u00e9tape du Tour de France, le d\u00e9partement des Vosges sera emprunt\u00e9 par le peloton de courses, qui traversera entre autres les communes de Bruy\u00e8res, Cornimont, Le Thillot et G\u00e9rardmer.<\/p>\n<p>Cet \u00e9v\u00e9nement d\u2019envergure n\u00e9cessite des mesures de s\u00e9curit\u00e9 du parcours emprunt\u00e9 par les coureurs et la caravane publicitaire.<br \/>\nLa circulation sera donc interrompue durant plusieurs heures.<\/p>\n<p>A ce titre, les tr\u00e9soreries de Bruy\u00e8res, Le Thillot, G\u00e9rardmer et son antenne de Cornimont ainsi que le Service des Imp\u00f4ts des Particuliers de G\u00e9rardmer seront exceptionnellement ferm\u00e9s ce vendredi 8 juillet 2022.<\/p>\n","protected":false},"excerpt":{"rendered":"<p>Communiqu\u00e9 de presse 8 juillet 2022\u00a0: Fermeture exceptionnelle des services des finances publiques\u00a0 de Bruy\u00e8res, Cornimont, Le Thillot et G\u00e9rardmer [&hellip;]<\/p>\n","protected":false},"author":408,"featured_media":58149,"comment_status":"open","ping_status":"open","sticky":false,"template":"","format":"standard","meta":{"footnotes":""},"categories":[26,34,62,25,246,14,18],"tags":[79,1500,63,213,4151],"class_list":["post-58148","post","type-post","status-publish","format-standard","has-post-thumbnail","hentry","category-a-la-une","category-cornimont","category-gerardmer","category-la-bresse-son-canton","category-le-tholy","category-sport","category-vosges","tag-cornimont","tag-fermeture-exceptionnelle","tag-gerardmer","tag-le-thillot","tag-services-des-finances-publiques"],"acf":[],"yoast_head":"<!-- This site is optimized with the Yoast SEO plugin v22.5 - https:\/\/yoast.com\/wordpress\/plugins\/seo\/ -->\n<title>Tour de France - fermeture exceptionnelle des services des finances publiques - Remiremont Info<\/title>\n<meta name=\"robots\" content=\"index, follow, max-snippet:-1, max-image-preview:large, max-video-preview:-1\" \/>\n<link rel=\"canonical\" href=\"https:\/\/vosgesinfo.fr\/remiremontinfo\/2022\/06\/tour-de-france-fermeture-exceptionnelle-services-finances-publiques\/\" \/>\n<meta name=\"twitter:card\" content=\"summary_large_image\" \/>\n<meta name=\"twitter:title\" content=\"Tour de France - fermeture exceptionnelle des services des finances publiques - Remiremont Info\" \/>\n<meta name=\"twitter:description\" content=\"Communiqu\u00e9 de presse 8 juillet 2022\u00a0: Fermeture exceptionnelle des services des finances publiques\u00a0 de Bruy\u00e8res, Cornimont, Le Thillot et G\u00e9rardmer [&hellip;]\" \/>\n<meta name=\"twitter:image\" content=\"https:\/\/vosgesinfo.fr\/app\/uploads\/sites\/5\/2024\/09\/202206service-des-finances-publiques.jpg\" \/>\n<meta name=\"twitter:creator\" content=\"@VosgesInfo88\" \/>\n<meta name=\"twitter:site\" content=\"@VosgesInfo88\" \/>\n<meta name=\"twitter:label1\" content=\"\u00c9crit par\" \/>\n\t<meta name=\"twitter:data1\" content=\"C C\" \/>\n\t<meta name=\"twitter:label2\" content=\"Dur\u00e9e de lecture estim\u00e9e\" \/>\n\t<meta name=\"twitter:data2\" content=\"1 minute\" \/>\n<script type=\"application\/ld+json\" class=\"yoast-schema-graph\">{\"@context\":\"https:\/\/schema.org\",\"@graph\":[{\"@type\":\"Article\",\"@id\":\"https:\/\/vosgesinfo.fr\/remiremontinfo\/2022\/06\/tour-de-france-fermeture-exceptionnelle-services-finances-publiques\/#article\",\"isPartOf\":{\"@id\":\"https:\/\/vosgesinfo.fr\/remiremontinfo\/2022\/06\/tour-de-france-fermeture-exceptionnelle-services-finances-publiques\/\"},\"author\":{\"name\":\"C C\",\"@id\":\"https:\/\/vosgesinfo.fr\/remiremontinfo\/#\/schema\/person\/276c790faeebf411fa5a92728db1e3bf\"},\"headline\":\"Tour de France &#8211; fermeture exceptionnelle des services des finances publiques\",\"datePublished\":\"2022-06-29T13:48:34+00:00\",\"dateModified\":\"2022-06-29T13:48:34+00:00\",\"mainEntityOfPage\":{\"@id\":\"https:\/\/vosgesinfo.fr\/remiremontinfo\/2022\/06\/tour-de-france-fermeture-exceptionnelle-services-finances-publiques\/\"},\"wordCount\":139,\"commentCount\":0,\"publisher\":{\"@id\":\"https:\/\/vosgesinfo.fr\/remiremontinfo\/#organization\"},\"image\":{\"@id\":\"https:\/\/vosgesinfo.fr\/remiremontinfo\/2022\/06\/tour-de-france-fermeture-exceptionnelle-services-finances-publiques\/#primaryimage\"},\"thumbnailUrl\":\"https:\/\/vosgesinfo.fr\/app\/uploads\/sites\/5\/2024\/09\/202206service-des-finances-publiques.jpg\",\"keywords\":[\"cornimont\",\"Fermeture exceptionnelle\",\"g\u00e9rardmer\",\"Le Thillot\",\"services des finances publiques\"],\"articleSection\":[\"A la Une\",\"Cornimont\",\"G\u00e9rardmer\",\"La Bresse &amp; son canton\",\"Le Tholy\",\"Sport\",\"Vosges\"],\"inLanguage\":\"fr-FR\",\"potentialAction\":[{\"@type\":\"CommentAction\",\"name\":\"Comment\",\"target\":[\"https:\/\/vosgesinfo.fr\/remiremontinfo\/2022\/06\/tour-de-france-fermeture-exceptionnelle-services-finances-publiques\/#respond\"]}]},{\"@type\":\"WebPage\",\"@id\":\"https:\/\/vosgesinfo.fr\/remiremontinfo\/2022\/06\/tour-de-france-fermeture-exceptionnelle-services-finances-publiques\/\",\"url\":\"https:\/\/vosgesinfo.fr\/remiremontinfo\/2022\/06\/tour-de-france-fermeture-exceptionnelle-services-finances-publiques\/\",\"name\":\"Tour de France - fermeture exceptionnelle des services des finances publiques - Remiremont Info\",\"isPartOf\":{\"@id\":\"https:\/\/vosgesinfo.fr\/remiremontinfo\/#website\"},\"primaryImageOfPage\":{\"@id\":\"https:\/\/vosgesinfo.fr\/remiremontinfo\/2022\/06\/tour-de-france-fermeture-exceptionnelle-services-finances-publiques\/#primaryimage\"},\"image\":{\"@id\":\"https:\/\/vosgesinfo.fr\/remiremontinfo\/2022\/06\/tour-de-france-fermeture-exceptionnelle-services-finances-publiques\/#primaryimage\"},\"thumbnailUrl\":\"https:\/\/vosgesinfo.fr\/app\/uploads\/sites\/5\/2024\/09\/202206service-des-finances-publiques.jpg\",\"datePublished\":\"2022-06-29T13:48:34+00:00\",\"dateModified\":\"2022-06-29T13:48:34+00:00\",\"breadcrumb\":{\"@id\":\"https:\/\/vosgesinfo.fr\/remiremontinfo\/2022\/06\/tour-de-france-fermeture-exceptionnelle-services-finances-publiques\/#breadcrumb\"},\"inLanguage\":\"fr-FR\",\"potentialAction\":[{\"@type\":\"ReadAction\",\"target\":[\"https:\/\/vosgesinfo.fr\/remiremontinfo\/2022\/06\/tour-de-france-fermeture-exceptionnelle-services-finances-publiques\/\"]}]},{\"@type\":\"ImageObject\",\"inLanguage\":\"fr-FR\",\"@id\":\"https:\/\/vosgesinfo.fr\/remiremontinfo\/2022\/06\/tour-de-france-fermeture-exceptionnelle-services-finances-publiques\/#primaryimage\",\"url\":\"https:\/\/vosgesinfo.fr\/app\/uploads\/sites\/5\/2024\/09\/202206service-des-finances-publiques.jpg\",\"contentUrl\":\"https:\/\/vosgesinfo.fr\/app\/uploads\/sites\/5\/2024\/09\/202206service-des-finances-publiques.jpg\",\"width\":1200,\"height\":630},{\"@type\":\"BreadcrumbList\",\"@id\":\"https:\/\/vosgesinfo.fr\/remiremontinfo\/2022\/06\/tour-de-france-fermeture-exceptionnelle-services-finances-publiques\/#breadcrumb\",\"itemListElement\":[{\"@type\":\"ListItem\",\"position\":1,\"name\":\"Home\",\"item\":\"https:\/\/vosgesinfo.fr\/remiremontinfo\/\"},{\"@type\":\"ListItem\",\"position\":2,\"name\":\"Tour de France &#8211; fermeture exceptionnelle des services des finances publiques\"}]},{\"@type\":\"WebSite\",\"@id\":\"https:\/\/vosgesinfo.fr\/remiremontinfo\/#website\",\"url\":\"https:\/\/vosgesinfo.fr\/remiremontinfo\/\",\"name\":\"Remiremont Info\",\"description\":\"Toute l&#039;actualit\u00e9 de Remiremont\",\"publisher\":{\"@id\":\"https:\/\/vosgesinfo.fr\/remiremontinfo\/#organization\"},\"alternateName\":\"Toute l'actualit\u00e9 de Remiremont\",\"potentialAction\":[{\"@type\":\"SearchAction\",\"target\":{\"@type\":\"EntryPoint\",\"urlTemplate\":\"https:\/\/vosgesinfo.fr\/remiremontinfo\/?s={search_term_string}\"},\"query-input\":\"required name=search_term_string\"}],\"inLanguage\":\"fr-FR\"},{\"@type\":\"Organization\",\"@id\":\"https:\/\/vosgesinfo.fr\/remiremontinfo\/#organization\",\"name\":\"Remiremont Info\",\"url\":\"https:\/\/vosgesinfo.fr\/remiremontinfo\/\",\"logo\":{\"@type\":\"ImageObject\",\"inLanguage\":\"fr-FR\",\"@id\":\"https:\/\/vosgesinfo.fr\/remiremontinfo\/#\/schema\/logo\/image\/\",\"url\":\"https:\/\/vosgesinfo.fr\/app\/uploads\/sites\/5\/2023\/08\/favicon-remiremontinfo.png\",\"contentUrl\":\"https:\/\/vosgesinfo.fr\/app\/uploads\/sites\/5\/2023\/08\/favicon-remiremontinfo.png\",\"width\":512,\"height\":512,\"caption\":\"Remiremont Info\"},\"image\":{\"@id\":\"https:\/\/vosgesinfo.fr\/remiremontinfo\/#\/schema\/logo\/image\/\"},\"sameAs\":[\"https:\/\/www.facebook.com\/remiremontinfo\",\"https:\/\/x.com\/VosgesInfo88\",\"https:\/\/www.youtube.com\/@vosgesinfo\"]},{\"@type\":\"Person\",\"@id\":\"https:\/\/vosgesinfo.fr\/remiremontinfo\/#\/schema\/person\/276c790faeebf411fa5a92728db1e3bf\",\"name\":\"C C\",\"image\":{\"@type\":\"ImageObject\",\"inLanguage\":\"fr-FR\",\"@id\":\"https:\/\/vosgesinfo.fr\/remiremontinfo\/#\/schema\/person\/image\/\",\"url\":\"https:\/\/secure.gravatar.com\/avatar\/5d8cbcb33ef212815c403e7c9064550bb7745789474e538b1b1af3e5446b7c84?s=96&d=mm&r=g\",\"contentUrl\":\"https:\/\/secure.gravatar.com\/avatar\/5d8cbcb33ef212815c403e7c9064550bb7745789474e538b1b1af3e5446b7c84?s=96&d=mm&r=g\",\"caption\":\"C C\"},\"url\":\"https:\/\/vosgesinfo.fr\/remiremontinfo\/author\/cathyelisecolin\/\"}]}<\/script>\n<!-- \/ Yoast SEO plugin. -->","yoast_head_json":{"title":"Tour de France - fermeture exceptionnelle des services des finances publiques - Remiremont Info","robots":{"index":"index","follow":"follow","max-snippet":"max-snippet:-1","max-image-preview":"max-image-preview:large","max-video-preview":"max-video-preview:-1"},"canonical":"https:\/\/vosgesinfo.fr\/remiremontinfo\/2022\/06\/tour-de-france-fermeture-exceptionnelle-services-finances-publiques\/","twitter_card":"summary_large_image","twitter_title":"Tour de France - fermeture exceptionnelle des services des finances publiques - Remiremont Info","twitter_description":"Communiqu\u00e9 de presse 8 juillet 2022\u00a0: Fermeture exceptionnelle des services des finances publiques\u00a0 de Bruy\u00e8res, Cornimont, Le Thillot et G\u00e9rardmer [&hellip;]","twitter_image":"https:\/\/vosgesinfo.fr\/app\/uploads\/sites\/5\/2024\/09\/202206service-des-finances-publiques.jpg","twitter_creator":"@VosgesInfo88","twitter_site":"@VosgesInfo88","twitter_misc":{"\u00c9crit par":"C C","Dur\u00e9e de lecture estim\u00e9e":"1 minute"},"schema":{"@context":"https:\/\/schema.org","@graph":[{"@type":"Article","@id":"https:\/\/vosgesinfo.fr\/remiremontinfo\/2022\/06\/tour-de-france-fermeture-exceptionnelle-services-finances-publiques\/#article","isPartOf":{"@id":"https:\/\/vosgesinfo.fr\/remiremontinfo\/2022\/06\/tour-de-france-fermeture-exceptionnelle-services-finances-publiques\/"},"author":{"name":"C C","@id":"https:\/\/vosgesinfo.fr\/remiremontinfo\/#\/schema\/person\/276c790faeebf411fa5a92728db1e3bf"},"headline":"Tour de France &#8211; fermeture exceptionnelle des services des finances publiques","datePublished":"2022-06-29T13:48:34+00:00","dateModified":"2022-06-29T13:48:34+00:00","mainEntityOfPage":{"@id":"https:\/\/vosgesinfo.fr\/remiremontinfo\/2022\/06\/tour-de-france-fermeture-exceptionnelle-services-finances-publiques\/"},"wordCount":139,"commentCount":0,"publisher":{"@id":"https:\/\/vosgesinfo.fr\/remiremontinfo\/#organization"},"image":{"@id":"https:\/\/vosgesinfo.fr\/remiremontinfo\/2022\/06\/tour-de-france-fermeture-exceptionnelle-services-finances-publiques\/#primaryimage"},"thumbnailUrl":"https:\/\/vosgesinfo.fr\/app\/uploads\/sites\/5\/2024\/09\/202206service-des-finances-publiques.jpg","keywords":["cornimont","Fermeture exceptionnelle","g\u00e9rardmer","Le Thillot","services des finances publiques"],"articleSection":["A la Une","Cornimont","G\u00e9rardmer","La Bresse &amp; son canton","Le Tholy","Sport","Vosges"],"inLanguage":"fr-FR","potentialAction":[{"@type":"CommentAction","name":"Comment","target":["https:\/\/vosgesinfo.fr\/remiremontinfo\/2022\/06\/tour-de-france-fermeture-exceptionnelle-services-finances-publiques\/#respond"]}]},{"@type":"WebPage","@id":"https:\/\/vosgesinfo.fr\/remiremontinfo\/2022\/06\/tour-de-france-fermeture-exceptionnelle-services-finances-publiques\/","url":"https:\/\/vosgesinfo.fr\/remiremontinfo\/2022\/06\/tour-de-france-fermeture-exceptionnelle-services-finances-publiques\/","name":"Tour de France - fermeture exceptionnelle des services des finances publiques - Remiremont Info","isPartOf":{"@id":"https:\/\/vosgesinfo.fr\/remiremontinfo\/#website"},"primaryImageOfPage":{"@id":"https:\/\/vosgesinfo.fr\/remiremontinfo\/2022\/06\/tour-de-france-fermeture-exceptionnelle-services-finances-publiques\/#primaryimage"},"image":{"@id":"https:\/\/vosgesinfo.fr\/remiremontinfo\/2022\/06\/tour-de-france-fermeture-exceptionnelle-services-finances-publiques\/#primaryimage"},"thumbnailUrl":"https:\/\/vosgesinfo.fr\/app\/uploads\/sites\/5\/2024\/09\/202206service-des-finances-publiques.jpg","datePublished":"2022-06-29T13:48:34+00:00","dateModified":"2022-06-29T13:48:34+00:00","breadcrumb":{"@id":"https:\/\/vosgesinfo.fr\/remiremontinfo\/2022\/06\/tour-de-france-fermeture-exceptionnelle-services-finances-publiques\/#breadcrumb"},"inLanguage":"fr-FR","potentialAction":[{"@type":"ReadAction","target":["https:\/\/vosgesinfo.fr\/remiremontinfo\/2022\/06\/tour-de-france-fermeture-exceptionnelle-services-finances-publiques\/"]}]},{"@type":"ImageObject","inLanguage":"fr-FR","@id":"https:\/\/vosgesinfo.fr\/remiremontinfo\/2022\/06\/tour-de-france-fermeture-exceptionnelle-services-finances-publiques\/#primaryimage","url":"https:\/\/vosgesinfo.fr\/app\/uploads\/sites\/5\/2024\/09\/202206service-des-finances-publiques.jpg","contentUrl":"https:\/\/vosgesinfo.fr\/app\/uploads\/sites\/5\/2024\/09\/202206service-des-finances-publiques.jpg","width":1200,"height":630},{"@type":"BreadcrumbList","@id":"https:\/\/vosgesinfo.fr\/remiremontinfo\/2022\/06\/tour-de-france-fermeture-exceptionnelle-services-finances-publiques\/#breadcrumb","itemListElement":[{"@type":"ListItem","position":1,"name":"Home","item":"https:\/\/vosgesinfo.fr\/remiremontinfo\/"},{"@type":"ListItem","position":2,"name":"Tour de France &#8211; fermeture exceptionnelle des services des finances publiques"}]},{"@type":"WebSite","@id":"https:\/\/vosgesinfo.fr\/remiremontinfo\/#website","url":"https:\/\/vosgesinfo.fr\/remiremontinfo\/","name":"Remiremont Info","description":"Toute l&#039;actualit\u00e9 de Remiremont","publisher":{"@id":"https:\/\/vosgesinfo.fr\/remiremontinfo\/#organization"},"alternateName":"Toute l'actualit\u00e9 de Remiremont","potentialAction":[{"@type":"SearchAction","target":{"@type":"EntryPoint","urlTemplate":"https:\/\/vosgesinfo.fr\/remiremontinfo\/?s={search_term_string}"},"query-input":"required name=search_term_string"}],"inLanguage":"fr-FR"},{"@type":"Organization","@id":"https:\/\/vosgesinfo.fr\/remiremontinfo\/#organization","name":"Remiremont Info","url":"https:\/\/vosgesinfo.fr\/remiremontinfo\/","logo":{"@type":"ImageObject","inLanguage":"fr-FR","@id":"https:\/\/vosgesinfo.fr\/remiremontinfo\/#\/schema\/logo\/image\/","url":"https:\/\/vosgesinfo.fr\/app\/uploads\/sites\/5\/2023\/08\/favicon-remiremontinfo.png","contentUrl":"https:\/\/vosgesinfo.fr\/app\/uploads\/sites\/5\/2023\/08\/favicon-remiremontinfo.png","width":512,"height":512,"caption":"Remiremont Info"},"image":{"@id":"https:\/\/vosgesinfo.fr\/remiremontinfo\/#\/schema\/logo\/image\/"},"sameAs":["https:\/\/www.facebook.com\/remiremontinfo","https:\/\/x.com\/VosgesInfo88","https:\/\/www.youtube.com\/@vosgesinfo"]},{"@type":"Person","@id":"https:\/\/vosgesinfo.fr\/remiremontinfo\/#\/schema\/person\/276c790faeebf411fa5a92728db1e3bf","name":"C C","image":{"@type":"ImageObject","inLanguage":"fr-FR","@id":"https:\/\/vosgesinfo.fr\/remiremontinfo\/#\/schema\/person\/image\/","url":"https:\/\/secure.gravatar.com\/avatar\/5d8cbcb33ef212815c403e7c9064550bb7745789474e538b1b1af3e5446b7c84?s=96&d=mm&r=g","contentUrl":"https:\/\/secure.gravatar.com\/avatar\/5d8cbcb33ef212815c403e7c9064550bb7745789474e538b1b1af3e5446b7c84?s=96&d=mm&r=g","caption":"C C"},"url":"https:\/\/vosgesinfo.fr\/remiremontinfo\/author\/cathyelisecolin\/"}]}},"_links":{"self":[{"href":"https:\/\/vosgesinfo.fr\/remiremontinfo\/wp-json\/wp\/v2\/posts\/58148","targetHints":{"allow":["GET"]}}],"collection":[{"href":"https:\/\/vosgesinfo.fr\/remiremontinfo\/wp-json\/wp\/v2\/posts"}],"about":[{"href":"https:\/\/vosgesinfo.fr\/remiremontinfo\/wp-json\/wp\/v2\/types\/post"}],"author":[{"embeddable":true,"href":"https:\/\/vosgesinfo.fr\/remiremontinfo\/wp-json\/wp\/v2\/users\/408"}],"replies":[{"embeddable":true,"href":"https:\/\/vosgesinfo.fr\/remiremontinfo\/wp-json\/wp\/v2\/comments?post=58148"}],"version-history":[{"count":0,"href":"https:\/\/vosgesinfo.fr\/remiremontinfo\/wp-json\/wp\/v2\/posts\/58148\/revisions"}],"wp:featuredmedia":[{"embeddable":true,"href":"https:\/\/vosgesinfo.fr\/remiremontinfo\/wp-json\/wp\/v2\/media\/58149"}],"wp:attachment":[{"href":"https:\/\/vosgesinfo.fr\/remiremontinfo\/wp-json\/wp\/v2\/media?parent=58148"}],"wp:term":[{"taxonomy":"category","embeddable":true,"href":"https:\/\/vosgesinfo.fr\/remiremontinfo\/wp-json\/wp\/v2\/categories?post=58148"},{"taxonomy":"post_tag","embeddable":true,"href":"https:\/\/vosgesinfo.fr\/remiremontinfo\/wp-json\/wp\/v2\/tags?post=58148"}],"curies":[{"name":"wp","href":"https:\/\/api.w.org\/{rel}","templated":true}]}}