{"id":58171,"date":"2022-06-30T15:40:17","date_gmt":"2022-06-30T13:40:17","guid":{"rendered":"https:\/\/vosgesinfo.fr\/remiremontinfo\/2022\/06\/httpsepinalinfos-fr20220628-000-points-de-charge-vehicules-electriques-lorraine\/"},"modified":"2022-06-30T15:40:17","modified_gmt":"2022-06-30T13:40:17","slug":"httpsepinalinfos-fr20220628-000-points-de-charge-vehicules-electriques-lorraine","status":"publish","type":"post","link":"https:\/\/vosgesinfo.fr\/remiremontinfo\/2022\/06\/httpsepinalinfos-fr20220628-000-points-de-charge-vehicules-electriques-lorraine\/","title":{"rendered":"28 000 points de charge pour v\u00e9hicules \u00e9lectriques en Lorraine"},"content":{"rendered":"<h2>La France vient de passer le cap du million de points de charge raccord\u00e9s au r\u00e9seau public de distribution d\u2019\u00e9lectricit\u00e9, t\u00e9moignant d\u2019une dynamique et d\u2019un int\u00e9r\u00eat des Fran\u00e7ais pour ce nouvel usage \u00e9lectrique. Les d\u00e9partements de la Meuse, de la Moselle, de la Meurthe-et-Moselle et des Vosges comptent plus de 28 000 points de charge priv\u00e9s et publics.<\/h2>\n","protected":false},"excerpt":{"rendered":"<p>La France vient de passer le cap du million de points de charge raccord\u00e9s au r\u00e9seau public de distribution d\u2019\u00e9lectricit\u00e9, [&hellip;]<\/p>\n","protected":false},"author":408,"featured_media":58172,"comment_status":"open","ping_status":"open","sticky":false,"template":"","format":"standard","meta":{"footnotes":""},"categories":[26,18],"tags":[],"class_list":["post-58171","post","type-post","status-publish","format-standard","has-post-thumbnail","hentry","category-a-la-une","category-vosges"],"acf":[],"yoast_head":"<!-- This site is optimized with the Yoast SEO plugin v22.5 - https:\/\/yoast.com\/wordpress\/plugins\/seo\/ -->\n<title>28 000 points de charge pour v\u00e9hicules \u00e9lectriques en Lorraine - Remiremont Info<\/title>\n<meta name=\"robots\" content=\"index, follow, max-snippet:-1, max-image-preview:large, max-video-preview:-1\" \/>\n<link rel=\"canonical\" href=\"https:\/\/vosgesinfo.fr\/remiremontinfo\/2022\/06\/httpsepinalinfos-fr20220628-000-points-de-charge-vehicules-electriques-lorraine\/\" \/>\n<meta name=\"twitter:card\" content=\"summary_large_image\" \/>\n<meta name=\"twitter:title\" content=\"28 000 points de charge pour v\u00e9hicules \u00e9lectriques en Lorraine - Remiremont Info\" \/>\n<meta name=\"twitter:description\" content=\"La France vient de passer le cap du million de points de charge raccord\u00e9s au r\u00e9seau public de distribution d\u2019\u00e9lectricit\u00e9, [&hellip;]\" \/>\n<meta name=\"twitter:image\" content=\"https:\/\/vosgesinfo.fr\/app\/uploads\/sites\/5\/2024\/09\/202206charge-vehicules-electriques.jpg\" \/>\n<meta name=\"twitter:creator\" content=\"@VosgesInfo88\" \/>\n<meta name=\"twitter:site\" content=\"@VosgesInfo88\" \/>\n<meta name=\"twitter:label1\" content=\"\u00c9crit par\" \/>\n\t<meta name=\"twitter:data1\" content=\"C C\" \/>\n<script type=\"application\/ld+json\" class=\"yoast-schema-graph\">{\"@context\":\"https:\/\/schema.org\",\"@graph\":[{\"@type\":\"Article\",\"@id\":\"https:\/\/vosgesinfo.fr\/remiremontinfo\/2022\/06\/httpsepinalinfos-fr20220628-000-points-de-charge-vehicules-electriques-lorraine\/#article\",\"isPartOf\":{\"@id\":\"https:\/\/vosgesinfo.fr\/remiremontinfo\/2022\/06\/httpsepinalinfos-fr20220628-000-points-de-charge-vehicules-electriques-lorraine\/\"},\"author\":{\"name\":\"C C\",\"@id\":\"https:\/\/vosgesinfo.fr\/remiremontinfo\/#\/schema\/person\/276c790faeebf411fa5a92728db1e3bf\"},\"headline\":\"28 000 points de charge pour v\u00e9hicules \u00e9lectriques en Lorraine\",\"datePublished\":\"2022-06-30T13:40:17+00:00\",\"dateModified\":\"2022-06-30T13:40:17+00:00\",\"mainEntityOfPage\":{\"@id\":\"https:\/\/vosgesinfo.fr\/remiremontinfo\/2022\/06\/httpsepinalinfos-fr20220628-000-points-de-charge-vehicules-electriques-lorraine\/\"},\"wordCount\":76,\"commentCount\":0,\"publisher\":{\"@id\":\"https:\/\/vosgesinfo.fr\/remiremontinfo\/#organization\"},\"image\":{\"@id\":\"https:\/\/vosgesinfo.fr\/remiremontinfo\/2022\/06\/httpsepinalinfos-fr20220628-000-points-de-charge-vehicules-electriques-lorraine\/#primaryimage\"},\"thumbnailUrl\":\"https:\/\/vosgesinfo.fr\/app\/uploads\/sites\/5\/2024\/09\/202206charge-vehicules-electriques.jpg\",\"articleSection\":[\"A la Une\",\"Vosges\"],\"inLanguage\":\"fr-FR\",\"potentialAction\":[{\"@type\":\"CommentAction\",\"name\":\"Comment\",\"target\":[\"https:\/\/vosgesinfo.fr\/remiremontinfo\/2022\/06\/httpsepinalinfos-fr20220628-000-points-de-charge-vehicules-electriques-lorraine\/#respond\"]}]},{\"@type\":\"WebPage\",\"@id\":\"https:\/\/vosgesinfo.fr\/remiremontinfo\/2022\/06\/httpsepinalinfos-fr20220628-000-points-de-charge-vehicules-electriques-lorraine\/\",\"url\":\"https:\/\/vosgesinfo.fr\/remiremontinfo\/2022\/06\/httpsepinalinfos-fr20220628-000-points-de-charge-vehicules-electriques-lorraine\/\",\"name\":\"28 000 points de charge pour v\u00e9hicules \u00e9lectriques en Lorraine - Remiremont Info\",\"isPartOf\":{\"@id\":\"https:\/\/vosgesinfo.fr\/remiremontinfo\/#website\"},\"primaryImageOfPage\":{\"@id\":\"https:\/\/vosgesinfo.fr\/remiremontinfo\/2022\/06\/httpsepinalinfos-fr20220628-000-points-de-charge-vehicules-electriques-lorraine\/#primaryimage\"},\"image\":{\"@id\":\"https:\/\/vosgesinfo.fr\/remiremontinfo\/2022\/06\/httpsepinalinfos-fr20220628-000-points-de-charge-vehicules-electriques-lorraine\/#primaryimage\"},\"thumbnailUrl\":\"https:\/\/vosgesinfo.fr\/app\/uploads\/sites\/5\/2024\/09\/202206charge-vehicules-electriques.jpg\",\"datePublished\":\"2022-06-30T13:40:17+00:00\",\"dateModified\":\"2022-06-30T13:40:17+00:00\",\"breadcrumb\":{\"@id\":\"https:\/\/vosgesinfo.fr\/remiremontinfo\/2022\/06\/httpsepinalinfos-fr20220628-000-points-de-charge-vehicules-electriques-lorraine\/#breadcrumb\"},\"inLanguage\":\"fr-FR\",\"potentialAction\":[{\"@type\":\"ReadAction\",\"target\":[\"https:\/\/vosgesinfo.fr\/remiremontinfo\/2022\/06\/httpsepinalinfos-fr20220628-000-points-de-charge-vehicules-electriques-lorraine\/\"]}]},{\"@type\":\"ImageObject\",\"inLanguage\":\"fr-FR\",\"@id\":\"https:\/\/vosgesinfo.fr\/remiremontinfo\/2022\/06\/httpsepinalinfos-fr20220628-000-points-de-charge-vehicules-electriques-lorraine\/#primaryimage\",\"url\":\"https:\/\/vosgesinfo.fr\/app\/uploads\/sites\/5\/2024\/09\/202206charge-vehicules-electriques.jpg\",\"contentUrl\":\"https:\/\/vosgesinfo.fr\/app\/uploads\/sites\/5\/2024\/09\/202206charge-vehicules-electriques.jpg\",\"width\":800,\"height\":449},{\"@type\":\"BreadcrumbList\",\"@id\":\"https:\/\/vosgesinfo.fr\/remiremontinfo\/2022\/06\/httpsepinalinfos-fr20220628-000-points-de-charge-vehicules-electriques-lorraine\/#breadcrumb\",\"itemListElement\":[{\"@type\":\"ListItem\",\"position\":1,\"name\":\"Home\",\"item\":\"https:\/\/vosgesinfo.fr\/remiremontinfo\/\"},{\"@type\":\"ListItem\",\"position\":2,\"name\":\"28 000 points de charge pour v\u00e9hicules \u00e9lectriques en Lorraine\"}]},{\"@type\":\"WebSite\",\"@id\":\"https:\/\/vosgesinfo.fr\/remiremontinfo\/#website\",\"url\":\"https:\/\/vosgesinfo.fr\/remiremontinfo\/\",\"name\":\"Remiremont Info\",\"description\":\"Toute l&#039;actualit\u00e9 de Remiremont\",\"publisher\":{\"@id\":\"https:\/\/vosgesinfo.fr\/remiremontinfo\/#organization\"},\"alternateName\":\"Toute l'actualit\u00e9 de Remiremont\",\"potentialAction\":[{\"@type\":\"SearchAction\",\"target\":{\"@type\":\"EntryPoint\",\"urlTemplate\":\"https:\/\/vosgesinfo.fr\/remiremontinfo\/?s={search_term_string}\"},\"query-input\":\"required name=search_term_string\"}],\"inLanguage\":\"fr-FR\"},{\"@type\":\"Organization\",\"@id\":\"https:\/\/vosgesinfo.fr\/remiremontinfo\/#organization\",\"name\":\"Remiremont Info\",\"url\":\"https:\/\/vosgesinfo.fr\/remiremontinfo\/\",\"logo\":{\"@type\":\"ImageObject\",\"inLanguage\":\"fr-FR\",\"@id\":\"https:\/\/vosgesinfo.fr\/remiremontinfo\/#\/schema\/logo\/image\/\",\"url\":\"https:\/\/vosgesinfo.fr\/app\/uploads\/sites\/5\/2023\/08\/favicon-remiremontinfo.png\",\"contentUrl\":\"https:\/\/vosgesinfo.fr\/app\/uploads\/sites\/5\/2023\/08\/favicon-remiremontinfo.png\",\"width\":512,\"height\":512,\"caption\":\"Remiremont Info\"},\"image\":{\"@id\":\"https:\/\/vosgesinfo.fr\/remiremontinfo\/#\/schema\/logo\/image\/\"},\"sameAs\":[\"https:\/\/www.facebook.com\/remiremontinfo\",\"https:\/\/x.com\/VosgesInfo88\",\"https:\/\/www.youtube.com\/@vosgesinfo\"]},{\"@type\":\"Person\",\"@id\":\"https:\/\/vosgesinfo.fr\/remiremontinfo\/#\/schema\/person\/276c790faeebf411fa5a92728db1e3bf\",\"name\":\"C C\",\"image\":{\"@type\":\"ImageObject\",\"inLanguage\":\"fr-FR\",\"@id\":\"https:\/\/vosgesinfo.fr\/remiremontinfo\/#\/schema\/person\/image\/\",\"url\":\"https:\/\/secure.gravatar.com\/avatar\/5d8cbcb33ef212815c403e7c9064550bb7745789474e538b1b1af3e5446b7c84?s=96&d=mm&r=g\",\"contentUrl\":\"https:\/\/secure.gravatar.com\/avatar\/5d8cbcb33ef212815c403e7c9064550bb7745789474e538b1b1af3e5446b7c84?s=96&d=mm&r=g\",\"caption\":\"C C\"},\"url\":\"https:\/\/vosgesinfo.fr\/remiremontinfo\/author\/cathyelisecolin\/\"}]}<\/script>\n<!-- \/ Yoast SEO plugin. -->","yoast_head_json":{"title":"28 000 points de charge pour v\u00e9hicules \u00e9lectriques en Lorraine - Remiremont Info","robots":{"index":"index","follow":"follow","max-snippet":"max-snippet:-1","max-image-preview":"max-image-preview:large","max-video-preview":"max-video-preview:-1"},"canonical":"https:\/\/vosgesinfo.fr\/remiremontinfo\/2022\/06\/httpsepinalinfos-fr20220628-000-points-de-charge-vehicules-electriques-lorraine\/","twitter_card":"summary_large_image","twitter_title":"28 000 points de charge pour v\u00e9hicules \u00e9lectriques en Lorraine - Remiremont Info","twitter_description":"La France vient de passer le cap du million de points de charge raccord\u00e9s au r\u00e9seau public de distribution d\u2019\u00e9lectricit\u00e9, [&hellip;]","twitter_image":"https:\/\/vosgesinfo.fr\/app\/uploads\/sites\/5\/2024\/09\/202206charge-vehicules-electriques.jpg","twitter_creator":"@VosgesInfo88","twitter_site":"@VosgesInfo88","twitter_misc":{"\u00c9crit par":"C C"},"schema":{"@context":"https:\/\/schema.org","@graph":[{"@type":"Article","@id":"https:\/\/vosgesinfo.fr\/remiremontinfo\/2022\/06\/httpsepinalinfos-fr20220628-000-points-de-charge-vehicules-electriques-lorraine\/#article","isPartOf":{"@id":"https:\/\/vosgesinfo.fr\/remiremontinfo\/2022\/06\/httpsepinalinfos-fr20220628-000-points-de-charge-vehicules-electriques-lorraine\/"},"author":{"name":"C C","@id":"https:\/\/vosgesinfo.fr\/remiremontinfo\/#\/schema\/person\/276c790faeebf411fa5a92728db1e3bf"},"headline":"28 000 points de charge pour v\u00e9hicules \u00e9lectriques en Lorraine","datePublished":"2022-06-30T13:40:17+00:00","dateModified":"2022-06-30T13:40:17+00:00","mainEntityOfPage":{"@id":"https:\/\/vosgesinfo.fr\/remiremontinfo\/2022\/06\/httpsepinalinfos-fr20220628-000-points-de-charge-vehicules-electriques-lorraine\/"},"wordCount":76,"commentCount":0,"publisher":{"@id":"https:\/\/vosgesinfo.fr\/remiremontinfo\/#organization"},"image":{"@id":"https:\/\/vosgesinfo.fr\/remiremontinfo\/2022\/06\/httpsepinalinfos-fr20220628-000-points-de-charge-vehicules-electriques-lorraine\/#primaryimage"},"thumbnailUrl":"https:\/\/vosgesinfo.fr\/app\/uploads\/sites\/5\/2024\/09\/202206charge-vehicules-electriques.jpg","articleSection":["A la Une","Vosges"],"inLanguage":"fr-FR","potentialAction":[{"@type":"CommentAction","name":"Comment","target":["https:\/\/vosgesinfo.fr\/remiremontinfo\/2022\/06\/httpsepinalinfos-fr20220628-000-points-de-charge-vehicules-electriques-lorraine\/#respond"]}]},{"@type":"WebPage","@id":"https:\/\/vosgesinfo.fr\/remiremontinfo\/2022\/06\/httpsepinalinfos-fr20220628-000-points-de-charge-vehicules-electriques-lorraine\/","url":"https:\/\/vosgesinfo.fr\/remiremontinfo\/2022\/06\/httpsepinalinfos-fr20220628-000-points-de-charge-vehicules-electriques-lorraine\/","name":"28 000 points de charge pour v\u00e9hicules \u00e9lectriques en Lorraine - Remiremont Info","isPartOf":{"@id":"https:\/\/vosgesinfo.fr\/remiremontinfo\/#website"},"primaryImageOfPage":{"@id":"https:\/\/vosgesinfo.fr\/remiremontinfo\/2022\/06\/httpsepinalinfos-fr20220628-000-points-de-charge-vehicules-electriques-lorraine\/#primaryimage"},"image":{"@id":"https:\/\/vosgesinfo.fr\/remiremontinfo\/2022\/06\/httpsepinalinfos-fr20220628-000-points-de-charge-vehicules-electriques-lorraine\/#primaryimage"},"thumbnailUrl":"https:\/\/vosgesinfo.fr\/app\/uploads\/sites\/5\/2024\/09\/202206charge-vehicules-electriques.jpg","datePublished":"2022-06-30T13:40:17+00:00","dateModified":"2022-06-30T13:40:17+00:00","breadcrumb":{"@id":"https:\/\/vosgesinfo.fr\/remiremontinfo\/2022\/06\/httpsepinalinfos-fr20220628-000-points-de-charge-vehicules-electriques-lorraine\/#breadcrumb"},"inLanguage":"fr-FR","potentialAction":[{"@type":"ReadAction","target":["https:\/\/vosgesinfo.fr\/remiremontinfo\/2022\/06\/httpsepinalinfos-fr20220628-000-points-de-charge-vehicules-electriques-lorraine\/"]}]},{"@type":"ImageObject","inLanguage":"fr-FR","@id":"https:\/\/vosgesinfo.fr\/remiremontinfo\/2022\/06\/httpsepinalinfos-fr20220628-000-points-de-charge-vehicules-electriques-lorraine\/#primaryimage","url":"https:\/\/vosgesinfo.fr\/app\/uploads\/sites\/5\/2024\/09\/202206charge-vehicules-electriques.jpg","contentUrl":"https:\/\/vosgesinfo.fr\/app\/uploads\/sites\/5\/2024\/09\/202206charge-vehicules-electriques.jpg","width":800,"height":449},{"@type":"BreadcrumbList","@id":"https:\/\/vosgesinfo.fr\/remiremontinfo\/2022\/06\/httpsepinalinfos-fr20220628-000-points-de-charge-vehicules-electriques-lorraine\/#breadcrumb","itemListElement":[{"@type":"ListItem","position":1,"name":"Home","item":"https:\/\/vosgesinfo.fr\/remiremontinfo\/"},{"@type":"ListItem","position":2,"name":"28 000 points de charge pour v\u00e9hicules \u00e9lectriques en Lorraine"}]},{"@type":"WebSite","@id":"https:\/\/vosgesinfo.fr\/remiremontinfo\/#website","url":"https:\/\/vosgesinfo.fr\/remiremontinfo\/","name":"Remiremont Info","description":"Toute l&#039;actualit\u00e9 de Remiremont","publisher":{"@id":"https:\/\/vosgesinfo.fr\/remiremontinfo\/#organization"},"alternateName":"Toute l'actualit\u00e9 de Remiremont","potentialAction":[{"@type":"SearchAction","target":{"@type":"EntryPoint","urlTemplate":"https:\/\/vosgesinfo.fr\/remiremontinfo\/?s={search_term_string}"},"query-input":"required name=search_term_string"}],"inLanguage":"fr-FR"},{"@type":"Organization","@id":"https:\/\/vosgesinfo.fr\/remiremontinfo\/#organization","name":"Remiremont Info","url":"https:\/\/vosgesinfo.fr\/remiremontinfo\/","logo":{"@type":"ImageObject","inLanguage":"fr-FR","@id":"https:\/\/vosgesinfo.fr\/remiremontinfo\/#\/schema\/logo\/image\/","url":"https:\/\/vosgesinfo.fr\/app\/uploads\/sites\/5\/2023\/08\/favicon-remiremontinfo.png","contentUrl":"https:\/\/vosgesinfo.fr\/app\/uploads\/sites\/5\/2023\/08\/favicon-remiremontinfo.png","width":512,"height":512,"caption":"Remiremont Info"},"image":{"@id":"https:\/\/vosgesinfo.fr\/remiremontinfo\/#\/schema\/logo\/image\/"},"sameAs":["https:\/\/www.facebook.com\/remiremontinfo","https:\/\/x.com\/VosgesInfo88","https:\/\/www.youtube.com\/@vosgesinfo"]},{"@type":"Person","@id":"https:\/\/vosgesinfo.fr\/remiremontinfo\/#\/schema\/person\/276c790faeebf411fa5a92728db1e3bf","name":"C C","image":{"@type":"ImageObject","inLanguage":"fr-FR","@id":"https:\/\/vosgesinfo.fr\/remiremontinfo\/#\/schema\/person\/image\/","url":"https:\/\/secure.gravatar.com\/avatar\/5d8cbcb33ef212815c403e7c9064550bb7745789474e538b1b1af3e5446b7c84?s=96&d=mm&r=g","contentUrl":"https:\/\/secure.gravatar.com\/avatar\/5d8cbcb33ef212815c403e7c9064550bb7745789474e538b1b1af3e5446b7c84?s=96&d=mm&r=g","caption":"C C"},"url":"https:\/\/vosgesinfo.fr\/remiremontinfo\/author\/cathyelisecolin\/"}]}},"_links":{"self":[{"href":"https:\/\/vosgesinfo.fr\/remiremontinfo\/wp-json\/wp\/v2\/posts\/58171","targetHints":{"allow":["GET"]}}],"collection":[{"href":"https:\/\/vosgesinfo.fr\/remiremontinfo\/wp-json\/wp\/v2\/posts"}],"about":[{"href":"https:\/\/vosgesinfo.fr\/remiremontinfo\/wp-json\/wp\/v2\/types\/post"}],"author":[{"embeddable":true,"href":"https:\/\/vosgesinfo.fr\/remiremontinfo\/wp-json\/wp\/v2\/users\/408"}],"replies":[{"embeddable":true,"href":"https:\/\/vosgesinfo.fr\/remiremontinfo\/wp-json\/wp\/v2\/comments?post=58171"}],"version-history":[{"count":0,"href":"https:\/\/vosgesinfo.fr\/remiremontinfo\/wp-json\/wp\/v2\/posts\/58171\/revisions"}],"wp:featuredmedia":[{"embeddable":true,"href":"https:\/\/vosgesinfo.fr\/remiremontinfo\/wp-json\/wp\/v2\/media\/58172"}],"wp:attachment":[{"href":"https:\/\/vosgesinfo.fr\/remiremontinfo\/wp-json\/wp\/v2\/media?parent=58171"}],"wp:term":[{"taxonomy":"category","embeddable":true,"href":"https:\/\/vosgesinfo.fr\/remiremontinfo\/wp-json\/wp\/v2\/categories?post=58171"},{"taxonomy":"post_tag","embeddable":true,"href":"https:\/\/vosgesinfo.fr\/remiremontinfo\/wp-json\/wp\/v2\/tags?post=58171"}],"curies":[{"name":"wp","href":"https:\/\/api.w.org\/{rel}","templated":true}]}}