{"id":58516,"date":"2022-07-12T05:01:02","date_gmt":"2022-07-12T03:01:02","guid":{"rendered":"https:\/\/vosgesinfo.fr\/remiremontinfo\/2022\/07\/saint-nabord-municipalite-organise-2eme-concours-photo\/"},"modified":"2022-07-12T05:01:02","modified_gmt":"2022-07-12T03:01:02","slug":"saint-nabord-municipalite-organise-2eme-concours-photo","status":"publish","type":"post","link":"https:\/\/vosgesinfo.fr\/remiremontinfo\/2022\/07\/saint-nabord-municipalite-organise-2eme-concours-photo\/","title":{"rendered":"Saint-Nabord : la municipalit\u00e9 organise un 2\u00e8me concours photo"},"content":{"rendered":"<div class=\"cxmmr5t8 oygrvhab hcukyx3x c1et5uql o9v6fnle ii04i59q\">\n<h2 dir=\"auto\"><a href=\"\/2022\/07\/293362051_611488727166848_2239146004567497679_n.jpg\"><img decoding=\"async\" class=\"alignnone size-large wp-image-348276\" src=\"\/2022\/07\/293362051_611488727166848_2239146004567497679_n-1024x830.jpg\" alt=\"293362051_611488727166848_2239146004567497679_n\" width=\"960\" height=\"778\" \/><\/a><\/h2>\n<h2 dir=\"auto\"><span style=\"font-size: 12pt;\"><strong>Pour la seconde ann\u00e9e cons\u00e9cutive, la municipalit\u00e9 lance, du 15 juillet au 31 ao\u00fbt, SON CONCOURS PHOTO DE L&rsquo;\u00c9T\u00c9 et vous invite \u00e0 partager les plus belles images de vos lieux pr\u00e9f\u00e9r\u00e9s dans la commune de Saint-Nabord. Il est temps d\u2019aiguiser votre regard d\u2019artiste pour remporter le premier prix et faire la couverture de notre num\u00e9ro du mois d&rsquo;octobre.<\/strong><\/span><\/h2>\n<\/div>\n<div class=\"cxmmr5t8 oygrvhab hcukyx3x c1et5uql o9v6fnle ii04i59q\">\n<div dir=\"auto\"><\/div>\n<div dir=\"auto\">TH\u00c8ME : \u00ab J&rsquo;aime ma ville \u00bb<\/div>\n<div dir=\"auto\">Refuge, lieu de promenade, beaut\u00e9 du cadre, souvenirs d&rsquo;enfance, coup de c\u0153ur&#8230; nous avons tous, dans notre belle commune de Saint-Nabord, un endroit privil\u00e9gi\u00e9 qui nous touche et que nous aimons retrouver avec plaisir &#8230;<\/div>\n<\/div>\n<div class=\"cxmmr5t8 oygrvhab hcukyx3x c1et5uql o9v6fnle ii04i59q\">\n<div dir=\"auto\">A vous de le sublimer en le prenant sous son meilleur angle, au meilleur moment de la journ\u00e9e pour relever ce nouveau d\u00e9fi !!!<\/div>\n<\/div>\n<div class=\"cxmmr5t8 oygrvhab hcukyx3x c1et5uql o9v6fnle ii04i59q\">\n<div dir=\"auto\"><\/div>\n<div dir=\"auto\">SUPPORT :<\/div>\n<div dir=\"auto\">&#8211; La photo doit \u00eatre de bonne qualit\u00e9, nette avec une bonne r\u00e9solution (au moins 4 Mo).<\/div>\n<div dir=\"auto\">&#8211; L\u2019essentiel du sujet photographi\u00e9 doit \u00eatre au centre de la photo pour faciliter son insertion en page de couverture.<\/div>\n<div dir=\"auto\">&#8211; Elle doit \u00eatre en couleurs.<\/div>\n<\/div>\n<div class=\"cxmmr5t8 oygrvhab hcukyx3x c1et5uql o9v6fnle ii04i59q\">\n<div dir=\"auto\"><\/div>\n<div dir=\"auto\">MODALIT\u00c9S :<\/div>\n<div dir=\"auto\">&#8211; Une seule photo par participant.<\/div>\n<div dir=\"auto\">&#8211; Les photos seront envoy\u00e9es en format num\u00e9rique par mail \u00e0 l\u2019adresse suivante : info.com@saint-nabord.fr<\/div>\n<div dir=\"auto\">&#8211; La photo doit nous parvenir au plus tard le 31 ao\u00fbt.<\/div>\n<\/div>\n<div class=\"cxmmr5t8 oygrvhab hcukyx3x c1et5uql o9v6fnle ii04i59q\">\n<div dir=\"auto\"><\/div>\n<div dir=\"auto\">R\u00c9COMPENSES :<\/div>\n<div dir=\"auto\">Les 3 gagnants du concours seront d\u00e9voil\u00e9s \u00e0 la mi-septembre via la page facebook et le site de la mairie.<\/div>\n<\/div>\n<div class=\"cxmmr5t8 oygrvhab hcukyx3x c1et5uql o9v6fnle ii04i59q\">\n<div dir=\"auto\">Les 3 meilleures propositions seront r\u00e9compens\u00e9es par :<\/div>\n<div dir=\"auto\">&#8211; 1er prix :repas\/spectacle au Restaurant Le Belcour : MENU \u00ab PRODIGIEUSES \u00bb \u00e0 65\u20ac par personne.<\/div>\n<div dir=\"auto\">&#8211; 2\u00e8me prix : deux entr\u00e9es pour un spectacle au Centre socioculturel ou un abonnement de 9 places de cin\u00e9ma.<\/div>\n<div dir=\"auto\">&#8211; 3\u00e8me prix : abonnement au cin\u00e9ma (5 places).<\/div>\n<\/div>\n<div class=\"cxmmr5t8 oygrvhab hcukyx3x c1et5uql o9v6fnle ii04i59q\">\n<div dir=\"auto\"><\/div>\n<div dir=\"auto\">LE JURY :<\/div>\n<div dir=\"auto\">Form\u00e9 par les membres de la commission Communication.<\/div>\n<\/div>\n<div class=\"cxmmr5t8 oygrvhab hcukyx3x c1et5uql o9v6fnle ii04i59q\">\n<div dir=\"auto\"><\/div>\n<div dir=\"auto\">DEVOIRS DES PARTICIPANTS :<\/div>\n<div dir=\"auto\">&#8211; Tous les participants qui envoient une photographie dans le cadre du concours garantissent qu&rsquo;ils sont bien titulaires des droits conc\u00e9d\u00e9s \u00e0 l\u2019Organisateur dans les conditions du pr\u00e9sent r\u00e8glement.<\/div>\n<div dir=\"auto\">&#8211; Le participant garantit qu\u2019il est l&rsquo;auteur des photographies qu&rsquo;il envoie.<\/div>\n<div dir=\"auto\">&#8211; Les participants acceptent que leur photo soit publi\u00e9e sur les diff\u00e9rents supports de la mairie ou dans la presse.<\/div>\n<div dir=\"auto\">&#8211; Attention : si l\u2019image repr\u00e9sente une personne physique pouvant \u00eatre identifi\u00e9e, l\u2019auteur devra s\u2019\u00eatre assur\u00e9 pr\u00e9alablement d\u2019avoir obtenu son autorisation \u00e9crite ou celle de son repr\u00e9sentant l\u00e9gal.<\/div>\n<\/div>\n<div class=\"cxmmr5t8 oygrvhab hcukyx3x c1et5uql o9v6fnle ii04i59q\">\n<div dir=\"auto\"><\/div>\n<div dir=\"auto\">CONCOURS OUVERT \u00c0 TOUS.<\/div>\n<\/div>\n","protected":false},"excerpt":{"rendered":"<p>Pour la seconde ann\u00e9e cons\u00e9cutive, la municipalit\u00e9 lance, du 15 juillet au 31 ao\u00fbt, SON CONCOURS PHOTO DE L&rsquo;\u00c9T\u00c9 et [&hellip;]<\/p>\n","protected":false},"author":407,"featured_media":58517,"comment_status":"open","ping_status":"open","sticky":false,"template":"","format":"standard","meta":{"footnotes":""},"categories":[26,4,35,100],"tags":[256,787,42],"class_list":["post-58516","post","type-post","status-publish","format-standard","has-post-thumbnail","hentry","category-a-la-une","category-culture","category-remiremont-son-canton","category-saint-nabord","tag-concours","tag-photo","tag-saint-nabord"],"acf":[],"yoast_head":"<!-- This site is optimized with the Yoast SEO plugin v22.5 - https:\/\/yoast.com\/wordpress\/plugins\/seo\/ -->\n<title>Saint-Nabord : la municipalit\u00e9 organise un 2\u00e8me concours photo - Remiremont Info<\/title>\n<meta name=\"robots\" content=\"index, follow, max-snippet:-1, max-image-preview:large, max-video-preview:-1\" \/>\n<link rel=\"canonical\" href=\"https:\/\/vosgesinfo.fr\/remiremontinfo\/2022\/07\/saint-nabord-municipalite-organise-2eme-concours-photo\/\" \/>\n<meta name=\"twitter:card\" content=\"summary_large_image\" \/>\n<meta name=\"twitter:title\" content=\"Saint-Nabord : la municipalit\u00e9 organise un 2\u00e8me concours photo - Remiremont Info\" \/>\n<meta name=\"twitter:description\" content=\"Pour la seconde ann\u00e9e cons\u00e9cutive, la municipalit\u00e9 lance, du 15 juillet au 31 ao\u00fbt, SON CONCOURS PHOTO DE L&rsquo;\u00c9T\u00c9 et [&hellip;]\" \/>\n<meta name=\"twitter:image\" content=\"https:\/\/vosgesinfo.fr\/app\/uploads\/sites\/5\/2024\/09\/202207capture-decran-2022-07-12-090217.png\" \/>\n<meta name=\"twitter:creator\" content=\"@VosgesInfo88\" \/>\n<meta name=\"twitter:site\" content=\"@VosgesInfo88\" \/>\n<meta name=\"twitter:label1\" content=\"\u00c9crit par\" \/>\n\t<meta name=\"twitter:data1\" content=\"C D\" \/>\n\t<meta name=\"twitter:label2\" content=\"Dur\u00e9e de lecture estim\u00e9e\" \/>\n\t<meta name=\"twitter:data2\" content=\"2 minutes\" \/>\n<script type=\"application\/ld+json\" class=\"yoast-schema-graph\">{\"@context\":\"https:\/\/schema.org\",\"@graph\":[{\"@type\":\"Article\",\"@id\":\"https:\/\/vosgesinfo.fr\/remiremontinfo\/2022\/07\/saint-nabord-municipalite-organise-2eme-concours-photo\/#article\",\"isPartOf\":{\"@id\":\"https:\/\/vosgesinfo.fr\/remiremontinfo\/2022\/07\/saint-nabord-municipalite-organise-2eme-concours-photo\/\"},\"author\":{\"name\":\"C D\",\"@id\":\"https:\/\/vosgesinfo.fr\/remiremontinfo\/#\/schema\/person\/3bfd164d5218a185b1db68655a265316\"},\"headline\":\"Saint-Nabord : la municipalit\u00e9 organise un 2\u00e8me concours photo\",\"datePublished\":\"2022-07-12T03:01:02+00:00\",\"dateModified\":\"2022-07-12T03:01:02+00:00\",\"mainEntityOfPage\":{\"@id\":\"https:\/\/vosgesinfo.fr\/remiremontinfo\/2022\/07\/saint-nabord-municipalite-organise-2eme-concours-photo\/\"},\"wordCount\":420,\"commentCount\":0,\"publisher\":{\"@id\":\"https:\/\/vosgesinfo.fr\/remiremontinfo\/#organization\"},\"image\":{\"@id\":\"https:\/\/vosgesinfo.fr\/remiremontinfo\/2022\/07\/saint-nabord-municipalite-organise-2eme-concours-photo\/#primaryimage\"},\"thumbnailUrl\":\"https:\/\/vosgesinfo.fr\/app\/uploads\/sites\/5\/2024\/09\/202207capture-decran-2022-07-12-090217.png\",\"keywords\":[\"concours\",\"Photo\",\"saint-nabord\"],\"articleSection\":[\"A la Une\",\"Culture\",\"Remiremont &amp; son canton\",\"Saint-Nabord\"],\"inLanguage\":\"fr-FR\",\"potentialAction\":[{\"@type\":\"CommentAction\",\"name\":\"Comment\",\"target\":[\"https:\/\/vosgesinfo.fr\/remiremontinfo\/2022\/07\/saint-nabord-municipalite-organise-2eme-concours-photo\/#respond\"]}]},{\"@type\":\"WebPage\",\"@id\":\"https:\/\/vosgesinfo.fr\/remiremontinfo\/2022\/07\/saint-nabord-municipalite-organise-2eme-concours-photo\/\",\"url\":\"https:\/\/vosgesinfo.fr\/remiremontinfo\/2022\/07\/saint-nabord-municipalite-organise-2eme-concours-photo\/\",\"name\":\"Saint-Nabord : la municipalit\u00e9 organise un 2\u00e8me concours photo - Remiremont Info\",\"isPartOf\":{\"@id\":\"https:\/\/vosgesinfo.fr\/remiremontinfo\/#website\"},\"primaryImageOfPage\":{\"@id\":\"https:\/\/vosgesinfo.fr\/remiremontinfo\/2022\/07\/saint-nabord-municipalite-organise-2eme-concours-photo\/#primaryimage\"},\"image\":{\"@id\":\"https:\/\/vosgesinfo.fr\/remiremontinfo\/2022\/07\/saint-nabord-municipalite-organise-2eme-concours-photo\/#primaryimage\"},\"thumbnailUrl\":\"https:\/\/vosgesinfo.fr\/app\/uploads\/sites\/5\/2024\/09\/202207capture-decran-2022-07-12-090217.png\",\"datePublished\":\"2022-07-12T03:01:02+00:00\",\"dateModified\":\"2022-07-12T03:01:02+00:00\",\"breadcrumb\":{\"@id\":\"https:\/\/vosgesinfo.fr\/remiremontinfo\/2022\/07\/saint-nabord-municipalite-organise-2eme-concours-photo\/#breadcrumb\"},\"inLanguage\":\"fr-FR\",\"potentialAction\":[{\"@type\":\"ReadAction\",\"target\":[\"https:\/\/vosgesinfo.fr\/remiremontinfo\/2022\/07\/saint-nabord-municipalite-organise-2eme-concours-photo\/\"]}]},{\"@type\":\"ImageObject\",\"inLanguage\":\"fr-FR\",\"@id\":\"https:\/\/vosgesinfo.fr\/remiremontinfo\/2022\/07\/saint-nabord-municipalite-organise-2eme-concours-photo\/#primaryimage\",\"url\":\"https:\/\/vosgesinfo.fr\/app\/uploads\/sites\/5\/2024\/09\/202207capture-decran-2022-07-12-090217.png\",\"contentUrl\":\"https:\/\/vosgesinfo.fr\/app\/uploads\/sites\/5\/2024\/09\/202207capture-decran-2022-07-12-090217.png\",\"width\":1192,\"height\":790},{\"@type\":\"BreadcrumbList\",\"@id\":\"https:\/\/vosgesinfo.fr\/remiremontinfo\/2022\/07\/saint-nabord-municipalite-organise-2eme-concours-photo\/#breadcrumb\",\"itemListElement\":[{\"@type\":\"ListItem\",\"position\":1,\"name\":\"Home\",\"item\":\"https:\/\/vosgesinfo.fr\/remiremontinfo\/\"},{\"@type\":\"ListItem\",\"position\":2,\"name\":\"Saint-Nabord : la municipalit\u00e9 organise un 2\u00e8me concours photo\"}]},{\"@type\":\"WebSite\",\"@id\":\"https:\/\/vosgesinfo.fr\/remiremontinfo\/#website\",\"url\":\"https:\/\/vosgesinfo.fr\/remiremontinfo\/\",\"name\":\"Remiremont Info\",\"description\":\"Toute l&#039;actualit\u00e9 de Remiremont\",\"publisher\":{\"@id\":\"https:\/\/vosgesinfo.fr\/remiremontinfo\/#organization\"},\"alternateName\":\"Toute l'actualit\u00e9 de Remiremont\",\"potentialAction\":[{\"@type\":\"SearchAction\",\"target\":{\"@type\":\"EntryPoint\",\"urlTemplate\":\"https:\/\/vosgesinfo.fr\/remiremontinfo\/?s={search_term_string}\"},\"query-input\":\"required name=search_term_string\"}],\"inLanguage\":\"fr-FR\"},{\"@type\":\"Organization\",\"@id\":\"https:\/\/vosgesinfo.fr\/remiremontinfo\/#organization\",\"name\":\"Remiremont Info\",\"url\":\"https:\/\/vosgesinfo.fr\/remiremontinfo\/\",\"logo\":{\"@type\":\"ImageObject\",\"inLanguage\":\"fr-FR\",\"@id\":\"https:\/\/vosgesinfo.fr\/remiremontinfo\/#\/schema\/logo\/image\/\",\"url\":\"https:\/\/vosgesinfo.fr\/app\/uploads\/sites\/5\/2023\/08\/favicon-remiremontinfo.png\",\"contentUrl\":\"https:\/\/vosgesinfo.fr\/app\/uploads\/sites\/5\/2023\/08\/favicon-remiremontinfo.png\",\"width\":512,\"height\":512,\"caption\":\"Remiremont Info\"},\"image\":{\"@id\":\"https:\/\/vosgesinfo.fr\/remiremontinfo\/#\/schema\/logo\/image\/\"},\"sameAs\":[\"https:\/\/www.facebook.com\/remiremontinfo\",\"https:\/\/x.com\/VosgesInfo88\",\"https:\/\/www.youtube.com\/@vosgesinfo\"]},{\"@type\":\"Person\",\"@id\":\"https:\/\/vosgesinfo.fr\/remiremontinfo\/#\/schema\/person\/3bfd164d5218a185b1db68655a265316\",\"name\":\"C D\",\"image\":{\"@type\":\"ImageObject\",\"inLanguage\":\"fr-FR\",\"@id\":\"https:\/\/vosgesinfo.fr\/remiremontinfo\/#\/schema\/person\/image\/\",\"url\":\"https:\/\/secure.gravatar.com\/avatar\/1f9a70007336511a47468b8f1c66f922b8b7cf617b02a31149ada43893a5d48f?s=96&d=mm&r=g\",\"contentUrl\":\"https:\/\/secure.gravatar.com\/avatar\/1f9a70007336511a47468b8f1c66f922b8b7cf617b02a31149ada43893a5d48f?s=96&d=mm&r=g\",\"caption\":\"C D\"},\"url\":\"https:\/\/vosgesinfo.fr\/remiremontinfo\/author\/cedric-drevet\/\"}]}<\/script>\n<!-- \/ Yoast SEO plugin. -->","yoast_head_json":{"title":"Saint-Nabord : la municipalit\u00e9 organise un 2\u00e8me concours photo - Remiremont Info","robots":{"index":"index","follow":"follow","max-snippet":"max-snippet:-1","max-image-preview":"max-image-preview:large","max-video-preview":"max-video-preview:-1"},"canonical":"https:\/\/vosgesinfo.fr\/remiremontinfo\/2022\/07\/saint-nabord-municipalite-organise-2eme-concours-photo\/","twitter_card":"summary_large_image","twitter_title":"Saint-Nabord : la municipalit\u00e9 organise un 2\u00e8me concours photo - Remiremont Info","twitter_description":"Pour la seconde ann\u00e9e cons\u00e9cutive, la municipalit\u00e9 lance, du 15 juillet au 31 ao\u00fbt, SON CONCOURS PHOTO DE L&rsquo;\u00c9T\u00c9 et [&hellip;]","twitter_image":"https:\/\/vosgesinfo.fr\/app\/uploads\/sites\/5\/2024\/09\/202207capture-decran-2022-07-12-090217.png","twitter_creator":"@VosgesInfo88","twitter_site":"@VosgesInfo88","twitter_misc":{"\u00c9crit par":"C D","Dur\u00e9e de lecture estim\u00e9e":"2 minutes"},"schema":{"@context":"https:\/\/schema.org","@graph":[{"@type":"Article","@id":"https:\/\/vosgesinfo.fr\/remiremontinfo\/2022\/07\/saint-nabord-municipalite-organise-2eme-concours-photo\/#article","isPartOf":{"@id":"https:\/\/vosgesinfo.fr\/remiremontinfo\/2022\/07\/saint-nabord-municipalite-organise-2eme-concours-photo\/"},"author":{"name":"C D","@id":"https:\/\/vosgesinfo.fr\/remiremontinfo\/#\/schema\/person\/3bfd164d5218a185b1db68655a265316"},"headline":"Saint-Nabord : la municipalit\u00e9 organise un 2\u00e8me concours photo","datePublished":"2022-07-12T03:01:02+00:00","dateModified":"2022-07-12T03:01:02+00:00","mainEntityOfPage":{"@id":"https:\/\/vosgesinfo.fr\/remiremontinfo\/2022\/07\/saint-nabord-municipalite-organise-2eme-concours-photo\/"},"wordCount":420,"commentCount":0,"publisher":{"@id":"https:\/\/vosgesinfo.fr\/remiremontinfo\/#organization"},"image":{"@id":"https:\/\/vosgesinfo.fr\/remiremontinfo\/2022\/07\/saint-nabord-municipalite-organise-2eme-concours-photo\/#primaryimage"},"thumbnailUrl":"https:\/\/vosgesinfo.fr\/app\/uploads\/sites\/5\/2024\/09\/202207capture-decran-2022-07-12-090217.png","keywords":["concours","Photo","saint-nabord"],"articleSection":["A la Une","Culture","Remiremont &amp; son canton","Saint-Nabord"],"inLanguage":"fr-FR","potentialAction":[{"@type":"CommentAction","name":"Comment","target":["https:\/\/vosgesinfo.fr\/remiremontinfo\/2022\/07\/saint-nabord-municipalite-organise-2eme-concours-photo\/#respond"]}]},{"@type":"WebPage","@id":"https:\/\/vosgesinfo.fr\/remiremontinfo\/2022\/07\/saint-nabord-municipalite-organise-2eme-concours-photo\/","url":"https:\/\/vosgesinfo.fr\/remiremontinfo\/2022\/07\/saint-nabord-municipalite-organise-2eme-concours-photo\/","name":"Saint-Nabord : la municipalit\u00e9 organise un 2\u00e8me concours photo - Remiremont Info","isPartOf":{"@id":"https:\/\/vosgesinfo.fr\/remiremontinfo\/#website"},"primaryImageOfPage":{"@id":"https:\/\/vosgesinfo.fr\/remiremontinfo\/2022\/07\/saint-nabord-municipalite-organise-2eme-concours-photo\/#primaryimage"},"image":{"@id":"https:\/\/vosgesinfo.fr\/remiremontinfo\/2022\/07\/saint-nabord-municipalite-organise-2eme-concours-photo\/#primaryimage"},"thumbnailUrl":"https:\/\/vosgesinfo.fr\/app\/uploads\/sites\/5\/2024\/09\/202207capture-decran-2022-07-12-090217.png","datePublished":"2022-07-12T03:01:02+00:00","dateModified":"2022-07-12T03:01:02+00:00","breadcrumb":{"@id":"https:\/\/vosgesinfo.fr\/remiremontinfo\/2022\/07\/saint-nabord-municipalite-organise-2eme-concours-photo\/#breadcrumb"},"inLanguage":"fr-FR","potentialAction":[{"@type":"ReadAction","target":["https:\/\/vosgesinfo.fr\/remiremontinfo\/2022\/07\/saint-nabord-municipalite-organise-2eme-concours-photo\/"]}]},{"@type":"ImageObject","inLanguage":"fr-FR","@id":"https:\/\/vosgesinfo.fr\/remiremontinfo\/2022\/07\/saint-nabord-municipalite-organise-2eme-concours-photo\/#primaryimage","url":"https:\/\/vosgesinfo.fr\/app\/uploads\/sites\/5\/2024\/09\/202207capture-decran-2022-07-12-090217.png","contentUrl":"https:\/\/vosgesinfo.fr\/app\/uploads\/sites\/5\/2024\/09\/202207capture-decran-2022-07-12-090217.png","width":1192,"height":790},{"@type":"BreadcrumbList","@id":"https:\/\/vosgesinfo.fr\/remiremontinfo\/2022\/07\/saint-nabord-municipalite-organise-2eme-concours-photo\/#breadcrumb","itemListElement":[{"@type":"ListItem","position":1,"name":"Home","item":"https:\/\/vosgesinfo.fr\/remiremontinfo\/"},{"@type":"ListItem","position":2,"name":"Saint-Nabord : la municipalit\u00e9 organise un 2\u00e8me concours photo"}]},{"@type":"WebSite","@id":"https:\/\/vosgesinfo.fr\/remiremontinfo\/#website","url":"https:\/\/vosgesinfo.fr\/remiremontinfo\/","name":"Remiremont Info","description":"Toute l&#039;actualit\u00e9 de Remiremont","publisher":{"@id":"https:\/\/vosgesinfo.fr\/remiremontinfo\/#organization"},"alternateName":"Toute l'actualit\u00e9 de Remiremont","potentialAction":[{"@type":"SearchAction","target":{"@type":"EntryPoint","urlTemplate":"https:\/\/vosgesinfo.fr\/remiremontinfo\/?s={search_term_string}"},"query-input":"required name=search_term_string"}],"inLanguage":"fr-FR"},{"@type":"Organization","@id":"https:\/\/vosgesinfo.fr\/remiremontinfo\/#organization","name":"Remiremont Info","url":"https:\/\/vosgesinfo.fr\/remiremontinfo\/","logo":{"@type":"ImageObject","inLanguage":"fr-FR","@id":"https:\/\/vosgesinfo.fr\/remiremontinfo\/#\/schema\/logo\/image\/","url":"https:\/\/vosgesinfo.fr\/app\/uploads\/sites\/5\/2023\/08\/favicon-remiremontinfo.png","contentUrl":"https:\/\/vosgesinfo.fr\/app\/uploads\/sites\/5\/2023\/08\/favicon-remiremontinfo.png","width":512,"height":512,"caption":"Remiremont Info"},"image":{"@id":"https:\/\/vosgesinfo.fr\/remiremontinfo\/#\/schema\/logo\/image\/"},"sameAs":["https:\/\/www.facebook.com\/remiremontinfo","https:\/\/x.com\/VosgesInfo88","https:\/\/www.youtube.com\/@vosgesinfo"]},{"@type":"Person","@id":"https:\/\/vosgesinfo.fr\/remiremontinfo\/#\/schema\/person\/3bfd164d5218a185b1db68655a265316","name":"C D","image":{"@type":"ImageObject","inLanguage":"fr-FR","@id":"https:\/\/vosgesinfo.fr\/remiremontinfo\/#\/schema\/person\/image\/","url":"https:\/\/secure.gravatar.com\/avatar\/1f9a70007336511a47468b8f1c66f922b8b7cf617b02a31149ada43893a5d48f?s=96&d=mm&r=g","contentUrl":"https:\/\/secure.gravatar.com\/avatar\/1f9a70007336511a47468b8f1c66f922b8b7cf617b02a31149ada43893a5d48f?s=96&d=mm&r=g","caption":"C D"},"url":"https:\/\/vosgesinfo.fr\/remiremontinfo\/author\/cedric-drevet\/"}]}},"_links":{"self":[{"href":"https:\/\/vosgesinfo.fr\/remiremontinfo\/wp-json\/wp\/v2\/posts\/58516","targetHints":{"allow":["GET"]}}],"collection":[{"href":"https:\/\/vosgesinfo.fr\/remiremontinfo\/wp-json\/wp\/v2\/posts"}],"about":[{"href":"https:\/\/vosgesinfo.fr\/remiremontinfo\/wp-json\/wp\/v2\/types\/post"}],"author":[{"embeddable":true,"href":"https:\/\/vosgesinfo.fr\/remiremontinfo\/wp-json\/wp\/v2\/users\/407"}],"replies":[{"embeddable":true,"href":"https:\/\/vosgesinfo.fr\/remiremontinfo\/wp-json\/wp\/v2\/comments?post=58516"}],"version-history":[{"count":0,"href":"https:\/\/vosgesinfo.fr\/remiremontinfo\/wp-json\/wp\/v2\/posts\/58516\/revisions"}],"wp:featuredmedia":[{"embeddable":true,"href":"https:\/\/vosgesinfo.fr\/remiremontinfo\/wp-json\/wp\/v2\/media\/58517"}],"wp:attachment":[{"href":"https:\/\/vosgesinfo.fr\/remiremontinfo\/wp-json\/wp\/v2\/media?parent=58516"}],"wp:term":[{"taxonomy":"category","embeddable":true,"href":"https:\/\/vosgesinfo.fr\/remiremontinfo\/wp-json\/wp\/v2\/categories?post=58516"},{"taxonomy":"post_tag","embeddable":true,"href":"https:\/\/vosgesinfo.fr\/remiremontinfo\/wp-json\/wp\/v2\/tags?post=58516"}],"curies":[{"name":"wp","href":"https:\/\/api.w.org\/{rel}","templated":true}]}}