{"id":58534,"date":"2022-07-12T07:27:36","date_gmt":"2022-07-12T05:27:36","guid":{"rendered":"https:\/\/vosgesinfo.fr\/remiremontinfo\/2022\/07\/toute-nouvelle-brasserie-vosgienne-girmont-val-dajol\/"},"modified":"2022-07-12T07:27:36","modified_gmt":"2022-07-12T05:27:36","slug":"toute-nouvelle-brasserie-vosgienne-girmont-val-dajol","status":"publish","type":"post","link":"https:\/\/vosgesinfo.fr\/remiremontinfo\/2022\/07\/toute-nouvelle-brasserie-vosgienne-girmont-val-dajol\/","title":{"rendered":"Une toute nouvelle brasserie vosgienne au Girmont Val d\u2019Ajol"},"content":{"rendered":"<p><a href=\"\/2022\/07\/Brasserie-Girmont-11.jpg\"><img decoding=\"async\" class=\"alignnone size-large wp-image-348299\" src=\"\/2022\/07\/Brasserie-Girmont-11-1024x681.jpg\" alt=\"Brasserie Girmont (11)\" width=\"960\" height=\"638\" \/><\/a><\/p>\n<h2><strong><span style=\"font-size: 12pt;\">Une nouvelle brasserie a \u00e9t\u00e9 ouverte il y a quelques mois dans les Vosges. Plus pr\u00e9cis\u00e9ment au Girmont Val d\u2019Ajol. C\u2019est l\u00e0 que Renaud Jalocka, originaire de Plombi\u00e8res-les-Bains, a d\u00e9cid\u00e9 d\u2019installer son entreprise. <\/span><\/strong><\/h2>\n<p>Le jeune vosgien n\u2019en est pas \u00e0 ses d\u00e9buts dans le domaine brassicole. Il a commenc\u00e9 la production tr\u00e8s t\u00f4t, alors encore mineur, chez ses parents. Pendant plusieurs ann\u00e9es, il a brass\u00e9 de la bi\u00e8re \u00e0 titre priv\u00e9. Il a aussi produit de la liqueur. <em>\u00ab\u00a0\u00c7\u00e0 fait 20 ans que je peaufine mes <a href=\"\/2022\/07\/Brasserie-Girmont-19.jpg\"><img decoding=\"async\" class=\" wp-image-348304 alignright\" src=\"\/2022\/07\/Brasserie-Girmont-19-951x1024.jpg\" alt=\"Brasserie Girmont (19)\" width=\"250\" height=\"269\" \/><\/a>recettes\u00a0\u00bb<\/em>, explique le brasseur. D\u2019autres alcools s\u2019ajouteront peut \u00eatre prochainement \u00e0 la production de bi\u00e8re. <em>\u00ab\u00a0C\u2019est un domaine qui m\u2019int\u00e9resse beaucoup aussi\u00a0\u00bb. <\/em><\/p>\n<p>Comment Renaud Jalocka en est-il venu \u00e0 la cr\u00e9ation de la \u00ab\u00a0Brasserie de Girmont Val d\u2019Ajol\u00a0\u00bb\u00a0? Tourneur-fraiseur de formation, musicien, il a exerc\u00e9 plusieurs professions avant de d\u00e9marrer son entreprise. Il a notamment travaill\u00e9 pendant un an dans une brasserie \u00e0 Metz. Il a ensuite envisag\u00e9 le domaine de la cuisine ou le m\u00e9tier de barista. <em>\u00ab\u00a0C\u2019est vraiment \u00e7a qui m\u2019int\u00e9resse, \u00eatre dans un m\u00e9tier qui r\u00e9gale les papilles\u00a0\u00bb.<\/em> C\u2019est finalement du c\u00f4t\u00e9 de la production d\u2019alcool qu\u2019il s\u2019est orient\u00e9.<\/p>\n<p>Lors qu\u2019est apparue la mode des micro-brasseries, et que de nombreuses personnes se sont lanc\u00e9es dans cette production, Renaud Jalocka s\u2019est dit <em>\u00ab\u00a0pourquoi pas\u00a0?\u00a0\u00bb<\/em>. En effet, l\u2019entrepreneur vosgien <a href=\"\/2022\/07\/Brasserie-Girmont-5.jpg\"><img decoding=\"async\" class=\" wp-image-348297 alignleft\" src=\"\/2022\/07\/Brasserie-Girmont-5-1024x681.jpg\" alt=\"Brasserie Girmont (5)\" width=\"302\" height=\"201\" \/><\/a>dispose d\u2019une bonne exp\u00e9rience dans le domaine. Cela a servi de d\u00e9clic. <em>\u00ab\u00a0C\u2019est comme \u00e7a qu\u2019est n\u00e9e la brasserie\u00a0\u00bb<\/em>, affirme-t-il. Apr\u00e8s avoir v\u00e9cu un temps en Moselle, il \u00e9tait temps de changer d\u2019air. <em>\u00ab\u00a0Il y a eu vraiment une envie de retourner dans les Vosges\u00a0\u00bb. <\/em>On le comprend.<\/p>\n<p>C\u2019est finalement au Girmont-Val-d\u2019Ajol que Renaud Jalocka a pos\u00e9 ses cartons. <em>\u00ab\u00a0Un petit village qui respecte les valeurs que je pr\u00f4ne\u00a0\u00bb<\/em>, affirme-t-il. <em>\u00ab\u00a0Ils aiment bien les bonnes choses ici\u00a0\u00bb<\/em>. Un joli coin des Vosges anim\u00e9 et accueillant. Le brasseur s\u2019est install\u00e9 en f\u00e9vrier dans son<a href=\"\/2022\/07\/Brasserie-Girmont-1.jpg\"><img decoding=\"async\" class=\" wp-image-348295 alignright\" src=\"\/2022\/07\/Brasserie-Girmont-1-1024x681.jpg\" alt=\"Brasserie Girmont (1)\" width=\"307\" height=\"204\" \/><\/a> local de 72 m\u00e8tres carr\u00e9s. Le d\u00e9but d\u2019une belle aventure. Il a fallu effectuer des travaux, rassembler du mat\u00e9riel, pour pouvoir enfin d\u00e9marrer la premi\u00e8re production girmontoise.<\/p>\n<p>La brasserie est fond\u00e9e sur plusieurs principes\u00a0: une production 100\u00a0% bio, une pr\u00e9f\u00e9rence pour le local et le circuit court. La bi\u00e8re a obtenu la certification bio. Prochaine \u00e9tape en vue, l\u2019obtention de la certification \u00ab\u00a0Nature et Progr\u00e8s\u00a0\u00bb. Pour les mati\u00e8res premi\u00e8res, l\u2019objectif est de trouver au plus pr\u00e8s. <em>\u00ab\u00a0Les cartons, ils viennent d\u2019Eloyes. Les bouteilles, c\u2019est du Made in France\u00a0\u00bb<\/em>. Le houblon bio vient d\u2019Alsace et de Moselle, le malte d\u2019Auvergne et de Belgique.<\/p>\n<p><a href=\"\/2022\/07\/Brasserie-Girmont-15.jpg\"><img decoding=\"async\" class=\"wp-image-348301 alignleft\" src=\"\/2022\/07\/Brasserie-Girmont-15-1024x681.jpg\" alt=\"Brasserie Girmont (15)\" width=\"292\" height=\"194\" \/><\/a>L\u2019entrepreneur choisit \u00e9galement de ne pas trop m\u00e9caniser sa production. <em>\u00ab\u00a0Je fais tout \u00e0 la main\u00a0\u00bb<\/em>, explique-t-il. <em>\u00ab\u00a0Je n\u2019ai pas de moteur pour brasser ma cuve\u00a0\u00bb. <\/em>Les bouteilles sont \u00e9tiquet\u00e9es \u00e0 la main. En ce qui concerne la distribution, l\u00e0 encore, c\u2019est le local qui prime.<i> <\/i><em>\u00ab\u00a0Priorit\u00e9 \u00e0 la vente directe, aux petits march\u00e9s locaux, aux restaurateurs\u00a0\u00bb. <\/em>La bi\u00e8re est aussi vendue dans des magasins sp\u00e9cialis\u00e9s bio.<\/p>\n<p><em>\u00ab\u00a0Pour faire une bi\u00e8re, il faut environ 5 semaines\u00a0\u00bb<\/em>, affirme Renaud Jalocka. Il y a possibilit\u00e9 de produire 400 litres par semaine actuellement. Et le brasseur n\u2019a pas l\u2019intention de produire beaucoup plus. <em>\u00ab\u00a0Il faut que \u00e7a reste une bi\u00e8re locale, une bi\u00e8re de village. Plus on grossit, plus il faut industrialiser, acheter des machines\u00a0\u00bb. <\/em>Ce n\u2019est pas le projet. Pour l\u2019instant, une bi\u00e8re blonde est propos\u00e9e, ainsi qu\u2019un ambr\u00e9e \u00e0 triple fermentation. D\u2019autres viendront plus tard compl\u00e9ter la gamme\u00a0: bi\u00e8re aux fruits, stout aux noisettes, etc.<\/p>\n\n<p>&nbsp;<\/p>\n","protected":false},"excerpt":{"rendered":"<p>Une nouvelle brasserie a \u00e9t\u00e9 ouverte il y a quelques mois dans les Vosges. Plus pr\u00e9cis\u00e9ment au Girmont Val d\u2019Ajol. [&hellip;]<\/p>\n","protected":false},"author":407,"featured_media":58535,"comment_status":"open","ping_status":"open","sticky":false,"template":"","format":"standard","meta":{"footnotes":""},"categories":[26,4,82],"tags":[961,4139,4200,4201,32],"class_list":["post-58534","post","type-post","status-publish","format-standard","has-post-thumbnail","hentry","category-a-la-une","category-culture","category-le-val-dajol-son-canton","tag-brasserie","tag-girmont-val-dajol","tag-renaud-jalocka","tag-viere","tag-vosges"],"acf":[],"yoast_head":"<!-- This site is optimized with the Yoast SEO plugin v22.5 - https:\/\/yoast.com\/wordpress\/plugins\/seo\/ -->\n<title>Une toute nouvelle brasserie vosgienne au Girmont Val d\u2019Ajol - Remiremont Info<\/title>\n<meta name=\"robots\" content=\"index, follow, max-snippet:-1, max-image-preview:large, max-video-preview:-1\" \/>\n<link rel=\"canonical\" href=\"https:\/\/vosgesinfo.fr\/remiremontinfo\/2022\/07\/toute-nouvelle-brasserie-vosgienne-girmont-val-dajol\/\" \/>\n<meta name=\"twitter:card\" content=\"summary_large_image\" \/>\n<meta name=\"twitter:title\" content=\"Une toute nouvelle brasserie vosgienne au Girmont Val d\u2019Ajol - Remiremont Info\" \/>\n<meta name=\"twitter:description\" content=\"Une nouvelle brasserie a \u00e9t\u00e9 ouverte il y a quelques mois dans les Vosges. Plus pr\u00e9cis\u00e9ment au Girmont Val d\u2019Ajol. [&hellip;]\" \/>\n<meta name=\"twitter:image\" content=\"https:\/\/vosgesinfo.fr\/app\/uploads\/sites\/5\/2024\/09\/202207brasserie-girmont-1.jpg\" \/>\n<meta name=\"twitter:creator\" content=\"@VosgesInfo88\" \/>\n<meta name=\"twitter:site\" content=\"@VosgesInfo88\" \/>\n<meta name=\"twitter:label1\" content=\"\u00c9crit par\" \/>\n\t<meta name=\"twitter:data1\" content=\"C D\" \/>\n\t<meta name=\"twitter:label2\" content=\"Dur\u00e9e de lecture estim\u00e9e\" \/>\n\t<meta name=\"twitter:data2\" content=\"3 minutes\" \/>\n<script type=\"application\/ld+json\" class=\"yoast-schema-graph\">{\"@context\":\"https:\/\/schema.org\",\"@graph\":[{\"@type\":\"Article\",\"@id\":\"https:\/\/vosgesinfo.fr\/remiremontinfo\/2022\/07\/toute-nouvelle-brasserie-vosgienne-girmont-val-dajol\/#article\",\"isPartOf\":{\"@id\":\"https:\/\/vosgesinfo.fr\/remiremontinfo\/2022\/07\/toute-nouvelle-brasserie-vosgienne-girmont-val-dajol\/\"},\"author\":{\"name\":\"C D\",\"@id\":\"https:\/\/vosgesinfo.fr\/remiremontinfo\/#\/schema\/person\/3bfd164d5218a185b1db68655a265316\"},\"headline\":\"Une toute nouvelle brasserie vosgienne au Girmont Val d\u2019Ajol\",\"datePublished\":\"2022-07-12T05:27:36+00:00\",\"dateModified\":\"2022-07-12T05:27:36+00:00\",\"mainEntityOfPage\":{\"@id\":\"https:\/\/vosgesinfo.fr\/remiremontinfo\/2022\/07\/toute-nouvelle-brasserie-vosgienne-girmont-val-dajol\/\"},\"wordCount\":664,\"commentCount\":0,\"publisher\":{\"@id\":\"https:\/\/vosgesinfo.fr\/remiremontinfo\/#organization\"},\"image\":{\"@id\":\"https:\/\/vosgesinfo.fr\/remiremontinfo\/2022\/07\/toute-nouvelle-brasserie-vosgienne-girmont-val-dajol\/#primaryimage\"},\"thumbnailUrl\":\"https:\/\/vosgesinfo.fr\/app\/uploads\/sites\/5\/2024\/09\/202207brasserie-girmont-1.jpg\",\"keywords\":[\"brasserie\",\"girmont val d'ajol\",\"renaud jalocka\",\"vi\u00e8re\",\"Vosges\"],\"articleSection\":[\"A la Une\",\"Culture\",\"Le Val-d'Ajol &amp; son canton\"],\"inLanguage\":\"fr-FR\",\"potentialAction\":[{\"@type\":\"CommentAction\",\"name\":\"Comment\",\"target\":[\"https:\/\/vosgesinfo.fr\/remiremontinfo\/2022\/07\/toute-nouvelle-brasserie-vosgienne-girmont-val-dajol\/#respond\"]}]},{\"@type\":\"WebPage\",\"@id\":\"https:\/\/vosgesinfo.fr\/remiremontinfo\/2022\/07\/toute-nouvelle-brasserie-vosgienne-girmont-val-dajol\/\",\"url\":\"https:\/\/vosgesinfo.fr\/remiremontinfo\/2022\/07\/toute-nouvelle-brasserie-vosgienne-girmont-val-dajol\/\",\"name\":\"Une toute nouvelle brasserie vosgienne au Girmont Val d\u2019Ajol - Remiremont Info\",\"isPartOf\":{\"@id\":\"https:\/\/vosgesinfo.fr\/remiremontinfo\/#website\"},\"primaryImageOfPage\":{\"@id\":\"https:\/\/vosgesinfo.fr\/remiremontinfo\/2022\/07\/toute-nouvelle-brasserie-vosgienne-girmont-val-dajol\/#primaryimage\"},\"image\":{\"@id\":\"https:\/\/vosgesinfo.fr\/remiremontinfo\/2022\/07\/toute-nouvelle-brasserie-vosgienne-girmont-val-dajol\/#primaryimage\"},\"thumbnailUrl\":\"https:\/\/vosgesinfo.fr\/app\/uploads\/sites\/5\/2024\/09\/202207brasserie-girmont-1.jpg\",\"datePublished\":\"2022-07-12T05:27:36+00:00\",\"dateModified\":\"2022-07-12T05:27:36+00:00\",\"breadcrumb\":{\"@id\":\"https:\/\/vosgesinfo.fr\/remiremontinfo\/2022\/07\/toute-nouvelle-brasserie-vosgienne-girmont-val-dajol\/#breadcrumb\"},\"inLanguage\":\"fr-FR\",\"potentialAction\":[{\"@type\":\"ReadAction\",\"target\":[\"https:\/\/vosgesinfo.fr\/remiremontinfo\/2022\/07\/toute-nouvelle-brasserie-vosgienne-girmont-val-dajol\/\"]}]},{\"@type\":\"ImageObject\",\"inLanguage\":\"fr-FR\",\"@id\":\"https:\/\/vosgesinfo.fr\/remiremontinfo\/2022\/07\/toute-nouvelle-brasserie-vosgienne-girmont-val-dajol\/#primaryimage\",\"url\":\"https:\/\/vosgesinfo.fr\/app\/uploads\/sites\/5\/2024\/09\/202207brasserie-girmont-1.jpg\",\"contentUrl\":\"https:\/\/vosgesinfo.fr\/app\/uploads\/sites\/5\/2024\/09\/202207brasserie-girmont-1.jpg\",\"width\":1600,\"height\":1064},{\"@type\":\"BreadcrumbList\",\"@id\":\"https:\/\/vosgesinfo.fr\/remiremontinfo\/2022\/07\/toute-nouvelle-brasserie-vosgienne-girmont-val-dajol\/#breadcrumb\",\"itemListElement\":[{\"@type\":\"ListItem\",\"position\":1,\"name\":\"Home\",\"item\":\"https:\/\/vosgesinfo.fr\/remiremontinfo\/\"},{\"@type\":\"ListItem\",\"position\":2,\"name\":\"Une toute nouvelle brasserie vosgienne au Girmont Val d\u2019Ajol\"}]},{\"@type\":\"WebSite\",\"@id\":\"https:\/\/vosgesinfo.fr\/remiremontinfo\/#website\",\"url\":\"https:\/\/vosgesinfo.fr\/remiremontinfo\/\",\"name\":\"Remiremont Info\",\"description\":\"Toute l&#039;actualit\u00e9 de Remiremont\",\"publisher\":{\"@id\":\"https:\/\/vosgesinfo.fr\/remiremontinfo\/#organization\"},\"alternateName\":\"Toute l'actualit\u00e9 de Remiremont\",\"potentialAction\":[{\"@type\":\"SearchAction\",\"target\":{\"@type\":\"EntryPoint\",\"urlTemplate\":\"https:\/\/vosgesinfo.fr\/remiremontinfo\/?s={search_term_string}\"},\"query-input\":\"required name=search_term_string\"}],\"inLanguage\":\"fr-FR\"},{\"@type\":\"Organization\",\"@id\":\"https:\/\/vosgesinfo.fr\/remiremontinfo\/#organization\",\"name\":\"Remiremont Info\",\"url\":\"https:\/\/vosgesinfo.fr\/remiremontinfo\/\",\"logo\":{\"@type\":\"ImageObject\",\"inLanguage\":\"fr-FR\",\"@id\":\"https:\/\/vosgesinfo.fr\/remiremontinfo\/#\/schema\/logo\/image\/\",\"url\":\"https:\/\/vosgesinfo.fr\/app\/uploads\/sites\/5\/2023\/08\/favicon-remiremontinfo.png\",\"contentUrl\":\"https:\/\/vosgesinfo.fr\/app\/uploads\/sites\/5\/2023\/08\/favicon-remiremontinfo.png\",\"width\":512,\"height\":512,\"caption\":\"Remiremont Info\"},\"image\":{\"@id\":\"https:\/\/vosgesinfo.fr\/remiremontinfo\/#\/schema\/logo\/image\/\"},\"sameAs\":[\"https:\/\/www.facebook.com\/remiremontinfo\",\"https:\/\/x.com\/VosgesInfo88\",\"https:\/\/www.youtube.com\/@vosgesinfo\"]},{\"@type\":\"Person\",\"@id\":\"https:\/\/vosgesinfo.fr\/remiremontinfo\/#\/schema\/person\/3bfd164d5218a185b1db68655a265316\",\"name\":\"C D\",\"image\":{\"@type\":\"ImageObject\",\"inLanguage\":\"fr-FR\",\"@id\":\"https:\/\/vosgesinfo.fr\/remiremontinfo\/#\/schema\/person\/image\/\",\"url\":\"https:\/\/secure.gravatar.com\/avatar\/1f9a70007336511a47468b8f1c66f922b8b7cf617b02a31149ada43893a5d48f?s=96&d=mm&r=g\",\"contentUrl\":\"https:\/\/secure.gravatar.com\/avatar\/1f9a70007336511a47468b8f1c66f922b8b7cf617b02a31149ada43893a5d48f?s=96&d=mm&r=g\",\"caption\":\"C D\"},\"url\":\"https:\/\/vosgesinfo.fr\/remiremontinfo\/author\/cedric-drevet\/\"}]}<\/script>\n<!-- \/ Yoast SEO plugin. -->","yoast_head_json":{"title":"Une toute nouvelle brasserie vosgienne au Girmont Val d\u2019Ajol - Remiremont Info","robots":{"index":"index","follow":"follow","max-snippet":"max-snippet:-1","max-image-preview":"max-image-preview:large","max-video-preview":"max-video-preview:-1"},"canonical":"https:\/\/vosgesinfo.fr\/remiremontinfo\/2022\/07\/toute-nouvelle-brasserie-vosgienne-girmont-val-dajol\/","twitter_card":"summary_large_image","twitter_title":"Une toute nouvelle brasserie vosgienne au Girmont Val d\u2019Ajol - Remiremont Info","twitter_description":"Une nouvelle brasserie a \u00e9t\u00e9 ouverte il y a quelques mois dans les Vosges. Plus pr\u00e9cis\u00e9ment au Girmont Val d\u2019Ajol. [&hellip;]","twitter_image":"https:\/\/vosgesinfo.fr\/app\/uploads\/sites\/5\/2024\/09\/202207brasserie-girmont-1.jpg","twitter_creator":"@VosgesInfo88","twitter_site":"@VosgesInfo88","twitter_misc":{"\u00c9crit par":"C D","Dur\u00e9e de lecture estim\u00e9e":"3 minutes"},"schema":{"@context":"https:\/\/schema.org","@graph":[{"@type":"Article","@id":"https:\/\/vosgesinfo.fr\/remiremontinfo\/2022\/07\/toute-nouvelle-brasserie-vosgienne-girmont-val-dajol\/#article","isPartOf":{"@id":"https:\/\/vosgesinfo.fr\/remiremontinfo\/2022\/07\/toute-nouvelle-brasserie-vosgienne-girmont-val-dajol\/"},"author":{"name":"C D","@id":"https:\/\/vosgesinfo.fr\/remiremontinfo\/#\/schema\/person\/3bfd164d5218a185b1db68655a265316"},"headline":"Une toute nouvelle brasserie vosgienne au Girmont Val d\u2019Ajol","datePublished":"2022-07-12T05:27:36+00:00","dateModified":"2022-07-12T05:27:36+00:00","mainEntityOfPage":{"@id":"https:\/\/vosgesinfo.fr\/remiremontinfo\/2022\/07\/toute-nouvelle-brasserie-vosgienne-girmont-val-dajol\/"},"wordCount":664,"commentCount":0,"publisher":{"@id":"https:\/\/vosgesinfo.fr\/remiremontinfo\/#organization"},"image":{"@id":"https:\/\/vosgesinfo.fr\/remiremontinfo\/2022\/07\/toute-nouvelle-brasserie-vosgienne-girmont-val-dajol\/#primaryimage"},"thumbnailUrl":"https:\/\/vosgesinfo.fr\/app\/uploads\/sites\/5\/2024\/09\/202207brasserie-girmont-1.jpg","keywords":["brasserie","girmont val d'ajol","renaud jalocka","vi\u00e8re","Vosges"],"articleSection":["A la Une","Culture","Le Val-d'Ajol &amp; son canton"],"inLanguage":"fr-FR","potentialAction":[{"@type":"CommentAction","name":"Comment","target":["https:\/\/vosgesinfo.fr\/remiremontinfo\/2022\/07\/toute-nouvelle-brasserie-vosgienne-girmont-val-dajol\/#respond"]}]},{"@type":"WebPage","@id":"https:\/\/vosgesinfo.fr\/remiremontinfo\/2022\/07\/toute-nouvelle-brasserie-vosgienne-girmont-val-dajol\/","url":"https:\/\/vosgesinfo.fr\/remiremontinfo\/2022\/07\/toute-nouvelle-brasserie-vosgienne-girmont-val-dajol\/","name":"Une toute nouvelle brasserie vosgienne au Girmont Val d\u2019Ajol - Remiremont Info","isPartOf":{"@id":"https:\/\/vosgesinfo.fr\/remiremontinfo\/#website"},"primaryImageOfPage":{"@id":"https:\/\/vosgesinfo.fr\/remiremontinfo\/2022\/07\/toute-nouvelle-brasserie-vosgienne-girmont-val-dajol\/#primaryimage"},"image":{"@id":"https:\/\/vosgesinfo.fr\/remiremontinfo\/2022\/07\/toute-nouvelle-brasserie-vosgienne-girmont-val-dajol\/#primaryimage"},"thumbnailUrl":"https:\/\/vosgesinfo.fr\/app\/uploads\/sites\/5\/2024\/09\/202207brasserie-girmont-1.jpg","datePublished":"2022-07-12T05:27:36+00:00","dateModified":"2022-07-12T05:27:36+00:00","breadcrumb":{"@id":"https:\/\/vosgesinfo.fr\/remiremontinfo\/2022\/07\/toute-nouvelle-brasserie-vosgienne-girmont-val-dajol\/#breadcrumb"},"inLanguage":"fr-FR","potentialAction":[{"@type":"ReadAction","target":["https:\/\/vosgesinfo.fr\/remiremontinfo\/2022\/07\/toute-nouvelle-brasserie-vosgienne-girmont-val-dajol\/"]}]},{"@type":"ImageObject","inLanguage":"fr-FR","@id":"https:\/\/vosgesinfo.fr\/remiremontinfo\/2022\/07\/toute-nouvelle-brasserie-vosgienne-girmont-val-dajol\/#primaryimage","url":"https:\/\/vosgesinfo.fr\/app\/uploads\/sites\/5\/2024\/09\/202207brasserie-girmont-1.jpg","contentUrl":"https:\/\/vosgesinfo.fr\/app\/uploads\/sites\/5\/2024\/09\/202207brasserie-girmont-1.jpg","width":1600,"height":1064},{"@type":"BreadcrumbList","@id":"https:\/\/vosgesinfo.fr\/remiremontinfo\/2022\/07\/toute-nouvelle-brasserie-vosgienne-girmont-val-dajol\/#breadcrumb","itemListElement":[{"@type":"ListItem","position":1,"name":"Home","item":"https:\/\/vosgesinfo.fr\/remiremontinfo\/"},{"@type":"ListItem","position":2,"name":"Une toute nouvelle brasserie vosgienne au Girmont Val d\u2019Ajol"}]},{"@type":"WebSite","@id":"https:\/\/vosgesinfo.fr\/remiremontinfo\/#website","url":"https:\/\/vosgesinfo.fr\/remiremontinfo\/","name":"Remiremont Info","description":"Toute l&#039;actualit\u00e9 de Remiremont","publisher":{"@id":"https:\/\/vosgesinfo.fr\/remiremontinfo\/#organization"},"alternateName":"Toute l'actualit\u00e9 de Remiremont","potentialAction":[{"@type":"SearchAction","target":{"@type":"EntryPoint","urlTemplate":"https:\/\/vosgesinfo.fr\/remiremontinfo\/?s={search_term_string}"},"query-input":"required name=search_term_string"}],"inLanguage":"fr-FR"},{"@type":"Organization","@id":"https:\/\/vosgesinfo.fr\/remiremontinfo\/#organization","name":"Remiremont Info","url":"https:\/\/vosgesinfo.fr\/remiremontinfo\/","logo":{"@type":"ImageObject","inLanguage":"fr-FR","@id":"https:\/\/vosgesinfo.fr\/remiremontinfo\/#\/schema\/logo\/image\/","url":"https:\/\/vosgesinfo.fr\/app\/uploads\/sites\/5\/2023\/08\/favicon-remiremontinfo.png","contentUrl":"https:\/\/vosgesinfo.fr\/app\/uploads\/sites\/5\/2023\/08\/favicon-remiremontinfo.png","width":512,"height":512,"caption":"Remiremont Info"},"image":{"@id":"https:\/\/vosgesinfo.fr\/remiremontinfo\/#\/schema\/logo\/image\/"},"sameAs":["https:\/\/www.facebook.com\/remiremontinfo","https:\/\/x.com\/VosgesInfo88","https:\/\/www.youtube.com\/@vosgesinfo"]},{"@type":"Person","@id":"https:\/\/vosgesinfo.fr\/remiremontinfo\/#\/schema\/person\/3bfd164d5218a185b1db68655a265316","name":"C D","image":{"@type":"ImageObject","inLanguage":"fr-FR","@id":"https:\/\/vosgesinfo.fr\/remiremontinfo\/#\/schema\/person\/image\/","url":"https:\/\/secure.gravatar.com\/avatar\/1f9a70007336511a47468b8f1c66f922b8b7cf617b02a31149ada43893a5d48f?s=96&d=mm&r=g","contentUrl":"https:\/\/secure.gravatar.com\/avatar\/1f9a70007336511a47468b8f1c66f922b8b7cf617b02a31149ada43893a5d48f?s=96&d=mm&r=g","caption":"C D"},"url":"https:\/\/vosgesinfo.fr\/remiremontinfo\/author\/cedric-drevet\/"}]}},"_links":{"self":[{"href":"https:\/\/vosgesinfo.fr\/remiremontinfo\/wp-json\/wp\/v2\/posts\/58534","targetHints":{"allow":["GET"]}}],"collection":[{"href":"https:\/\/vosgesinfo.fr\/remiremontinfo\/wp-json\/wp\/v2\/posts"}],"about":[{"href":"https:\/\/vosgesinfo.fr\/remiremontinfo\/wp-json\/wp\/v2\/types\/post"}],"author":[{"embeddable":true,"href":"https:\/\/vosgesinfo.fr\/remiremontinfo\/wp-json\/wp\/v2\/users\/407"}],"replies":[{"embeddable":true,"href":"https:\/\/vosgesinfo.fr\/remiremontinfo\/wp-json\/wp\/v2\/comments?post=58534"}],"version-history":[{"count":0,"href":"https:\/\/vosgesinfo.fr\/remiremontinfo\/wp-json\/wp\/v2\/posts\/58534\/revisions"}],"wp:featuredmedia":[{"embeddable":true,"href":"https:\/\/vosgesinfo.fr\/remiremontinfo\/wp-json\/wp\/v2\/media\/58535"}],"wp:attachment":[{"href":"https:\/\/vosgesinfo.fr\/remiremontinfo\/wp-json\/wp\/v2\/media?parent=58534"}],"wp:term":[{"taxonomy":"category","embeddable":true,"href":"https:\/\/vosgesinfo.fr\/remiremontinfo\/wp-json\/wp\/v2\/categories?post=58534"},{"taxonomy":"post_tag","embeddable":true,"href":"https:\/\/vosgesinfo.fr\/remiremontinfo\/wp-json\/wp\/v2\/tags?post=58534"}],"curies":[{"name":"wp","href":"https:\/\/api.w.org\/{rel}","templated":true}]}}