{"id":58556,"date":"2022-07-12T07:15:37","date_gmt":"2022-07-12T05:15:37","guid":{"rendered":"https:\/\/vosgesinfo.fr\/remiremontinfo\/2022\/07\/canicule-secheresse-gestes-a-adopter-eviter-risques-dincendie-foret\/"},"modified":"2022-07-12T07:15:37","modified_gmt":"2022-07-12T05:15:37","slug":"canicule-secheresse-gestes-a-adopter-eviter-risques-dincendie-foret","status":"publish","type":"post","link":"https:\/\/vosgesinfo.fr\/remiremontinfo\/2022\/07\/canicule-secheresse-gestes-a-adopter-eviter-risques-dincendie-foret\/","title":{"rendered":"Canicule, s\u00e9cheresse : des gestes \u00e0 adopter pour \u00e9viter les risques d\u2019incendie en for\u00eat"},"content":{"rendered":"<p style=\"text-align: center;\"><em>Communiqu\u00e9 de la Pr\u00e9fecture\u00a0<\/em><\/p>\n<div dir=\"auto\">Compte tenu des fortes chaleurs estivales et de la situation hydrologique du d\u00e9partement, la pr\u00e9fecture appelle \u00e0 la plus grande vigilance et \u00e0 adopter les bons comportements pour prot\u00e9ger nos for\u00eats et l\u2019ensemble de nos espaces naturels.<\/div>\n<div dir=\"auto\"><\/div>\n<div dir=\"auto\">1\/ Aux abords des for\u00eats : n\u2019allumez ni feu, ni barbecue<\/div>\n<div dir=\"auto\">2\/ Ne jetez jamais vos m\u00e9gots en for\u00eat ou par la fen\u00eatre de votre voiture<\/div>\n<div dir=\"auto\">3\/ Ne r\u00e9alisez pas de travaux avec des mat\u00e9riels susceptibles de d\u00e9clencher un feu (disqueuse, soudure\u2026) les jours de fort risque d\u2019incendie (vent, chaleur)<\/div>\n<div dir=\"auto\">4\/ Si vous \u00eates t\u00e9moin d\u2019un d\u00e9but d\u2019incendie, pr\u00e9venez le 18 ou le 112<\/div>\n<div dir=\"auto\"><a href=\"https:\/\/epinalinfos.fr\/wp-content\/uploads\/2022\/06\/Pr%C3%A9vention_Feux_For%C3%AAts_SDIS88-4.jpg\" data-featherlight=\"image\"><img decoding=\"async\" class=\"aligncenter size-full wp-image-203062\" src=\"https:\/\/epinalinfos.fr\/wp-content\/uploads\/2022\/06\/Pr%C3%A9vention_Feux_For%C3%AAts_SDIS88-4.jpg\" alt=\"Pr\u00e9vention_Feux_For\u00eats_SDIS88-4\" width=\"800\" height=\"534\" \/><\/a><\/div>\n<div class=\"really_simple_share really_simple_share_button robots-nocontent snap_nopreview\"><\/div>\n","protected":false},"excerpt":{"rendered":"<p>Communiqu\u00e9 de la Pr\u00e9fecture\u00a0 Compte tenu des fortes chaleurs estivales et de la situation hydrologique du d\u00e9partement, la pr\u00e9fecture appelle [&hellip;]<\/p>\n","protected":false},"author":407,"featured_media":58557,"comment_status":"open","ping_status":"open","sticky":false,"template":"","format":"standard","meta":{"footnotes":""},"categories":[26,7,18],"tags":[548,193,32],"class_list":["post-58556","post","type-post","status-publish","format-standard","has-post-thumbnail","hentry","category-a-la-une","category-environnement","category-vosges","tag-feu","tag-foret","tag-vosges"],"acf":[],"yoast_head":"<!-- This site is optimized with the Yoast SEO plugin v22.5 - https:\/\/yoast.com\/wordpress\/plugins\/seo\/ -->\n<title>Canicule, s\u00e9cheresse : des gestes \u00e0 adopter pour \u00e9viter les risques d\u2019incendie en for\u00eat - Remiremont Info<\/title>\n<meta name=\"robots\" content=\"index, follow, max-snippet:-1, max-image-preview:large, max-video-preview:-1\" \/>\n<link rel=\"canonical\" href=\"https:\/\/vosgesinfo.fr\/remiremontinfo\/2022\/07\/canicule-secheresse-gestes-a-adopter-eviter-risques-dincendie-foret\/\" \/>\n<meta name=\"twitter:card\" content=\"summary_large_image\" \/>\n<meta name=\"twitter:title\" content=\"Canicule, s\u00e9cheresse : des gestes \u00e0 adopter pour \u00e9viter les risques d\u2019incendie en for\u00eat - Remiremont Info\" \/>\n<meta name=\"twitter:description\" content=\"Communiqu\u00e9 de la Pr\u00e9fecture\u00a0 Compte tenu des fortes chaleurs estivales et de la situation hydrologique du d\u00e9partement, la pr\u00e9fecture appelle [&hellip;]\" \/>\n<meta name=\"twitter:image\" content=\"https:\/\/vosgesinfo.fr\/app\/uploads\/sites\/5\/2024\/09\/202206prevention-feux-forets-sdis88-4-1024x684-2.jpg\" \/>\n<meta name=\"twitter:creator\" content=\"@VosgesInfo88\" \/>\n<meta name=\"twitter:site\" content=\"@VosgesInfo88\" \/>\n<meta name=\"twitter:label1\" content=\"\u00c9crit par\" \/>\n\t<meta name=\"twitter:data1\" content=\"C D\" \/>\n\t<meta name=\"twitter:label2\" content=\"Dur\u00e9e de lecture estim\u00e9e\" \/>\n\t<meta name=\"twitter:data2\" content=\"1 minute\" \/>\n<script type=\"application\/ld+json\" class=\"yoast-schema-graph\">{\"@context\":\"https:\/\/schema.org\",\"@graph\":[{\"@type\":\"Article\",\"@id\":\"https:\/\/vosgesinfo.fr\/remiremontinfo\/2022\/07\/canicule-secheresse-gestes-a-adopter-eviter-risques-dincendie-foret\/#article\",\"isPartOf\":{\"@id\":\"https:\/\/vosgesinfo.fr\/remiremontinfo\/2022\/07\/canicule-secheresse-gestes-a-adopter-eviter-risques-dincendie-foret\/\"},\"author\":{\"name\":\"C D\",\"@id\":\"https:\/\/vosgesinfo.fr\/remiremontinfo\/#\/schema\/person\/3bfd164d5218a185b1db68655a265316\"},\"headline\":\"Canicule, s\u00e9cheresse : des gestes \u00e0 adopter pour \u00e9viter les risques d\u2019incendie en for\u00eat\",\"datePublished\":\"2022-07-12T05:15:37+00:00\",\"dateModified\":\"2022-07-12T05:15:37+00:00\",\"mainEntityOfPage\":{\"@id\":\"https:\/\/vosgesinfo.fr\/remiremontinfo\/2022\/07\/canicule-secheresse-gestes-a-adopter-eviter-risques-dincendie-foret\/\"},\"wordCount\":131,\"commentCount\":0,\"publisher\":{\"@id\":\"https:\/\/vosgesinfo.fr\/remiremontinfo\/#organization\"},\"image\":{\"@id\":\"https:\/\/vosgesinfo.fr\/remiremontinfo\/2022\/07\/canicule-secheresse-gestes-a-adopter-eviter-risques-dincendie-foret\/#primaryimage\"},\"thumbnailUrl\":\"https:\/\/vosgesinfo.fr\/app\/uploads\/sites\/5\/2024\/09\/202206prevention-feux-forets-sdis88-4-1024x684-2.jpg\",\"keywords\":[\"feu\",\"For\u00eat\",\"Vosges\"],\"articleSection\":[\"A la Une\",\"Environnement\",\"Vosges\"],\"inLanguage\":\"fr-FR\",\"potentialAction\":[{\"@type\":\"CommentAction\",\"name\":\"Comment\",\"target\":[\"https:\/\/vosgesinfo.fr\/remiremontinfo\/2022\/07\/canicule-secheresse-gestes-a-adopter-eviter-risques-dincendie-foret\/#respond\"]}]},{\"@type\":\"WebPage\",\"@id\":\"https:\/\/vosgesinfo.fr\/remiremontinfo\/2022\/07\/canicule-secheresse-gestes-a-adopter-eviter-risques-dincendie-foret\/\",\"url\":\"https:\/\/vosgesinfo.fr\/remiremontinfo\/2022\/07\/canicule-secheresse-gestes-a-adopter-eviter-risques-dincendie-foret\/\",\"name\":\"Canicule, s\u00e9cheresse : des gestes \u00e0 adopter pour \u00e9viter les risques d\u2019incendie en for\u00eat - Remiremont Info\",\"isPartOf\":{\"@id\":\"https:\/\/vosgesinfo.fr\/remiremontinfo\/#website\"},\"primaryImageOfPage\":{\"@id\":\"https:\/\/vosgesinfo.fr\/remiremontinfo\/2022\/07\/canicule-secheresse-gestes-a-adopter-eviter-risques-dincendie-foret\/#primaryimage\"},\"image\":{\"@id\":\"https:\/\/vosgesinfo.fr\/remiremontinfo\/2022\/07\/canicule-secheresse-gestes-a-adopter-eviter-risques-dincendie-foret\/#primaryimage\"},\"thumbnailUrl\":\"https:\/\/vosgesinfo.fr\/app\/uploads\/sites\/5\/2024\/09\/202206prevention-feux-forets-sdis88-4-1024x684-2.jpg\",\"datePublished\":\"2022-07-12T05:15:37+00:00\",\"dateModified\":\"2022-07-12T05:15:37+00:00\",\"breadcrumb\":{\"@id\":\"https:\/\/vosgesinfo.fr\/remiremontinfo\/2022\/07\/canicule-secheresse-gestes-a-adopter-eviter-risques-dincendie-foret\/#breadcrumb\"},\"inLanguage\":\"fr-FR\",\"potentialAction\":[{\"@type\":\"ReadAction\",\"target\":[\"https:\/\/vosgesinfo.fr\/remiremontinfo\/2022\/07\/canicule-secheresse-gestes-a-adopter-eviter-risques-dincendie-foret\/\"]}]},{\"@type\":\"ImageObject\",\"inLanguage\":\"fr-FR\",\"@id\":\"https:\/\/vosgesinfo.fr\/remiremontinfo\/2022\/07\/canicule-secheresse-gestes-a-adopter-eviter-risques-dincendie-foret\/#primaryimage\",\"url\":\"https:\/\/vosgesinfo.fr\/app\/uploads\/sites\/5\/2024\/09\/202206prevention-feux-forets-sdis88-4-1024x684-2.jpg\",\"contentUrl\":\"https:\/\/vosgesinfo.fr\/app\/uploads\/sites\/5\/2024\/09\/202206prevention-feux-forets-sdis88-4-1024x684-2.jpg\",\"width\":1024,\"height\":684},{\"@type\":\"BreadcrumbList\",\"@id\":\"https:\/\/vosgesinfo.fr\/remiremontinfo\/2022\/07\/canicule-secheresse-gestes-a-adopter-eviter-risques-dincendie-foret\/#breadcrumb\",\"itemListElement\":[{\"@type\":\"ListItem\",\"position\":1,\"name\":\"Home\",\"item\":\"https:\/\/vosgesinfo.fr\/remiremontinfo\/\"},{\"@type\":\"ListItem\",\"position\":2,\"name\":\"Canicule, s\u00e9cheresse : des gestes \u00e0 adopter pour \u00e9viter les risques d\u2019incendie en for\u00eat\"}]},{\"@type\":\"WebSite\",\"@id\":\"https:\/\/vosgesinfo.fr\/remiremontinfo\/#website\",\"url\":\"https:\/\/vosgesinfo.fr\/remiremontinfo\/\",\"name\":\"Remiremont Info\",\"description\":\"Toute l&#039;actualit\u00e9 de Remiremont\",\"publisher\":{\"@id\":\"https:\/\/vosgesinfo.fr\/remiremontinfo\/#organization\"},\"alternateName\":\"Toute l'actualit\u00e9 de Remiremont\",\"potentialAction\":[{\"@type\":\"SearchAction\",\"target\":{\"@type\":\"EntryPoint\",\"urlTemplate\":\"https:\/\/vosgesinfo.fr\/remiremontinfo\/?s={search_term_string}\"},\"query-input\":\"required name=search_term_string\"}],\"inLanguage\":\"fr-FR\"},{\"@type\":\"Organization\",\"@id\":\"https:\/\/vosgesinfo.fr\/remiremontinfo\/#organization\",\"name\":\"Remiremont Info\",\"url\":\"https:\/\/vosgesinfo.fr\/remiremontinfo\/\",\"logo\":{\"@type\":\"ImageObject\",\"inLanguage\":\"fr-FR\",\"@id\":\"https:\/\/vosgesinfo.fr\/remiremontinfo\/#\/schema\/logo\/image\/\",\"url\":\"https:\/\/vosgesinfo.fr\/app\/uploads\/sites\/5\/2023\/08\/favicon-remiremontinfo.png\",\"contentUrl\":\"https:\/\/vosgesinfo.fr\/app\/uploads\/sites\/5\/2023\/08\/favicon-remiremontinfo.png\",\"width\":512,\"height\":512,\"caption\":\"Remiremont Info\"},\"image\":{\"@id\":\"https:\/\/vosgesinfo.fr\/remiremontinfo\/#\/schema\/logo\/image\/\"},\"sameAs\":[\"https:\/\/www.facebook.com\/remiremontinfo\",\"https:\/\/x.com\/VosgesInfo88\",\"https:\/\/www.youtube.com\/@vosgesinfo\"]},{\"@type\":\"Person\",\"@id\":\"https:\/\/vosgesinfo.fr\/remiremontinfo\/#\/schema\/person\/3bfd164d5218a185b1db68655a265316\",\"name\":\"C D\",\"image\":{\"@type\":\"ImageObject\",\"inLanguage\":\"fr-FR\",\"@id\":\"https:\/\/vosgesinfo.fr\/remiremontinfo\/#\/schema\/person\/image\/\",\"url\":\"https:\/\/secure.gravatar.com\/avatar\/1f9a70007336511a47468b8f1c66f922b8b7cf617b02a31149ada43893a5d48f?s=96&d=mm&r=g\",\"contentUrl\":\"https:\/\/secure.gravatar.com\/avatar\/1f9a70007336511a47468b8f1c66f922b8b7cf617b02a31149ada43893a5d48f?s=96&d=mm&r=g\",\"caption\":\"C D\"},\"url\":\"https:\/\/vosgesinfo.fr\/remiremontinfo\/author\/cedric-drevet\/\"}]}<\/script>\n<!-- \/ Yoast SEO plugin. -->","yoast_head_json":{"title":"Canicule, s\u00e9cheresse : des gestes \u00e0 adopter pour \u00e9viter les risques d\u2019incendie en for\u00eat - Remiremont Info","robots":{"index":"index","follow":"follow","max-snippet":"max-snippet:-1","max-image-preview":"max-image-preview:large","max-video-preview":"max-video-preview:-1"},"canonical":"https:\/\/vosgesinfo.fr\/remiremontinfo\/2022\/07\/canicule-secheresse-gestes-a-adopter-eviter-risques-dincendie-foret\/","twitter_card":"summary_large_image","twitter_title":"Canicule, s\u00e9cheresse : des gestes \u00e0 adopter pour \u00e9viter les risques d\u2019incendie en for\u00eat - Remiremont Info","twitter_description":"Communiqu\u00e9 de la Pr\u00e9fecture\u00a0 Compte tenu des fortes chaleurs estivales et de la situation hydrologique du d\u00e9partement, la pr\u00e9fecture appelle [&hellip;]","twitter_image":"https:\/\/vosgesinfo.fr\/app\/uploads\/sites\/5\/2024\/09\/202206prevention-feux-forets-sdis88-4-1024x684-2.jpg","twitter_creator":"@VosgesInfo88","twitter_site":"@VosgesInfo88","twitter_misc":{"\u00c9crit par":"C D","Dur\u00e9e de lecture estim\u00e9e":"1 minute"},"schema":{"@context":"https:\/\/schema.org","@graph":[{"@type":"Article","@id":"https:\/\/vosgesinfo.fr\/remiremontinfo\/2022\/07\/canicule-secheresse-gestes-a-adopter-eviter-risques-dincendie-foret\/#article","isPartOf":{"@id":"https:\/\/vosgesinfo.fr\/remiremontinfo\/2022\/07\/canicule-secheresse-gestes-a-adopter-eviter-risques-dincendie-foret\/"},"author":{"name":"C D","@id":"https:\/\/vosgesinfo.fr\/remiremontinfo\/#\/schema\/person\/3bfd164d5218a185b1db68655a265316"},"headline":"Canicule, s\u00e9cheresse : des gestes \u00e0 adopter pour \u00e9viter les risques d\u2019incendie en for\u00eat","datePublished":"2022-07-12T05:15:37+00:00","dateModified":"2022-07-12T05:15:37+00:00","mainEntityOfPage":{"@id":"https:\/\/vosgesinfo.fr\/remiremontinfo\/2022\/07\/canicule-secheresse-gestes-a-adopter-eviter-risques-dincendie-foret\/"},"wordCount":131,"commentCount":0,"publisher":{"@id":"https:\/\/vosgesinfo.fr\/remiremontinfo\/#organization"},"image":{"@id":"https:\/\/vosgesinfo.fr\/remiremontinfo\/2022\/07\/canicule-secheresse-gestes-a-adopter-eviter-risques-dincendie-foret\/#primaryimage"},"thumbnailUrl":"https:\/\/vosgesinfo.fr\/app\/uploads\/sites\/5\/2024\/09\/202206prevention-feux-forets-sdis88-4-1024x684-2.jpg","keywords":["feu","For\u00eat","Vosges"],"articleSection":["A la Une","Environnement","Vosges"],"inLanguage":"fr-FR","potentialAction":[{"@type":"CommentAction","name":"Comment","target":["https:\/\/vosgesinfo.fr\/remiremontinfo\/2022\/07\/canicule-secheresse-gestes-a-adopter-eviter-risques-dincendie-foret\/#respond"]}]},{"@type":"WebPage","@id":"https:\/\/vosgesinfo.fr\/remiremontinfo\/2022\/07\/canicule-secheresse-gestes-a-adopter-eviter-risques-dincendie-foret\/","url":"https:\/\/vosgesinfo.fr\/remiremontinfo\/2022\/07\/canicule-secheresse-gestes-a-adopter-eviter-risques-dincendie-foret\/","name":"Canicule, s\u00e9cheresse : des gestes \u00e0 adopter pour \u00e9viter les risques d\u2019incendie en for\u00eat - Remiremont Info","isPartOf":{"@id":"https:\/\/vosgesinfo.fr\/remiremontinfo\/#website"},"primaryImageOfPage":{"@id":"https:\/\/vosgesinfo.fr\/remiremontinfo\/2022\/07\/canicule-secheresse-gestes-a-adopter-eviter-risques-dincendie-foret\/#primaryimage"},"image":{"@id":"https:\/\/vosgesinfo.fr\/remiremontinfo\/2022\/07\/canicule-secheresse-gestes-a-adopter-eviter-risques-dincendie-foret\/#primaryimage"},"thumbnailUrl":"https:\/\/vosgesinfo.fr\/app\/uploads\/sites\/5\/2024\/09\/202206prevention-feux-forets-sdis88-4-1024x684-2.jpg","datePublished":"2022-07-12T05:15:37+00:00","dateModified":"2022-07-12T05:15:37+00:00","breadcrumb":{"@id":"https:\/\/vosgesinfo.fr\/remiremontinfo\/2022\/07\/canicule-secheresse-gestes-a-adopter-eviter-risques-dincendie-foret\/#breadcrumb"},"inLanguage":"fr-FR","potentialAction":[{"@type":"ReadAction","target":["https:\/\/vosgesinfo.fr\/remiremontinfo\/2022\/07\/canicule-secheresse-gestes-a-adopter-eviter-risques-dincendie-foret\/"]}]},{"@type":"ImageObject","inLanguage":"fr-FR","@id":"https:\/\/vosgesinfo.fr\/remiremontinfo\/2022\/07\/canicule-secheresse-gestes-a-adopter-eviter-risques-dincendie-foret\/#primaryimage","url":"https:\/\/vosgesinfo.fr\/app\/uploads\/sites\/5\/2024\/09\/202206prevention-feux-forets-sdis88-4-1024x684-2.jpg","contentUrl":"https:\/\/vosgesinfo.fr\/app\/uploads\/sites\/5\/2024\/09\/202206prevention-feux-forets-sdis88-4-1024x684-2.jpg","width":1024,"height":684},{"@type":"BreadcrumbList","@id":"https:\/\/vosgesinfo.fr\/remiremontinfo\/2022\/07\/canicule-secheresse-gestes-a-adopter-eviter-risques-dincendie-foret\/#breadcrumb","itemListElement":[{"@type":"ListItem","position":1,"name":"Home","item":"https:\/\/vosgesinfo.fr\/remiremontinfo\/"},{"@type":"ListItem","position":2,"name":"Canicule, s\u00e9cheresse : des gestes \u00e0 adopter pour \u00e9viter les risques d\u2019incendie en for\u00eat"}]},{"@type":"WebSite","@id":"https:\/\/vosgesinfo.fr\/remiremontinfo\/#website","url":"https:\/\/vosgesinfo.fr\/remiremontinfo\/","name":"Remiremont Info","description":"Toute l&#039;actualit\u00e9 de Remiremont","publisher":{"@id":"https:\/\/vosgesinfo.fr\/remiremontinfo\/#organization"},"alternateName":"Toute l'actualit\u00e9 de Remiremont","potentialAction":[{"@type":"SearchAction","target":{"@type":"EntryPoint","urlTemplate":"https:\/\/vosgesinfo.fr\/remiremontinfo\/?s={search_term_string}"},"query-input":"required name=search_term_string"}],"inLanguage":"fr-FR"},{"@type":"Organization","@id":"https:\/\/vosgesinfo.fr\/remiremontinfo\/#organization","name":"Remiremont Info","url":"https:\/\/vosgesinfo.fr\/remiremontinfo\/","logo":{"@type":"ImageObject","inLanguage":"fr-FR","@id":"https:\/\/vosgesinfo.fr\/remiremontinfo\/#\/schema\/logo\/image\/","url":"https:\/\/vosgesinfo.fr\/app\/uploads\/sites\/5\/2023\/08\/favicon-remiremontinfo.png","contentUrl":"https:\/\/vosgesinfo.fr\/app\/uploads\/sites\/5\/2023\/08\/favicon-remiremontinfo.png","width":512,"height":512,"caption":"Remiremont Info"},"image":{"@id":"https:\/\/vosgesinfo.fr\/remiremontinfo\/#\/schema\/logo\/image\/"},"sameAs":["https:\/\/www.facebook.com\/remiremontinfo","https:\/\/x.com\/VosgesInfo88","https:\/\/www.youtube.com\/@vosgesinfo"]},{"@type":"Person","@id":"https:\/\/vosgesinfo.fr\/remiremontinfo\/#\/schema\/person\/3bfd164d5218a185b1db68655a265316","name":"C D","image":{"@type":"ImageObject","inLanguage":"fr-FR","@id":"https:\/\/vosgesinfo.fr\/remiremontinfo\/#\/schema\/person\/image\/","url":"https:\/\/secure.gravatar.com\/avatar\/1f9a70007336511a47468b8f1c66f922b8b7cf617b02a31149ada43893a5d48f?s=96&d=mm&r=g","contentUrl":"https:\/\/secure.gravatar.com\/avatar\/1f9a70007336511a47468b8f1c66f922b8b7cf617b02a31149ada43893a5d48f?s=96&d=mm&r=g","caption":"C D"},"url":"https:\/\/vosgesinfo.fr\/remiremontinfo\/author\/cedric-drevet\/"}]}},"_links":{"self":[{"href":"https:\/\/vosgesinfo.fr\/remiremontinfo\/wp-json\/wp\/v2\/posts\/58556","targetHints":{"allow":["GET"]}}],"collection":[{"href":"https:\/\/vosgesinfo.fr\/remiremontinfo\/wp-json\/wp\/v2\/posts"}],"about":[{"href":"https:\/\/vosgesinfo.fr\/remiremontinfo\/wp-json\/wp\/v2\/types\/post"}],"author":[{"embeddable":true,"href":"https:\/\/vosgesinfo.fr\/remiremontinfo\/wp-json\/wp\/v2\/users\/407"}],"replies":[{"embeddable":true,"href":"https:\/\/vosgesinfo.fr\/remiremontinfo\/wp-json\/wp\/v2\/comments?post=58556"}],"version-history":[{"count":0,"href":"https:\/\/vosgesinfo.fr\/remiremontinfo\/wp-json\/wp\/v2\/posts\/58556\/revisions"}],"wp:featuredmedia":[{"embeddable":true,"href":"https:\/\/vosgesinfo.fr\/remiremontinfo\/wp-json\/wp\/v2\/media\/58557"}],"wp:attachment":[{"href":"https:\/\/vosgesinfo.fr\/remiremontinfo\/wp-json\/wp\/v2\/media?parent=58556"}],"wp:term":[{"taxonomy":"category","embeddable":true,"href":"https:\/\/vosgesinfo.fr\/remiremontinfo\/wp-json\/wp\/v2\/categories?post=58556"},{"taxonomy":"post_tag","embeddable":true,"href":"https:\/\/vosgesinfo.fr\/remiremontinfo\/wp-json\/wp\/v2\/tags?post=58556"}],"curies":[{"name":"wp","href":"https:\/\/api.w.org\/{rel}","templated":true}]}}