{"id":58558,"date":"2022-07-12T07:18:15","date_gmt":"2022-07-12T05:18:15","guid":{"rendered":"https:\/\/vosgesinfo.fr\/remiremontinfo\/2022\/07\/saint-maurice-feux-3-provinces-ballon-dalsace-samedi-prochain\/"},"modified":"2022-07-12T07:18:15","modified_gmt":"2022-07-12T05:18:15","slug":"saint-maurice-feux-3-provinces-ballon-dalsace-samedi-prochain","status":"publish","type":"post","link":"https:\/\/vosgesinfo.fr\/remiremontinfo\/2022\/07\/saint-maurice-feux-3-provinces-ballon-dalsace-samedi-prochain\/","title":{"rendered":"Saint-Maurice : Feux des 3 Provinces au Ballon d&rsquo;Alsace samedi prochain"},"content":{"rendered":"<p><a href=\"\/2022\/07\/293213243_5525146107506942_612491633686901002_n.jpg\"><img decoding=\"async\" class=\"alignnone size-large wp-image-348337\" src=\"\/2022\/07\/293213243_5525146107506942_612491633686901002_n-1024x576.jpg\" alt=\"293213243_5525146107506942_612491633686901002_n\" width=\"960\" height=\"540\" \/><\/a><\/p>\n<p><em><span style=\"font-size: 10pt;\">Photo par la Mairie de Saint-Maurice\u00a0<\/span><\/em><\/p>\n<h2><span style=\"font-size: 12pt;\"><strong>Les\u00a027\u00e8mes Feux des Trois Provinces au Ballon d&rsquo;Alsace auront lieu le Samedi 16 juillet 2022 d\u00e8s 20 h. Ce sont les feux les plus hauts des Vosges, \u00e0 1247 m d&rsquo; altitude !\u00a0Une chavande dans la Clairi\u00e8re des D\u00e9mineurs et ses deux petits feux au sommet.<\/strong><\/span><\/h2>\n<p>Cort\u00e8ge de torches descendant du sommet pour allumer la chavande de la Clairi\u00e8re des D\u00e9mineurs puis animations po\u00e9tiques et musicales, buvette et restauration.<\/p>\n","protected":false},"excerpt":{"rendered":"<p>Photo par la Mairie de Saint-Maurice\u00a0 Les\u00a027\u00e8mes Feux des Trois Provinces au Ballon d&rsquo;Alsace auront lieu le Samedi 16 juillet [&hellip;]<\/p>\n","protected":false},"author":407,"featured_media":58559,"comment_status":"open","ping_status":"open","sticky":false,"template":"","format":"standard","meta":{"footnotes":""},"categories":[26,124,37,39],"tags":[4203,73,32],"class_list":["post-58558","post","type-post","status-publish","format-standard","has-post-thumbnail","hentry","category-a-la-une","category-fetes","category-le-thillot-son-canton","category-saint-maurice-moselle","tag-feux-des-trois-provinces","tag-saint-maurice","tag-vosges"],"acf":[],"yoast_head":"<!-- This site is optimized with the Yoast SEO plugin v22.5 - https:\/\/yoast.com\/wordpress\/plugins\/seo\/ -->\n<title>Saint-Maurice : Feux des 3 Provinces au Ballon d&#039;Alsace samedi prochain - Remiremont Info<\/title>\n<meta name=\"robots\" content=\"index, follow, max-snippet:-1, max-image-preview:large, max-video-preview:-1\" \/>\n<link rel=\"canonical\" href=\"https:\/\/vosgesinfo.fr\/remiremontinfo\/2022\/07\/saint-maurice-feux-3-provinces-ballon-dalsace-samedi-prochain\/\" \/>\n<meta name=\"twitter:card\" content=\"summary_large_image\" \/>\n<meta name=\"twitter:title\" content=\"Saint-Maurice : Feux des 3 Provinces au Ballon d&#039;Alsace samedi prochain - Remiremont Info\" \/>\n<meta name=\"twitter:description\" content=\"Photo par la Mairie de Saint-Maurice\u00a0 Les\u00a027\u00e8mes Feux des Trois Provinces au Ballon d&rsquo;Alsace auront lieu le Samedi 16 juillet [&hellip;]\" \/>\n<meta name=\"twitter:image\" content=\"https:\/\/vosgesinfo.fr\/app\/uploads\/sites\/5\/2024\/09\/202207293213243-5525146107506942-612491633686901002-n.jpg\" \/>\n<meta name=\"twitter:creator\" content=\"@VosgesInfo88\" \/>\n<meta name=\"twitter:site\" content=\"@VosgesInfo88\" \/>\n<meta name=\"twitter:label1\" content=\"\u00c9crit par\" \/>\n\t<meta name=\"twitter:data1\" content=\"C D\" \/>\n<script type=\"application\/ld+json\" class=\"yoast-schema-graph\">{\"@context\":\"https:\/\/schema.org\",\"@graph\":[{\"@type\":\"Article\",\"@id\":\"https:\/\/vosgesinfo.fr\/remiremontinfo\/2022\/07\/saint-maurice-feux-3-provinces-ballon-dalsace-samedi-prochain\/#article\",\"isPartOf\":{\"@id\":\"https:\/\/vosgesinfo.fr\/remiremontinfo\/2022\/07\/saint-maurice-feux-3-provinces-ballon-dalsace-samedi-prochain\/\"},\"author\":{\"name\":\"C D\",\"@id\":\"https:\/\/vosgesinfo.fr\/remiremontinfo\/#\/schema\/person\/3bfd164d5218a185b1db68655a265316\"},\"headline\":\"Saint-Maurice : Feux des 3 Provinces au Ballon d&rsquo;Alsace samedi prochain\",\"datePublished\":\"2022-07-12T05:18:15+00:00\",\"dateModified\":\"2022-07-12T05:18:15+00:00\",\"mainEntityOfPage\":{\"@id\":\"https:\/\/vosgesinfo.fr\/remiremontinfo\/2022\/07\/saint-maurice-feux-3-provinces-ballon-dalsace-samedi-prochain\/\"},\"wordCount\":89,\"commentCount\":0,\"publisher\":{\"@id\":\"https:\/\/vosgesinfo.fr\/remiremontinfo\/#organization\"},\"image\":{\"@id\":\"https:\/\/vosgesinfo.fr\/remiremontinfo\/2022\/07\/saint-maurice-feux-3-provinces-ballon-dalsace-samedi-prochain\/#primaryimage\"},\"thumbnailUrl\":\"https:\/\/vosgesinfo.fr\/app\/uploads\/sites\/5\/2024\/09\/202207293213243-5525146107506942-612491633686901002-n.jpg\",\"keywords\":[\"Feux des Trois Provinces\",\"Saint-Maurice\",\"Vosges\"],\"articleSection\":[\"A la Une\",\"F\u00eates\",\"Le Thillot &amp; son canton\",\"Saint-Maurice\/Moselle\"],\"inLanguage\":\"fr-FR\",\"potentialAction\":[{\"@type\":\"CommentAction\",\"name\":\"Comment\",\"target\":[\"https:\/\/vosgesinfo.fr\/remiremontinfo\/2022\/07\/saint-maurice-feux-3-provinces-ballon-dalsace-samedi-prochain\/#respond\"]}]},{\"@type\":\"WebPage\",\"@id\":\"https:\/\/vosgesinfo.fr\/remiremontinfo\/2022\/07\/saint-maurice-feux-3-provinces-ballon-dalsace-samedi-prochain\/\",\"url\":\"https:\/\/vosgesinfo.fr\/remiremontinfo\/2022\/07\/saint-maurice-feux-3-provinces-ballon-dalsace-samedi-prochain\/\",\"name\":\"Saint-Maurice : Feux des 3 Provinces au Ballon d'Alsace samedi prochain - Remiremont Info\",\"isPartOf\":{\"@id\":\"https:\/\/vosgesinfo.fr\/remiremontinfo\/#website\"},\"primaryImageOfPage\":{\"@id\":\"https:\/\/vosgesinfo.fr\/remiremontinfo\/2022\/07\/saint-maurice-feux-3-provinces-ballon-dalsace-samedi-prochain\/#primaryimage\"},\"image\":{\"@id\":\"https:\/\/vosgesinfo.fr\/remiremontinfo\/2022\/07\/saint-maurice-feux-3-provinces-ballon-dalsace-samedi-prochain\/#primaryimage\"},\"thumbnailUrl\":\"https:\/\/vosgesinfo.fr\/app\/uploads\/sites\/5\/2024\/09\/202207293213243-5525146107506942-612491633686901002-n.jpg\",\"datePublished\":\"2022-07-12T05:18:15+00:00\",\"dateModified\":\"2022-07-12T05:18:15+00:00\",\"breadcrumb\":{\"@id\":\"https:\/\/vosgesinfo.fr\/remiremontinfo\/2022\/07\/saint-maurice-feux-3-provinces-ballon-dalsace-samedi-prochain\/#breadcrumb\"},\"inLanguage\":\"fr-FR\",\"potentialAction\":[{\"@type\":\"ReadAction\",\"target\":[\"https:\/\/vosgesinfo.fr\/remiremontinfo\/2022\/07\/saint-maurice-feux-3-provinces-ballon-dalsace-samedi-prochain\/\"]}]},{\"@type\":\"ImageObject\",\"inLanguage\":\"fr-FR\",\"@id\":\"https:\/\/vosgesinfo.fr\/remiremontinfo\/2022\/07\/saint-maurice-feux-3-provinces-ballon-dalsace-samedi-prochain\/#primaryimage\",\"url\":\"https:\/\/vosgesinfo.fr\/app\/uploads\/sites\/5\/2024\/09\/202207293213243-5525146107506942-612491633686901002-n.jpg\",\"contentUrl\":\"https:\/\/vosgesinfo.fr\/app\/uploads\/sites\/5\/2024\/09\/202207293213243-5525146107506942-612491633686901002-n.jpg\",\"width\":2048,\"height\":1152},{\"@type\":\"BreadcrumbList\",\"@id\":\"https:\/\/vosgesinfo.fr\/remiremontinfo\/2022\/07\/saint-maurice-feux-3-provinces-ballon-dalsace-samedi-prochain\/#breadcrumb\",\"itemListElement\":[{\"@type\":\"ListItem\",\"position\":1,\"name\":\"Home\",\"item\":\"https:\/\/vosgesinfo.fr\/remiremontinfo\/\"},{\"@type\":\"ListItem\",\"position\":2,\"name\":\"Saint-Maurice : Feux des 3 Provinces au Ballon d&rsquo;Alsace samedi prochain\"}]},{\"@type\":\"WebSite\",\"@id\":\"https:\/\/vosgesinfo.fr\/remiremontinfo\/#website\",\"url\":\"https:\/\/vosgesinfo.fr\/remiremontinfo\/\",\"name\":\"Remiremont Info\",\"description\":\"Toute l&#039;actualit\u00e9 de Remiremont\",\"publisher\":{\"@id\":\"https:\/\/vosgesinfo.fr\/remiremontinfo\/#organization\"},\"alternateName\":\"Toute l'actualit\u00e9 de Remiremont\",\"potentialAction\":[{\"@type\":\"SearchAction\",\"target\":{\"@type\":\"EntryPoint\",\"urlTemplate\":\"https:\/\/vosgesinfo.fr\/remiremontinfo\/?s={search_term_string}\"},\"query-input\":\"required name=search_term_string\"}],\"inLanguage\":\"fr-FR\"},{\"@type\":\"Organization\",\"@id\":\"https:\/\/vosgesinfo.fr\/remiremontinfo\/#organization\",\"name\":\"Remiremont Info\",\"url\":\"https:\/\/vosgesinfo.fr\/remiremontinfo\/\",\"logo\":{\"@type\":\"ImageObject\",\"inLanguage\":\"fr-FR\",\"@id\":\"https:\/\/vosgesinfo.fr\/remiremontinfo\/#\/schema\/logo\/image\/\",\"url\":\"https:\/\/vosgesinfo.fr\/app\/uploads\/sites\/5\/2023\/08\/favicon-remiremontinfo.png\",\"contentUrl\":\"https:\/\/vosgesinfo.fr\/app\/uploads\/sites\/5\/2023\/08\/favicon-remiremontinfo.png\",\"width\":512,\"height\":512,\"caption\":\"Remiremont Info\"},\"image\":{\"@id\":\"https:\/\/vosgesinfo.fr\/remiremontinfo\/#\/schema\/logo\/image\/\"},\"sameAs\":[\"https:\/\/www.facebook.com\/remiremontinfo\",\"https:\/\/x.com\/VosgesInfo88\",\"https:\/\/www.youtube.com\/@vosgesinfo\"]},{\"@type\":\"Person\",\"@id\":\"https:\/\/vosgesinfo.fr\/remiremontinfo\/#\/schema\/person\/3bfd164d5218a185b1db68655a265316\",\"name\":\"C D\",\"image\":{\"@type\":\"ImageObject\",\"inLanguage\":\"fr-FR\",\"@id\":\"https:\/\/vosgesinfo.fr\/remiremontinfo\/#\/schema\/person\/image\/\",\"url\":\"https:\/\/secure.gravatar.com\/avatar\/1f9a70007336511a47468b8f1c66f922b8b7cf617b02a31149ada43893a5d48f?s=96&d=mm&r=g\",\"contentUrl\":\"https:\/\/secure.gravatar.com\/avatar\/1f9a70007336511a47468b8f1c66f922b8b7cf617b02a31149ada43893a5d48f?s=96&d=mm&r=g\",\"caption\":\"C D\"},\"url\":\"https:\/\/vosgesinfo.fr\/remiremontinfo\/author\/cedric-drevet\/\"}]}<\/script>\n<!-- \/ Yoast SEO plugin. -->","yoast_head_json":{"title":"Saint-Maurice : Feux des 3 Provinces au Ballon d'Alsace samedi prochain - Remiremont Info","robots":{"index":"index","follow":"follow","max-snippet":"max-snippet:-1","max-image-preview":"max-image-preview:large","max-video-preview":"max-video-preview:-1"},"canonical":"https:\/\/vosgesinfo.fr\/remiremontinfo\/2022\/07\/saint-maurice-feux-3-provinces-ballon-dalsace-samedi-prochain\/","twitter_card":"summary_large_image","twitter_title":"Saint-Maurice : Feux des 3 Provinces au Ballon d'Alsace samedi prochain - Remiremont Info","twitter_description":"Photo par la Mairie de Saint-Maurice\u00a0 Les\u00a027\u00e8mes Feux des Trois Provinces au Ballon d&rsquo;Alsace auront lieu le Samedi 16 juillet [&hellip;]","twitter_image":"https:\/\/vosgesinfo.fr\/app\/uploads\/sites\/5\/2024\/09\/202207293213243-5525146107506942-612491633686901002-n.jpg","twitter_creator":"@VosgesInfo88","twitter_site":"@VosgesInfo88","twitter_misc":{"\u00c9crit par":"C D"},"schema":{"@context":"https:\/\/schema.org","@graph":[{"@type":"Article","@id":"https:\/\/vosgesinfo.fr\/remiremontinfo\/2022\/07\/saint-maurice-feux-3-provinces-ballon-dalsace-samedi-prochain\/#article","isPartOf":{"@id":"https:\/\/vosgesinfo.fr\/remiremontinfo\/2022\/07\/saint-maurice-feux-3-provinces-ballon-dalsace-samedi-prochain\/"},"author":{"name":"C D","@id":"https:\/\/vosgesinfo.fr\/remiremontinfo\/#\/schema\/person\/3bfd164d5218a185b1db68655a265316"},"headline":"Saint-Maurice : Feux des 3 Provinces au Ballon d&rsquo;Alsace samedi prochain","datePublished":"2022-07-12T05:18:15+00:00","dateModified":"2022-07-12T05:18:15+00:00","mainEntityOfPage":{"@id":"https:\/\/vosgesinfo.fr\/remiremontinfo\/2022\/07\/saint-maurice-feux-3-provinces-ballon-dalsace-samedi-prochain\/"},"wordCount":89,"commentCount":0,"publisher":{"@id":"https:\/\/vosgesinfo.fr\/remiremontinfo\/#organization"},"image":{"@id":"https:\/\/vosgesinfo.fr\/remiremontinfo\/2022\/07\/saint-maurice-feux-3-provinces-ballon-dalsace-samedi-prochain\/#primaryimage"},"thumbnailUrl":"https:\/\/vosgesinfo.fr\/app\/uploads\/sites\/5\/2024\/09\/202207293213243-5525146107506942-612491633686901002-n.jpg","keywords":["Feux des Trois Provinces","Saint-Maurice","Vosges"],"articleSection":["A la Une","F\u00eates","Le Thillot &amp; son canton","Saint-Maurice\/Moselle"],"inLanguage":"fr-FR","potentialAction":[{"@type":"CommentAction","name":"Comment","target":["https:\/\/vosgesinfo.fr\/remiremontinfo\/2022\/07\/saint-maurice-feux-3-provinces-ballon-dalsace-samedi-prochain\/#respond"]}]},{"@type":"WebPage","@id":"https:\/\/vosgesinfo.fr\/remiremontinfo\/2022\/07\/saint-maurice-feux-3-provinces-ballon-dalsace-samedi-prochain\/","url":"https:\/\/vosgesinfo.fr\/remiremontinfo\/2022\/07\/saint-maurice-feux-3-provinces-ballon-dalsace-samedi-prochain\/","name":"Saint-Maurice : Feux des 3 Provinces au Ballon d'Alsace samedi prochain - Remiremont Info","isPartOf":{"@id":"https:\/\/vosgesinfo.fr\/remiremontinfo\/#website"},"primaryImageOfPage":{"@id":"https:\/\/vosgesinfo.fr\/remiremontinfo\/2022\/07\/saint-maurice-feux-3-provinces-ballon-dalsace-samedi-prochain\/#primaryimage"},"image":{"@id":"https:\/\/vosgesinfo.fr\/remiremontinfo\/2022\/07\/saint-maurice-feux-3-provinces-ballon-dalsace-samedi-prochain\/#primaryimage"},"thumbnailUrl":"https:\/\/vosgesinfo.fr\/app\/uploads\/sites\/5\/2024\/09\/202207293213243-5525146107506942-612491633686901002-n.jpg","datePublished":"2022-07-12T05:18:15+00:00","dateModified":"2022-07-12T05:18:15+00:00","breadcrumb":{"@id":"https:\/\/vosgesinfo.fr\/remiremontinfo\/2022\/07\/saint-maurice-feux-3-provinces-ballon-dalsace-samedi-prochain\/#breadcrumb"},"inLanguage":"fr-FR","potentialAction":[{"@type":"ReadAction","target":["https:\/\/vosgesinfo.fr\/remiremontinfo\/2022\/07\/saint-maurice-feux-3-provinces-ballon-dalsace-samedi-prochain\/"]}]},{"@type":"ImageObject","inLanguage":"fr-FR","@id":"https:\/\/vosgesinfo.fr\/remiremontinfo\/2022\/07\/saint-maurice-feux-3-provinces-ballon-dalsace-samedi-prochain\/#primaryimage","url":"https:\/\/vosgesinfo.fr\/app\/uploads\/sites\/5\/2024\/09\/202207293213243-5525146107506942-612491633686901002-n.jpg","contentUrl":"https:\/\/vosgesinfo.fr\/app\/uploads\/sites\/5\/2024\/09\/202207293213243-5525146107506942-612491633686901002-n.jpg","width":2048,"height":1152},{"@type":"BreadcrumbList","@id":"https:\/\/vosgesinfo.fr\/remiremontinfo\/2022\/07\/saint-maurice-feux-3-provinces-ballon-dalsace-samedi-prochain\/#breadcrumb","itemListElement":[{"@type":"ListItem","position":1,"name":"Home","item":"https:\/\/vosgesinfo.fr\/remiremontinfo\/"},{"@type":"ListItem","position":2,"name":"Saint-Maurice : Feux des 3 Provinces au Ballon d&rsquo;Alsace samedi prochain"}]},{"@type":"WebSite","@id":"https:\/\/vosgesinfo.fr\/remiremontinfo\/#website","url":"https:\/\/vosgesinfo.fr\/remiremontinfo\/","name":"Remiremont Info","description":"Toute l&#039;actualit\u00e9 de Remiremont","publisher":{"@id":"https:\/\/vosgesinfo.fr\/remiremontinfo\/#organization"},"alternateName":"Toute l'actualit\u00e9 de Remiremont","potentialAction":[{"@type":"SearchAction","target":{"@type":"EntryPoint","urlTemplate":"https:\/\/vosgesinfo.fr\/remiremontinfo\/?s={search_term_string}"},"query-input":"required name=search_term_string"}],"inLanguage":"fr-FR"},{"@type":"Organization","@id":"https:\/\/vosgesinfo.fr\/remiremontinfo\/#organization","name":"Remiremont Info","url":"https:\/\/vosgesinfo.fr\/remiremontinfo\/","logo":{"@type":"ImageObject","inLanguage":"fr-FR","@id":"https:\/\/vosgesinfo.fr\/remiremontinfo\/#\/schema\/logo\/image\/","url":"https:\/\/vosgesinfo.fr\/app\/uploads\/sites\/5\/2023\/08\/favicon-remiremontinfo.png","contentUrl":"https:\/\/vosgesinfo.fr\/app\/uploads\/sites\/5\/2023\/08\/favicon-remiremontinfo.png","width":512,"height":512,"caption":"Remiremont Info"},"image":{"@id":"https:\/\/vosgesinfo.fr\/remiremontinfo\/#\/schema\/logo\/image\/"},"sameAs":["https:\/\/www.facebook.com\/remiremontinfo","https:\/\/x.com\/VosgesInfo88","https:\/\/www.youtube.com\/@vosgesinfo"]},{"@type":"Person","@id":"https:\/\/vosgesinfo.fr\/remiremontinfo\/#\/schema\/person\/3bfd164d5218a185b1db68655a265316","name":"C D","image":{"@type":"ImageObject","inLanguage":"fr-FR","@id":"https:\/\/vosgesinfo.fr\/remiremontinfo\/#\/schema\/person\/image\/","url":"https:\/\/secure.gravatar.com\/avatar\/1f9a70007336511a47468b8f1c66f922b8b7cf617b02a31149ada43893a5d48f?s=96&d=mm&r=g","contentUrl":"https:\/\/secure.gravatar.com\/avatar\/1f9a70007336511a47468b8f1c66f922b8b7cf617b02a31149ada43893a5d48f?s=96&d=mm&r=g","caption":"C D"},"url":"https:\/\/vosgesinfo.fr\/remiremontinfo\/author\/cedric-drevet\/"}]}},"_links":{"self":[{"href":"https:\/\/vosgesinfo.fr\/remiremontinfo\/wp-json\/wp\/v2\/posts\/58558","targetHints":{"allow":["GET"]}}],"collection":[{"href":"https:\/\/vosgesinfo.fr\/remiremontinfo\/wp-json\/wp\/v2\/posts"}],"about":[{"href":"https:\/\/vosgesinfo.fr\/remiremontinfo\/wp-json\/wp\/v2\/types\/post"}],"author":[{"embeddable":true,"href":"https:\/\/vosgesinfo.fr\/remiremontinfo\/wp-json\/wp\/v2\/users\/407"}],"replies":[{"embeddable":true,"href":"https:\/\/vosgesinfo.fr\/remiremontinfo\/wp-json\/wp\/v2\/comments?post=58558"}],"version-history":[{"count":0,"href":"https:\/\/vosgesinfo.fr\/remiremontinfo\/wp-json\/wp\/v2\/posts\/58558\/revisions"}],"wp:featuredmedia":[{"embeddable":true,"href":"https:\/\/vosgesinfo.fr\/remiremontinfo\/wp-json\/wp\/v2\/media\/58559"}],"wp:attachment":[{"href":"https:\/\/vosgesinfo.fr\/remiremontinfo\/wp-json\/wp\/v2\/media?parent=58558"}],"wp:term":[{"taxonomy":"category","embeddable":true,"href":"https:\/\/vosgesinfo.fr\/remiremontinfo\/wp-json\/wp\/v2\/categories?post=58558"},{"taxonomy":"post_tag","embeddable":true,"href":"https:\/\/vosgesinfo.fr\/remiremontinfo\/wp-json\/wp\/v2\/tags?post=58558"}],"curies":[{"name":"wp","href":"https:\/\/api.w.org\/{rel}","templated":true}]}}