{"id":58718,"date":"2022-07-18T11:55:12","date_gmt":"2022-07-18T09:55:12","guid":{"rendered":"https:\/\/vosgesinfo.fr\/remiremontinfo\/2022\/07\/vosges-faire-face-aux-episodes-de-secheresse\/"},"modified":"2022-07-18T11:55:12","modified_gmt":"2022-07-18T09:55:12","slug":"vosges-faire-face-aux-episodes-de-secheresse","status":"publish","type":"post","link":"https:\/\/vosgesinfo.fr\/remiremontinfo\/2022\/07\/vosges-faire-face-aux-episodes-de-secheresse\/","title":{"rendered":"Vosges\u00a0: faire face aux \u00e9pisodes de s\u00e9cheresse"},"content":{"rendered":"<p>&nbsp;<\/p>\n<h3><a href=\"\/2022\/07\/moselle-secheresse-et-\u00e9crevisses-9.jpg\"><img decoding=\"async\" class=\"alignnone size-large wp-image-348624\" src=\"\/2022\/07\/moselle-secheresse-et-\u00e9crevisses-9-1024x681.jpg\" alt=\"moselle secheresse et \u00e9crevisses (9)\" width=\"960\" height=\"638\" \/><\/a><\/h3>\n<h3><span style=\"font-size: 12pt;\"><strong>Le pr\u00e9fet des Vosges, Yves S\u00e9guy, s\u2019est rendu ce matin au bord de la Moselle, rue du pont du Cheneau \u00e0 Saint-Etienne-les-Remiremont, en compagnie notamment de Dominique Bemer, directeur de la Direction D\u00e9partementale des Territoires (DDT) et de Marc Collas, de l\u2019Office fran\u00e7ais de la biodiversit\u00e9.<\/strong><\/span><\/h3>\n<p>L\u2019objectif de cette rencontre \u00e9tait de faire le point sur la situation hydrologique du d\u00e9partement et la gestion des \u00e9pisodes de s\u00e9cheresse pr\u00e9sent et \u00e0 venir. Premier constat, le niveau est tr\u00e8s bas et le d\u00e9bit extr\u00eamement faible. C\u2019est une situation que l\u2019on retrouve en de nombreux points du D\u00e9partement, avec des affluents souvent \u00e0 sec. Les niveaux d\u2019alertes enclench\u00e9s sont en avance par rapport aux ann\u00e9es pr\u00e9c\u00e9dentes dans les bassins hydrographiques vosgiens. Apr\u00e8s une ann\u00e9e 2021 plus favorable, il semble que nous reprenons le train en marche pr\u00e9c\u00e9demment. Ce qui se constate ici \u00e0 Saint-Etienne. <em>\u00ab\u00a0Il y avait eu ici en 2020 un ass\u00e8chement total\u00a0<\/em>\u00bb, affirme Marc Collas. <em>\u00ab\u00a0On est dans une situation qui n\u2019a que peu de pr\u00e9c\u00e9dents dans le d\u00e9partement des Vosges (\u2026) Tout \u00e7a s\u2019explique par la diminution des pr\u00e9cipitations\u00a0\u00bb.<\/em> L\u2019un des probl\u00e8mes engendr\u00e9s par cette situation est la disparition d\u2019animaux aquatiques et d\u2019insectes sur les zones dess\u00e9ch\u00e9es.<em> \u00ab\u00a0Il y a une v\u00e9ritable perte\u00a0\u00bb.<\/em> En esp\u00e8ces et en nombre.<\/p>\n<h4><strong><em>\u00ab\u00a0L\u2019eau est un bien commun dont il appartient \u00e0 chacun de pr\u00e9server la ressource\u00a0\u00bb<\/em><\/strong><\/h4>\n<p><em>\u00ab\u00a0Aujourd\u2019hui, nous nous retrouvons dans une situation extr\u00eamement tendue\u00a0\u00bb<\/em>, affirme Yves S\u00e9guy. <em>\u00ab\u00a0Les pr\u00e9visions m\u00e9t\u00e9o pour les prochaines semaines ne sont pas tr\u00e8s optimistes\u00a0\u00bb<\/em>. Des mesures de pr\u00e9cautions et de restrictions ont \u00e9t\u00e9 mises en place et le serons probablement \u00e0 nouveau. Des contr\u00f4les du respect de la r\u00e9glementation sont organis\u00e9s, affirme Marc Collas, chef de police D\u00e9partemental adjoint de l\u2019OFB. Une dizaine de contr\u00f4les a \u00e9t\u00e9 effectu\u00e9e la semaine derni\u00e8re toutes les entreprises inspect\u00e9es se sont av\u00e9r\u00e9es en conformit\u00e9 avec les r\u00e8gles. Par ailleurs, un suivi d\u00e9taill\u00e9 de la ressource en eau est effectu\u00e9. Des bilans d\u2019\u00e9volution des niveaux des cours d\u2019eau et des nappes. <em>\u00ab\u00a0C\u2019est un point qui est r\u00e9alis\u00e9 actuellement chaque semaine\u00a0\u00bb<\/em>, affirme Dominique Bemer. Un guide s\u00e9cheresse est notamment envoy\u00e9 aux collectivit\u00e9s locales. Selon le directeur de la DDT, des arbitrages sont \u00e0 faire, notamment par les \u00e9lus locaux, sur l\u2019usage de l\u2019eau disponible.<\/p>\n<p>La r\u00e9union de ce lundi matin a aussi \u00e9t\u00e9 l&rsquo;occasion d&rsquo;\u00e9voquer le probl\u00e8me des esp\u00e8ces invasives, comme l&rsquo;\u00e9crevisse du pacifique, pr\u00e9sente en nombre dans les cours d&rsquo;eau du d\u00e9partement. Mais c&rsquo;est une autre histoire.<\/p>\n\n","protected":false},"excerpt":{"rendered":"<p>&nbsp; Le pr\u00e9fet des Vosges, Yves S\u00e9guy, s\u2019est rendu ce matin au bord de la Moselle, rue du pont du [&hellip;]<\/p>\n","protected":false},"author":407,"featured_media":58719,"comment_status":"open","ping_status":"open","sticky":false,"template":"","format":"standard","meta":{"footnotes":""},"categories":[26,7,35,155],"tags":[1222,666,156,3915,32],"class_list":["post-58718","post","type-post","status-publish","format-standard","has-post-thumbnail","hentry","category-a-la-une","category-environnement","category-remiremont-son-canton","category-saint-etienne","tag-eau","tag-moselle","tag-saint-etienne","tag-secheresse","tag-vosges"],"acf":[],"yoast_head":"<!-- This site is optimized with the Yoast SEO plugin v22.5 - https:\/\/yoast.com\/wordpress\/plugins\/seo\/ -->\n<title>Vosges\u00a0: faire face aux \u00e9pisodes de s\u00e9cheresse - Remiremont Info<\/title>\n<meta name=\"robots\" content=\"index, follow, max-snippet:-1, max-image-preview:large, max-video-preview:-1\" \/>\n<link rel=\"canonical\" href=\"https:\/\/vosgesinfo.fr\/remiremontinfo\/2022\/07\/vosges-faire-face-aux-episodes-de-secheresse\/\" \/>\n<meta name=\"twitter:card\" content=\"summary_large_image\" \/>\n<meta name=\"twitter:title\" content=\"Vosges\u00a0: faire face aux \u00e9pisodes de s\u00e9cheresse - Remiremont Info\" \/>\n<meta name=\"twitter:description\" content=\"&nbsp; Le pr\u00e9fet des Vosges, Yves S\u00e9guy, s\u2019est rendu ce matin au bord de la Moselle, rue du pont du [&hellip;]\" \/>\n<meta name=\"twitter:image\" content=\"https:\/\/vosgesinfo.fr\/app\/uploads\/sites\/5\/2024\/09\/202207moselle-secheresse-et-ecrevisses-9.jpg\" \/>\n<meta name=\"twitter:creator\" content=\"@VosgesInfo88\" \/>\n<meta name=\"twitter:site\" content=\"@VosgesInfo88\" \/>\n<meta name=\"twitter:label1\" content=\"\u00c9crit par\" \/>\n\t<meta name=\"twitter:data1\" content=\"C D\" \/>\n\t<meta name=\"twitter:label2\" content=\"Dur\u00e9e de lecture estim\u00e9e\" \/>\n\t<meta name=\"twitter:data2\" content=\"2 minutes\" \/>\n<script type=\"application\/ld+json\" class=\"yoast-schema-graph\">{\"@context\":\"https:\/\/schema.org\",\"@graph\":[{\"@type\":\"Article\",\"@id\":\"https:\/\/vosgesinfo.fr\/remiremontinfo\/2022\/07\/vosges-faire-face-aux-episodes-de-secheresse\/#article\",\"isPartOf\":{\"@id\":\"https:\/\/vosgesinfo.fr\/remiremontinfo\/2022\/07\/vosges-faire-face-aux-episodes-de-secheresse\/\"},\"author\":{\"name\":\"C D\",\"@id\":\"https:\/\/vosgesinfo.fr\/remiremontinfo\/#\/schema\/person\/3bfd164d5218a185b1db68655a265316\"},\"headline\":\"Vosges\u00a0: faire face aux \u00e9pisodes de s\u00e9cheresse\",\"datePublished\":\"2022-07-18T09:55:12+00:00\",\"dateModified\":\"2022-07-18T09:55:12+00:00\",\"mainEntityOfPage\":{\"@id\":\"https:\/\/vosgesinfo.fr\/remiremontinfo\/2022\/07\/vosges-faire-face-aux-episodes-de-secheresse\/\"},\"wordCount\":494,\"commentCount\":0,\"publisher\":{\"@id\":\"https:\/\/vosgesinfo.fr\/remiremontinfo\/#organization\"},\"image\":{\"@id\":\"https:\/\/vosgesinfo.fr\/remiremontinfo\/2022\/07\/vosges-faire-face-aux-episodes-de-secheresse\/#primaryimage\"},\"thumbnailUrl\":\"https:\/\/vosgesinfo.fr\/app\/uploads\/sites\/5\/2024\/09\/202207moselle-secheresse-et-ecrevisses-9.jpg\",\"keywords\":[\"eau\",\"Moselle\",\"saint \u00e9tienne\",\"S\u00e9cheresse\",\"Vosges\"],\"articleSection\":[\"A la Une\",\"Environnement\",\"Remiremont &amp; son canton\",\"Saint-Etienne\"],\"inLanguage\":\"fr-FR\",\"potentialAction\":[{\"@type\":\"CommentAction\",\"name\":\"Comment\",\"target\":[\"https:\/\/vosgesinfo.fr\/remiremontinfo\/2022\/07\/vosges-faire-face-aux-episodes-de-secheresse\/#respond\"]}]},{\"@type\":\"WebPage\",\"@id\":\"https:\/\/vosgesinfo.fr\/remiremontinfo\/2022\/07\/vosges-faire-face-aux-episodes-de-secheresse\/\",\"url\":\"https:\/\/vosgesinfo.fr\/remiremontinfo\/2022\/07\/vosges-faire-face-aux-episodes-de-secheresse\/\",\"name\":\"Vosges\u00a0: faire face aux \u00e9pisodes de s\u00e9cheresse - Remiremont Info\",\"isPartOf\":{\"@id\":\"https:\/\/vosgesinfo.fr\/remiremontinfo\/#website\"},\"primaryImageOfPage\":{\"@id\":\"https:\/\/vosgesinfo.fr\/remiremontinfo\/2022\/07\/vosges-faire-face-aux-episodes-de-secheresse\/#primaryimage\"},\"image\":{\"@id\":\"https:\/\/vosgesinfo.fr\/remiremontinfo\/2022\/07\/vosges-faire-face-aux-episodes-de-secheresse\/#primaryimage\"},\"thumbnailUrl\":\"https:\/\/vosgesinfo.fr\/app\/uploads\/sites\/5\/2024\/09\/202207moselle-secheresse-et-ecrevisses-9.jpg\",\"datePublished\":\"2022-07-18T09:55:12+00:00\",\"dateModified\":\"2022-07-18T09:55:12+00:00\",\"breadcrumb\":{\"@id\":\"https:\/\/vosgesinfo.fr\/remiremontinfo\/2022\/07\/vosges-faire-face-aux-episodes-de-secheresse\/#breadcrumb\"},\"inLanguage\":\"fr-FR\",\"potentialAction\":[{\"@type\":\"ReadAction\",\"target\":[\"https:\/\/vosgesinfo.fr\/remiremontinfo\/2022\/07\/vosges-faire-face-aux-episodes-de-secheresse\/\"]}]},{\"@type\":\"ImageObject\",\"inLanguage\":\"fr-FR\",\"@id\":\"https:\/\/vosgesinfo.fr\/remiremontinfo\/2022\/07\/vosges-faire-face-aux-episodes-de-secheresse\/#primaryimage\",\"url\":\"https:\/\/vosgesinfo.fr\/app\/uploads\/sites\/5\/2024\/09\/202207moselle-secheresse-et-ecrevisses-9.jpg\",\"contentUrl\":\"https:\/\/vosgesinfo.fr\/app\/uploads\/sites\/5\/2024\/09\/202207moselle-secheresse-et-ecrevisses-9.jpg\",\"width\":1600,\"height\":1064},{\"@type\":\"BreadcrumbList\",\"@id\":\"https:\/\/vosgesinfo.fr\/remiremontinfo\/2022\/07\/vosges-faire-face-aux-episodes-de-secheresse\/#breadcrumb\",\"itemListElement\":[{\"@type\":\"ListItem\",\"position\":1,\"name\":\"Home\",\"item\":\"https:\/\/vosgesinfo.fr\/remiremontinfo\/\"},{\"@type\":\"ListItem\",\"position\":2,\"name\":\"Vosges\u00a0: faire face aux \u00e9pisodes de s\u00e9cheresse\"}]},{\"@type\":\"WebSite\",\"@id\":\"https:\/\/vosgesinfo.fr\/remiremontinfo\/#website\",\"url\":\"https:\/\/vosgesinfo.fr\/remiremontinfo\/\",\"name\":\"Remiremont Info\",\"description\":\"Toute l&#039;actualit\u00e9 de Remiremont\",\"publisher\":{\"@id\":\"https:\/\/vosgesinfo.fr\/remiremontinfo\/#organization\"},\"alternateName\":\"Toute l'actualit\u00e9 de Remiremont\",\"potentialAction\":[{\"@type\":\"SearchAction\",\"target\":{\"@type\":\"EntryPoint\",\"urlTemplate\":\"https:\/\/vosgesinfo.fr\/remiremontinfo\/?s={search_term_string}\"},\"query-input\":\"required name=search_term_string\"}],\"inLanguage\":\"fr-FR\"},{\"@type\":\"Organization\",\"@id\":\"https:\/\/vosgesinfo.fr\/remiremontinfo\/#organization\",\"name\":\"Remiremont Info\",\"url\":\"https:\/\/vosgesinfo.fr\/remiremontinfo\/\",\"logo\":{\"@type\":\"ImageObject\",\"inLanguage\":\"fr-FR\",\"@id\":\"https:\/\/vosgesinfo.fr\/remiremontinfo\/#\/schema\/logo\/image\/\",\"url\":\"https:\/\/vosgesinfo.fr\/app\/uploads\/sites\/5\/2023\/08\/favicon-remiremontinfo.png\",\"contentUrl\":\"https:\/\/vosgesinfo.fr\/app\/uploads\/sites\/5\/2023\/08\/favicon-remiremontinfo.png\",\"width\":512,\"height\":512,\"caption\":\"Remiremont Info\"},\"image\":{\"@id\":\"https:\/\/vosgesinfo.fr\/remiremontinfo\/#\/schema\/logo\/image\/\"},\"sameAs\":[\"https:\/\/www.facebook.com\/remiremontinfo\",\"https:\/\/x.com\/VosgesInfo88\",\"https:\/\/www.youtube.com\/@vosgesinfo\"]},{\"@type\":\"Person\",\"@id\":\"https:\/\/vosgesinfo.fr\/remiremontinfo\/#\/schema\/person\/3bfd164d5218a185b1db68655a265316\",\"name\":\"C D\",\"image\":{\"@type\":\"ImageObject\",\"inLanguage\":\"fr-FR\",\"@id\":\"https:\/\/vosgesinfo.fr\/remiremontinfo\/#\/schema\/person\/image\/\",\"url\":\"https:\/\/secure.gravatar.com\/avatar\/1f9a70007336511a47468b8f1c66f922b8b7cf617b02a31149ada43893a5d48f?s=96&d=mm&r=g\",\"contentUrl\":\"https:\/\/secure.gravatar.com\/avatar\/1f9a70007336511a47468b8f1c66f922b8b7cf617b02a31149ada43893a5d48f?s=96&d=mm&r=g\",\"caption\":\"C D\"},\"url\":\"https:\/\/vosgesinfo.fr\/remiremontinfo\/author\/cedric-drevet\/\"}]}<\/script>\n<!-- \/ Yoast SEO plugin. -->","yoast_head_json":{"title":"Vosges\u00a0: faire face aux \u00e9pisodes de s\u00e9cheresse - Remiremont Info","robots":{"index":"index","follow":"follow","max-snippet":"max-snippet:-1","max-image-preview":"max-image-preview:large","max-video-preview":"max-video-preview:-1"},"canonical":"https:\/\/vosgesinfo.fr\/remiremontinfo\/2022\/07\/vosges-faire-face-aux-episodes-de-secheresse\/","twitter_card":"summary_large_image","twitter_title":"Vosges\u00a0: faire face aux \u00e9pisodes de s\u00e9cheresse - Remiremont Info","twitter_description":"&nbsp; Le pr\u00e9fet des Vosges, Yves S\u00e9guy, s\u2019est rendu ce matin au bord de la Moselle, rue du pont du [&hellip;]","twitter_image":"https:\/\/vosgesinfo.fr\/app\/uploads\/sites\/5\/2024\/09\/202207moselle-secheresse-et-ecrevisses-9.jpg","twitter_creator":"@VosgesInfo88","twitter_site":"@VosgesInfo88","twitter_misc":{"\u00c9crit par":"C D","Dur\u00e9e de lecture estim\u00e9e":"2 minutes"},"schema":{"@context":"https:\/\/schema.org","@graph":[{"@type":"Article","@id":"https:\/\/vosgesinfo.fr\/remiremontinfo\/2022\/07\/vosges-faire-face-aux-episodes-de-secheresse\/#article","isPartOf":{"@id":"https:\/\/vosgesinfo.fr\/remiremontinfo\/2022\/07\/vosges-faire-face-aux-episodes-de-secheresse\/"},"author":{"name":"C D","@id":"https:\/\/vosgesinfo.fr\/remiremontinfo\/#\/schema\/person\/3bfd164d5218a185b1db68655a265316"},"headline":"Vosges\u00a0: faire face aux \u00e9pisodes de s\u00e9cheresse","datePublished":"2022-07-18T09:55:12+00:00","dateModified":"2022-07-18T09:55:12+00:00","mainEntityOfPage":{"@id":"https:\/\/vosgesinfo.fr\/remiremontinfo\/2022\/07\/vosges-faire-face-aux-episodes-de-secheresse\/"},"wordCount":494,"commentCount":0,"publisher":{"@id":"https:\/\/vosgesinfo.fr\/remiremontinfo\/#organization"},"image":{"@id":"https:\/\/vosgesinfo.fr\/remiremontinfo\/2022\/07\/vosges-faire-face-aux-episodes-de-secheresse\/#primaryimage"},"thumbnailUrl":"https:\/\/vosgesinfo.fr\/app\/uploads\/sites\/5\/2024\/09\/202207moselle-secheresse-et-ecrevisses-9.jpg","keywords":["eau","Moselle","saint \u00e9tienne","S\u00e9cheresse","Vosges"],"articleSection":["A la Une","Environnement","Remiremont &amp; son canton","Saint-Etienne"],"inLanguage":"fr-FR","potentialAction":[{"@type":"CommentAction","name":"Comment","target":["https:\/\/vosgesinfo.fr\/remiremontinfo\/2022\/07\/vosges-faire-face-aux-episodes-de-secheresse\/#respond"]}]},{"@type":"WebPage","@id":"https:\/\/vosgesinfo.fr\/remiremontinfo\/2022\/07\/vosges-faire-face-aux-episodes-de-secheresse\/","url":"https:\/\/vosgesinfo.fr\/remiremontinfo\/2022\/07\/vosges-faire-face-aux-episodes-de-secheresse\/","name":"Vosges\u00a0: faire face aux \u00e9pisodes de s\u00e9cheresse - Remiremont Info","isPartOf":{"@id":"https:\/\/vosgesinfo.fr\/remiremontinfo\/#website"},"primaryImageOfPage":{"@id":"https:\/\/vosgesinfo.fr\/remiremontinfo\/2022\/07\/vosges-faire-face-aux-episodes-de-secheresse\/#primaryimage"},"image":{"@id":"https:\/\/vosgesinfo.fr\/remiremontinfo\/2022\/07\/vosges-faire-face-aux-episodes-de-secheresse\/#primaryimage"},"thumbnailUrl":"https:\/\/vosgesinfo.fr\/app\/uploads\/sites\/5\/2024\/09\/202207moselle-secheresse-et-ecrevisses-9.jpg","datePublished":"2022-07-18T09:55:12+00:00","dateModified":"2022-07-18T09:55:12+00:00","breadcrumb":{"@id":"https:\/\/vosgesinfo.fr\/remiremontinfo\/2022\/07\/vosges-faire-face-aux-episodes-de-secheresse\/#breadcrumb"},"inLanguage":"fr-FR","potentialAction":[{"@type":"ReadAction","target":["https:\/\/vosgesinfo.fr\/remiremontinfo\/2022\/07\/vosges-faire-face-aux-episodes-de-secheresse\/"]}]},{"@type":"ImageObject","inLanguage":"fr-FR","@id":"https:\/\/vosgesinfo.fr\/remiremontinfo\/2022\/07\/vosges-faire-face-aux-episodes-de-secheresse\/#primaryimage","url":"https:\/\/vosgesinfo.fr\/app\/uploads\/sites\/5\/2024\/09\/202207moselle-secheresse-et-ecrevisses-9.jpg","contentUrl":"https:\/\/vosgesinfo.fr\/app\/uploads\/sites\/5\/2024\/09\/202207moselle-secheresse-et-ecrevisses-9.jpg","width":1600,"height":1064},{"@type":"BreadcrumbList","@id":"https:\/\/vosgesinfo.fr\/remiremontinfo\/2022\/07\/vosges-faire-face-aux-episodes-de-secheresse\/#breadcrumb","itemListElement":[{"@type":"ListItem","position":1,"name":"Home","item":"https:\/\/vosgesinfo.fr\/remiremontinfo\/"},{"@type":"ListItem","position":2,"name":"Vosges\u00a0: faire face aux \u00e9pisodes de s\u00e9cheresse"}]},{"@type":"WebSite","@id":"https:\/\/vosgesinfo.fr\/remiremontinfo\/#website","url":"https:\/\/vosgesinfo.fr\/remiremontinfo\/","name":"Remiremont Info","description":"Toute l&#039;actualit\u00e9 de Remiremont","publisher":{"@id":"https:\/\/vosgesinfo.fr\/remiremontinfo\/#organization"},"alternateName":"Toute l'actualit\u00e9 de Remiremont","potentialAction":[{"@type":"SearchAction","target":{"@type":"EntryPoint","urlTemplate":"https:\/\/vosgesinfo.fr\/remiremontinfo\/?s={search_term_string}"},"query-input":"required name=search_term_string"}],"inLanguage":"fr-FR"},{"@type":"Organization","@id":"https:\/\/vosgesinfo.fr\/remiremontinfo\/#organization","name":"Remiremont Info","url":"https:\/\/vosgesinfo.fr\/remiremontinfo\/","logo":{"@type":"ImageObject","inLanguage":"fr-FR","@id":"https:\/\/vosgesinfo.fr\/remiremontinfo\/#\/schema\/logo\/image\/","url":"https:\/\/vosgesinfo.fr\/app\/uploads\/sites\/5\/2023\/08\/favicon-remiremontinfo.png","contentUrl":"https:\/\/vosgesinfo.fr\/app\/uploads\/sites\/5\/2023\/08\/favicon-remiremontinfo.png","width":512,"height":512,"caption":"Remiremont Info"},"image":{"@id":"https:\/\/vosgesinfo.fr\/remiremontinfo\/#\/schema\/logo\/image\/"},"sameAs":["https:\/\/www.facebook.com\/remiremontinfo","https:\/\/x.com\/VosgesInfo88","https:\/\/www.youtube.com\/@vosgesinfo"]},{"@type":"Person","@id":"https:\/\/vosgesinfo.fr\/remiremontinfo\/#\/schema\/person\/3bfd164d5218a185b1db68655a265316","name":"C D","image":{"@type":"ImageObject","inLanguage":"fr-FR","@id":"https:\/\/vosgesinfo.fr\/remiremontinfo\/#\/schema\/person\/image\/","url":"https:\/\/secure.gravatar.com\/avatar\/1f9a70007336511a47468b8f1c66f922b8b7cf617b02a31149ada43893a5d48f?s=96&d=mm&r=g","contentUrl":"https:\/\/secure.gravatar.com\/avatar\/1f9a70007336511a47468b8f1c66f922b8b7cf617b02a31149ada43893a5d48f?s=96&d=mm&r=g","caption":"C D"},"url":"https:\/\/vosgesinfo.fr\/remiremontinfo\/author\/cedric-drevet\/"}]}},"_links":{"self":[{"href":"https:\/\/vosgesinfo.fr\/remiremontinfo\/wp-json\/wp\/v2\/posts\/58718","targetHints":{"allow":["GET"]}}],"collection":[{"href":"https:\/\/vosgesinfo.fr\/remiremontinfo\/wp-json\/wp\/v2\/posts"}],"about":[{"href":"https:\/\/vosgesinfo.fr\/remiremontinfo\/wp-json\/wp\/v2\/types\/post"}],"author":[{"embeddable":true,"href":"https:\/\/vosgesinfo.fr\/remiremontinfo\/wp-json\/wp\/v2\/users\/407"}],"replies":[{"embeddable":true,"href":"https:\/\/vosgesinfo.fr\/remiremontinfo\/wp-json\/wp\/v2\/comments?post=58718"}],"version-history":[{"count":0,"href":"https:\/\/vosgesinfo.fr\/remiremontinfo\/wp-json\/wp\/v2\/posts\/58718\/revisions"}],"wp:featuredmedia":[{"embeddable":true,"href":"https:\/\/vosgesinfo.fr\/remiremontinfo\/wp-json\/wp\/v2\/media\/58719"}],"wp:attachment":[{"href":"https:\/\/vosgesinfo.fr\/remiremontinfo\/wp-json\/wp\/v2\/media?parent=58718"}],"wp:term":[{"taxonomy":"category","embeddable":true,"href":"https:\/\/vosgesinfo.fr\/remiremontinfo\/wp-json\/wp\/v2\/categories?post=58718"},{"taxonomy":"post_tag","embeddable":true,"href":"https:\/\/vosgesinfo.fr\/remiremontinfo\/wp-json\/wp\/v2\/tags?post=58718"}],"curies":[{"name":"wp","href":"https:\/\/api.w.org\/{rel}","templated":true}]}}