{"id":58727,"date":"2022-07-18T12:00:30","date_gmt":"2022-07-18T10:00:30","guid":{"rendered":"https:\/\/vosgesinfo.fr\/remiremontinfo\/2022\/07\/saint-maurice-organiser-course-boue-periode-de-secheresse\/"},"modified":"2022-07-18T12:00:30","modified_gmt":"2022-07-18T10:00:30","slug":"saint-maurice-organiser-course-boue-periode-de-secheresse","status":"publish","type":"post","link":"https:\/\/vosgesinfo.fr\/remiremontinfo\/2022\/07\/saint-maurice-organiser-course-boue-periode-de-secheresse\/","title":{"rendered":"Saint-Maurice\u00a0: organiser une \u00ab\u00a0Course dans la boue\u00a0\u00bb en p\u00e9riode de s\u00e9cheresse"},"content":{"rendered":"\n<h2><span style=\"font-size: 12pt;\"><strong><a href=\"https:\/\/remiremontinfo.fr\/2022\/07\/saint-maurice-30eme-edition-de-course-boue\/\">Le Motoclub RN66 organise la 30\u00e8me course dans la boue \u00e0 Saint Maurice sur Moselle, qui aura lieu les 30 et 31 Juillet prochains.<\/a> En p\u00e9riode de s\u00e9cheresse, un tel \u00e9v\u00e9nement pourrait poser question, \u00e9tant donn\u00e9 la quantit\u00e9 importante d\u2019eau n\u00e9cessaire. Mais depuis plusieurs ann\u00e9es maintenant, les organisateurs ont pris des dispositions pour \u00eatre finalement 100\u00a0% autonomes en eau. Et m\u00eame plus.\u00a0<\/strong><\/span><\/h2>\n<p><em>\u00ab\u00a0En moyenne, on consomme entre 60 et 70 m\u00e8tres cubes d\u2019eau\u00a0\u00bb<\/em>, affirme Lucas Bochet, vice pr\u00e9sident du Motoclub RN66. Prenant conscience qu\u2019il n\u2019\u00e9tait plus possible de fonctionner comme auparavant, les membres du club ont effectu\u00e9 un travail important. En 2020 et 2021, de gros investissements ont \u00e9t\u00e9 r\u00e9alis\u00e9s pour mettre en place un dispositif de r\u00e9cup\u00e9ration et de stockage d\u2019eau de pluie efficace et r\u00e9pondant largement aux besoins de la manifestation. Avec un syst\u00e8me d\u2019entonnoirs, l\u2019eau qui s\u2019\u00e9coule sur les toits des b\u00e2timents est ainsi stock\u00e9e tout au long de l\u2019ann\u00e9e.<em> \u00ab\u00a0On est compl\u00e8tement autonome en eau. On ne puise pas d\u2019eau dans les cours d\u2019eau\u00a0\u00bb<\/em>, affirme Lucas Bochet. <em>\u00ab\u00a0Tous les ans, on a un tableau de suivi. Ca nous permet de suivre notre consommation d\u2019eau\u00a0\u00bb.<\/em><\/p>\n<p><em>\u00ab\u00a0Notre objectif premier \u00e9tait de pouvoir pratiquer et partager notre passion tout en minimisant son impact sur l\u2019\u00e9cosyst\u00e8me, et de participer \u00e0 la pr\u00e9servation de notre environnement\u00a0\u00bb<\/em>, explique David Dieudonn\u00e9, pr\u00e9sident du Motoclub RN66. <em>\u00ab\u00a0Pour la mise en place de ce projet et pour \u00eatre en accord avec les r\u00e9glementations en vigueur, nous avons pris contact avec l\u2019agence fran\u00e7aise de la Biodiversit\u00e9, ainsi que le bureau des Politiques Territoriales de l\u2019eau\u00a0\u00bb.<\/em> Dans un premier temps, le club a investit dans une poche souple de 90m3. Cette r\u00e9serve d\u2019eau est la r\u00e9serve principale de la manifestation. En compl\u00e9ment, une cuve tampon a\u00e9rienne de 30m3 a \u00e9t\u00e9 acquise, ainsi qu\u2019une r\u00e9serve suppl\u00e9mentaire d\u2019appoint de 9m3. <em>\u00ab\u00a0Plusieurs fois pas an, lorsque les cuves tampons sont pleines, nous r\u00e9alisons le transfert de l\u2019eau vers notre cuve principale \u00e0 l\u2019aide de mat\u00e9riel agricole\u00a0\u00bb.\u00a0<\/em><\/p>\n<p>Le surplus d\u2019eau est mis \u00e0 disposition des acteurs locaux tout au long de l\u2019ann\u00e9e. <em>\u00ab\u00a0Une campagne d\u2019information est actuellement en place en 2022 aupr\u00e8s des agriculteurs, associations et entreprises situ\u00e9es sur la commune de Saint Maurice sur Moselle afin de mettre en place un partage \u00e9quitable de cette ressource d\u2019eau\u00a0\u00bb.<\/em> Les agriculteurs pourront profiter de cette r\u00e9serve permanente pour leurs animaux ou cultures en toute p\u00e9riode. Avec le soutien de l\u2019association des Sapeurs Pompiers de Saint Maurice, cette r\u00e9serve est par ailleurs un potentiel apport en eau en cas d\u2019incendie dans le secteur et pour la manifestation en elle m\u00eame. Un avantages non n\u00e9gligeable.<\/p>\n\n","protected":false},"excerpt":{"rendered":"<p>Le Motoclub RN66 organise la 30\u00e8me course dans la boue \u00e0 Saint Maurice sur Moselle, qui aura lieu les 30 [&hellip;]<\/p>\n","protected":false},"author":407,"featured_media":58728,"comment_status":"open","ping_status":"open","sticky":false,"template":"","format":"standard","meta":{"footnotes":""},"categories":[26,7,37,39],"tags":[4220,261,4218,1222,94,1400,676,73,3915,4221,32],"class_list":["post-58727","post","type-post","status-publish","format-standard","has-post-thumbnail","hentry","category-a-la-une","category-environnement","category-le-thillot-son-canton","category-saint-maurice-moselle","tag-boue","tag-course","tag-course-dans-la-boue","tag-eau","tag-environnement","tag-evenement","tag-pluie","tag-saint-maurice","tag-secheresse","tag-stockage","tag-vosges"],"acf":[],"yoast_head":"<!-- This site is optimized with the Yoast SEO plugin v22.5 - https:\/\/yoast.com\/wordpress\/plugins\/seo\/ -->\n<title>Saint-Maurice\u00a0: organiser une \u00ab\u00a0Course dans la boue\u00a0\u00bb en p\u00e9riode de s\u00e9cheresse - Remiremont Info<\/title>\n<meta name=\"robots\" content=\"index, follow, max-snippet:-1, max-image-preview:large, max-video-preview:-1\" \/>\n<link rel=\"canonical\" href=\"https:\/\/vosgesinfo.fr\/remiremontinfo\/2022\/07\/saint-maurice-organiser-course-boue-periode-de-secheresse\/\" \/>\n<meta name=\"twitter:card\" content=\"summary_large_image\" \/>\n<meta name=\"twitter:title\" content=\"Saint-Maurice\u00a0: organiser une \u00ab\u00a0Course dans la boue\u00a0\u00bb en p\u00e9riode de s\u00e9cheresse - Remiremont Info\" \/>\n<meta name=\"twitter:description\" content=\"Le Motoclub RN66 organise la 30\u00e8me course dans la boue \u00e0 Saint Maurice sur Moselle, qui aura lieu les 30 [&hellip;]\" \/>\n<meta name=\"twitter:image\" content=\"https:\/\/vosgesinfo.fr\/app\/uploads\/sites\/5\/2024\/09\/202207course-boue-41.jpg\" \/>\n<meta name=\"twitter:creator\" content=\"@VosgesInfo88\" \/>\n<meta name=\"twitter:site\" content=\"@VosgesInfo88\" \/>\n<meta name=\"twitter:label1\" content=\"\u00c9crit par\" \/>\n\t<meta name=\"twitter:data1\" content=\"C D\" \/>\n\t<meta name=\"twitter:label2\" content=\"Dur\u00e9e de lecture estim\u00e9e\" \/>\n\t<meta name=\"twitter:data2\" content=\"3 minutes\" \/>\n<script type=\"application\/ld+json\" class=\"yoast-schema-graph\">{\"@context\":\"https:\/\/schema.org\",\"@graph\":[{\"@type\":\"Article\",\"@id\":\"https:\/\/vosgesinfo.fr\/remiremontinfo\/2022\/07\/saint-maurice-organiser-course-boue-periode-de-secheresse\/#article\",\"isPartOf\":{\"@id\":\"https:\/\/vosgesinfo.fr\/remiremontinfo\/2022\/07\/saint-maurice-organiser-course-boue-periode-de-secheresse\/\"},\"author\":{\"name\":\"C D\",\"@id\":\"https:\/\/vosgesinfo.fr\/remiremontinfo\/#\/schema\/person\/3bfd164d5218a185b1db68655a265316\"},\"headline\":\"Saint-Maurice\u00a0: organiser une \u00ab\u00a0Course dans la boue\u00a0\u00bb en p\u00e9riode de s\u00e9cheresse\",\"datePublished\":\"2022-07-18T10:00:30+00:00\",\"dateModified\":\"2022-07-18T10:00:30+00:00\",\"mainEntityOfPage\":{\"@id\":\"https:\/\/vosgesinfo.fr\/remiremontinfo\/2022\/07\/saint-maurice-organiser-course-boue-periode-de-secheresse\/\"},\"wordCount\":513,\"commentCount\":0,\"publisher\":{\"@id\":\"https:\/\/vosgesinfo.fr\/remiremontinfo\/#organization\"},\"image\":{\"@id\":\"https:\/\/vosgesinfo.fr\/remiremontinfo\/2022\/07\/saint-maurice-organiser-course-boue-periode-de-secheresse\/#primaryimage\"},\"thumbnailUrl\":\"https:\/\/vosgesinfo.fr\/app\/uploads\/sites\/5\/2024\/09\/202207course-boue-41.jpg\",\"keywords\":[\"boue\",\"course\",\"course dans la boue\",\"eau\",\"environnement\",\"\u00e9v\u00e8nement\",\"pluie\",\"Saint-Maurice\",\"S\u00e9cheresse\",\"stockage\",\"Vosges\"],\"articleSection\":[\"A la Une\",\"Environnement\",\"Le Thillot &amp; son canton\",\"Saint-Maurice\/Moselle\"],\"inLanguage\":\"fr-FR\",\"potentialAction\":[{\"@type\":\"CommentAction\",\"name\":\"Comment\",\"target\":[\"https:\/\/vosgesinfo.fr\/remiremontinfo\/2022\/07\/saint-maurice-organiser-course-boue-periode-de-secheresse\/#respond\"]}]},{\"@type\":\"WebPage\",\"@id\":\"https:\/\/vosgesinfo.fr\/remiremontinfo\/2022\/07\/saint-maurice-organiser-course-boue-periode-de-secheresse\/\",\"url\":\"https:\/\/vosgesinfo.fr\/remiremontinfo\/2022\/07\/saint-maurice-organiser-course-boue-periode-de-secheresse\/\",\"name\":\"Saint-Maurice\u00a0: organiser une \u00ab\u00a0Course dans la boue\u00a0\u00bb en p\u00e9riode de s\u00e9cheresse - Remiremont Info\",\"isPartOf\":{\"@id\":\"https:\/\/vosgesinfo.fr\/remiremontinfo\/#website\"},\"primaryImageOfPage\":{\"@id\":\"https:\/\/vosgesinfo.fr\/remiremontinfo\/2022\/07\/saint-maurice-organiser-course-boue-periode-de-secheresse\/#primaryimage\"},\"image\":{\"@id\":\"https:\/\/vosgesinfo.fr\/remiremontinfo\/2022\/07\/saint-maurice-organiser-course-boue-periode-de-secheresse\/#primaryimage\"},\"thumbnailUrl\":\"https:\/\/vosgesinfo.fr\/app\/uploads\/sites\/5\/2024\/09\/202207course-boue-41.jpg\",\"datePublished\":\"2022-07-18T10:00:30+00:00\",\"dateModified\":\"2022-07-18T10:00:30+00:00\",\"breadcrumb\":{\"@id\":\"https:\/\/vosgesinfo.fr\/remiremontinfo\/2022\/07\/saint-maurice-organiser-course-boue-periode-de-secheresse\/#breadcrumb\"},\"inLanguage\":\"fr-FR\",\"potentialAction\":[{\"@type\":\"ReadAction\",\"target\":[\"https:\/\/vosgesinfo.fr\/remiremontinfo\/2022\/07\/saint-maurice-organiser-course-boue-periode-de-secheresse\/\"]}]},{\"@type\":\"ImageObject\",\"inLanguage\":\"fr-FR\",\"@id\":\"https:\/\/vosgesinfo.fr\/remiremontinfo\/2022\/07\/saint-maurice-organiser-course-boue-periode-de-secheresse\/#primaryimage\",\"url\":\"https:\/\/vosgesinfo.fr\/app\/uploads\/sites\/5\/2024\/09\/202207course-boue-41.jpg\",\"contentUrl\":\"https:\/\/vosgesinfo.fr\/app\/uploads\/sites\/5\/2024\/09\/202207course-boue-41.jpg\",\"width\":1600,\"height\":1067},{\"@type\":\"BreadcrumbList\",\"@id\":\"https:\/\/vosgesinfo.fr\/remiremontinfo\/2022\/07\/saint-maurice-organiser-course-boue-periode-de-secheresse\/#breadcrumb\",\"itemListElement\":[{\"@type\":\"ListItem\",\"position\":1,\"name\":\"Home\",\"item\":\"https:\/\/vosgesinfo.fr\/remiremontinfo\/\"},{\"@type\":\"ListItem\",\"position\":2,\"name\":\"Saint-Maurice\u00a0: organiser une \u00ab\u00a0Course dans la boue\u00a0\u00bb en p\u00e9riode de s\u00e9cheresse\"}]},{\"@type\":\"WebSite\",\"@id\":\"https:\/\/vosgesinfo.fr\/remiremontinfo\/#website\",\"url\":\"https:\/\/vosgesinfo.fr\/remiremontinfo\/\",\"name\":\"Remiremont Info\",\"description\":\"Toute l&#039;actualit\u00e9 de Remiremont\",\"publisher\":{\"@id\":\"https:\/\/vosgesinfo.fr\/remiremontinfo\/#organization\"},\"alternateName\":\"Toute l'actualit\u00e9 de Remiremont\",\"potentialAction\":[{\"@type\":\"SearchAction\",\"target\":{\"@type\":\"EntryPoint\",\"urlTemplate\":\"https:\/\/vosgesinfo.fr\/remiremontinfo\/?s={search_term_string}\"},\"query-input\":\"required name=search_term_string\"}],\"inLanguage\":\"fr-FR\"},{\"@type\":\"Organization\",\"@id\":\"https:\/\/vosgesinfo.fr\/remiremontinfo\/#organization\",\"name\":\"Remiremont Info\",\"url\":\"https:\/\/vosgesinfo.fr\/remiremontinfo\/\",\"logo\":{\"@type\":\"ImageObject\",\"inLanguage\":\"fr-FR\",\"@id\":\"https:\/\/vosgesinfo.fr\/remiremontinfo\/#\/schema\/logo\/image\/\",\"url\":\"https:\/\/vosgesinfo.fr\/app\/uploads\/sites\/5\/2023\/08\/favicon-remiremontinfo.png\",\"contentUrl\":\"https:\/\/vosgesinfo.fr\/app\/uploads\/sites\/5\/2023\/08\/favicon-remiremontinfo.png\",\"width\":512,\"height\":512,\"caption\":\"Remiremont Info\"},\"image\":{\"@id\":\"https:\/\/vosgesinfo.fr\/remiremontinfo\/#\/schema\/logo\/image\/\"},\"sameAs\":[\"https:\/\/www.facebook.com\/remiremontinfo\",\"https:\/\/x.com\/VosgesInfo88\",\"https:\/\/www.youtube.com\/@vosgesinfo\"]},{\"@type\":\"Person\",\"@id\":\"https:\/\/vosgesinfo.fr\/remiremontinfo\/#\/schema\/person\/3bfd164d5218a185b1db68655a265316\",\"name\":\"C D\",\"image\":{\"@type\":\"ImageObject\",\"inLanguage\":\"fr-FR\",\"@id\":\"https:\/\/vosgesinfo.fr\/remiremontinfo\/#\/schema\/person\/image\/\",\"url\":\"https:\/\/secure.gravatar.com\/avatar\/1f9a70007336511a47468b8f1c66f922b8b7cf617b02a31149ada43893a5d48f?s=96&d=mm&r=g\",\"contentUrl\":\"https:\/\/secure.gravatar.com\/avatar\/1f9a70007336511a47468b8f1c66f922b8b7cf617b02a31149ada43893a5d48f?s=96&d=mm&r=g\",\"caption\":\"C D\"},\"url\":\"https:\/\/vosgesinfo.fr\/remiremontinfo\/author\/cedric-drevet\/\"}]}<\/script>\n<!-- \/ Yoast SEO plugin. -->","yoast_head_json":{"title":"Saint-Maurice\u00a0: organiser une \u00ab\u00a0Course dans la boue\u00a0\u00bb en p\u00e9riode de s\u00e9cheresse - Remiremont Info","robots":{"index":"index","follow":"follow","max-snippet":"max-snippet:-1","max-image-preview":"max-image-preview:large","max-video-preview":"max-video-preview:-1"},"canonical":"https:\/\/vosgesinfo.fr\/remiremontinfo\/2022\/07\/saint-maurice-organiser-course-boue-periode-de-secheresse\/","twitter_card":"summary_large_image","twitter_title":"Saint-Maurice\u00a0: organiser une \u00ab\u00a0Course dans la boue\u00a0\u00bb en p\u00e9riode de s\u00e9cheresse - Remiremont Info","twitter_description":"Le Motoclub RN66 organise la 30\u00e8me course dans la boue \u00e0 Saint Maurice sur Moselle, qui aura lieu les 30 [&hellip;]","twitter_image":"https:\/\/vosgesinfo.fr\/app\/uploads\/sites\/5\/2024\/09\/202207course-boue-41.jpg","twitter_creator":"@VosgesInfo88","twitter_site":"@VosgesInfo88","twitter_misc":{"\u00c9crit par":"C D","Dur\u00e9e de lecture estim\u00e9e":"3 minutes"},"schema":{"@context":"https:\/\/schema.org","@graph":[{"@type":"Article","@id":"https:\/\/vosgesinfo.fr\/remiremontinfo\/2022\/07\/saint-maurice-organiser-course-boue-periode-de-secheresse\/#article","isPartOf":{"@id":"https:\/\/vosgesinfo.fr\/remiremontinfo\/2022\/07\/saint-maurice-organiser-course-boue-periode-de-secheresse\/"},"author":{"name":"C D","@id":"https:\/\/vosgesinfo.fr\/remiremontinfo\/#\/schema\/person\/3bfd164d5218a185b1db68655a265316"},"headline":"Saint-Maurice\u00a0: organiser une \u00ab\u00a0Course dans la boue\u00a0\u00bb en p\u00e9riode de s\u00e9cheresse","datePublished":"2022-07-18T10:00:30+00:00","dateModified":"2022-07-18T10:00:30+00:00","mainEntityOfPage":{"@id":"https:\/\/vosgesinfo.fr\/remiremontinfo\/2022\/07\/saint-maurice-organiser-course-boue-periode-de-secheresse\/"},"wordCount":513,"commentCount":0,"publisher":{"@id":"https:\/\/vosgesinfo.fr\/remiremontinfo\/#organization"},"image":{"@id":"https:\/\/vosgesinfo.fr\/remiremontinfo\/2022\/07\/saint-maurice-organiser-course-boue-periode-de-secheresse\/#primaryimage"},"thumbnailUrl":"https:\/\/vosgesinfo.fr\/app\/uploads\/sites\/5\/2024\/09\/202207course-boue-41.jpg","keywords":["boue","course","course dans la boue","eau","environnement","\u00e9v\u00e8nement","pluie","Saint-Maurice","S\u00e9cheresse","stockage","Vosges"],"articleSection":["A la Une","Environnement","Le Thillot &amp; son canton","Saint-Maurice\/Moselle"],"inLanguage":"fr-FR","potentialAction":[{"@type":"CommentAction","name":"Comment","target":["https:\/\/vosgesinfo.fr\/remiremontinfo\/2022\/07\/saint-maurice-organiser-course-boue-periode-de-secheresse\/#respond"]}]},{"@type":"WebPage","@id":"https:\/\/vosgesinfo.fr\/remiremontinfo\/2022\/07\/saint-maurice-organiser-course-boue-periode-de-secheresse\/","url":"https:\/\/vosgesinfo.fr\/remiremontinfo\/2022\/07\/saint-maurice-organiser-course-boue-periode-de-secheresse\/","name":"Saint-Maurice\u00a0: organiser une \u00ab\u00a0Course dans la boue\u00a0\u00bb en p\u00e9riode de s\u00e9cheresse - Remiremont Info","isPartOf":{"@id":"https:\/\/vosgesinfo.fr\/remiremontinfo\/#website"},"primaryImageOfPage":{"@id":"https:\/\/vosgesinfo.fr\/remiremontinfo\/2022\/07\/saint-maurice-organiser-course-boue-periode-de-secheresse\/#primaryimage"},"image":{"@id":"https:\/\/vosgesinfo.fr\/remiremontinfo\/2022\/07\/saint-maurice-organiser-course-boue-periode-de-secheresse\/#primaryimage"},"thumbnailUrl":"https:\/\/vosgesinfo.fr\/app\/uploads\/sites\/5\/2024\/09\/202207course-boue-41.jpg","datePublished":"2022-07-18T10:00:30+00:00","dateModified":"2022-07-18T10:00:30+00:00","breadcrumb":{"@id":"https:\/\/vosgesinfo.fr\/remiremontinfo\/2022\/07\/saint-maurice-organiser-course-boue-periode-de-secheresse\/#breadcrumb"},"inLanguage":"fr-FR","potentialAction":[{"@type":"ReadAction","target":["https:\/\/vosgesinfo.fr\/remiremontinfo\/2022\/07\/saint-maurice-organiser-course-boue-periode-de-secheresse\/"]}]},{"@type":"ImageObject","inLanguage":"fr-FR","@id":"https:\/\/vosgesinfo.fr\/remiremontinfo\/2022\/07\/saint-maurice-organiser-course-boue-periode-de-secheresse\/#primaryimage","url":"https:\/\/vosgesinfo.fr\/app\/uploads\/sites\/5\/2024\/09\/202207course-boue-41.jpg","contentUrl":"https:\/\/vosgesinfo.fr\/app\/uploads\/sites\/5\/2024\/09\/202207course-boue-41.jpg","width":1600,"height":1067},{"@type":"BreadcrumbList","@id":"https:\/\/vosgesinfo.fr\/remiremontinfo\/2022\/07\/saint-maurice-organiser-course-boue-periode-de-secheresse\/#breadcrumb","itemListElement":[{"@type":"ListItem","position":1,"name":"Home","item":"https:\/\/vosgesinfo.fr\/remiremontinfo\/"},{"@type":"ListItem","position":2,"name":"Saint-Maurice\u00a0: organiser une \u00ab\u00a0Course dans la boue\u00a0\u00bb en p\u00e9riode de s\u00e9cheresse"}]},{"@type":"WebSite","@id":"https:\/\/vosgesinfo.fr\/remiremontinfo\/#website","url":"https:\/\/vosgesinfo.fr\/remiremontinfo\/","name":"Remiremont Info","description":"Toute l&#039;actualit\u00e9 de Remiremont","publisher":{"@id":"https:\/\/vosgesinfo.fr\/remiremontinfo\/#organization"},"alternateName":"Toute l'actualit\u00e9 de Remiremont","potentialAction":[{"@type":"SearchAction","target":{"@type":"EntryPoint","urlTemplate":"https:\/\/vosgesinfo.fr\/remiremontinfo\/?s={search_term_string}"},"query-input":"required name=search_term_string"}],"inLanguage":"fr-FR"},{"@type":"Organization","@id":"https:\/\/vosgesinfo.fr\/remiremontinfo\/#organization","name":"Remiremont Info","url":"https:\/\/vosgesinfo.fr\/remiremontinfo\/","logo":{"@type":"ImageObject","inLanguage":"fr-FR","@id":"https:\/\/vosgesinfo.fr\/remiremontinfo\/#\/schema\/logo\/image\/","url":"https:\/\/vosgesinfo.fr\/app\/uploads\/sites\/5\/2023\/08\/favicon-remiremontinfo.png","contentUrl":"https:\/\/vosgesinfo.fr\/app\/uploads\/sites\/5\/2023\/08\/favicon-remiremontinfo.png","width":512,"height":512,"caption":"Remiremont Info"},"image":{"@id":"https:\/\/vosgesinfo.fr\/remiremontinfo\/#\/schema\/logo\/image\/"},"sameAs":["https:\/\/www.facebook.com\/remiremontinfo","https:\/\/x.com\/VosgesInfo88","https:\/\/www.youtube.com\/@vosgesinfo"]},{"@type":"Person","@id":"https:\/\/vosgesinfo.fr\/remiremontinfo\/#\/schema\/person\/3bfd164d5218a185b1db68655a265316","name":"C D","image":{"@type":"ImageObject","inLanguage":"fr-FR","@id":"https:\/\/vosgesinfo.fr\/remiremontinfo\/#\/schema\/person\/image\/","url":"https:\/\/secure.gravatar.com\/avatar\/1f9a70007336511a47468b8f1c66f922b8b7cf617b02a31149ada43893a5d48f?s=96&d=mm&r=g","contentUrl":"https:\/\/secure.gravatar.com\/avatar\/1f9a70007336511a47468b8f1c66f922b8b7cf617b02a31149ada43893a5d48f?s=96&d=mm&r=g","caption":"C D"},"url":"https:\/\/vosgesinfo.fr\/remiremontinfo\/author\/cedric-drevet\/"}]}},"_links":{"self":[{"href":"https:\/\/vosgesinfo.fr\/remiremontinfo\/wp-json\/wp\/v2\/posts\/58727","targetHints":{"allow":["GET"]}}],"collection":[{"href":"https:\/\/vosgesinfo.fr\/remiremontinfo\/wp-json\/wp\/v2\/posts"}],"about":[{"href":"https:\/\/vosgesinfo.fr\/remiremontinfo\/wp-json\/wp\/v2\/types\/post"}],"author":[{"embeddable":true,"href":"https:\/\/vosgesinfo.fr\/remiremontinfo\/wp-json\/wp\/v2\/users\/407"}],"replies":[{"embeddable":true,"href":"https:\/\/vosgesinfo.fr\/remiremontinfo\/wp-json\/wp\/v2\/comments?post=58727"}],"version-history":[{"count":0,"href":"https:\/\/vosgesinfo.fr\/remiremontinfo\/wp-json\/wp\/v2\/posts\/58727\/revisions"}],"wp:featuredmedia":[{"embeddable":true,"href":"https:\/\/vosgesinfo.fr\/remiremontinfo\/wp-json\/wp\/v2\/media\/58728"}],"wp:attachment":[{"href":"https:\/\/vosgesinfo.fr\/remiremontinfo\/wp-json\/wp\/v2\/media?parent=58727"}],"wp:term":[{"taxonomy":"category","embeddable":true,"href":"https:\/\/vosgesinfo.fr\/remiremontinfo\/wp-json\/wp\/v2\/categories?post=58727"},{"taxonomy":"post_tag","embeddable":true,"href":"https:\/\/vosgesinfo.fr\/remiremontinfo\/wp-json\/wp\/v2\/tags?post=58727"}],"curies":[{"name":"wp","href":"https:\/\/api.w.org\/{rel}","templated":true}]}}