{"id":58803,"date":"2022-07-19T07:30:40","date_gmt":"2022-07-19T05:30:40","guid":{"rendered":"https:\/\/vosgesinfo.fr\/remiremontinfo\/2022\/07\/bussang-face-a-secheresse-mairie-invite-habitants-a-economiser-leau\/"},"modified":"2022-07-19T07:30:40","modified_gmt":"2022-07-19T05:30:40","slug":"bussang-face-a-secheresse-mairie-invite-habitants-a-economiser-leau","status":"publish","type":"post","link":"https:\/\/vosgesinfo.fr\/remiremontinfo\/2022\/07\/bussang-face-a-secheresse-mairie-invite-habitants-a-economiser-leau\/","title":{"rendered":"Bussang : face \u00e0 la s\u00e9cheresse, la mairie invite les habitants \u00e0 \u00e9conomiser l&rsquo;eau"},"content":{"rendered":"<p style=\"font-weight: 400;\"><a href=\"\/2020\/05\/tap-1937219_1280.jpg\"><img decoding=\"async\" class=\"alignnone size-full wp-image-286225\" src=\"\/2020\/05\/tap-1937219_1280.jpg\" alt=\"eau robinet\" width=\"800\" height=\"450\" \/><\/a><\/p>\n<p style=\"font-weight: 400;\"><span style=\"font-size: 10pt;\"><em>Photo d&rsquo;illustration\u00a0<\/em><\/span><\/p>\n<h2 style=\"font-weight: 400;\"><span style=\"font-size: 12pt;\"><strong>Le 17 juin dernier, le pr\u00e9fet des Vosges Yves S\u00e9guy a pris des mesures de limitations des usages de l\u2019eau pour les bassins Sa\u00f4ne amont, Moselle amont et Meurthe.\u00a0Face \u00e0 la s\u00e9cheresse importante que nous connaissons, le Maire de Bussang invite la population \u00e0 respecter la ressource en eau au maximum en cette p\u00e9riode estivale au cours de laquelle la population de Bussang est doubl\u00e9e.<\/strong><\/span><\/h2>\n<p style=\"font-weight: 400;\">Du fait de la position de la commune en t\u00eate de bassin versant, elle ne peut compter que sur ses propres ressources pour alimenter son r\u00e9seau. Nous luttons activement pour \u00e9liminer les fuites : chaque m\u00e8tre cube est pr\u00e9cieux !<\/p>\n<p style=\"font-weight: 400;\">Quelques gestes simples que nous pouvons tous faire :<\/p>\n<ul style=\"font-weight: 400;\">\n<li>\u00e9viter le gaspillage de l\u2019eau : ne pas faire couler l\u2019eau inutilement et r\u00e9parer imm\u00e9diatement toute fuite,<\/li>\n<li>restreindre l\u2019arrosage des jardins et jardini\u00e8res et s\u2019il est ponctuellement n\u00e9cessaire le r\u00e9aliser le soir (cf arr\u00eat\u00e9),<\/li>\n<li>faire tourner les lave-vaisselle et les lave-linge quand ils sont pleins,<\/li>\n<\/ul>\n<p style=\"font-weight: 400;\">L\u2019eau est un bien commun dont il appartient \u00e0 chacun de pr\u00e9server la ressource. Il est donc important que chacun, citoyens, collectivit\u00e9s et entreprises, adoptions un comportement responsable et \u00e9conome en eau, \u00e0 fortiori pendant ces p\u00e9riodes difficiles.<\/p>\n<p style=\"font-weight: 400;\">Petit rappel des restrictions de l\u2019arr\u00eat\u00e9 pr\u00e9fectoral :<\/p>\n<p style=\"font-weight: 400;\">L\u2019arrosage des pelouses, espaces verts et massifs fleuris sont interdits entre 11h et 18h, tout comme l\u2019arrosage des jardins potagers.<\/p>\n<p style=\"font-weight: 400;\">Le remplissage de piscines priv\u00e9es et bains \u00e0 remous de plus d\u2019un m3 est interdit, sauf dans le cas d\u2019une remise \u00e0 niveau et d\u2019une premi\u00e8re mise en eau si le chantier avait d\u00e9but\u00e9 avant les premi\u00e8res restrictions, et apr\u00e8s accord du gestionnaire du r\u00e9seau AEP.<\/p>\n<p style=\"font-weight: 400;\">Quant \u00e0 la vidange des piscines et bains \u00e0 remous, apr\u00e8s neutralisation du chlore, il est interdit de rejeter dans les cours d\u2019eau pour les vidanges compl\u00e8tes, sachant que toute vidange compl\u00e8te est d\u00e9finitive.<\/p>\n<p style=\"font-weight: 400;\">En ce qui concerne le lavage de v\u00e9hicules par des professionnels, il est actuellement interdit sauf avec du mat\u00e9riel haute pression ou avec un mat\u00e9riel \u00e9quip\u00e9 d\u2019un syst\u00e8me de recyclage d\u2019eau. Le lavage de v\u00e9hicules chez les particuliers est interdit \u00e0 titre priv\u00e9 \u00e0 domicile.<\/p>\n<p style=\"font-weight: 400;\">Enfin, le nettoyage des fa\u00e7ades, toitures, trottoirs et autres surfaces imperm\u00e9abilis\u00e9es est \u00e9galement interdit, sauf si l\u2019op\u00e9ration est r\u00e9alis\u00e9e par une collectivit\u00e9 ou une entreprise de nettoyage professionnel.<\/p>\n<p style=\"font-weight: 400;\"><span style=\"font-size: 10pt;\"><em>Source : Mairie de Bussang<\/em><\/span><\/p>\n","protected":false},"excerpt":{"rendered":"<p>Photo d&rsquo;illustration\u00a0 Le 17 juin dernier, le pr\u00e9fet des Vosges Yves S\u00e9guy a pris des mesures de limitations des usages [&hellip;]<\/p>\n","protected":false},"author":407,"featured_media":58804,"comment_status":"open","ping_status":"open","sticky":false,"template":"","format":"standard","meta":{"footnotes":""},"categories":[26,38,37],"tags":[88,1222,4237],"class_list":["post-58803","post","type-post","status-publish","format-standard","has-post-thumbnail","hentry","category-a-la-une","category-bussang","category-le-thillot-son-canton","tag-bussang","tag-eau","tag-economiser"],"acf":[],"yoast_head":"<!-- This site is optimized with the Yoast SEO plugin v22.5 - https:\/\/yoast.com\/wordpress\/plugins\/seo\/ -->\n<title>Bussang : face \u00e0 la s\u00e9cheresse, la mairie invite les habitants \u00e0 \u00e9conomiser l&#039;eau - Remiremont Info<\/title>\n<meta name=\"robots\" content=\"index, follow, max-snippet:-1, max-image-preview:large, max-video-preview:-1\" \/>\n<link rel=\"canonical\" href=\"https:\/\/vosgesinfo.fr\/remiremontinfo\/2022\/07\/bussang-face-a-secheresse-mairie-invite-habitants-a-economiser-leau\/\" \/>\n<meta name=\"twitter:card\" content=\"summary_large_image\" \/>\n<meta name=\"twitter:title\" content=\"Bussang : face \u00e0 la s\u00e9cheresse, la mairie invite les habitants \u00e0 \u00e9conomiser l&#039;eau - Remiremont Info\" \/>\n<meta name=\"twitter:description\" content=\"Photo d&rsquo;illustration\u00a0 Le 17 juin dernier, le pr\u00e9fet des Vosges Yves S\u00e9guy a pris des mesures de limitations des usages [&hellip;]\" \/>\n<meta name=\"twitter:image\" content=\"https:\/\/vosgesinfo.fr\/app\/uploads\/sites\/5\/2024\/09\/202207garden-hose-6302165-960-720.jpg\" \/>\n<meta name=\"twitter:creator\" content=\"@VosgesInfo88\" \/>\n<meta name=\"twitter:site\" content=\"@VosgesInfo88\" \/>\n<meta name=\"twitter:label1\" content=\"\u00c9crit par\" \/>\n\t<meta name=\"twitter:data1\" content=\"C D\" \/>\n\t<meta name=\"twitter:label2\" content=\"Dur\u00e9e de lecture estim\u00e9e\" \/>\n\t<meta name=\"twitter:data2\" content=\"2 minutes\" \/>\n<script type=\"application\/ld+json\" class=\"yoast-schema-graph\">{\"@context\":\"https:\/\/schema.org\",\"@graph\":[{\"@type\":\"Article\",\"@id\":\"https:\/\/vosgesinfo.fr\/remiremontinfo\/2022\/07\/bussang-face-a-secheresse-mairie-invite-habitants-a-economiser-leau\/#article\",\"isPartOf\":{\"@id\":\"https:\/\/vosgesinfo.fr\/remiremontinfo\/2022\/07\/bussang-face-a-secheresse-mairie-invite-habitants-a-economiser-leau\/\"},\"author\":{\"name\":\"C D\",\"@id\":\"https:\/\/vosgesinfo.fr\/remiremontinfo\/#\/schema\/person\/3bfd164d5218a185b1db68655a265316\"},\"headline\":\"Bussang : face \u00e0 la s\u00e9cheresse, la mairie invite les habitants \u00e0 \u00e9conomiser l&rsquo;eau\",\"datePublished\":\"2022-07-19T05:30:40+00:00\",\"dateModified\":\"2022-07-19T05:30:40+00:00\",\"mainEntityOfPage\":{\"@id\":\"https:\/\/vosgesinfo.fr\/remiremontinfo\/2022\/07\/bussang-face-a-secheresse-mairie-invite-habitants-a-economiser-leau\/\"},\"wordCount\":441,\"commentCount\":0,\"publisher\":{\"@id\":\"https:\/\/vosgesinfo.fr\/remiremontinfo\/#organization\"},\"image\":{\"@id\":\"https:\/\/vosgesinfo.fr\/remiremontinfo\/2022\/07\/bussang-face-a-secheresse-mairie-invite-habitants-a-economiser-leau\/#primaryimage\"},\"thumbnailUrl\":\"https:\/\/vosgesinfo.fr\/app\/uploads\/sites\/5\/2024\/09\/202207garden-hose-6302165-960-720.jpg\",\"keywords\":[\"bussang\",\"eau\",\"\u00e9conomiser\"],\"articleSection\":[\"A la Une\",\"Bussang\",\"Le Thillot &amp; son canton\"],\"inLanguage\":\"fr-FR\",\"potentialAction\":[{\"@type\":\"CommentAction\",\"name\":\"Comment\",\"target\":[\"https:\/\/vosgesinfo.fr\/remiremontinfo\/2022\/07\/bussang-face-a-secheresse-mairie-invite-habitants-a-economiser-leau\/#respond\"]}]},{\"@type\":\"WebPage\",\"@id\":\"https:\/\/vosgesinfo.fr\/remiremontinfo\/2022\/07\/bussang-face-a-secheresse-mairie-invite-habitants-a-economiser-leau\/\",\"url\":\"https:\/\/vosgesinfo.fr\/remiremontinfo\/2022\/07\/bussang-face-a-secheresse-mairie-invite-habitants-a-economiser-leau\/\",\"name\":\"Bussang : face \u00e0 la s\u00e9cheresse, la mairie invite les habitants \u00e0 \u00e9conomiser l'eau - Remiremont Info\",\"isPartOf\":{\"@id\":\"https:\/\/vosgesinfo.fr\/remiremontinfo\/#website\"},\"primaryImageOfPage\":{\"@id\":\"https:\/\/vosgesinfo.fr\/remiremontinfo\/2022\/07\/bussang-face-a-secheresse-mairie-invite-habitants-a-economiser-leau\/#primaryimage\"},\"image\":{\"@id\":\"https:\/\/vosgesinfo.fr\/remiremontinfo\/2022\/07\/bussang-face-a-secheresse-mairie-invite-habitants-a-economiser-leau\/#primaryimage\"},\"thumbnailUrl\":\"https:\/\/vosgesinfo.fr\/app\/uploads\/sites\/5\/2024\/09\/202207garden-hose-6302165-960-720.jpg\",\"datePublished\":\"2022-07-19T05:30:40+00:00\",\"dateModified\":\"2022-07-19T05:30:40+00:00\",\"breadcrumb\":{\"@id\":\"https:\/\/vosgesinfo.fr\/remiremontinfo\/2022\/07\/bussang-face-a-secheresse-mairie-invite-habitants-a-economiser-leau\/#breadcrumb\"},\"inLanguage\":\"fr-FR\",\"potentialAction\":[{\"@type\":\"ReadAction\",\"target\":[\"https:\/\/vosgesinfo.fr\/remiremontinfo\/2022\/07\/bussang-face-a-secheresse-mairie-invite-habitants-a-economiser-leau\/\"]}]},{\"@type\":\"ImageObject\",\"inLanguage\":\"fr-FR\",\"@id\":\"https:\/\/vosgesinfo.fr\/remiremontinfo\/2022\/07\/bussang-face-a-secheresse-mairie-invite-habitants-a-economiser-leau\/#primaryimage\",\"url\":\"https:\/\/vosgesinfo.fr\/app\/uploads\/sites\/5\/2024\/09\/202207garden-hose-6302165-960-720.jpg\",\"contentUrl\":\"https:\/\/vosgesinfo.fr\/app\/uploads\/sites\/5\/2024\/09\/202207garden-hose-6302165-960-720.jpg\",\"width\":960,\"height\":589},{\"@type\":\"BreadcrumbList\",\"@id\":\"https:\/\/vosgesinfo.fr\/remiremontinfo\/2022\/07\/bussang-face-a-secheresse-mairie-invite-habitants-a-economiser-leau\/#breadcrumb\",\"itemListElement\":[{\"@type\":\"ListItem\",\"position\":1,\"name\":\"Home\",\"item\":\"https:\/\/vosgesinfo.fr\/remiremontinfo\/\"},{\"@type\":\"ListItem\",\"position\":2,\"name\":\"Bussang : face \u00e0 la s\u00e9cheresse, la mairie invite les habitants \u00e0 \u00e9conomiser l&rsquo;eau\"}]},{\"@type\":\"WebSite\",\"@id\":\"https:\/\/vosgesinfo.fr\/remiremontinfo\/#website\",\"url\":\"https:\/\/vosgesinfo.fr\/remiremontinfo\/\",\"name\":\"Remiremont Info\",\"description\":\"Toute l&#039;actualit\u00e9 de Remiremont\",\"publisher\":{\"@id\":\"https:\/\/vosgesinfo.fr\/remiremontinfo\/#organization\"},\"alternateName\":\"Toute l'actualit\u00e9 de Remiremont\",\"potentialAction\":[{\"@type\":\"SearchAction\",\"target\":{\"@type\":\"EntryPoint\",\"urlTemplate\":\"https:\/\/vosgesinfo.fr\/remiremontinfo\/?s={search_term_string}\"},\"query-input\":\"required name=search_term_string\"}],\"inLanguage\":\"fr-FR\"},{\"@type\":\"Organization\",\"@id\":\"https:\/\/vosgesinfo.fr\/remiremontinfo\/#organization\",\"name\":\"Remiremont Info\",\"url\":\"https:\/\/vosgesinfo.fr\/remiremontinfo\/\",\"logo\":{\"@type\":\"ImageObject\",\"inLanguage\":\"fr-FR\",\"@id\":\"https:\/\/vosgesinfo.fr\/remiremontinfo\/#\/schema\/logo\/image\/\",\"url\":\"https:\/\/vosgesinfo.fr\/app\/uploads\/sites\/5\/2023\/08\/favicon-remiremontinfo.png\",\"contentUrl\":\"https:\/\/vosgesinfo.fr\/app\/uploads\/sites\/5\/2023\/08\/favicon-remiremontinfo.png\",\"width\":512,\"height\":512,\"caption\":\"Remiremont Info\"},\"image\":{\"@id\":\"https:\/\/vosgesinfo.fr\/remiremontinfo\/#\/schema\/logo\/image\/\"},\"sameAs\":[\"https:\/\/www.facebook.com\/remiremontinfo\",\"https:\/\/x.com\/VosgesInfo88\",\"https:\/\/www.youtube.com\/@vosgesinfo\"]},{\"@type\":\"Person\",\"@id\":\"https:\/\/vosgesinfo.fr\/remiremontinfo\/#\/schema\/person\/3bfd164d5218a185b1db68655a265316\",\"name\":\"C D\",\"image\":{\"@type\":\"ImageObject\",\"inLanguage\":\"fr-FR\",\"@id\":\"https:\/\/vosgesinfo.fr\/remiremontinfo\/#\/schema\/person\/image\/\",\"url\":\"https:\/\/secure.gravatar.com\/avatar\/1f9a70007336511a47468b8f1c66f922b8b7cf617b02a31149ada43893a5d48f?s=96&d=mm&r=g\",\"contentUrl\":\"https:\/\/secure.gravatar.com\/avatar\/1f9a70007336511a47468b8f1c66f922b8b7cf617b02a31149ada43893a5d48f?s=96&d=mm&r=g\",\"caption\":\"C D\"},\"url\":\"https:\/\/vosgesinfo.fr\/remiremontinfo\/author\/cedric-drevet\/\"}]}<\/script>\n<!-- \/ Yoast SEO plugin. -->","yoast_head_json":{"title":"Bussang : face \u00e0 la s\u00e9cheresse, la mairie invite les habitants \u00e0 \u00e9conomiser l'eau - Remiremont Info","robots":{"index":"index","follow":"follow","max-snippet":"max-snippet:-1","max-image-preview":"max-image-preview:large","max-video-preview":"max-video-preview:-1"},"canonical":"https:\/\/vosgesinfo.fr\/remiremontinfo\/2022\/07\/bussang-face-a-secheresse-mairie-invite-habitants-a-economiser-leau\/","twitter_card":"summary_large_image","twitter_title":"Bussang : face \u00e0 la s\u00e9cheresse, la mairie invite les habitants \u00e0 \u00e9conomiser l'eau - Remiremont Info","twitter_description":"Photo d&rsquo;illustration\u00a0 Le 17 juin dernier, le pr\u00e9fet des Vosges Yves S\u00e9guy a pris des mesures de limitations des usages [&hellip;]","twitter_image":"https:\/\/vosgesinfo.fr\/app\/uploads\/sites\/5\/2024\/09\/202207garden-hose-6302165-960-720.jpg","twitter_creator":"@VosgesInfo88","twitter_site":"@VosgesInfo88","twitter_misc":{"\u00c9crit par":"C D","Dur\u00e9e de lecture estim\u00e9e":"2 minutes"},"schema":{"@context":"https:\/\/schema.org","@graph":[{"@type":"Article","@id":"https:\/\/vosgesinfo.fr\/remiremontinfo\/2022\/07\/bussang-face-a-secheresse-mairie-invite-habitants-a-economiser-leau\/#article","isPartOf":{"@id":"https:\/\/vosgesinfo.fr\/remiremontinfo\/2022\/07\/bussang-face-a-secheresse-mairie-invite-habitants-a-economiser-leau\/"},"author":{"name":"C D","@id":"https:\/\/vosgesinfo.fr\/remiremontinfo\/#\/schema\/person\/3bfd164d5218a185b1db68655a265316"},"headline":"Bussang : face \u00e0 la s\u00e9cheresse, la mairie invite les habitants \u00e0 \u00e9conomiser l&rsquo;eau","datePublished":"2022-07-19T05:30:40+00:00","dateModified":"2022-07-19T05:30:40+00:00","mainEntityOfPage":{"@id":"https:\/\/vosgesinfo.fr\/remiremontinfo\/2022\/07\/bussang-face-a-secheresse-mairie-invite-habitants-a-economiser-leau\/"},"wordCount":441,"commentCount":0,"publisher":{"@id":"https:\/\/vosgesinfo.fr\/remiremontinfo\/#organization"},"image":{"@id":"https:\/\/vosgesinfo.fr\/remiremontinfo\/2022\/07\/bussang-face-a-secheresse-mairie-invite-habitants-a-economiser-leau\/#primaryimage"},"thumbnailUrl":"https:\/\/vosgesinfo.fr\/app\/uploads\/sites\/5\/2024\/09\/202207garden-hose-6302165-960-720.jpg","keywords":["bussang","eau","\u00e9conomiser"],"articleSection":["A la Une","Bussang","Le Thillot &amp; son canton"],"inLanguage":"fr-FR","potentialAction":[{"@type":"CommentAction","name":"Comment","target":["https:\/\/vosgesinfo.fr\/remiremontinfo\/2022\/07\/bussang-face-a-secheresse-mairie-invite-habitants-a-economiser-leau\/#respond"]}]},{"@type":"WebPage","@id":"https:\/\/vosgesinfo.fr\/remiremontinfo\/2022\/07\/bussang-face-a-secheresse-mairie-invite-habitants-a-economiser-leau\/","url":"https:\/\/vosgesinfo.fr\/remiremontinfo\/2022\/07\/bussang-face-a-secheresse-mairie-invite-habitants-a-economiser-leau\/","name":"Bussang : face \u00e0 la s\u00e9cheresse, la mairie invite les habitants \u00e0 \u00e9conomiser l'eau - Remiremont Info","isPartOf":{"@id":"https:\/\/vosgesinfo.fr\/remiremontinfo\/#website"},"primaryImageOfPage":{"@id":"https:\/\/vosgesinfo.fr\/remiremontinfo\/2022\/07\/bussang-face-a-secheresse-mairie-invite-habitants-a-economiser-leau\/#primaryimage"},"image":{"@id":"https:\/\/vosgesinfo.fr\/remiremontinfo\/2022\/07\/bussang-face-a-secheresse-mairie-invite-habitants-a-economiser-leau\/#primaryimage"},"thumbnailUrl":"https:\/\/vosgesinfo.fr\/app\/uploads\/sites\/5\/2024\/09\/202207garden-hose-6302165-960-720.jpg","datePublished":"2022-07-19T05:30:40+00:00","dateModified":"2022-07-19T05:30:40+00:00","breadcrumb":{"@id":"https:\/\/vosgesinfo.fr\/remiremontinfo\/2022\/07\/bussang-face-a-secheresse-mairie-invite-habitants-a-economiser-leau\/#breadcrumb"},"inLanguage":"fr-FR","potentialAction":[{"@type":"ReadAction","target":["https:\/\/vosgesinfo.fr\/remiremontinfo\/2022\/07\/bussang-face-a-secheresse-mairie-invite-habitants-a-economiser-leau\/"]}]},{"@type":"ImageObject","inLanguage":"fr-FR","@id":"https:\/\/vosgesinfo.fr\/remiremontinfo\/2022\/07\/bussang-face-a-secheresse-mairie-invite-habitants-a-economiser-leau\/#primaryimage","url":"https:\/\/vosgesinfo.fr\/app\/uploads\/sites\/5\/2024\/09\/202207garden-hose-6302165-960-720.jpg","contentUrl":"https:\/\/vosgesinfo.fr\/app\/uploads\/sites\/5\/2024\/09\/202207garden-hose-6302165-960-720.jpg","width":960,"height":589},{"@type":"BreadcrumbList","@id":"https:\/\/vosgesinfo.fr\/remiremontinfo\/2022\/07\/bussang-face-a-secheresse-mairie-invite-habitants-a-economiser-leau\/#breadcrumb","itemListElement":[{"@type":"ListItem","position":1,"name":"Home","item":"https:\/\/vosgesinfo.fr\/remiremontinfo\/"},{"@type":"ListItem","position":2,"name":"Bussang : face \u00e0 la s\u00e9cheresse, la mairie invite les habitants \u00e0 \u00e9conomiser l&rsquo;eau"}]},{"@type":"WebSite","@id":"https:\/\/vosgesinfo.fr\/remiremontinfo\/#website","url":"https:\/\/vosgesinfo.fr\/remiremontinfo\/","name":"Remiremont Info","description":"Toute l&#039;actualit\u00e9 de Remiremont","publisher":{"@id":"https:\/\/vosgesinfo.fr\/remiremontinfo\/#organization"},"alternateName":"Toute l'actualit\u00e9 de Remiremont","potentialAction":[{"@type":"SearchAction","target":{"@type":"EntryPoint","urlTemplate":"https:\/\/vosgesinfo.fr\/remiremontinfo\/?s={search_term_string}"},"query-input":"required name=search_term_string"}],"inLanguage":"fr-FR"},{"@type":"Organization","@id":"https:\/\/vosgesinfo.fr\/remiremontinfo\/#organization","name":"Remiremont Info","url":"https:\/\/vosgesinfo.fr\/remiremontinfo\/","logo":{"@type":"ImageObject","inLanguage":"fr-FR","@id":"https:\/\/vosgesinfo.fr\/remiremontinfo\/#\/schema\/logo\/image\/","url":"https:\/\/vosgesinfo.fr\/app\/uploads\/sites\/5\/2023\/08\/favicon-remiremontinfo.png","contentUrl":"https:\/\/vosgesinfo.fr\/app\/uploads\/sites\/5\/2023\/08\/favicon-remiremontinfo.png","width":512,"height":512,"caption":"Remiremont Info"},"image":{"@id":"https:\/\/vosgesinfo.fr\/remiremontinfo\/#\/schema\/logo\/image\/"},"sameAs":["https:\/\/www.facebook.com\/remiremontinfo","https:\/\/x.com\/VosgesInfo88","https:\/\/www.youtube.com\/@vosgesinfo"]},{"@type":"Person","@id":"https:\/\/vosgesinfo.fr\/remiremontinfo\/#\/schema\/person\/3bfd164d5218a185b1db68655a265316","name":"C D","image":{"@type":"ImageObject","inLanguage":"fr-FR","@id":"https:\/\/vosgesinfo.fr\/remiremontinfo\/#\/schema\/person\/image\/","url":"https:\/\/secure.gravatar.com\/avatar\/1f9a70007336511a47468b8f1c66f922b8b7cf617b02a31149ada43893a5d48f?s=96&d=mm&r=g","contentUrl":"https:\/\/secure.gravatar.com\/avatar\/1f9a70007336511a47468b8f1c66f922b8b7cf617b02a31149ada43893a5d48f?s=96&d=mm&r=g","caption":"C D"},"url":"https:\/\/vosgesinfo.fr\/remiremontinfo\/author\/cedric-drevet\/"}]}},"_links":{"self":[{"href":"https:\/\/vosgesinfo.fr\/remiremontinfo\/wp-json\/wp\/v2\/posts\/58803","targetHints":{"allow":["GET"]}}],"collection":[{"href":"https:\/\/vosgesinfo.fr\/remiremontinfo\/wp-json\/wp\/v2\/posts"}],"about":[{"href":"https:\/\/vosgesinfo.fr\/remiremontinfo\/wp-json\/wp\/v2\/types\/post"}],"author":[{"embeddable":true,"href":"https:\/\/vosgesinfo.fr\/remiremontinfo\/wp-json\/wp\/v2\/users\/407"}],"replies":[{"embeddable":true,"href":"https:\/\/vosgesinfo.fr\/remiremontinfo\/wp-json\/wp\/v2\/comments?post=58803"}],"version-history":[{"count":0,"href":"https:\/\/vosgesinfo.fr\/remiremontinfo\/wp-json\/wp\/v2\/posts\/58803\/revisions"}],"wp:featuredmedia":[{"embeddable":true,"href":"https:\/\/vosgesinfo.fr\/remiremontinfo\/wp-json\/wp\/v2\/media\/58804"}],"wp:attachment":[{"href":"https:\/\/vosgesinfo.fr\/remiremontinfo\/wp-json\/wp\/v2\/media?parent=58803"}],"wp:term":[{"taxonomy":"category","embeddable":true,"href":"https:\/\/vosgesinfo.fr\/remiremontinfo\/wp-json\/wp\/v2\/categories?post=58803"},{"taxonomy":"post_tag","embeddable":true,"href":"https:\/\/vosgesinfo.fr\/remiremontinfo\/wp-json\/wp\/v2\/tags?post=58803"}],"curies":[{"name":"wp","href":"https:\/\/api.w.org\/{rel}","templated":true}]}}