{"id":59225,"date":"2022-07-26T07:58:08","date_gmt":"2022-07-26T05:58:08","guid":{"rendered":"https:\/\/vosgesinfo.fr\/remiremontinfo\/2022\/07\/incendies-sapeurs-pompiers-vosgiens-de-retour-apres-engagement-gironde\/"},"modified":"2022-07-26T07:58:08","modified_gmt":"2022-07-26T05:58:08","slug":"incendies-sapeurs-pompiers-vosgiens-de-retour-apres-engagement-gironde","status":"publish","type":"post","link":"https:\/\/vosgesinfo.fr\/remiremontinfo\/2022\/07\/incendies-sapeurs-pompiers-vosgiens-de-retour-apres-engagement-gironde\/","title":{"rendered":"Incendies : des sapeurs-pompiers vosgiens de retour apr\u00e8s leur engagement en Gironde"},"content":{"rendered":"\n<p><span style=\"font-size: 10pt;\"><em>Photos par\u00a0<a href=\"https:\/\/www.facebook.com\/sdis88\/\">Sapeurs Pompiers des Vosges<\/a><\/em><\/span><\/p>\n<h2><span style=\"font-size: 12pt;\"><strong>Apr\u00e8s une lutte acharn\u00e9e de la part des soldats du feu, les violents incendies qui ont br\u00fbl\u00e9 environ 21 hectares en Gironde sont d\u00e9sormais fix\u00e9s. Si tout n\u2019est pas termin\u00e9, c\u2019est d\u00e9j\u00e0 un \u00e9vident et immense soulagement. Des sapeurs-pompiers vosgiens, envoy\u00e9s en renfort, ont particip\u00e9 \u00e0 cette op\u00e9ration de grande ampleur, comme ailleurs dans l\u2019Ouest.<\/strong><\/span><\/h2>\n<p>Il y a quelques jours encore, appuy\u00e9e par la logistique du SDIS33, la Colonne Est Charlie a trait\u00e9 de nombreux points chauds et reprises de feux attis\u00e9es par le vent \u00e0 Landiras, en Aquitaine. Peu de r\u00e9pit mais un engagement sans faille pour l&rsquo;ensemble des composantes de la Colonne appuy\u00e9es par les avions et h\u00e9licopt\u00e8res bombardiers d&rsquo;eau de la S\u00e9curit\u00e9 civile. Hier, c\u2019\u00e9tait le moment du retour pour la composante Vosgienne de la Colonne Est Charlie apr\u00e8s 7 jours d&rsquo;engagement contre les feux de for\u00eat en Gironde. F\u00e9licitations \u00e0 tous pour leur travail.<\/p>\n<p>&nbsp;<\/p>\n","protected":false},"excerpt":{"rendered":"<p>Photos par\u00a0Sapeurs Pompiers des Vosges Apr\u00e8s une lutte acharn\u00e9e de la part des soldats du feu, les violents incendies qui [&hellip;]<\/p>\n","protected":false},"author":407,"featured_media":59226,"comment_status":"open","ping_status":"open","sticky":false,"template":"","format":"standard","meta":{"footnotes":""},"categories":[26,1556,35,18],"tags":[4230,1963,32],"class_list":["post-59225","post","type-post","status-publish","format-standard","has-post-thumbnail","hentry","category-a-la-une","category-remiremont-remiremont-son-canton-2","category-remiremont-son-canton","category-vosges","tag-gironde","tag-sapeurs-pompiers","tag-vosges"],"acf":[],"yoast_head":"<!-- This site is optimized with the Yoast SEO plugin v22.5 - https:\/\/yoast.com\/wordpress\/plugins\/seo\/ -->\n<title>Incendies : des sapeurs-pompiers vosgiens de retour apr\u00e8s leur engagement en Gironde - Remiremont Info<\/title>\n<meta name=\"robots\" content=\"index, follow, max-snippet:-1, max-image-preview:large, max-video-preview:-1\" \/>\n<link rel=\"canonical\" href=\"https:\/\/vosgesinfo.fr\/remiremontinfo\/2022\/07\/incendies-sapeurs-pompiers-vosgiens-de-retour-apres-engagement-gironde\/\" \/>\n<meta name=\"twitter:card\" content=\"summary_large_image\" \/>\n<meta name=\"twitter:title\" content=\"Incendies : des sapeurs-pompiers vosgiens de retour apr\u00e8s leur engagement en Gironde - Remiremont Info\" \/>\n<meta name=\"twitter:description\" content=\"Photos par\u00a0Sapeurs Pompiers des Vosges Apr\u00e8s une lutte acharn\u00e9e de la part des soldats du feu, les violents incendies qui [&hellip;]\" \/>\n<meta name=\"twitter:image\" content=\"https:\/\/vosgesinfo.fr\/app\/uploads\/sites\/5\/2024\/09\/202207295597734-5575156625870548-4735577488158423358-n1.jpg\" \/>\n<meta name=\"twitter:creator\" content=\"@VosgesInfo88\" \/>\n<meta name=\"twitter:site\" content=\"@VosgesInfo88\" \/>\n<meta name=\"twitter:label1\" content=\"\u00c9crit par\" \/>\n\t<meta name=\"twitter:data1\" content=\"C D\" \/>\n\t<meta name=\"twitter:label2\" content=\"Dur\u00e9e de lecture estim\u00e9e\" \/>\n\t<meta name=\"twitter:data2\" content=\"1 minute\" \/>\n<script type=\"application\/ld+json\" class=\"yoast-schema-graph\">{\"@context\":\"https:\/\/schema.org\",\"@graph\":[{\"@type\":\"Article\",\"@id\":\"https:\/\/vosgesinfo.fr\/remiremontinfo\/2022\/07\/incendies-sapeurs-pompiers-vosgiens-de-retour-apres-engagement-gironde\/#article\",\"isPartOf\":{\"@id\":\"https:\/\/vosgesinfo.fr\/remiremontinfo\/2022\/07\/incendies-sapeurs-pompiers-vosgiens-de-retour-apres-engagement-gironde\/\"},\"author\":{\"name\":\"C D\",\"@id\":\"https:\/\/vosgesinfo.fr\/remiremontinfo\/#\/schema\/person\/3bfd164d5218a185b1db68655a265316\"},\"headline\":\"Incendies : des sapeurs-pompiers vosgiens de retour apr\u00e8s leur engagement en Gironde\",\"datePublished\":\"2022-07-26T05:58:08+00:00\",\"dateModified\":\"2022-07-26T05:58:08+00:00\",\"mainEntityOfPage\":{\"@id\":\"https:\/\/vosgesinfo.fr\/remiremontinfo\/2022\/07\/incendies-sapeurs-pompiers-vosgiens-de-retour-apres-engagement-gironde\/\"},\"wordCount\":195,\"commentCount\":0,\"publisher\":{\"@id\":\"https:\/\/vosgesinfo.fr\/remiremontinfo\/#organization\"},\"image\":{\"@id\":\"https:\/\/vosgesinfo.fr\/remiremontinfo\/2022\/07\/incendies-sapeurs-pompiers-vosgiens-de-retour-apres-engagement-gironde\/#primaryimage\"},\"thumbnailUrl\":\"https:\/\/vosgesinfo.fr\/app\/uploads\/sites\/5\/2024\/09\/202207295597734-5575156625870548-4735577488158423358-n1.jpg\",\"keywords\":[\"gironde\",\"sapeurs-pompiers\",\"Vosges\"],\"articleSection\":[\"A la Une\",\"Remiremont\",\"Remiremont &amp; son canton\",\"Vosges\"],\"inLanguage\":\"fr-FR\",\"potentialAction\":[{\"@type\":\"CommentAction\",\"name\":\"Comment\",\"target\":[\"https:\/\/vosgesinfo.fr\/remiremontinfo\/2022\/07\/incendies-sapeurs-pompiers-vosgiens-de-retour-apres-engagement-gironde\/#respond\"]}]},{\"@type\":\"WebPage\",\"@id\":\"https:\/\/vosgesinfo.fr\/remiremontinfo\/2022\/07\/incendies-sapeurs-pompiers-vosgiens-de-retour-apres-engagement-gironde\/\",\"url\":\"https:\/\/vosgesinfo.fr\/remiremontinfo\/2022\/07\/incendies-sapeurs-pompiers-vosgiens-de-retour-apres-engagement-gironde\/\",\"name\":\"Incendies : des sapeurs-pompiers vosgiens de retour apr\u00e8s leur engagement en Gironde - Remiremont Info\",\"isPartOf\":{\"@id\":\"https:\/\/vosgesinfo.fr\/remiremontinfo\/#website\"},\"primaryImageOfPage\":{\"@id\":\"https:\/\/vosgesinfo.fr\/remiremontinfo\/2022\/07\/incendies-sapeurs-pompiers-vosgiens-de-retour-apres-engagement-gironde\/#primaryimage\"},\"image\":{\"@id\":\"https:\/\/vosgesinfo.fr\/remiremontinfo\/2022\/07\/incendies-sapeurs-pompiers-vosgiens-de-retour-apres-engagement-gironde\/#primaryimage\"},\"thumbnailUrl\":\"https:\/\/vosgesinfo.fr\/app\/uploads\/sites\/5\/2024\/09\/202207295597734-5575156625870548-4735577488158423358-n1.jpg\",\"datePublished\":\"2022-07-26T05:58:08+00:00\",\"dateModified\":\"2022-07-26T05:58:08+00:00\",\"breadcrumb\":{\"@id\":\"https:\/\/vosgesinfo.fr\/remiremontinfo\/2022\/07\/incendies-sapeurs-pompiers-vosgiens-de-retour-apres-engagement-gironde\/#breadcrumb\"},\"inLanguage\":\"fr-FR\",\"potentialAction\":[{\"@type\":\"ReadAction\",\"target\":[\"https:\/\/vosgesinfo.fr\/remiremontinfo\/2022\/07\/incendies-sapeurs-pompiers-vosgiens-de-retour-apres-engagement-gironde\/\"]}]},{\"@type\":\"ImageObject\",\"inLanguage\":\"fr-FR\",\"@id\":\"https:\/\/vosgesinfo.fr\/remiremontinfo\/2022\/07\/incendies-sapeurs-pompiers-vosgiens-de-retour-apres-engagement-gironde\/#primaryimage\",\"url\":\"https:\/\/vosgesinfo.fr\/app\/uploads\/sites\/5\/2024\/09\/202207295597734-5575156625870548-4735577488158423358-n1.jpg\",\"contentUrl\":\"https:\/\/vosgesinfo.fr\/app\/uploads\/sites\/5\/2024\/09\/202207295597734-5575156625870548-4735577488158423358-n1.jpg\",\"width\":891,\"height\":704},{\"@type\":\"BreadcrumbList\",\"@id\":\"https:\/\/vosgesinfo.fr\/remiremontinfo\/2022\/07\/incendies-sapeurs-pompiers-vosgiens-de-retour-apres-engagement-gironde\/#breadcrumb\",\"itemListElement\":[{\"@type\":\"ListItem\",\"position\":1,\"name\":\"Home\",\"item\":\"https:\/\/vosgesinfo.fr\/remiremontinfo\/\"},{\"@type\":\"ListItem\",\"position\":2,\"name\":\"Incendies : des sapeurs-pompiers vosgiens de retour apr\u00e8s leur engagement en Gironde\"}]},{\"@type\":\"WebSite\",\"@id\":\"https:\/\/vosgesinfo.fr\/remiremontinfo\/#website\",\"url\":\"https:\/\/vosgesinfo.fr\/remiremontinfo\/\",\"name\":\"Remiremont Info\",\"description\":\"Toute l&#039;actualit\u00e9 de Remiremont\",\"publisher\":{\"@id\":\"https:\/\/vosgesinfo.fr\/remiremontinfo\/#organization\"},\"alternateName\":\"Toute l'actualit\u00e9 de Remiremont\",\"potentialAction\":[{\"@type\":\"SearchAction\",\"target\":{\"@type\":\"EntryPoint\",\"urlTemplate\":\"https:\/\/vosgesinfo.fr\/remiremontinfo\/?s={search_term_string}\"},\"query-input\":\"required name=search_term_string\"}],\"inLanguage\":\"fr-FR\"},{\"@type\":\"Organization\",\"@id\":\"https:\/\/vosgesinfo.fr\/remiremontinfo\/#organization\",\"name\":\"Remiremont Info\",\"url\":\"https:\/\/vosgesinfo.fr\/remiremontinfo\/\",\"logo\":{\"@type\":\"ImageObject\",\"inLanguage\":\"fr-FR\",\"@id\":\"https:\/\/vosgesinfo.fr\/remiremontinfo\/#\/schema\/logo\/image\/\",\"url\":\"https:\/\/vosgesinfo.fr\/app\/uploads\/sites\/5\/2023\/08\/favicon-remiremontinfo.png\",\"contentUrl\":\"https:\/\/vosgesinfo.fr\/app\/uploads\/sites\/5\/2023\/08\/favicon-remiremontinfo.png\",\"width\":512,\"height\":512,\"caption\":\"Remiremont Info\"},\"image\":{\"@id\":\"https:\/\/vosgesinfo.fr\/remiremontinfo\/#\/schema\/logo\/image\/\"},\"sameAs\":[\"https:\/\/www.facebook.com\/remiremontinfo\",\"https:\/\/x.com\/VosgesInfo88\",\"https:\/\/www.youtube.com\/@vosgesinfo\"]},{\"@type\":\"Person\",\"@id\":\"https:\/\/vosgesinfo.fr\/remiremontinfo\/#\/schema\/person\/3bfd164d5218a185b1db68655a265316\",\"name\":\"C D\",\"image\":{\"@type\":\"ImageObject\",\"inLanguage\":\"fr-FR\",\"@id\":\"https:\/\/vosgesinfo.fr\/remiremontinfo\/#\/schema\/person\/image\/\",\"url\":\"https:\/\/secure.gravatar.com\/avatar\/1f9a70007336511a47468b8f1c66f922b8b7cf617b02a31149ada43893a5d48f?s=96&d=mm&r=g\",\"contentUrl\":\"https:\/\/secure.gravatar.com\/avatar\/1f9a70007336511a47468b8f1c66f922b8b7cf617b02a31149ada43893a5d48f?s=96&d=mm&r=g\",\"caption\":\"C D\"},\"url\":\"https:\/\/vosgesinfo.fr\/remiremontinfo\/author\/cedric-drevet\/\"}]}<\/script>\n<!-- \/ Yoast SEO plugin. -->","yoast_head_json":{"title":"Incendies : des sapeurs-pompiers vosgiens de retour apr\u00e8s leur engagement en Gironde - Remiremont Info","robots":{"index":"index","follow":"follow","max-snippet":"max-snippet:-1","max-image-preview":"max-image-preview:large","max-video-preview":"max-video-preview:-1"},"canonical":"https:\/\/vosgesinfo.fr\/remiremontinfo\/2022\/07\/incendies-sapeurs-pompiers-vosgiens-de-retour-apres-engagement-gironde\/","twitter_card":"summary_large_image","twitter_title":"Incendies : des sapeurs-pompiers vosgiens de retour apr\u00e8s leur engagement en Gironde - Remiremont Info","twitter_description":"Photos par\u00a0Sapeurs Pompiers des Vosges Apr\u00e8s une lutte acharn\u00e9e de la part des soldats du feu, les violents incendies qui [&hellip;]","twitter_image":"https:\/\/vosgesinfo.fr\/app\/uploads\/sites\/5\/2024\/09\/202207295597734-5575156625870548-4735577488158423358-n1.jpg","twitter_creator":"@VosgesInfo88","twitter_site":"@VosgesInfo88","twitter_misc":{"\u00c9crit par":"C D","Dur\u00e9e de lecture estim\u00e9e":"1 minute"},"schema":{"@context":"https:\/\/schema.org","@graph":[{"@type":"Article","@id":"https:\/\/vosgesinfo.fr\/remiremontinfo\/2022\/07\/incendies-sapeurs-pompiers-vosgiens-de-retour-apres-engagement-gironde\/#article","isPartOf":{"@id":"https:\/\/vosgesinfo.fr\/remiremontinfo\/2022\/07\/incendies-sapeurs-pompiers-vosgiens-de-retour-apres-engagement-gironde\/"},"author":{"name":"C D","@id":"https:\/\/vosgesinfo.fr\/remiremontinfo\/#\/schema\/person\/3bfd164d5218a185b1db68655a265316"},"headline":"Incendies : des sapeurs-pompiers vosgiens de retour apr\u00e8s leur engagement en Gironde","datePublished":"2022-07-26T05:58:08+00:00","dateModified":"2022-07-26T05:58:08+00:00","mainEntityOfPage":{"@id":"https:\/\/vosgesinfo.fr\/remiremontinfo\/2022\/07\/incendies-sapeurs-pompiers-vosgiens-de-retour-apres-engagement-gironde\/"},"wordCount":195,"commentCount":0,"publisher":{"@id":"https:\/\/vosgesinfo.fr\/remiremontinfo\/#organization"},"image":{"@id":"https:\/\/vosgesinfo.fr\/remiremontinfo\/2022\/07\/incendies-sapeurs-pompiers-vosgiens-de-retour-apres-engagement-gironde\/#primaryimage"},"thumbnailUrl":"https:\/\/vosgesinfo.fr\/app\/uploads\/sites\/5\/2024\/09\/202207295597734-5575156625870548-4735577488158423358-n1.jpg","keywords":["gironde","sapeurs-pompiers","Vosges"],"articleSection":["A la Une","Remiremont","Remiremont &amp; son canton","Vosges"],"inLanguage":"fr-FR","potentialAction":[{"@type":"CommentAction","name":"Comment","target":["https:\/\/vosgesinfo.fr\/remiremontinfo\/2022\/07\/incendies-sapeurs-pompiers-vosgiens-de-retour-apres-engagement-gironde\/#respond"]}]},{"@type":"WebPage","@id":"https:\/\/vosgesinfo.fr\/remiremontinfo\/2022\/07\/incendies-sapeurs-pompiers-vosgiens-de-retour-apres-engagement-gironde\/","url":"https:\/\/vosgesinfo.fr\/remiremontinfo\/2022\/07\/incendies-sapeurs-pompiers-vosgiens-de-retour-apres-engagement-gironde\/","name":"Incendies : des sapeurs-pompiers vosgiens de retour apr\u00e8s leur engagement en Gironde - Remiremont Info","isPartOf":{"@id":"https:\/\/vosgesinfo.fr\/remiremontinfo\/#website"},"primaryImageOfPage":{"@id":"https:\/\/vosgesinfo.fr\/remiremontinfo\/2022\/07\/incendies-sapeurs-pompiers-vosgiens-de-retour-apres-engagement-gironde\/#primaryimage"},"image":{"@id":"https:\/\/vosgesinfo.fr\/remiremontinfo\/2022\/07\/incendies-sapeurs-pompiers-vosgiens-de-retour-apres-engagement-gironde\/#primaryimage"},"thumbnailUrl":"https:\/\/vosgesinfo.fr\/app\/uploads\/sites\/5\/2024\/09\/202207295597734-5575156625870548-4735577488158423358-n1.jpg","datePublished":"2022-07-26T05:58:08+00:00","dateModified":"2022-07-26T05:58:08+00:00","breadcrumb":{"@id":"https:\/\/vosgesinfo.fr\/remiremontinfo\/2022\/07\/incendies-sapeurs-pompiers-vosgiens-de-retour-apres-engagement-gironde\/#breadcrumb"},"inLanguage":"fr-FR","potentialAction":[{"@type":"ReadAction","target":["https:\/\/vosgesinfo.fr\/remiremontinfo\/2022\/07\/incendies-sapeurs-pompiers-vosgiens-de-retour-apres-engagement-gironde\/"]}]},{"@type":"ImageObject","inLanguage":"fr-FR","@id":"https:\/\/vosgesinfo.fr\/remiremontinfo\/2022\/07\/incendies-sapeurs-pompiers-vosgiens-de-retour-apres-engagement-gironde\/#primaryimage","url":"https:\/\/vosgesinfo.fr\/app\/uploads\/sites\/5\/2024\/09\/202207295597734-5575156625870548-4735577488158423358-n1.jpg","contentUrl":"https:\/\/vosgesinfo.fr\/app\/uploads\/sites\/5\/2024\/09\/202207295597734-5575156625870548-4735577488158423358-n1.jpg","width":891,"height":704},{"@type":"BreadcrumbList","@id":"https:\/\/vosgesinfo.fr\/remiremontinfo\/2022\/07\/incendies-sapeurs-pompiers-vosgiens-de-retour-apres-engagement-gironde\/#breadcrumb","itemListElement":[{"@type":"ListItem","position":1,"name":"Home","item":"https:\/\/vosgesinfo.fr\/remiremontinfo\/"},{"@type":"ListItem","position":2,"name":"Incendies : des sapeurs-pompiers vosgiens de retour apr\u00e8s leur engagement en Gironde"}]},{"@type":"WebSite","@id":"https:\/\/vosgesinfo.fr\/remiremontinfo\/#website","url":"https:\/\/vosgesinfo.fr\/remiremontinfo\/","name":"Remiremont Info","description":"Toute l&#039;actualit\u00e9 de Remiremont","publisher":{"@id":"https:\/\/vosgesinfo.fr\/remiremontinfo\/#organization"},"alternateName":"Toute l'actualit\u00e9 de Remiremont","potentialAction":[{"@type":"SearchAction","target":{"@type":"EntryPoint","urlTemplate":"https:\/\/vosgesinfo.fr\/remiremontinfo\/?s={search_term_string}"},"query-input":"required name=search_term_string"}],"inLanguage":"fr-FR"},{"@type":"Organization","@id":"https:\/\/vosgesinfo.fr\/remiremontinfo\/#organization","name":"Remiremont Info","url":"https:\/\/vosgesinfo.fr\/remiremontinfo\/","logo":{"@type":"ImageObject","inLanguage":"fr-FR","@id":"https:\/\/vosgesinfo.fr\/remiremontinfo\/#\/schema\/logo\/image\/","url":"https:\/\/vosgesinfo.fr\/app\/uploads\/sites\/5\/2023\/08\/favicon-remiremontinfo.png","contentUrl":"https:\/\/vosgesinfo.fr\/app\/uploads\/sites\/5\/2023\/08\/favicon-remiremontinfo.png","width":512,"height":512,"caption":"Remiremont Info"},"image":{"@id":"https:\/\/vosgesinfo.fr\/remiremontinfo\/#\/schema\/logo\/image\/"},"sameAs":["https:\/\/www.facebook.com\/remiremontinfo","https:\/\/x.com\/VosgesInfo88","https:\/\/www.youtube.com\/@vosgesinfo"]},{"@type":"Person","@id":"https:\/\/vosgesinfo.fr\/remiremontinfo\/#\/schema\/person\/3bfd164d5218a185b1db68655a265316","name":"C D","image":{"@type":"ImageObject","inLanguage":"fr-FR","@id":"https:\/\/vosgesinfo.fr\/remiremontinfo\/#\/schema\/person\/image\/","url":"https:\/\/secure.gravatar.com\/avatar\/1f9a70007336511a47468b8f1c66f922b8b7cf617b02a31149ada43893a5d48f?s=96&d=mm&r=g","contentUrl":"https:\/\/secure.gravatar.com\/avatar\/1f9a70007336511a47468b8f1c66f922b8b7cf617b02a31149ada43893a5d48f?s=96&d=mm&r=g","caption":"C D"},"url":"https:\/\/vosgesinfo.fr\/remiremontinfo\/author\/cedric-drevet\/"}]}},"_links":{"self":[{"href":"https:\/\/vosgesinfo.fr\/remiremontinfo\/wp-json\/wp\/v2\/posts\/59225","targetHints":{"allow":["GET"]}}],"collection":[{"href":"https:\/\/vosgesinfo.fr\/remiremontinfo\/wp-json\/wp\/v2\/posts"}],"about":[{"href":"https:\/\/vosgesinfo.fr\/remiremontinfo\/wp-json\/wp\/v2\/types\/post"}],"author":[{"embeddable":true,"href":"https:\/\/vosgesinfo.fr\/remiremontinfo\/wp-json\/wp\/v2\/users\/407"}],"replies":[{"embeddable":true,"href":"https:\/\/vosgesinfo.fr\/remiremontinfo\/wp-json\/wp\/v2\/comments?post=59225"}],"version-history":[{"count":0,"href":"https:\/\/vosgesinfo.fr\/remiremontinfo\/wp-json\/wp\/v2\/posts\/59225\/revisions"}],"wp:featuredmedia":[{"embeddable":true,"href":"https:\/\/vosgesinfo.fr\/remiremontinfo\/wp-json\/wp\/v2\/media\/59226"}],"wp:attachment":[{"href":"https:\/\/vosgesinfo.fr\/remiremontinfo\/wp-json\/wp\/v2\/media?parent=59225"}],"wp:term":[{"taxonomy":"category","embeddable":true,"href":"https:\/\/vosgesinfo.fr\/remiremontinfo\/wp-json\/wp\/v2\/categories?post=59225"},{"taxonomy":"post_tag","embeddable":true,"href":"https:\/\/vosgesinfo.fr\/remiremontinfo\/wp-json\/wp\/v2\/tags?post=59225"}],"curies":[{"name":"wp","href":"https:\/\/api.w.org\/{rel}","templated":true}]}}