{"id":59235,"date":"2022-07-26T08:10:55","date_gmt":"2022-07-26T06:10:55","guid":{"rendered":"https:\/\/vosgesinfo.fr\/remiremontinfo\/2022\/07\/remiremont-traditionnel-vide-grenier-aura-lieu-dimanche-rue-charles-de-gaulle\/"},"modified":"2022-07-26T08:10:55","modified_gmt":"2022-07-26T06:10:55","slug":"remiremont-traditionnel-vide-grenier-aura-lieu-dimanche-rue-charles-de-gaulle","status":"publish","type":"post","link":"https:\/\/vosgesinfo.fr\/remiremontinfo\/2022\/07\/remiremont-traditionnel-vide-grenier-aura-lieu-dimanche-rue-charles-de-gaulle\/","title":{"rendered":"Remiremont : le traditionnel vide grenier aura lieu dimanche rue Charles de Gaulle"},"content":{"rendered":"<p><a href=\"\/2022\/07\/P1260359.jpg\"><img decoding=\"async\" class=\"alignnone size-large wp-image-348368\" src=\"\/2022\/07\/P1260359-1024x717.jpg\" alt=\"P1260359\" width=\"960\" height=\"672\" \/><\/a><\/p>\n<p><span style=\"font-size: 10pt;\"><em>Photo d&rsquo;archives<\/em><\/span><\/p>\n<h2><span style=\"font-size: 12pt;\"><strong>Cette ann\u00e9e, le Comit\u00e9 des f\u00eates prends les r\u00eanes de l\u2019organisation du traditionnel vide grenier de Remiremont. Rendez-vous le dimanche 31 juillet 2022, principalement rue Charles de Gaulle.\u00a0Buvette et petite restauration sur place.\u00a0<\/strong><\/span><\/h2>\n<p><span style=\"font-size: 12pt;\">Vous souhaitez exposer ? Contactez les organisateurs :<\/span><br \/>\n<span style=\"font-size: 12pt;\">\u2013 par mail \u00e0\u00a0<a href=\"mailto:videgrenierremiremont@gmail.com\">videgrenierremiremont@gmail.com<\/a><\/span><br \/>\n<span style=\"font-size: 12pt;\">\u2013 par t\u00e9l\u00e9phone au\u00a007.88.43.94.66 ou ay 07.66.23.75.08<\/span><\/p>\n<p><span style=\"font-size: 12pt;\">Bulletins d\u2019inscription disponibles au\u00a0<a class=\"oajrlxb2 g5ia77u1 qu0x051f esr5mh6w e9989ue4 r7d6kgcz rq0escxv nhd2j8a9 nc684nl6 p7hjln8o kvgmc6g5 cxmmr5t8 oygrvhab hcukyx3x jb3vyjys rz4wbd8a qt6c0cv9 a8nywdso i1ao9s8h esuyzwwr f1sip0of lzcic4wl gpro0wi8 oo9gr5id lrazzd5p\" tabindex=\"0\" href=\"https:\/\/www.facebook.com\/profile.php?id=100046470891283&amp;__cft__[0]=AZU7KK6yQ90YLucEtU9dGv2j0kP_2tnybcyQTFChgVfO4TulgbNxB6b90xadevS2VvS2gJNVO5qqu1-9rh_OnzZ05FUFhIomJuhS1i00drIXuqL9lGBHyKuQaxVXuVojIykwIKw7KJQOMRTE5B902UXP79LPNNxTiW2p6q7p597ebw&amp;__tn__=-]K*F\"><span class=\"nc684nl6\">Bar La Taverne.<\/span><\/a>\u00a0<\/span><\/p>\n<p><a href=\"\/2022\/07\/290986028_163540556236011_6491043480466410726_n.jpg\"><img decoding=\"async\" class=\"alignnone size-large wp-image-348367\" src=\"\/2022\/07\/290986028_163540556236011_6491043480466410726_n-724x1024.jpg\" alt=\"290986028_163540556236011_6491043480466410726_n\" width=\"724\" height=\"1024\" \/><\/a><\/p>\n","protected":false},"excerpt":{"rendered":"<p>Photo d&rsquo;archives Cette ann\u00e9e, le Comit\u00e9 des f\u00eates prends les r\u00eanes de l\u2019organisation du traditionnel vide grenier de Remiremont. Rendez-vous [&hellip;]<\/p>\n","protected":false},"author":407,"featured_media":59236,"comment_status":"open","ping_status":"open","sticky":false,"template":"","format":"standard","meta":{"footnotes":""},"categories":[26,54,1556,35],"tags":[4115,44,1012],"class_list":["post-59235","post","type-post","status-publish","format-standard","has-post-thumbnail","hentry","category-a-la-une","category-loisirs","category-remiremont-remiremont-son-canton-2","category-remiremont-son-canton","tag-comite-des-fetes","tag-remiremont","tag-vide-grenier"],"acf":[],"yoast_head":"<!-- This site is optimized with the Yoast SEO plugin v22.5 - https:\/\/yoast.com\/wordpress\/plugins\/seo\/ -->\n<title>Remiremont : le traditionnel vide grenier aura lieu dimanche rue Charles de Gaulle - Remiremont Info<\/title>\n<meta name=\"robots\" content=\"index, follow, max-snippet:-1, max-image-preview:large, max-video-preview:-1\" \/>\n<link rel=\"canonical\" href=\"https:\/\/vosgesinfo.fr\/remiremontinfo\/2022\/07\/remiremont-traditionnel-vide-grenier-aura-lieu-dimanche-rue-charles-de-gaulle\/\" \/>\n<meta name=\"twitter:card\" content=\"summary_large_image\" \/>\n<meta name=\"twitter:title\" content=\"Remiremont : le traditionnel vide grenier aura lieu dimanche rue Charles de Gaulle - Remiremont Info\" \/>\n<meta name=\"twitter:description\" content=\"Photo d&rsquo;archives Cette ann\u00e9e, le Comit\u00e9 des f\u00eates prends les r\u00eanes de l\u2019organisation du traditionnel vide grenier de Remiremont. Rendez-vous [&hellip;]\" \/>\n<meta name=\"twitter:image\" content=\"https:\/\/vosgesinfo.fr\/app\/uploads\/sites\/5\/2024\/09\/202207p1260359-1.jpg\" \/>\n<meta name=\"twitter:creator\" content=\"@VosgesInfo88\" \/>\n<meta name=\"twitter:site\" content=\"@VosgesInfo88\" \/>\n<meta name=\"twitter:label1\" content=\"\u00c9crit par\" \/>\n\t<meta name=\"twitter:data1\" content=\"C D\" \/>\n<script type=\"application\/ld+json\" class=\"yoast-schema-graph\">{\"@context\":\"https:\/\/schema.org\",\"@graph\":[{\"@type\":\"Article\",\"@id\":\"https:\/\/vosgesinfo.fr\/remiremontinfo\/2022\/07\/remiremont-traditionnel-vide-grenier-aura-lieu-dimanche-rue-charles-de-gaulle\/#article\",\"isPartOf\":{\"@id\":\"https:\/\/vosgesinfo.fr\/remiremontinfo\/2022\/07\/remiremont-traditionnel-vide-grenier-aura-lieu-dimanche-rue-charles-de-gaulle\/\"},\"author\":{\"name\":\"C D\",\"@id\":\"https:\/\/vosgesinfo.fr\/remiremontinfo\/#\/schema\/person\/3bfd164d5218a185b1db68655a265316\"},\"headline\":\"Remiremont : le traditionnel vide grenier aura lieu dimanche rue Charles de Gaulle\",\"datePublished\":\"2022-07-26T06:10:55+00:00\",\"dateModified\":\"2022-07-26T06:10:55+00:00\",\"mainEntityOfPage\":{\"@id\":\"https:\/\/vosgesinfo.fr\/remiremontinfo\/2022\/07\/remiremont-traditionnel-vide-grenier-aura-lieu-dimanche-rue-charles-de-gaulle\/\"},\"wordCount\":77,\"commentCount\":0,\"publisher\":{\"@id\":\"https:\/\/vosgesinfo.fr\/remiremontinfo\/#organization\"},\"image\":{\"@id\":\"https:\/\/vosgesinfo.fr\/remiremontinfo\/2022\/07\/remiremont-traditionnel-vide-grenier-aura-lieu-dimanche-rue-charles-de-gaulle\/#primaryimage\"},\"thumbnailUrl\":\"https:\/\/vosgesinfo.fr\/app\/uploads\/sites\/5\/2024\/09\/202207p1260359-1.jpg\",\"keywords\":[\"comit\u00e9 des fetes\",\"remiremont\",\"vide grenier\"],\"articleSection\":[\"A la Une\",\"Loisirs\",\"Remiremont\",\"Remiremont &amp; son canton\"],\"inLanguage\":\"fr-FR\",\"potentialAction\":[{\"@type\":\"CommentAction\",\"name\":\"Comment\",\"target\":[\"https:\/\/vosgesinfo.fr\/remiremontinfo\/2022\/07\/remiremont-traditionnel-vide-grenier-aura-lieu-dimanche-rue-charles-de-gaulle\/#respond\"]}]},{\"@type\":\"WebPage\",\"@id\":\"https:\/\/vosgesinfo.fr\/remiremontinfo\/2022\/07\/remiremont-traditionnel-vide-grenier-aura-lieu-dimanche-rue-charles-de-gaulle\/\",\"url\":\"https:\/\/vosgesinfo.fr\/remiremontinfo\/2022\/07\/remiremont-traditionnel-vide-grenier-aura-lieu-dimanche-rue-charles-de-gaulle\/\",\"name\":\"Remiremont : le traditionnel vide grenier aura lieu dimanche rue Charles de Gaulle - Remiremont Info\",\"isPartOf\":{\"@id\":\"https:\/\/vosgesinfo.fr\/remiremontinfo\/#website\"},\"primaryImageOfPage\":{\"@id\":\"https:\/\/vosgesinfo.fr\/remiremontinfo\/2022\/07\/remiremont-traditionnel-vide-grenier-aura-lieu-dimanche-rue-charles-de-gaulle\/#primaryimage\"},\"image\":{\"@id\":\"https:\/\/vosgesinfo.fr\/remiremontinfo\/2022\/07\/remiremont-traditionnel-vide-grenier-aura-lieu-dimanche-rue-charles-de-gaulle\/#primaryimage\"},\"thumbnailUrl\":\"https:\/\/vosgesinfo.fr\/app\/uploads\/sites\/5\/2024\/09\/202207p1260359-1.jpg\",\"datePublished\":\"2022-07-26T06:10:55+00:00\",\"dateModified\":\"2022-07-26T06:10:55+00:00\",\"breadcrumb\":{\"@id\":\"https:\/\/vosgesinfo.fr\/remiremontinfo\/2022\/07\/remiremont-traditionnel-vide-grenier-aura-lieu-dimanche-rue-charles-de-gaulle\/#breadcrumb\"},\"inLanguage\":\"fr-FR\",\"potentialAction\":[{\"@type\":\"ReadAction\",\"target\":[\"https:\/\/vosgesinfo.fr\/remiremontinfo\/2022\/07\/remiremont-traditionnel-vide-grenier-aura-lieu-dimanche-rue-charles-de-gaulle\/\"]}]},{\"@type\":\"ImageObject\",\"inLanguage\":\"fr-FR\",\"@id\":\"https:\/\/vosgesinfo.fr\/remiremontinfo\/2022\/07\/remiremont-traditionnel-vide-grenier-aura-lieu-dimanche-rue-charles-de-gaulle\/#primaryimage\",\"url\":\"https:\/\/vosgesinfo.fr\/app\/uploads\/sites\/5\/2024\/09\/202207p1260359-1.jpg\",\"contentUrl\":\"https:\/\/vosgesinfo.fr\/app\/uploads\/sites\/5\/2024\/09\/202207p1260359-1.jpg\",\"width\":1878,\"height\":1315},{\"@type\":\"BreadcrumbList\",\"@id\":\"https:\/\/vosgesinfo.fr\/remiremontinfo\/2022\/07\/remiremont-traditionnel-vide-grenier-aura-lieu-dimanche-rue-charles-de-gaulle\/#breadcrumb\",\"itemListElement\":[{\"@type\":\"ListItem\",\"position\":1,\"name\":\"Home\",\"item\":\"https:\/\/vosgesinfo.fr\/remiremontinfo\/\"},{\"@type\":\"ListItem\",\"position\":2,\"name\":\"Remiremont : le traditionnel vide grenier aura lieu dimanche rue Charles de Gaulle\"}]},{\"@type\":\"WebSite\",\"@id\":\"https:\/\/vosgesinfo.fr\/remiremontinfo\/#website\",\"url\":\"https:\/\/vosgesinfo.fr\/remiremontinfo\/\",\"name\":\"Remiremont Info\",\"description\":\"Toute l&#039;actualit\u00e9 de Remiremont\",\"publisher\":{\"@id\":\"https:\/\/vosgesinfo.fr\/remiremontinfo\/#organization\"},\"alternateName\":\"Toute l'actualit\u00e9 de Remiremont\",\"potentialAction\":[{\"@type\":\"SearchAction\",\"target\":{\"@type\":\"EntryPoint\",\"urlTemplate\":\"https:\/\/vosgesinfo.fr\/remiremontinfo\/?s={search_term_string}\"},\"query-input\":\"required name=search_term_string\"}],\"inLanguage\":\"fr-FR\"},{\"@type\":\"Organization\",\"@id\":\"https:\/\/vosgesinfo.fr\/remiremontinfo\/#organization\",\"name\":\"Remiremont Info\",\"url\":\"https:\/\/vosgesinfo.fr\/remiremontinfo\/\",\"logo\":{\"@type\":\"ImageObject\",\"inLanguage\":\"fr-FR\",\"@id\":\"https:\/\/vosgesinfo.fr\/remiremontinfo\/#\/schema\/logo\/image\/\",\"url\":\"https:\/\/vosgesinfo.fr\/app\/uploads\/sites\/5\/2023\/08\/favicon-remiremontinfo.png\",\"contentUrl\":\"https:\/\/vosgesinfo.fr\/app\/uploads\/sites\/5\/2023\/08\/favicon-remiremontinfo.png\",\"width\":512,\"height\":512,\"caption\":\"Remiremont Info\"},\"image\":{\"@id\":\"https:\/\/vosgesinfo.fr\/remiremontinfo\/#\/schema\/logo\/image\/\"},\"sameAs\":[\"https:\/\/www.facebook.com\/remiremontinfo\",\"https:\/\/x.com\/VosgesInfo88\",\"https:\/\/www.youtube.com\/@vosgesinfo\"]},{\"@type\":\"Person\",\"@id\":\"https:\/\/vosgesinfo.fr\/remiremontinfo\/#\/schema\/person\/3bfd164d5218a185b1db68655a265316\",\"name\":\"C D\",\"image\":{\"@type\":\"ImageObject\",\"inLanguage\":\"fr-FR\",\"@id\":\"https:\/\/vosgesinfo.fr\/remiremontinfo\/#\/schema\/person\/image\/\",\"url\":\"https:\/\/secure.gravatar.com\/avatar\/1f9a70007336511a47468b8f1c66f922b8b7cf617b02a31149ada43893a5d48f?s=96&d=mm&r=g\",\"contentUrl\":\"https:\/\/secure.gravatar.com\/avatar\/1f9a70007336511a47468b8f1c66f922b8b7cf617b02a31149ada43893a5d48f?s=96&d=mm&r=g\",\"caption\":\"C D\"},\"url\":\"https:\/\/vosgesinfo.fr\/remiremontinfo\/author\/cedric-drevet\/\"}]}<\/script>\n<!-- \/ Yoast SEO plugin. -->","yoast_head_json":{"title":"Remiremont : le traditionnel vide grenier aura lieu dimanche rue Charles de Gaulle - Remiremont Info","robots":{"index":"index","follow":"follow","max-snippet":"max-snippet:-1","max-image-preview":"max-image-preview:large","max-video-preview":"max-video-preview:-1"},"canonical":"https:\/\/vosgesinfo.fr\/remiremontinfo\/2022\/07\/remiremont-traditionnel-vide-grenier-aura-lieu-dimanche-rue-charles-de-gaulle\/","twitter_card":"summary_large_image","twitter_title":"Remiremont : le traditionnel vide grenier aura lieu dimanche rue Charles de Gaulle - Remiremont Info","twitter_description":"Photo d&rsquo;archives Cette ann\u00e9e, le Comit\u00e9 des f\u00eates prends les r\u00eanes de l\u2019organisation du traditionnel vide grenier de Remiremont. Rendez-vous [&hellip;]","twitter_image":"https:\/\/vosgesinfo.fr\/app\/uploads\/sites\/5\/2024\/09\/202207p1260359-1.jpg","twitter_creator":"@VosgesInfo88","twitter_site":"@VosgesInfo88","twitter_misc":{"\u00c9crit par":"C D"},"schema":{"@context":"https:\/\/schema.org","@graph":[{"@type":"Article","@id":"https:\/\/vosgesinfo.fr\/remiremontinfo\/2022\/07\/remiremont-traditionnel-vide-grenier-aura-lieu-dimanche-rue-charles-de-gaulle\/#article","isPartOf":{"@id":"https:\/\/vosgesinfo.fr\/remiremontinfo\/2022\/07\/remiremont-traditionnel-vide-grenier-aura-lieu-dimanche-rue-charles-de-gaulle\/"},"author":{"name":"C D","@id":"https:\/\/vosgesinfo.fr\/remiremontinfo\/#\/schema\/person\/3bfd164d5218a185b1db68655a265316"},"headline":"Remiremont : le traditionnel vide grenier aura lieu dimanche rue Charles de Gaulle","datePublished":"2022-07-26T06:10:55+00:00","dateModified":"2022-07-26T06:10:55+00:00","mainEntityOfPage":{"@id":"https:\/\/vosgesinfo.fr\/remiremontinfo\/2022\/07\/remiremont-traditionnel-vide-grenier-aura-lieu-dimanche-rue-charles-de-gaulle\/"},"wordCount":77,"commentCount":0,"publisher":{"@id":"https:\/\/vosgesinfo.fr\/remiremontinfo\/#organization"},"image":{"@id":"https:\/\/vosgesinfo.fr\/remiremontinfo\/2022\/07\/remiremont-traditionnel-vide-grenier-aura-lieu-dimanche-rue-charles-de-gaulle\/#primaryimage"},"thumbnailUrl":"https:\/\/vosgesinfo.fr\/app\/uploads\/sites\/5\/2024\/09\/202207p1260359-1.jpg","keywords":["comit\u00e9 des fetes","remiremont","vide grenier"],"articleSection":["A la Une","Loisirs","Remiremont","Remiremont &amp; son canton"],"inLanguage":"fr-FR","potentialAction":[{"@type":"CommentAction","name":"Comment","target":["https:\/\/vosgesinfo.fr\/remiremontinfo\/2022\/07\/remiremont-traditionnel-vide-grenier-aura-lieu-dimanche-rue-charles-de-gaulle\/#respond"]}]},{"@type":"WebPage","@id":"https:\/\/vosgesinfo.fr\/remiremontinfo\/2022\/07\/remiremont-traditionnel-vide-grenier-aura-lieu-dimanche-rue-charles-de-gaulle\/","url":"https:\/\/vosgesinfo.fr\/remiremontinfo\/2022\/07\/remiremont-traditionnel-vide-grenier-aura-lieu-dimanche-rue-charles-de-gaulle\/","name":"Remiremont : le traditionnel vide grenier aura lieu dimanche rue Charles de Gaulle - Remiremont Info","isPartOf":{"@id":"https:\/\/vosgesinfo.fr\/remiremontinfo\/#website"},"primaryImageOfPage":{"@id":"https:\/\/vosgesinfo.fr\/remiremontinfo\/2022\/07\/remiremont-traditionnel-vide-grenier-aura-lieu-dimanche-rue-charles-de-gaulle\/#primaryimage"},"image":{"@id":"https:\/\/vosgesinfo.fr\/remiremontinfo\/2022\/07\/remiremont-traditionnel-vide-grenier-aura-lieu-dimanche-rue-charles-de-gaulle\/#primaryimage"},"thumbnailUrl":"https:\/\/vosgesinfo.fr\/app\/uploads\/sites\/5\/2024\/09\/202207p1260359-1.jpg","datePublished":"2022-07-26T06:10:55+00:00","dateModified":"2022-07-26T06:10:55+00:00","breadcrumb":{"@id":"https:\/\/vosgesinfo.fr\/remiremontinfo\/2022\/07\/remiremont-traditionnel-vide-grenier-aura-lieu-dimanche-rue-charles-de-gaulle\/#breadcrumb"},"inLanguage":"fr-FR","potentialAction":[{"@type":"ReadAction","target":["https:\/\/vosgesinfo.fr\/remiremontinfo\/2022\/07\/remiremont-traditionnel-vide-grenier-aura-lieu-dimanche-rue-charles-de-gaulle\/"]}]},{"@type":"ImageObject","inLanguage":"fr-FR","@id":"https:\/\/vosgesinfo.fr\/remiremontinfo\/2022\/07\/remiremont-traditionnel-vide-grenier-aura-lieu-dimanche-rue-charles-de-gaulle\/#primaryimage","url":"https:\/\/vosgesinfo.fr\/app\/uploads\/sites\/5\/2024\/09\/202207p1260359-1.jpg","contentUrl":"https:\/\/vosgesinfo.fr\/app\/uploads\/sites\/5\/2024\/09\/202207p1260359-1.jpg","width":1878,"height":1315},{"@type":"BreadcrumbList","@id":"https:\/\/vosgesinfo.fr\/remiremontinfo\/2022\/07\/remiremont-traditionnel-vide-grenier-aura-lieu-dimanche-rue-charles-de-gaulle\/#breadcrumb","itemListElement":[{"@type":"ListItem","position":1,"name":"Home","item":"https:\/\/vosgesinfo.fr\/remiremontinfo\/"},{"@type":"ListItem","position":2,"name":"Remiremont : le traditionnel vide grenier aura lieu dimanche rue Charles de Gaulle"}]},{"@type":"WebSite","@id":"https:\/\/vosgesinfo.fr\/remiremontinfo\/#website","url":"https:\/\/vosgesinfo.fr\/remiremontinfo\/","name":"Remiremont Info","description":"Toute l&#039;actualit\u00e9 de Remiremont","publisher":{"@id":"https:\/\/vosgesinfo.fr\/remiremontinfo\/#organization"},"alternateName":"Toute l'actualit\u00e9 de Remiremont","potentialAction":[{"@type":"SearchAction","target":{"@type":"EntryPoint","urlTemplate":"https:\/\/vosgesinfo.fr\/remiremontinfo\/?s={search_term_string}"},"query-input":"required name=search_term_string"}],"inLanguage":"fr-FR"},{"@type":"Organization","@id":"https:\/\/vosgesinfo.fr\/remiremontinfo\/#organization","name":"Remiremont Info","url":"https:\/\/vosgesinfo.fr\/remiremontinfo\/","logo":{"@type":"ImageObject","inLanguage":"fr-FR","@id":"https:\/\/vosgesinfo.fr\/remiremontinfo\/#\/schema\/logo\/image\/","url":"https:\/\/vosgesinfo.fr\/app\/uploads\/sites\/5\/2023\/08\/favicon-remiremontinfo.png","contentUrl":"https:\/\/vosgesinfo.fr\/app\/uploads\/sites\/5\/2023\/08\/favicon-remiremontinfo.png","width":512,"height":512,"caption":"Remiremont Info"},"image":{"@id":"https:\/\/vosgesinfo.fr\/remiremontinfo\/#\/schema\/logo\/image\/"},"sameAs":["https:\/\/www.facebook.com\/remiremontinfo","https:\/\/x.com\/VosgesInfo88","https:\/\/www.youtube.com\/@vosgesinfo"]},{"@type":"Person","@id":"https:\/\/vosgesinfo.fr\/remiremontinfo\/#\/schema\/person\/3bfd164d5218a185b1db68655a265316","name":"C D","image":{"@type":"ImageObject","inLanguage":"fr-FR","@id":"https:\/\/vosgesinfo.fr\/remiremontinfo\/#\/schema\/person\/image\/","url":"https:\/\/secure.gravatar.com\/avatar\/1f9a70007336511a47468b8f1c66f922b8b7cf617b02a31149ada43893a5d48f?s=96&d=mm&r=g","contentUrl":"https:\/\/secure.gravatar.com\/avatar\/1f9a70007336511a47468b8f1c66f922b8b7cf617b02a31149ada43893a5d48f?s=96&d=mm&r=g","caption":"C D"},"url":"https:\/\/vosgesinfo.fr\/remiremontinfo\/author\/cedric-drevet\/"}]}},"_links":{"self":[{"href":"https:\/\/vosgesinfo.fr\/remiremontinfo\/wp-json\/wp\/v2\/posts\/59235","targetHints":{"allow":["GET"]}}],"collection":[{"href":"https:\/\/vosgesinfo.fr\/remiremontinfo\/wp-json\/wp\/v2\/posts"}],"about":[{"href":"https:\/\/vosgesinfo.fr\/remiremontinfo\/wp-json\/wp\/v2\/types\/post"}],"author":[{"embeddable":true,"href":"https:\/\/vosgesinfo.fr\/remiremontinfo\/wp-json\/wp\/v2\/users\/407"}],"replies":[{"embeddable":true,"href":"https:\/\/vosgesinfo.fr\/remiremontinfo\/wp-json\/wp\/v2\/comments?post=59235"}],"version-history":[{"count":0,"href":"https:\/\/vosgesinfo.fr\/remiremontinfo\/wp-json\/wp\/v2\/posts\/59235\/revisions"}],"wp:featuredmedia":[{"embeddable":true,"href":"https:\/\/vosgesinfo.fr\/remiremontinfo\/wp-json\/wp\/v2\/media\/59236"}],"wp:attachment":[{"href":"https:\/\/vosgesinfo.fr\/remiremontinfo\/wp-json\/wp\/v2\/media?parent=59235"}],"wp:term":[{"taxonomy":"category","embeddable":true,"href":"https:\/\/vosgesinfo.fr\/remiremontinfo\/wp-json\/wp\/v2\/categories?post=59235"},{"taxonomy":"post_tag","embeddable":true,"href":"https:\/\/vosgesinfo.fr\/remiremontinfo\/wp-json\/wp\/v2\/tags?post=59235"}],"curies":[{"name":"wp","href":"https:\/\/api.w.org\/{rel}","templated":true}]}}