{"id":59270,"date":"2022-07-26T11:21:01","date_gmt":"2022-07-26T09:21:01","guid":{"rendered":"https:\/\/vosgesinfo.fr\/remiremontinfo\/2022\/07\/tf1-devoile-bande-annonce-de-serie-combattantes-tournee-vosges\/"},"modified":"2022-07-26T11:21:01","modified_gmt":"2022-07-26T09:21:01","slug":"tf1-devoile-bande-annonce-de-serie-combattantes-tournee-vosges","status":"publish","type":"post","link":"https:\/\/vosgesinfo.fr\/remiremontinfo\/2022\/07\/tf1-devoile-bande-annonce-de-serie-combattantes-tournee-vosges\/","title":{"rendered":"TF1 d\u00e9voile la bande-annonce de la s\u00e9rie \u00ab Les Combattantes \u00bb, tourn\u00e9e dans les Vosges"},"content":{"rendered":"\n<h2><span style=\"font-size: 12pt;\"><strong><a href=\"https:\/\/remiremontinfo.fr\/2021\/05\/vosges-serie-combattantes-de-tf1-tournage-a-voge-bains\/\">Le tournage de la s\u00e9rie \u00ab\u00a0Les Combattantes\u00a0\u00bb s\u2019est d\u00e9roul\u00e9\u00a0du 12 mai au 13 juillet 2021 dans la r\u00e9gion Grand Est, et notamment \u00e0 Plombi\u00e8res-les-Bains, \u00e0 la Manufacture royale de Bains-les-Bains, \u00e0 Senones, \u00e0 Vexaincourt et \u00e0 G\u00e9rardmer.<\/a>\u00a0Le programme sera diffus\u00e9 prochainement. TF1 a d\u00e9voil\u00e9 une bande annonce, \u00e0 d\u00e9couvrir ci dessous.\u00a0<\/strong><\/span><\/h2>\n<p><span style=\"font-size: 12pt;\">La s\u00e9rie de huit \u00e9pisodes de 52 minutes est r\u00e9alis\u00e9e par Alexandre Laurent, \u00e9crite par C\u00e9cile Lorne et Camille Treiner, avec la collaboration d\u2019Alexandre Laurent, et d\u2019apr\u00e8s une id\u00e9e originale de C\u00e9cile Lorne. Elle est produite par Quad Drama, Iris Bucher, en coproduction avec TF1. Au casting, on retrouve notamment Audrey Fleurot, Julie de Bona, Camille Lou et Sofia Essa\u00efdi. Mais aussi Laurent Gerra, Tom Leeb, ou encore Sandrine Bonnaire.\u00a0<\/span><\/p>\n<h3><span style=\"font-size: 12pt;\">Voici l\u2019histoire de la s\u00e9rie :<\/span><\/h3>\n<p><span style=\"font-size: 12pt;\"><em>Septembre 1914. Depuis quelques semaines, les combats font rage. Dans un petit village de l\u2019Est de la France, \u00e0 quelques kilom\u00e8tres de la zone allemande, quatre femmes se retrouvent projet\u00e9es au c\u0153ur de l\u2019horreur : Marguerite (Audrey Fleurot), prostitu\u00e9e parisienne aussi myst\u00e9rieuse que flamboyante que l\u2019on soup\u00e7onne d\u2019\u00eatre une espionne ; Caroline (Sofia Essa\u00efdi), \u00e9pouse de Victor Dewitt, propri\u00e9taire d\u2019une usine de voitures, parti au front. Elle se voit propuls\u00e9e \u00e0 la t\u00eate de l\u2019entreprise familiale, d\u00e9fi colossal et in\u00e9dit pour une femme du d\u00e9but du si\u00e8cle ; Agn\u00e8s (Julie de Bona), m\u00e8re sup\u00e9rieure d\u2019un couvent r\u00e9quisitionn\u00e9 et transform\u00e9 en h\u00f4pital militaire. D\u00e9pass\u00e9e par l\u2019afflux de bless\u00e9s, Agn\u00e8s est de plus tourment\u00e9e et questionne ses choix de vie ; et Suzanne (Camille Lou), jeune infirmi\u00e8re f\u00e9ministe en cavale depuis un avortement qui a mal tourn\u00e9\u2026 Elles sont Les Combattantes : quatre femmes exceptionnelles qui durant huit \u00e9pisodes traverseront un moment intense et tragique de l\u2019Histoire de France.<\/em><\/span><\/p>\n<h3><span style=\"font-size: 12pt;\">D\u00e9couvrez la bande annonce de la s\u00e9rie :\u00a0\u00a0<\/span><\/h3>\n<p><iframe loading=\"lazy\" src=\"\/\/www.youtube.com\/embed\/qxmIDIf0gYE\" width=\"425\" height=\"350\" allowfullscreen=\"allowfullscreen\"><\/iframe><\/p>\n","protected":false},"excerpt":{"rendered":"<p>Le tournage de la s\u00e9rie \u00ab\u00a0Les Combattantes\u00a0\u00bb s\u2019est d\u00e9roul\u00e9\u00a0du 12 mai au 13 juillet 2021 dans la r\u00e9gion Grand Est, [&hellip;]<\/p>\n","protected":false},"author":407,"featured_media":59271,"comment_status":"open","ping_status":"open","sticky":false,"template":"","format":"standard","meta":{"footnotes":""},"categories":[26,18],"tags":[84,4282,4283,103,3591,2467,370,32],"class_list":["post-59270","post","type-post","status-publish","format-standard","has-post-thumbnail","hentry","category-a-la-une","category-vosges","tag-bains-les-bains","tag-les-combattante","tag-manufacture","tag-plombieres","tag-serie","tag-tf1","tag-tournage","tag-vosges"],"acf":[],"yoast_head":"<!-- This site is optimized with the Yoast SEO plugin v22.5 - https:\/\/yoast.com\/wordpress\/plugins\/seo\/ -->\n<title>TF1 d\u00e9voile la bande-annonce de la s\u00e9rie \u00ab Les Combattantes \u00bb, tourn\u00e9e dans les Vosges - Remiremont Info<\/title>\n<meta name=\"robots\" content=\"index, follow, max-snippet:-1, max-image-preview:large, max-video-preview:-1\" \/>\n<link rel=\"canonical\" href=\"https:\/\/vosgesinfo.fr\/remiremontinfo\/2022\/07\/tf1-devoile-bande-annonce-de-serie-combattantes-tournee-vosges\/\" \/>\n<meta name=\"twitter:card\" content=\"summary_large_image\" \/>\n<meta name=\"twitter:title\" content=\"TF1 d\u00e9voile la bande-annonce de la s\u00e9rie \u00ab Les Combattantes \u00bb, tourn\u00e9e dans les Vosges - Remiremont Info\" \/>\n<meta name=\"twitter:description\" content=\"Le tournage de la s\u00e9rie \u00ab\u00a0Les Combattantes\u00a0\u00bb s\u2019est d\u00e9roul\u00e9\u00a0du 12 mai au 13 juillet 2021 dans la r\u00e9gion Grand Est, [&hellip;]\" \/>\n<meta name=\"twitter:image\" content=\"https:\/\/vosgesinfo.fr\/app\/uploads\/sites\/5\/2024\/09\/202105les-combattantes-25-1.jpg\" \/>\n<meta name=\"twitter:creator\" content=\"@VosgesInfo88\" \/>\n<meta name=\"twitter:site\" content=\"@VosgesInfo88\" \/>\n<meta name=\"twitter:label1\" content=\"\u00c9crit par\" \/>\n\t<meta name=\"twitter:data1\" content=\"C D\" \/>\n\t<meta name=\"twitter:label2\" content=\"Dur\u00e9e de lecture estim\u00e9e\" \/>\n\t<meta name=\"twitter:data2\" content=\"2 minutes\" \/>\n<script type=\"application\/ld+json\" class=\"yoast-schema-graph\">{\"@context\":\"https:\/\/schema.org\",\"@graph\":[{\"@type\":\"Article\",\"@id\":\"https:\/\/vosgesinfo.fr\/remiremontinfo\/2022\/07\/tf1-devoile-bande-annonce-de-serie-combattantes-tournee-vosges\/#article\",\"isPartOf\":{\"@id\":\"https:\/\/vosgesinfo.fr\/remiremontinfo\/2022\/07\/tf1-devoile-bande-annonce-de-serie-combattantes-tournee-vosges\/\"},\"author\":{\"name\":\"C D\",\"@id\":\"https:\/\/vosgesinfo.fr\/remiremontinfo\/#\/schema\/person\/3bfd164d5218a185b1db68655a265316\"},\"headline\":\"TF1 d\u00e9voile la bande-annonce de la s\u00e9rie \u00ab Les Combattantes \u00bb, tourn\u00e9e dans les Vosges\",\"datePublished\":\"2022-07-26T09:21:01+00:00\",\"dateModified\":\"2022-07-26T09:21:01+00:00\",\"mainEntityOfPage\":{\"@id\":\"https:\/\/vosgesinfo.fr\/remiremontinfo\/2022\/07\/tf1-devoile-bande-annonce-de-serie-combattantes-tournee-vosges\/\"},\"wordCount\":355,\"commentCount\":0,\"publisher\":{\"@id\":\"https:\/\/vosgesinfo.fr\/remiremontinfo\/#organization\"},\"image\":{\"@id\":\"https:\/\/vosgesinfo.fr\/remiremontinfo\/2022\/07\/tf1-devoile-bande-annonce-de-serie-combattantes-tournee-vosges\/#primaryimage\"},\"thumbnailUrl\":\"https:\/\/vosgesinfo.fr\/app\/uploads\/sites\/5\/2024\/09\/202105les-combattantes-25-1.jpg\",\"keywords\":[\"Bains-les-Bains\",\"les combattante\",\"manufacture\",\"plombieres\",\"s\u00e9rie\",\"TF1\",\"tournage\",\"Vosges\"],\"articleSection\":[\"A la Une\",\"Vosges\"],\"inLanguage\":\"fr-FR\",\"potentialAction\":[{\"@type\":\"CommentAction\",\"name\":\"Comment\",\"target\":[\"https:\/\/vosgesinfo.fr\/remiremontinfo\/2022\/07\/tf1-devoile-bande-annonce-de-serie-combattantes-tournee-vosges\/#respond\"]}]},{\"@type\":\"WebPage\",\"@id\":\"https:\/\/vosgesinfo.fr\/remiremontinfo\/2022\/07\/tf1-devoile-bande-annonce-de-serie-combattantes-tournee-vosges\/\",\"url\":\"https:\/\/vosgesinfo.fr\/remiremontinfo\/2022\/07\/tf1-devoile-bande-annonce-de-serie-combattantes-tournee-vosges\/\",\"name\":\"TF1 d\u00e9voile la bande-annonce de la s\u00e9rie \u00ab Les Combattantes \u00bb, tourn\u00e9e dans les Vosges - Remiremont Info\",\"isPartOf\":{\"@id\":\"https:\/\/vosgesinfo.fr\/remiremontinfo\/#website\"},\"primaryImageOfPage\":{\"@id\":\"https:\/\/vosgesinfo.fr\/remiremontinfo\/2022\/07\/tf1-devoile-bande-annonce-de-serie-combattantes-tournee-vosges\/#primaryimage\"},\"image\":{\"@id\":\"https:\/\/vosgesinfo.fr\/remiremontinfo\/2022\/07\/tf1-devoile-bande-annonce-de-serie-combattantes-tournee-vosges\/#primaryimage\"},\"thumbnailUrl\":\"https:\/\/vosgesinfo.fr\/app\/uploads\/sites\/5\/2024\/09\/202105les-combattantes-25-1.jpg\",\"datePublished\":\"2022-07-26T09:21:01+00:00\",\"dateModified\":\"2022-07-26T09:21:01+00:00\",\"breadcrumb\":{\"@id\":\"https:\/\/vosgesinfo.fr\/remiremontinfo\/2022\/07\/tf1-devoile-bande-annonce-de-serie-combattantes-tournee-vosges\/#breadcrumb\"},\"inLanguage\":\"fr-FR\",\"potentialAction\":[{\"@type\":\"ReadAction\",\"target\":[\"https:\/\/vosgesinfo.fr\/remiremontinfo\/2022\/07\/tf1-devoile-bande-annonce-de-serie-combattantes-tournee-vosges\/\"]}]},{\"@type\":\"ImageObject\",\"inLanguage\":\"fr-FR\",\"@id\":\"https:\/\/vosgesinfo.fr\/remiremontinfo\/2022\/07\/tf1-devoile-bande-annonce-de-serie-combattantes-tournee-vosges\/#primaryimage\",\"url\":\"https:\/\/vosgesinfo.fr\/app\/uploads\/sites\/5\/2024\/09\/202105les-combattantes-25-1.jpg\",\"contentUrl\":\"https:\/\/vosgesinfo.fr\/app\/uploads\/sites\/5\/2024\/09\/202105les-combattantes-25-1.jpg\",\"width\":800,\"height\":532},{\"@type\":\"BreadcrumbList\",\"@id\":\"https:\/\/vosgesinfo.fr\/remiremontinfo\/2022\/07\/tf1-devoile-bande-annonce-de-serie-combattantes-tournee-vosges\/#breadcrumb\",\"itemListElement\":[{\"@type\":\"ListItem\",\"position\":1,\"name\":\"Home\",\"item\":\"https:\/\/vosgesinfo.fr\/remiremontinfo\/\"},{\"@type\":\"ListItem\",\"position\":2,\"name\":\"TF1 d\u00e9voile la bande-annonce de la s\u00e9rie \u00ab Les Combattantes \u00bb, tourn\u00e9e dans les Vosges\"}]},{\"@type\":\"WebSite\",\"@id\":\"https:\/\/vosgesinfo.fr\/remiremontinfo\/#website\",\"url\":\"https:\/\/vosgesinfo.fr\/remiremontinfo\/\",\"name\":\"Remiremont Info\",\"description\":\"Toute l&#039;actualit\u00e9 de Remiremont\",\"publisher\":{\"@id\":\"https:\/\/vosgesinfo.fr\/remiremontinfo\/#organization\"},\"alternateName\":\"Toute l'actualit\u00e9 de Remiremont\",\"potentialAction\":[{\"@type\":\"SearchAction\",\"target\":{\"@type\":\"EntryPoint\",\"urlTemplate\":\"https:\/\/vosgesinfo.fr\/remiremontinfo\/?s={search_term_string}\"},\"query-input\":\"required name=search_term_string\"}],\"inLanguage\":\"fr-FR\"},{\"@type\":\"Organization\",\"@id\":\"https:\/\/vosgesinfo.fr\/remiremontinfo\/#organization\",\"name\":\"Remiremont Info\",\"url\":\"https:\/\/vosgesinfo.fr\/remiremontinfo\/\",\"logo\":{\"@type\":\"ImageObject\",\"inLanguage\":\"fr-FR\",\"@id\":\"https:\/\/vosgesinfo.fr\/remiremontinfo\/#\/schema\/logo\/image\/\",\"url\":\"https:\/\/vosgesinfo.fr\/app\/uploads\/sites\/5\/2023\/08\/favicon-remiremontinfo.png\",\"contentUrl\":\"https:\/\/vosgesinfo.fr\/app\/uploads\/sites\/5\/2023\/08\/favicon-remiremontinfo.png\",\"width\":512,\"height\":512,\"caption\":\"Remiremont Info\"},\"image\":{\"@id\":\"https:\/\/vosgesinfo.fr\/remiremontinfo\/#\/schema\/logo\/image\/\"},\"sameAs\":[\"https:\/\/www.facebook.com\/remiremontinfo\",\"https:\/\/x.com\/VosgesInfo88\",\"https:\/\/www.youtube.com\/@vosgesinfo\"]},{\"@type\":\"Person\",\"@id\":\"https:\/\/vosgesinfo.fr\/remiremontinfo\/#\/schema\/person\/3bfd164d5218a185b1db68655a265316\",\"name\":\"C D\",\"image\":{\"@type\":\"ImageObject\",\"inLanguage\":\"fr-FR\",\"@id\":\"https:\/\/vosgesinfo.fr\/remiremontinfo\/#\/schema\/person\/image\/\",\"url\":\"https:\/\/secure.gravatar.com\/avatar\/1f9a70007336511a47468b8f1c66f922b8b7cf617b02a31149ada43893a5d48f?s=96&d=mm&r=g\",\"contentUrl\":\"https:\/\/secure.gravatar.com\/avatar\/1f9a70007336511a47468b8f1c66f922b8b7cf617b02a31149ada43893a5d48f?s=96&d=mm&r=g\",\"caption\":\"C D\"},\"url\":\"https:\/\/vosgesinfo.fr\/remiremontinfo\/author\/cedric-drevet\/\"}]}<\/script>\n<!-- \/ Yoast SEO plugin. -->","yoast_head_json":{"title":"TF1 d\u00e9voile la bande-annonce de la s\u00e9rie \u00ab Les Combattantes \u00bb, tourn\u00e9e dans les Vosges - Remiremont Info","robots":{"index":"index","follow":"follow","max-snippet":"max-snippet:-1","max-image-preview":"max-image-preview:large","max-video-preview":"max-video-preview:-1"},"canonical":"https:\/\/vosgesinfo.fr\/remiremontinfo\/2022\/07\/tf1-devoile-bande-annonce-de-serie-combattantes-tournee-vosges\/","twitter_card":"summary_large_image","twitter_title":"TF1 d\u00e9voile la bande-annonce de la s\u00e9rie \u00ab Les Combattantes \u00bb, tourn\u00e9e dans les Vosges - Remiremont Info","twitter_description":"Le tournage de la s\u00e9rie \u00ab\u00a0Les Combattantes\u00a0\u00bb s\u2019est d\u00e9roul\u00e9\u00a0du 12 mai au 13 juillet 2021 dans la r\u00e9gion Grand Est, [&hellip;]","twitter_image":"https:\/\/vosgesinfo.fr\/app\/uploads\/sites\/5\/2024\/09\/202105les-combattantes-25-1.jpg","twitter_creator":"@VosgesInfo88","twitter_site":"@VosgesInfo88","twitter_misc":{"\u00c9crit par":"C D","Dur\u00e9e de lecture estim\u00e9e":"2 minutes"},"schema":{"@context":"https:\/\/schema.org","@graph":[{"@type":"Article","@id":"https:\/\/vosgesinfo.fr\/remiremontinfo\/2022\/07\/tf1-devoile-bande-annonce-de-serie-combattantes-tournee-vosges\/#article","isPartOf":{"@id":"https:\/\/vosgesinfo.fr\/remiremontinfo\/2022\/07\/tf1-devoile-bande-annonce-de-serie-combattantes-tournee-vosges\/"},"author":{"name":"C D","@id":"https:\/\/vosgesinfo.fr\/remiremontinfo\/#\/schema\/person\/3bfd164d5218a185b1db68655a265316"},"headline":"TF1 d\u00e9voile la bande-annonce de la s\u00e9rie \u00ab Les Combattantes \u00bb, tourn\u00e9e dans les Vosges","datePublished":"2022-07-26T09:21:01+00:00","dateModified":"2022-07-26T09:21:01+00:00","mainEntityOfPage":{"@id":"https:\/\/vosgesinfo.fr\/remiremontinfo\/2022\/07\/tf1-devoile-bande-annonce-de-serie-combattantes-tournee-vosges\/"},"wordCount":355,"commentCount":0,"publisher":{"@id":"https:\/\/vosgesinfo.fr\/remiremontinfo\/#organization"},"image":{"@id":"https:\/\/vosgesinfo.fr\/remiremontinfo\/2022\/07\/tf1-devoile-bande-annonce-de-serie-combattantes-tournee-vosges\/#primaryimage"},"thumbnailUrl":"https:\/\/vosgesinfo.fr\/app\/uploads\/sites\/5\/2024\/09\/202105les-combattantes-25-1.jpg","keywords":["Bains-les-Bains","les combattante","manufacture","plombieres","s\u00e9rie","TF1","tournage","Vosges"],"articleSection":["A la Une","Vosges"],"inLanguage":"fr-FR","potentialAction":[{"@type":"CommentAction","name":"Comment","target":["https:\/\/vosgesinfo.fr\/remiremontinfo\/2022\/07\/tf1-devoile-bande-annonce-de-serie-combattantes-tournee-vosges\/#respond"]}]},{"@type":"WebPage","@id":"https:\/\/vosgesinfo.fr\/remiremontinfo\/2022\/07\/tf1-devoile-bande-annonce-de-serie-combattantes-tournee-vosges\/","url":"https:\/\/vosgesinfo.fr\/remiremontinfo\/2022\/07\/tf1-devoile-bande-annonce-de-serie-combattantes-tournee-vosges\/","name":"TF1 d\u00e9voile la bande-annonce de la s\u00e9rie \u00ab Les Combattantes \u00bb, tourn\u00e9e dans les Vosges - Remiremont Info","isPartOf":{"@id":"https:\/\/vosgesinfo.fr\/remiremontinfo\/#website"},"primaryImageOfPage":{"@id":"https:\/\/vosgesinfo.fr\/remiremontinfo\/2022\/07\/tf1-devoile-bande-annonce-de-serie-combattantes-tournee-vosges\/#primaryimage"},"image":{"@id":"https:\/\/vosgesinfo.fr\/remiremontinfo\/2022\/07\/tf1-devoile-bande-annonce-de-serie-combattantes-tournee-vosges\/#primaryimage"},"thumbnailUrl":"https:\/\/vosgesinfo.fr\/app\/uploads\/sites\/5\/2024\/09\/202105les-combattantes-25-1.jpg","datePublished":"2022-07-26T09:21:01+00:00","dateModified":"2022-07-26T09:21:01+00:00","breadcrumb":{"@id":"https:\/\/vosgesinfo.fr\/remiremontinfo\/2022\/07\/tf1-devoile-bande-annonce-de-serie-combattantes-tournee-vosges\/#breadcrumb"},"inLanguage":"fr-FR","potentialAction":[{"@type":"ReadAction","target":["https:\/\/vosgesinfo.fr\/remiremontinfo\/2022\/07\/tf1-devoile-bande-annonce-de-serie-combattantes-tournee-vosges\/"]}]},{"@type":"ImageObject","inLanguage":"fr-FR","@id":"https:\/\/vosgesinfo.fr\/remiremontinfo\/2022\/07\/tf1-devoile-bande-annonce-de-serie-combattantes-tournee-vosges\/#primaryimage","url":"https:\/\/vosgesinfo.fr\/app\/uploads\/sites\/5\/2024\/09\/202105les-combattantes-25-1.jpg","contentUrl":"https:\/\/vosgesinfo.fr\/app\/uploads\/sites\/5\/2024\/09\/202105les-combattantes-25-1.jpg","width":800,"height":532},{"@type":"BreadcrumbList","@id":"https:\/\/vosgesinfo.fr\/remiremontinfo\/2022\/07\/tf1-devoile-bande-annonce-de-serie-combattantes-tournee-vosges\/#breadcrumb","itemListElement":[{"@type":"ListItem","position":1,"name":"Home","item":"https:\/\/vosgesinfo.fr\/remiremontinfo\/"},{"@type":"ListItem","position":2,"name":"TF1 d\u00e9voile la bande-annonce de la s\u00e9rie \u00ab Les Combattantes \u00bb, tourn\u00e9e dans les Vosges"}]},{"@type":"WebSite","@id":"https:\/\/vosgesinfo.fr\/remiremontinfo\/#website","url":"https:\/\/vosgesinfo.fr\/remiremontinfo\/","name":"Remiremont Info","description":"Toute l&#039;actualit\u00e9 de Remiremont","publisher":{"@id":"https:\/\/vosgesinfo.fr\/remiremontinfo\/#organization"},"alternateName":"Toute l'actualit\u00e9 de Remiremont","potentialAction":[{"@type":"SearchAction","target":{"@type":"EntryPoint","urlTemplate":"https:\/\/vosgesinfo.fr\/remiremontinfo\/?s={search_term_string}"},"query-input":"required name=search_term_string"}],"inLanguage":"fr-FR"},{"@type":"Organization","@id":"https:\/\/vosgesinfo.fr\/remiremontinfo\/#organization","name":"Remiremont Info","url":"https:\/\/vosgesinfo.fr\/remiremontinfo\/","logo":{"@type":"ImageObject","inLanguage":"fr-FR","@id":"https:\/\/vosgesinfo.fr\/remiremontinfo\/#\/schema\/logo\/image\/","url":"https:\/\/vosgesinfo.fr\/app\/uploads\/sites\/5\/2023\/08\/favicon-remiremontinfo.png","contentUrl":"https:\/\/vosgesinfo.fr\/app\/uploads\/sites\/5\/2023\/08\/favicon-remiremontinfo.png","width":512,"height":512,"caption":"Remiremont Info"},"image":{"@id":"https:\/\/vosgesinfo.fr\/remiremontinfo\/#\/schema\/logo\/image\/"},"sameAs":["https:\/\/www.facebook.com\/remiremontinfo","https:\/\/x.com\/VosgesInfo88","https:\/\/www.youtube.com\/@vosgesinfo"]},{"@type":"Person","@id":"https:\/\/vosgesinfo.fr\/remiremontinfo\/#\/schema\/person\/3bfd164d5218a185b1db68655a265316","name":"C D","image":{"@type":"ImageObject","inLanguage":"fr-FR","@id":"https:\/\/vosgesinfo.fr\/remiremontinfo\/#\/schema\/person\/image\/","url":"https:\/\/secure.gravatar.com\/avatar\/1f9a70007336511a47468b8f1c66f922b8b7cf617b02a31149ada43893a5d48f?s=96&d=mm&r=g","contentUrl":"https:\/\/secure.gravatar.com\/avatar\/1f9a70007336511a47468b8f1c66f922b8b7cf617b02a31149ada43893a5d48f?s=96&d=mm&r=g","caption":"C D"},"url":"https:\/\/vosgesinfo.fr\/remiremontinfo\/author\/cedric-drevet\/"}]}},"_links":{"self":[{"href":"https:\/\/vosgesinfo.fr\/remiremontinfo\/wp-json\/wp\/v2\/posts\/59270","targetHints":{"allow":["GET"]}}],"collection":[{"href":"https:\/\/vosgesinfo.fr\/remiremontinfo\/wp-json\/wp\/v2\/posts"}],"about":[{"href":"https:\/\/vosgesinfo.fr\/remiremontinfo\/wp-json\/wp\/v2\/types\/post"}],"author":[{"embeddable":true,"href":"https:\/\/vosgesinfo.fr\/remiremontinfo\/wp-json\/wp\/v2\/users\/407"}],"replies":[{"embeddable":true,"href":"https:\/\/vosgesinfo.fr\/remiremontinfo\/wp-json\/wp\/v2\/comments?post=59270"}],"version-history":[{"count":0,"href":"https:\/\/vosgesinfo.fr\/remiremontinfo\/wp-json\/wp\/v2\/posts\/59270\/revisions"}],"wp:featuredmedia":[{"embeddable":true,"href":"https:\/\/vosgesinfo.fr\/remiremontinfo\/wp-json\/wp\/v2\/media\/59271"}],"wp:attachment":[{"href":"https:\/\/vosgesinfo.fr\/remiremontinfo\/wp-json\/wp\/v2\/media?parent=59270"}],"wp:term":[{"taxonomy":"category","embeddable":true,"href":"https:\/\/vosgesinfo.fr\/remiremontinfo\/wp-json\/wp\/v2\/categories?post=59270"},{"taxonomy":"post_tag","embeddable":true,"href":"https:\/\/vosgesinfo.fr\/remiremontinfo\/wp-json\/wp\/v2\/tags?post=59270"}],"curies":[{"name":"wp","href":"https:\/\/api.w.org\/{rel}","templated":true}]}}