{"id":59344,"date":"2022-07-28T06:31:59","date_gmt":"2022-07-28T04:31:59","guid":{"rendered":"https:\/\/vosgesinfo.fr\/remiremontinfo\/2022\/07\/se-perdre-a-deux-spectacle-de-compagnie-apollonia-5-aout-a-bresse\/"},"modified":"2022-07-28T06:31:59","modified_gmt":"2022-07-28T04:31:59","slug":"se-perdre-a-deux-spectacle-de-compagnie-apollonia-5-aout-a-bresse","status":"publish","type":"post","link":"https:\/\/vosgesinfo.fr\/remiremontinfo\/2022\/07\/se-perdre-a-deux-spectacle-de-compagnie-apollonia-5-aout-a-bresse\/","title":{"rendered":"\u00ab Se perdre \u00e0 deux \u00bb : un spectacle de la compagnie Apollonia le 5 ao\u00fbt \u00e0 La Bresse"},"content":{"rendered":"<p style=\"text-align: center;\"><a href=\"\/2022\/07\/1.png\"><img decoding=\"async\" class=\"alignnone size-full wp-image-349548\" src=\"\/2022\/07\/1.png\" alt=\"1\" width=\"665\" height=\"941\" \/><\/a><\/p>\n<h2><span style=\"font-size: 12pt;\"><strong>En 2021, la compagnie Apollonia a \u00e9t\u00e9 accueillie \u00e0 La Bresse pour la cr\u00e9ation de la pi\u00e8ce \u00ab Partir \u00e0 deux \u00bb. Les deux artistes reviennent cette ann\u00e9e pour poursuivre l\u2019aventure des deux soeurs avec l\u2019\u00e9criture du spectacle \u00ab Se perdre \u00e0 deux \u00bb. Elles seront quelques jours en r\u00e9sidence avant de proposer une repr\u00e9sentation unique de leur cr\u00e9ation.<\/strong><\/span><\/h2>\n<p>Spectacle \u00e0 360\u00b0 \u00e9crit et mis en sc\u00e8ne par Charline Voinet, avec la grande : Ma\u00eblle Debelle et la petite : Charline Voinet. Deux soeurs, un camp, une guitare, une histoire. Parmi tant d\u2019autres. Elles sont parties pour trouver une vie meilleure. Elles attendent au milieu de tous les autres. Seules. Rien \u00e0 faire \u00e0 part \u00eatre l\u00e0. Comment continuer \u00e0 \u00eatre soi-m\u00eame lorsque l\u2019id\u00e9e d\u2019avoir un r\u00eave n\u2019est plus permise, lorsqu\u2019on n\u2019a pas de quoi se laver ou se nourrir convenablement. Heureusement, elles sont toutes les deux&#8230; Une pi\u00e8ce qui exprime une dure r\u00e9alit\u00e9 tout en r\u00e9-interrogeant l\u2019ordre social et familial, entre fatalit\u00e9 et espoir.<\/p>\n<p style=\"text-align: center;\">\u00ab Se perdre \u00e0 deux \u00bb<\/p>\n<p style=\"text-align: center;\">Th\u00e9\u00e2tre &#8211; Apollonia Cie<br \/>\nVendredi 5 ao\u00fbt<br \/>\n\u00e0 20h<\/p>\n<p style=\"text-align: center;\">Salle des f\u00eates<\/p>\n<p style=\"text-align: center;\">Th\u00e9\u00e2tre<br \/>\nsortie de r\u00e9sidence<\/p>\n<p><span style=\"font-size: 10pt;\"><em>Source : Mairie de La Bresse\u00a0<\/em><\/span><\/p>\n","protected":false},"excerpt":{"rendered":"<p>En 2021, la compagnie Apollonia a \u00e9t\u00e9 accueillie \u00e0 La Bresse pour la cr\u00e9ation de la pi\u00e8ce \u00ab Partir \u00e0 [&hellip;]<\/p>\n","protected":false},"author":407,"featured_media":8629,"comment_status":"open","ping_status":"open","sticky":false,"template":"","format":"standard","meta":{"footnotes":""},"categories":[26,4,104,25],"tags":[4295,105,4296,316,56],"class_list":["post-59344","post","type-post","status-publish","format-standard","has-post-thumbnail","hentry","category-a-la-une","category-culture","category-la-bresse-la-bresse-son-canton","category-la-bresse-son-canton","tag-compagnie-apollonia","tag-la-bresse","tag-se-perdre-a-deux","tag-spectacle","tag-theatre"],"acf":[],"yoast_head":"<!-- This site is optimized with the Yoast SEO plugin v22.5 - https:\/\/yoast.com\/wordpress\/plugins\/seo\/ -->\n<title>\u00ab Se perdre \u00e0 deux \u00bb : un spectacle de la compagnie Apollonia le 5 ao\u00fbt \u00e0 La Bresse - Remiremont Info<\/title>\n<meta name=\"robots\" content=\"index, follow, max-snippet:-1, max-image-preview:large, max-video-preview:-1\" \/>\n<link rel=\"canonical\" href=\"https:\/\/vosgesinfo.fr\/remiremontinfo\/2022\/07\/se-perdre-a-deux-spectacle-de-compagnie-apollonia-5-aout-a-bresse\/\" \/>\n<meta name=\"twitter:card\" content=\"summary_large_image\" \/>\n<meta name=\"twitter:title\" content=\"\u00ab Se perdre \u00e0 deux \u00bb : un spectacle de la compagnie Apollonia le 5 ao\u00fbt \u00e0 La Bresse - Remiremont Info\" \/>\n<meta name=\"twitter:description\" content=\"En 2021, la compagnie Apollonia a \u00e9t\u00e9 accueillie \u00e0 La Bresse pour la cr\u00e9ation de la pi\u00e8ce \u00ab Partir \u00e0 [&hellip;]\" \/>\n<meta name=\"twitter:image\" content=\"https:\/\/vosgesinfo.fr\/app\/uploads\/sites\/5\/2024\/08\/1.png\" \/>\n<meta name=\"twitter:creator\" content=\"@VosgesInfo88\" \/>\n<meta name=\"twitter:site\" content=\"@VosgesInfo88\" \/>\n<meta name=\"twitter:label1\" content=\"\u00c9crit par\" \/>\n\t<meta name=\"twitter:data1\" content=\"C D\" \/>\n\t<meta name=\"twitter:label2\" content=\"Dur\u00e9e de lecture estim\u00e9e\" \/>\n\t<meta name=\"twitter:data2\" content=\"1 minute\" \/>\n<script type=\"application\/ld+json\" class=\"yoast-schema-graph\">{\"@context\":\"https:\/\/schema.org\",\"@graph\":[{\"@type\":\"Article\",\"@id\":\"https:\/\/vosgesinfo.fr\/remiremontinfo\/2022\/07\/se-perdre-a-deux-spectacle-de-compagnie-apollonia-5-aout-a-bresse\/#article\",\"isPartOf\":{\"@id\":\"https:\/\/vosgesinfo.fr\/remiremontinfo\/2022\/07\/se-perdre-a-deux-spectacle-de-compagnie-apollonia-5-aout-a-bresse\/\"},\"author\":{\"name\":\"C D\",\"@id\":\"https:\/\/vosgesinfo.fr\/remiremontinfo\/#\/schema\/person\/3bfd164d5218a185b1db68655a265316\"},\"headline\":\"\u00ab Se perdre \u00e0 deux \u00bb : un spectacle de la compagnie Apollonia le 5 ao\u00fbt \u00e0 La Bresse\",\"datePublished\":\"2022-07-28T04:31:59+00:00\",\"dateModified\":\"2022-07-28T04:31:59+00:00\",\"mainEntityOfPage\":{\"@id\":\"https:\/\/vosgesinfo.fr\/remiremontinfo\/2022\/07\/se-perdre-a-deux-spectacle-de-compagnie-apollonia-5-aout-a-bresse\/\"},\"wordCount\":214,\"commentCount\":0,\"publisher\":{\"@id\":\"https:\/\/vosgesinfo.fr\/remiremontinfo\/#organization\"},\"image\":{\"@id\":\"https:\/\/vosgesinfo.fr\/remiremontinfo\/2022\/07\/se-perdre-a-deux-spectacle-de-compagnie-apollonia-5-aout-a-bresse\/#primaryimage\"},\"thumbnailUrl\":\"https:\/\/vosgesinfo.fr\/app\/uploads\/sites\/5\/2024\/08\/1.png\",\"keywords\":[\"compagnie apollonia\",\"la bresse\",\"se perdre \u00e0 deux\",\"spectacle\",\"th\u00e9\u00e2tre\"],\"articleSection\":[\"A la Une\",\"Culture\",\"La Bresse\",\"La Bresse &amp; son canton\"],\"inLanguage\":\"fr-FR\",\"potentialAction\":[{\"@type\":\"CommentAction\",\"name\":\"Comment\",\"target\":[\"https:\/\/vosgesinfo.fr\/remiremontinfo\/2022\/07\/se-perdre-a-deux-spectacle-de-compagnie-apollonia-5-aout-a-bresse\/#respond\"]}]},{\"@type\":\"WebPage\",\"@id\":\"https:\/\/vosgesinfo.fr\/remiremontinfo\/2022\/07\/se-perdre-a-deux-spectacle-de-compagnie-apollonia-5-aout-a-bresse\/\",\"url\":\"https:\/\/vosgesinfo.fr\/remiremontinfo\/2022\/07\/se-perdre-a-deux-spectacle-de-compagnie-apollonia-5-aout-a-bresse\/\",\"name\":\"\u00ab Se perdre \u00e0 deux \u00bb : un spectacle de la compagnie Apollonia le 5 ao\u00fbt \u00e0 La Bresse - Remiremont Info\",\"isPartOf\":{\"@id\":\"https:\/\/vosgesinfo.fr\/remiremontinfo\/#website\"},\"primaryImageOfPage\":{\"@id\":\"https:\/\/vosgesinfo.fr\/remiremontinfo\/2022\/07\/se-perdre-a-deux-spectacle-de-compagnie-apollonia-5-aout-a-bresse\/#primaryimage\"},\"image\":{\"@id\":\"https:\/\/vosgesinfo.fr\/remiremontinfo\/2022\/07\/se-perdre-a-deux-spectacle-de-compagnie-apollonia-5-aout-a-bresse\/#primaryimage\"},\"thumbnailUrl\":\"https:\/\/vosgesinfo.fr\/app\/uploads\/sites\/5\/2024\/08\/1.png\",\"datePublished\":\"2022-07-28T04:31:59+00:00\",\"dateModified\":\"2022-07-28T04:31:59+00:00\",\"breadcrumb\":{\"@id\":\"https:\/\/vosgesinfo.fr\/remiremontinfo\/2022\/07\/se-perdre-a-deux-spectacle-de-compagnie-apollonia-5-aout-a-bresse\/#breadcrumb\"},\"inLanguage\":\"fr-FR\",\"potentialAction\":[{\"@type\":\"ReadAction\",\"target\":[\"https:\/\/vosgesinfo.fr\/remiremontinfo\/2022\/07\/se-perdre-a-deux-spectacle-de-compagnie-apollonia-5-aout-a-bresse\/\"]}]},{\"@type\":\"ImageObject\",\"inLanguage\":\"fr-FR\",\"@id\":\"https:\/\/vosgesinfo.fr\/remiremontinfo\/2022\/07\/se-perdre-a-deux-spectacle-de-compagnie-apollonia-5-aout-a-bresse\/#primaryimage\",\"url\":\"https:\/\/vosgesinfo.fr\/app\/uploads\/sites\/5\/2024\/08\/1.png\",\"contentUrl\":\"https:\/\/vosgesinfo.fr\/app\/uploads\/sites\/5\/2024\/08\/1.png\",\"width\":1414,\"height\":2000},{\"@type\":\"BreadcrumbList\",\"@id\":\"https:\/\/vosgesinfo.fr\/remiremontinfo\/2022\/07\/se-perdre-a-deux-spectacle-de-compagnie-apollonia-5-aout-a-bresse\/#breadcrumb\",\"itemListElement\":[{\"@type\":\"ListItem\",\"position\":1,\"name\":\"Home\",\"item\":\"https:\/\/vosgesinfo.fr\/remiremontinfo\/\"},{\"@type\":\"ListItem\",\"position\":2,\"name\":\"\u00ab Se perdre \u00e0 deux \u00bb : un spectacle de la compagnie Apollonia le 5 ao\u00fbt \u00e0 La Bresse\"}]},{\"@type\":\"WebSite\",\"@id\":\"https:\/\/vosgesinfo.fr\/remiremontinfo\/#website\",\"url\":\"https:\/\/vosgesinfo.fr\/remiremontinfo\/\",\"name\":\"Remiremont Info\",\"description\":\"Toute l&#039;actualit\u00e9 de Remiremont\",\"publisher\":{\"@id\":\"https:\/\/vosgesinfo.fr\/remiremontinfo\/#organization\"},\"alternateName\":\"Toute l'actualit\u00e9 de Remiremont\",\"potentialAction\":[{\"@type\":\"SearchAction\",\"target\":{\"@type\":\"EntryPoint\",\"urlTemplate\":\"https:\/\/vosgesinfo.fr\/remiremontinfo\/?s={search_term_string}\"},\"query-input\":\"required name=search_term_string\"}],\"inLanguage\":\"fr-FR\"},{\"@type\":\"Organization\",\"@id\":\"https:\/\/vosgesinfo.fr\/remiremontinfo\/#organization\",\"name\":\"Remiremont Info\",\"url\":\"https:\/\/vosgesinfo.fr\/remiremontinfo\/\",\"logo\":{\"@type\":\"ImageObject\",\"inLanguage\":\"fr-FR\",\"@id\":\"https:\/\/vosgesinfo.fr\/remiremontinfo\/#\/schema\/logo\/image\/\",\"url\":\"https:\/\/vosgesinfo.fr\/app\/uploads\/sites\/5\/2023\/08\/favicon-remiremontinfo.png\",\"contentUrl\":\"https:\/\/vosgesinfo.fr\/app\/uploads\/sites\/5\/2023\/08\/favicon-remiremontinfo.png\",\"width\":512,\"height\":512,\"caption\":\"Remiremont Info\"},\"image\":{\"@id\":\"https:\/\/vosgesinfo.fr\/remiremontinfo\/#\/schema\/logo\/image\/\"},\"sameAs\":[\"https:\/\/www.facebook.com\/remiremontinfo\",\"https:\/\/x.com\/VosgesInfo88\",\"https:\/\/www.youtube.com\/@vosgesinfo\"]},{\"@type\":\"Person\",\"@id\":\"https:\/\/vosgesinfo.fr\/remiremontinfo\/#\/schema\/person\/3bfd164d5218a185b1db68655a265316\",\"name\":\"C D\",\"image\":{\"@type\":\"ImageObject\",\"inLanguage\":\"fr-FR\",\"@id\":\"https:\/\/vosgesinfo.fr\/remiremontinfo\/#\/schema\/person\/image\/\",\"url\":\"https:\/\/secure.gravatar.com\/avatar\/1f9a70007336511a47468b8f1c66f922b8b7cf617b02a31149ada43893a5d48f?s=96&d=mm&r=g\",\"contentUrl\":\"https:\/\/secure.gravatar.com\/avatar\/1f9a70007336511a47468b8f1c66f922b8b7cf617b02a31149ada43893a5d48f?s=96&d=mm&r=g\",\"caption\":\"C D\"},\"url\":\"https:\/\/vosgesinfo.fr\/remiremontinfo\/author\/cedric-drevet\/\"}]}<\/script>\n<!-- \/ Yoast SEO plugin. -->","yoast_head_json":{"title":"\u00ab Se perdre \u00e0 deux \u00bb : un spectacle de la compagnie Apollonia le 5 ao\u00fbt \u00e0 La Bresse - Remiremont Info","robots":{"index":"index","follow":"follow","max-snippet":"max-snippet:-1","max-image-preview":"max-image-preview:large","max-video-preview":"max-video-preview:-1"},"canonical":"https:\/\/vosgesinfo.fr\/remiremontinfo\/2022\/07\/se-perdre-a-deux-spectacle-de-compagnie-apollonia-5-aout-a-bresse\/","twitter_card":"summary_large_image","twitter_title":"\u00ab Se perdre \u00e0 deux \u00bb : un spectacle de la compagnie Apollonia le 5 ao\u00fbt \u00e0 La Bresse - Remiremont Info","twitter_description":"En 2021, la compagnie Apollonia a \u00e9t\u00e9 accueillie \u00e0 La Bresse pour la cr\u00e9ation de la pi\u00e8ce \u00ab Partir \u00e0 [&hellip;]","twitter_image":"https:\/\/vosgesinfo.fr\/app\/uploads\/sites\/5\/2024\/08\/1.png","twitter_creator":"@VosgesInfo88","twitter_site":"@VosgesInfo88","twitter_misc":{"\u00c9crit par":"C D","Dur\u00e9e de lecture estim\u00e9e":"1 minute"},"schema":{"@context":"https:\/\/schema.org","@graph":[{"@type":"Article","@id":"https:\/\/vosgesinfo.fr\/remiremontinfo\/2022\/07\/se-perdre-a-deux-spectacle-de-compagnie-apollonia-5-aout-a-bresse\/#article","isPartOf":{"@id":"https:\/\/vosgesinfo.fr\/remiremontinfo\/2022\/07\/se-perdre-a-deux-spectacle-de-compagnie-apollonia-5-aout-a-bresse\/"},"author":{"name":"C D","@id":"https:\/\/vosgesinfo.fr\/remiremontinfo\/#\/schema\/person\/3bfd164d5218a185b1db68655a265316"},"headline":"\u00ab Se perdre \u00e0 deux \u00bb : un spectacle de la compagnie Apollonia le 5 ao\u00fbt \u00e0 La Bresse","datePublished":"2022-07-28T04:31:59+00:00","dateModified":"2022-07-28T04:31:59+00:00","mainEntityOfPage":{"@id":"https:\/\/vosgesinfo.fr\/remiremontinfo\/2022\/07\/se-perdre-a-deux-spectacle-de-compagnie-apollonia-5-aout-a-bresse\/"},"wordCount":214,"commentCount":0,"publisher":{"@id":"https:\/\/vosgesinfo.fr\/remiremontinfo\/#organization"},"image":{"@id":"https:\/\/vosgesinfo.fr\/remiremontinfo\/2022\/07\/se-perdre-a-deux-spectacle-de-compagnie-apollonia-5-aout-a-bresse\/#primaryimage"},"thumbnailUrl":"https:\/\/vosgesinfo.fr\/app\/uploads\/sites\/5\/2024\/08\/1.png","keywords":["compagnie apollonia","la bresse","se perdre \u00e0 deux","spectacle","th\u00e9\u00e2tre"],"articleSection":["A la Une","Culture","La Bresse","La Bresse &amp; son canton"],"inLanguage":"fr-FR","potentialAction":[{"@type":"CommentAction","name":"Comment","target":["https:\/\/vosgesinfo.fr\/remiremontinfo\/2022\/07\/se-perdre-a-deux-spectacle-de-compagnie-apollonia-5-aout-a-bresse\/#respond"]}]},{"@type":"WebPage","@id":"https:\/\/vosgesinfo.fr\/remiremontinfo\/2022\/07\/se-perdre-a-deux-spectacle-de-compagnie-apollonia-5-aout-a-bresse\/","url":"https:\/\/vosgesinfo.fr\/remiremontinfo\/2022\/07\/se-perdre-a-deux-spectacle-de-compagnie-apollonia-5-aout-a-bresse\/","name":"\u00ab Se perdre \u00e0 deux \u00bb : un spectacle de la compagnie Apollonia le 5 ao\u00fbt \u00e0 La Bresse - Remiremont Info","isPartOf":{"@id":"https:\/\/vosgesinfo.fr\/remiremontinfo\/#website"},"primaryImageOfPage":{"@id":"https:\/\/vosgesinfo.fr\/remiremontinfo\/2022\/07\/se-perdre-a-deux-spectacle-de-compagnie-apollonia-5-aout-a-bresse\/#primaryimage"},"image":{"@id":"https:\/\/vosgesinfo.fr\/remiremontinfo\/2022\/07\/se-perdre-a-deux-spectacle-de-compagnie-apollonia-5-aout-a-bresse\/#primaryimage"},"thumbnailUrl":"https:\/\/vosgesinfo.fr\/app\/uploads\/sites\/5\/2024\/08\/1.png","datePublished":"2022-07-28T04:31:59+00:00","dateModified":"2022-07-28T04:31:59+00:00","breadcrumb":{"@id":"https:\/\/vosgesinfo.fr\/remiremontinfo\/2022\/07\/se-perdre-a-deux-spectacle-de-compagnie-apollonia-5-aout-a-bresse\/#breadcrumb"},"inLanguage":"fr-FR","potentialAction":[{"@type":"ReadAction","target":["https:\/\/vosgesinfo.fr\/remiremontinfo\/2022\/07\/se-perdre-a-deux-spectacle-de-compagnie-apollonia-5-aout-a-bresse\/"]}]},{"@type":"ImageObject","inLanguage":"fr-FR","@id":"https:\/\/vosgesinfo.fr\/remiremontinfo\/2022\/07\/se-perdre-a-deux-spectacle-de-compagnie-apollonia-5-aout-a-bresse\/#primaryimage","url":"https:\/\/vosgesinfo.fr\/app\/uploads\/sites\/5\/2024\/08\/1.png","contentUrl":"https:\/\/vosgesinfo.fr\/app\/uploads\/sites\/5\/2024\/08\/1.png","width":1414,"height":2000},{"@type":"BreadcrumbList","@id":"https:\/\/vosgesinfo.fr\/remiremontinfo\/2022\/07\/se-perdre-a-deux-spectacle-de-compagnie-apollonia-5-aout-a-bresse\/#breadcrumb","itemListElement":[{"@type":"ListItem","position":1,"name":"Home","item":"https:\/\/vosgesinfo.fr\/remiremontinfo\/"},{"@type":"ListItem","position":2,"name":"\u00ab Se perdre \u00e0 deux \u00bb : un spectacle de la compagnie Apollonia le 5 ao\u00fbt \u00e0 La Bresse"}]},{"@type":"WebSite","@id":"https:\/\/vosgesinfo.fr\/remiremontinfo\/#website","url":"https:\/\/vosgesinfo.fr\/remiremontinfo\/","name":"Remiremont Info","description":"Toute l&#039;actualit\u00e9 de Remiremont","publisher":{"@id":"https:\/\/vosgesinfo.fr\/remiremontinfo\/#organization"},"alternateName":"Toute l'actualit\u00e9 de Remiremont","potentialAction":[{"@type":"SearchAction","target":{"@type":"EntryPoint","urlTemplate":"https:\/\/vosgesinfo.fr\/remiremontinfo\/?s={search_term_string}"},"query-input":"required name=search_term_string"}],"inLanguage":"fr-FR"},{"@type":"Organization","@id":"https:\/\/vosgesinfo.fr\/remiremontinfo\/#organization","name":"Remiremont Info","url":"https:\/\/vosgesinfo.fr\/remiremontinfo\/","logo":{"@type":"ImageObject","inLanguage":"fr-FR","@id":"https:\/\/vosgesinfo.fr\/remiremontinfo\/#\/schema\/logo\/image\/","url":"https:\/\/vosgesinfo.fr\/app\/uploads\/sites\/5\/2023\/08\/favicon-remiremontinfo.png","contentUrl":"https:\/\/vosgesinfo.fr\/app\/uploads\/sites\/5\/2023\/08\/favicon-remiremontinfo.png","width":512,"height":512,"caption":"Remiremont Info"},"image":{"@id":"https:\/\/vosgesinfo.fr\/remiremontinfo\/#\/schema\/logo\/image\/"},"sameAs":["https:\/\/www.facebook.com\/remiremontinfo","https:\/\/x.com\/VosgesInfo88","https:\/\/www.youtube.com\/@vosgesinfo"]},{"@type":"Person","@id":"https:\/\/vosgesinfo.fr\/remiremontinfo\/#\/schema\/person\/3bfd164d5218a185b1db68655a265316","name":"C D","image":{"@type":"ImageObject","inLanguage":"fr-FR","@id":"https:\/\/vosgesinfo.fr\/remiremontinfo\/#\/schema\/person\/image\/","url":"https:\/\/secure.gravatar.com\/avatar\/1f9a70007336511a47468b8f1c66f922b8b7cf617b02a31149ada43893a5d48f?s=96&d=mm&r=g","contentUrl":"https:\/\/secure.gravatar.com\/avatar\/1f9a70007336511a47468b8f1c66f922b8b7cf617b02a31149ada43893a5d48f?s=96&d=mm&r=g","caption":"C D"},"url":"https:\/\/vosgesinfo.fr\/remiremontinfo\/author\/cedric-drevet\/"}]}},"_links":{"self":[{"href":"https:\/\/vosgesinfo.fr\/remiremontinfo\/wp-json\/wp\/v2\/posts\/59344","targetHints":{"allow":["GET"]}}],"collection":[{"href":"https:\/\/vosgesinfo.fr\/remiremontinfo\/wp-json\/wp\/v2\/posts"}],"about":[{"href":"https:\/\/vosgesinfo.fr\/remiremontinfo\/wp-json\/wp\/v2\/types\/post"}],"author":[{"embeddable":true,"href":"https:\/\/vosgesinfo.fr\/remiremontinfo\/wp-json\/wp\/v2\/users\/407"}],"replies":[{"embeddable":true,"href":"https:\/\/vosgesinfo.fr\/remiremontinfo\/wp-json\/wp\/v2\/comments?post=59344"}],"version-history":[{"count":0,"href":"https:\/\/vosgesinfo.fr\/remiremontinfo\/wp-json\/wp\/v2\/posts\/59344\/revisions"}],"wp:featuredmedia":[{"embeddable":true,"href":"https:\/\/vosgesinfo.fr\/remiremontinfo\/wp-json\/wp\/v2\/media\/8629"}],"wp:attachment":[{"href":"https:\/\/vosgesinfo.fr\/remiremontinfo\/wp-json\/wp\/v2\/media?parent=59344"}],"wp:term":[{"taxonomy":"category","embeddable":true,"href":"https:\/\/vosgesinfo.fr\/remiremontinfo\/wp-json\/wp\/v2\/categories?post=59344"},{"taxonomy":"post_tag","embeddable":true,"href":"https:\/\/vosgesinfo.fr\/remiremontinfo\/wp-json\/wp\/v2\/tags?post=59344"}],"curies":[{"name":"wp","href":"https:\/\/api.w.org\/{rel}","templated":true}]}}