{"id":59649,"date":"2022-08-02T08:51:24","date_gmt":"2022-08-02T06:51:24","guid":{"rendered":"https:\/\/vosgesinfo.fr\/remiremontinfo\/2022\/08\/land-art-a-lhonneur-cette-semaine-val-dajol\/"},"modified":"2022-08-02T08:51:24","modified_gmt":"2022-08-02T06:51:24","slug":"land-art-a-lhonneur-cette-semaine-val-dajol","status":"publish","type":"post","link":"https:\/\/vosgesinfo.fr\/remiremontinfo\/2022\/08\/land-art-a-lhonneur-cette-semaine-val-dajol\/","title":{"rendered":"Le \u00ab\u00a0land art\u00a0\u00bb est \u00e0 l&rsquo;honneur cette semaine au Val d&rsquo;Ajol"},"content":{"rendered":"\n<p><span style=\"font-size: 10pt;\"><em>Source\u00a0: Mairie du Val d\u2019Ajol<\/em><\/span><\/p>\n<h2><span style=\"font-size: 12pt;\"><strong>L&rsquo;accueil de loisirs La Ruche du Val d&rsquo;Ajol participe \u00e0 la semaine du Land&rsquo;Art. Les petits artistes \u00e9taient plus qu&rsquo;inspir\u00e9s ! Il est possible pour qui veut de participer \u00e0 l\u2019\u00e9v\u00e9nement en cr\u00e9ant des \u0153uvres d&rsquo;art \u00e0 base de feuilles mortes, de cailloux, de branchages et autres mat\u00e9riaux naturels. Tout cela, dans le respect de l\u2019environnement.<\/strong><\/span><\/h2>\n<p>Et les participants peuvent envoyer les photos de leurs \u0153uvres \u00e0 <a href=\"mailto:mairie@valdajol.fr\">mairie@valdajol.fr<\/a>. Tous se verront remettre un petit cadeau.<\/p>\n<p>D\u00e9couvrez ci-dessous les animations de cette premi\u00e8re semaine d&rsquo;Ao\u00fbt au Val d\u2019Ajol<\/p>\n<p>&#8211; Du 1er au 8 Ao\u00fbt : La semaine du Land&rsquo;art est de retour<\/p>\n<p>Laissez parler votre cr\u00e9ativit\u00e9 en utilisant la nature comme mat\u00e9riaux, comme support et comme lieu d&rsquo;exposition. Envoyez-nous une photo de votre cr\u00e9ation \u00e0 mairie@valdajol.fr.<\/p>\n<p>&#8211; Le 3 Ao\u00fbt de 14h \u00e0 17h : Animation \u00ab\u00a0nos amis les insectes\u00a0\u00bb et atelier pratique fabrication de nichoirs \u00e0 insectes. Pour r\u00e9server contacter S\u00e9bastien LEVRET au 06 30 40 79 79.<\/p>\n<p>&#8211; Le 3 Ao\u00fbt Circuit comment\u00e9 \u00ab\u00a0Voie Romaine, chemin des Moines\u00a0\u00bb : rando locale niveau familiale (8km env.). Pour r\u00e9server contacter Denis PLESSIS au 06 82 77 95 12<\/p>\n<p>&#8211; Le 5 Ao\u00fbt Contes et histoires en musique : inscription au 03 29 62 23 70<\/p>\n<p>&#8211; Le 7 Ao\u00fbt \u00e0 partir de 12h : Pique-nique organis\u00e9 par l\u2019Association \u00ab\u00a0\u00d4 d\u2019Hariol\u00a0\u00bb<\/p>\n<p>Pour plus d&rsquo;informations, rendez-vous sur le nouveau site de la mairie, dans la rubrique \u00ab\u00a0Ev\u00e9nements\u00a0\u00bb : <a href=\"https:\/\/www.valdajol.fr\/site_2022\/\">https:\/\/www.valdajol.fr\/site_2022\/<\/a><\/p>\n","protected":false},"excerpt":{"rendered":"<p>Source\u00a0: Mairie du Val d\u2019Ajol L&rsquo;accueil de loisirs La Ruche du Val d&rsquo;Ajol participe \u00e0 la semaine du Land&rsquo;Art. Les [&hellip;]<\/p>\n","protected":false},"author":407,"featured_media":59650,"comment_status":"open","ping_status":"open","sticky":false,"template":"","format":"standard","meta":{"footnotes":""},"categories":[26,4,121,82],"tags":[4342,123,32],"class_list":["post-59649","post","type-post","status-publish","format-standard","has-post-thumbnail","hentry","category-a-la-une","category-culture","category-le-val-dajol-le-val-dajol-son-canton","category-le-val-dajol-son-canton","tag-landart","tag-val-dajol","tag-vosges"],"acf":[],"yoast_head":"<!-- This site is optimized with the Yoast SEO plugin v22.5 - https:\/\/yoast.com\/wordpress\/plugins\/seo\/ -->\n<title>Le &quot;land art&quot; est \u00e0 l&#039;honneur cette semaine au Val d&#039;Ajol - Remiremont Info<\/title>\n<meta name=\"robots\" content=\"index, follow, max-snippet:-1, max-image-preview:large, max-video-preview:-1\" \/>\n<link rel=\"canonical\" href=\"https:\/\/vosgesinfo.fr\/remiremontinfo\/2022\/08\/land-art-a-lhonneur-cette-semaine-val-dajol\/\" \/>\n<meta name=\"twitter:card\" content=\"summary_large_image\" \/>\n<meta name=\"twitter:title\" content=\"Le &quot;land art&quot; est \u00e0 l&#039;honneur cette semaine au Val d&#039;Ajol - Remiremont Info\" \/>\n<meta name=\"twitter:description\" content=\"Source\u00a0: Mairie du Val d\u2019Ajol L&rsquo;accueil de loisirs La Ruche du Val d&rsquo;Ajol participe \u00e0 la semaine du Land&rsquo;Art. Les [&hellip;]\" \/>\n<meta name=\"twitter:image\" content=\"https:\/\/vosgesinfo.fr\/app\/uploads\/sites\/5\/2024\/09\/202208295867222-5273777069408464-7197961576084571999-n.jpg\" \/>\n<meta name=\"twitter:creator\" content=\"@VosgesInfo88\" \/>\n<meta name=\"twitter:site\" content=\"@VosgesInfo88\" \/>\n<meta name=\"twitter:label1\" content=\"\u00c9crit par\" \/>\n\t<meta name=\"twitter:data1\" content=\"C D\" \/>\n\t<meta name=\"twitter:label2\" content=\"Dur\u00e9e de lecture estim\u00e9e\" \/>\n\t<meta name=\"twitter:data2\" content=\"1 minute\" \/>\n<script type=\"application\/ld+json\" class=\"yoast-schema-graph\">{\"@context\":\"https:\/\/schema.org\",\"@graph\":[{\"@type\":\"Article\",\"@id\":\"https:\/\/vosgesinfo.fr\/remiremontinfo\/2022\/08\/land-art-a-lhonneur-cette-semaine-val-dajol\/#article\",\"isPartOf\":{\"@id\":\"https:\/\/vosgesinfo.fr\/remiremontinfo\/2022\/08\/land-art-a-lhonneur-cette-semaine-val-dajol\/\"},\"author\":{\"name\":\"C D\",\"@id\":\"https:\/\/vosgesinfo.fr\/remiremontinfo\/#\/schema\/person\/3bfd164d5218a185b1db68655a265316\"},\"headline\":\"Le \u00ab\u00a0land art\u00a0\u00bb est \u00e0 l&rsquo;honneur cette semaine au Val d&rsquo;Ajol\",\"datePublished\":\"2022-08-02T06:51:24+00:00\",\"dateModified\":\"2022-08-02T06:51:24+00:00\",\"mainEntityOfPage\":{\"@id\":\"https:\/\/vosgesinfo.fr\/remiremontinfo\/2022\/08\/land-art-a-lhonneur-cette-semaine-val-dajol\/\"},\"wordCount\":267,\"commentCount\":0,\"publisher\":{\"@id\":\"https:\/\/vosgesinfo.fr\/remiremontinfo\/#organization\"},\"image\":{\"@id\":\"https:\/\/vosgesinfo.fr\/remiremontinfo\/2022\/08\/land-art-a-lhonneur-cette-semaine-val-dajol\/#primaryimage\"},\"thumbnailUrl\":\"https:\/\/vosgesinfo.fr\/app\/uploads\/sites\/5\/2024\/09\/202208295867222-5273777069408464-7197961576084571999-n.jpg\",\"keywords\":[\"land'art\",\"val d'ajol\",\"Vosges\"],\"articleSection\":[\"A la Une\",\"Culture\",\"Le Val d'Ajol\",\"Le Val-d'Ajol &amp; son canton\"],\"inLanguage\":\"fr-FR\",\"potentialAction\":[{\"@type\":\"CommentAction\",\"name\":\"Comment\",\"target\":[\"https:\/\/vosgesinfo.fr\/remiremontinfo\/2022\/08\/land-art-a-lhonneur-cette-semaine-val-dajol\/#respond\"]}]},{\"@type\":\"WebPage\",\"@id\":\"https:\/\/vosgesinfo.fr\/remiremontinfo\/2022\/08\/land-art-a-lhonneur-cette-semaine-val-dajol\/\",\"url\":\"https:\/\/vosgesinfo.fr\/remiremontinfo\/2022\/08\/land-art-a-lhonneur-cette-semaine-val-dajol\/\",\"name\":\"Le \\\"land art\\\" est \u00e0 l'honneur cette semaine au Val d'Ajol - Remiremont Info\",\"isPartOf\":{\"@id\":\"https:\/\/vosgesinfo.fr\/remiremontinfo\/#website\"},\"primaryImageOfPage\":{\"@id\":\"https:\/\/vosgesinfo.fr\/remiremontinfo\/2022\/08\/land-art-a-lhonneur-cette-semaine-val-dajol\/#primaryimage\"},\"image\":{\"@id\":\"https:\/\/vosgesinfo.fr\/remiremontinfo\/2022\/08\/land-art-a-lhonneur-cette-semaine-val-dajol\/#primaryimage\"},\"thumbnailUrl\":\"https:\/\/vosgesinfo.fr\/app\/uploads\/sites\/5\/2024\/09\/202208295867222-5273777069408464-7197961576084571999-n.jpg\",\"datePublished\":\"2022-08-02T06:51:24+00:00\",\"dateModified\":\"2022-08-02T06:51:24+00:00\",\"breadcrumb\":{\"@id\":\"https:\/\/vosgesinfo.fr\/remiremontinfo\/2022\/08\/land-art-a-lhonneur-cette-semaine-val-dajol\/#breadcrumb\"},\"inLanguage\":\"fr-FR\",\"potentialAction\":[{\"@type\":\"ReadAction\",\"target\":[\"https:\/\/vosgesinfo.fr\/remiremontinfo\/2022\/08\/land-art-a-lhonneur-cette-semaine-val-dajol\/\"]}]},{\"@type\":\"ImageObject\",\"inLanguage\":\"fr-FR\",\"@id\":\"https:\/\/vosgesinfo.fr\/remiremontinfo\/2022\/08\/land-art-a-lhonneur-cette-semaine-val-dajol\/#primaryimage\",\"url\":\"https:\/\/vosgesinfo.fr\/app\/uploads\/sites\/5\/2024\/09\/202208295867222-5273777069408464-7197961576084571999-n.jpg\",\"contentUrl\":\"https:\/\/vosgesinfo.fr\/app\/uploads\/sites\/5\/2024\/09\/202208295867222-5273777069408464-7197961576084571999-n.jpg\",\"width\":2000,\"height\":1501},{\"@type\":\"BreadcrumbList\",\"@id\":\"https:\/\/vosgesinfo.fr\/remiremontinfo\/2022\/08\/land-art-a-lhonneur-cette-semaine-val-dajol\/#breadcrumb\",\"itemListElement\":[{\"@type\":\"ListItem\",\"position\":1,\"name\":\"Home\",\"item\":\"https:\/\/vosgesinfo.fr\/remiremontinfo\/\"},{\"@type\":\"ListItem\",\"position\":2,\"name\":\"Le \u00ab\u00a0land art\u00a0\u00bb est \u00e0 l&rsquo;honneur cette semaine au Val d&rsquo;Ajol\"}]},{\"@type\":\"WebSite\",\"@id\":\"https:\/\/vosgesinfo.fr\/remiremontinfo\/#website\",\"url\":\"https:\/\/vosgesinfo.fr\/remiremontinfo\/\",\"name\":\"Remiremont Info\",\"description\":\"Toute l&#039;actualit\u00e9 de Remiremont\",\"publisher\":{\"@id\":\"https:\/\/vosgesinfo.fr\/remiremontinfo\/#organization\"},\"alternateName\":\"Toute l'actualit\u00e9 de Remiremont\",\"potentialAction\":[{\"@type\":\"SearchAction\",\"target\":{\"@type\":\"EntryPoint\",\"urlTemplate\":\"https:\/\/vosgesinfo.fr\/remiremontinfo\/?s={search_term_string}\"},\"query-input\":\"required name=search_term_string\"}],\"inLanguage\":\"fr-FR\"},{\"@type\":\"Organization\",\"@id\":\"https:\/\/vosgesinfo.fr\/remiremontinfo\/#organization\",\"name\":\"Remiremont Info\",\"url\":\"https:\/\/vosgesinfo.fr\/remiremontinfo\/\",\"logo\":{\"@type\":\"ImageObject\",\"inLanguage\":\"fr-FR\",\"@id\":\"https:\/\/vosgesinfo.fr\/remiremontinfo\/#\/schema\/logo\/image\/\",\"url\":\"https:\/\/vosgesinfo.fr\/app\/uploads\/sites\/5\/2023\/08\/favicon-remiremontinfo.png\",\"contentUrl\":\"https:\/\/vosgesinfo.fr\/app\/uploads\/sites\/5\/2023\/08\/favicon-remiremontinfo.png\",\"width\":512,\"height\":512,\"caption\":\"Remiremont Info\"},\"image\":{\"@id\":\"https:\/\/vosgesinfo.fr\/remiremontinfo\/#\/schema\/logo\/image\/\"},\"sameAs\":[\"https:\/\/www.facebook.com\/remiremontinfo\",\"https:\/\/x.com\/VosgesInfo88\",\"https:\/\/www.youtube.com\/@vosgesinfo\"]},{\"@type\":\"Person\",\"@id\":\"https:\/\/vosgesinfo.fr\/remiremontinfo\/#\/schema\/person\/3bfd164d5218a185b1db68655a265316\",\"name\":\"C D\",\"image\":{\"@type\":\"ImageObject\",\"inLanguage\":\"fr-FR\",\"@id\":\"https:\/\/vosgesinfo.fr\/remiremontinfo\/#\/schema\/person\/image\/\",\"url\":\"https:\/\/secure.gravatar.com\/avatar\/1f9a70007336511a47468b8f1c66f922b8b7cf617b02a31149ada43893a5d48f?s=96&d=mm&r=g\",\"contentUrl\":\"https:\/\/secure.gravatar.com\/avatar\/1f9a70007336511a47468b8f1c66f922b8b7cf617b02a31149ada43893a5d48f?s=96&d=mm&r=g\",\"caption\":\"C D\"},\"url\":\"https:\/\/vosgesinfo.fr\/remiremontinfo\/author\/cedric-drevet\/\"}]}<\/script>\n<!-- \/ Yoast SEO plugin. -->","yoast_head_json":{"title":"Le \"land art\" est \u00e0 l'honneur cette semaine au Val d'Ajol - Remiremont Info","robots":{"index":"index","follow":"follow","max-snippet":"max-snippet:-1","max-image-preview":"max-image-preview:large","max-video-preview":"max-video-preview:-1"},"canonical":"https:\/\/vosgesinfo.fr\/remiremontinfo\/2022\/08\/land-art-a-lhonneur-cette-semaine-val-dajol\/","twitter_card":"summary_large_image","twitter_title":"Le \"land art\" est \u00e0 l'honneur cette semaine au Val d'Ajol - Remiremont Info","twitter_description":"Source\u00a0: Mairie du Val d\u2019Ajol L&rsquo;accueil de loisirs La Ruche du Val d&rsquo;Ajol participe \u00e0 la semaine du Land&rsquo;Art. Les [&hellip;]","twitter_image":"https:\/\/vosgesinfo.fr\/app\/uploads\/sites\/5\/2024\/09\/202208295867222-5273777069408464-7197961576084571999-n.jpg","twitter_creator":"@VosgesInfo88","twitter_site":"@VosgesInfo88","twitter_misc":{"\u00c9crit par":"C D","Dur\u00e9e de lecture estim\u00e9e":"1 minute"},"schema":{"@context":"https:\/\/schema.org","@graph":[{"@type":"Article","@id":"https:\/\/vosgesinfo.fr\/remiremontinfo\/2022\/08\/land-art-a-lhonneur-cette-semaine-val-dajol\/#article","isPartOf":{"@id":"https:\/\/vosgesinfo.fr\/remiremontinfo\/2022\/08\/land-art-a-lhonneur-cette-semaine-val-dajol\/"},"author":{"name":"C D","@id":"https:\/\/vosgesinfo.fr\/remiremontinfo\/#\/schema\/person\/3bfd164d5218a185b1db68655a265316"},"headline":"Le \u00ab\u00a0land art\u00a0\u00bb est \u00e0 l&rsquo;honneur cette semaine au Val d&rsquo;Ajol","datePublished":"2022-08-02T06:51:24+00:00","dateModified":"2022-08-02T06:51:24+00:00","mainEntityOfPage":{"@id":"https:\/\/vosgesinfo.fr\/remiremontinfo\/2022\/08\/land-art-a-lhonneur-cette-semaine-val-dajol\/"},"wordCount":267,"commentCount":0,"publisher":{"@id":"https:\/\/vosgesinfo.fr\/remiremontinfo\/#organization"},"image":{"@id":"https:\/\/vosgesinfo.fr\/remiremontinfo\/2022\/08\/land-art-a-lhonneur-cette-semaine-val-dajol\/#primaryimage"},"thumbnailUrl":"https:\/\/vosgesinfo.fr\/app\/uploads\/sites\/5\/2024\/09\/202208295867222-5273777069408464-7197961576084571999-n.jpg","keywords":["land'art","val d'ajol","Vosges"],"articleSection":["A la Une","Culture","Le Val d'Ajol","Le Val-d'Ajol &amp; son canton"],"inLanguage":"fr-FR","potentialAction":[{"@type":"CommentAction","name":"Comment","target":["https:\/\/vosgesinfo.fr\/remiremontinfo\/2022\/08\/land-art-a-lhonneur-cette-semaine-val-dajol\/#respond"]}]},{"@type":"WebPage","@id":"https:\/\/vosgesinfo.fr\/remiremontinfo\/2022\/08\/land-art-a-lhonneur-cette-semaine-val-dajol\/","url":"https:\/\/vosgesinfo.fr\/remiremontinfo\/2022\/08\/land-art-a-lhonneur-cette-semaine-val-dajol\/","name":"Le \"land art\" est \u00e0 l'honneur cette semaine au Val d'Ajol - Remiremont Info","isPartOf":{"@id":"https:\/\/vosgesinfo.fr\/remiremontinfo\/#website"},"primaryImageOfPage":{"@id":"https:\/\/vosgesinfo.fr\/remiremontinfo\/2022\/08\/land-art-a-lhonneur-cette-semaine-val-dajol\/#primaryimage"},"image":{"@id":"https:\/\/vosgesinfo.fr\/remiremontinfo\/2022\/08\/land-art-a-lhonneur-cette-semaine-val-dajol\/#primaryimage"},"thumbnailUrl":"https:\/\/vosgesinfo.fr\/app\/uploads\/sites\/5\/2024\/09\/202208295867222-5273777069408464-7197961576084571999-n.jpg","datePublished":"2022-08-02T06:51:24+00:00","dateModified":"2022-08-02T06:51:24+00:00","breadcrumb":{"@id":"https:\/\/vosgesinfo.fr\/remiremontinfo\/2022\/08\/land-art-a-lhonneur-cette-semaine-val-dajol\/#breadcrumb"},"inLanguage":"fr-FR","potentialAction":[{"@type":"ReadAction","target":["https:\/\/vosgesinfo.fr\/remiremontinfo\/2022\/08\/land-art-a-lhonneur-cette-semaine-val-dajol\/"]}]},{"@type":"ImageObject","inLanguage":"fr-FR","@id":"https:\/\/vosgesinfo.fr\/remiremontinfo\/2022\/08\/land-art-a-lhonneur-cette-semaine-val-dajol\/#primaryimage","url":"https:\/\/vosgesinfo.fr\/app\/uploads\/sites\/5\/2024\/09\/202208295867222-5273777069408464-7197961576084571999-n.jpg","contentUrl":"https:\/\/vosgesinfo.fr\/app\/uploads\/sites\/5\/2024\/09\/202208295867222-5273777069408464-7197961576084571999-n.jpg","width":2000,"height":1501},{"@type":"BreadcrumbList","@id":"https:\/\/vosgesinfo.fr\/remiremontinfo\/2022\/08\/land-art-a-lhonneur-cette-semaine-val-dajol\/#breadcrumb","itemListElement":[{"@type":"ListItem","position":1,"name":"Home","item":"https:\/\/vosgesinfo.fr\/remiremontinfo\/"},{"@type":"ListItem","position":2,"name":"Le \u00ab\u00a0land art\u00a0\u00bb est \u00e0 l&rsquo;honneur cette semaine au Val d&rsquo;Ajol"}]},{"@type":"WebSite","@id":"https:\/\/vosgesinfo.fr\/remiremontinfo\/#website","url":"https:\/\/vosgesinfo.fr\/remiremontinfo\/","name":"Remiremont Info","description":"Toute l&#039;actualit\u00e9 de Remiremont","publisher":{"@id":"https:\/\/vosgesinfo.fr\/remiremontinfo\/#organization"},"alternateName":"Toute l'actualit\u00e9 de Remiremont","potentialAction":[{"@type":"SearchAction","target":{"@type":"EntryPoint","urlTemplate":"https:\/\/vosgesinfo.fr\/remiremontinfo\/?s={search_term_string}"},"query-input":"required name=search_term_string"}],"inLanguage":"fr-FR"},{"@type":"Organization","@id":"https:\/\/vosgesinfo.fr\/remiremontinfo\/#organization","name":"Remiremont Info","url":"https:\/\/vosgesinfo.fr\/remiremontinfo\/","logo":{"@type":"ImageObject","inLanguage":"fr-FR","@id":"https:\/\/vosgesinfo.fr\/remiremontinfo\/#\/schema\/logo\/image\/","url":"https:\/\/vosgesinfo.fr\/app\/uploads\/sites\/5\/2023\/08\/favicon-remiremontinfo.png","contentUrl":"https:\/\/vosgesinfo.fr\/app\/uploads\/sites\/5\/2023\/08\/favicon-remiremontinfo.png","width":512,"height":512,"caption":"Remiremont Info"},"image":{"@id":"https:\/\/vosgesinfo.fr\/remiremontinfo\/#\/schema\/logo\/image\/"},"sameAs":["https:\/\/www.facebook.com\/remiremontinfo","https:\/\/x.com\/VosgesInfo88","https:\/\/www.youtube.com\/@vosgesinfo"]},{"@type":"Person","@id":"https:\/\/vosgesinfo.fr\/remiremontinfo\/#\/schema\/person\/3bfd164d5218a185b1db68655a265316","name":"C D","image":{"@type":"ImageObject","inLanguage":"fr-FR","@id":"https:\/\/vosgesinfo.fr\/remiremontinfo\/#\/schema\/person\/image\/","url":"https:\/\/secure.gravatar.com\/avatar\/1f9a70007336511a47468b8f1c66f922b8b7cf617b02a31149ada43893a5d48f?s=96&d=mm&r=g","contentUrl":"https:\/\/secure.gravatar.com\/avatar\/1f9a70007336511a47468b8f1c66f922b8b7cf617b02a31149ada43893a5d48f?s=96&d=mm&r=g","caption":"C D"},"url":"https:\/\/vosgesinfo.fr\/remiremontinfo\/author\/cedric-drevet\/"}]}},"_links":{"self":[{"href":"https:\/\/vosgesinfo.fr\/remiremontinfo\/wp-json\/wp\/v2\/posts\/59649","targetHints":{"allow":["GET"]}}],"collection":[{"href":"https:\/\/vosgesinfo.fr\/remiremontinfo\/wp-json\/wp\/v2\/posts"}],"about":[{"href":"https:\/\/vosgesinfo.fr\/remiremontinfo\/wp-json\/wp\/v2\/types\/post"}],"author":[{"embeddable":true,"href":"https:\/\/vosgesinfo.fr\/remiremontinfo\/wp-json\/wp\/v2\/users\/407"}],"replies":[{"embeddable":true,"href":"https:\/\/vosgesinfo.fr\/remiremontinfo\/wp-json\/wp\/v2\/comments?post=59649"}],"version-history":[{"count":0,"href":"https:\/\/vosgesinfo.fr\/remiremontinfo\/wp-json\/wp\/v2\/posts\/59649\/revisions"}],"wp:featuredmedia":[{"embeddable":true,"href":"https:\/\/vosgesinfo.fr\/remiremontinfo\/wp-json\/wp\/v2\/media\/59650"}],"wp:attachment":[{"href":"https:\/\/vosgesinfo.fr\/remiremontinfo\/wp-json\/wp\/v2\/media?parent=59649"}],"wp:term":[{"taxonomy":"category","embeddable":true,"href":"https:\/\/vosgesinfo.fr\/remiremontinfo\/wp-json\/wp\/v2\/categories?post=59649"},{"taxonomy":"post_tag","embeddable":true,"href":"https:\/\/vosgesinfo.fr\/remiremontinfo\/wp-json\/wp\/v2\/tags?post=59649"}],"curies":[{"name":"wp","href":"https:\/\/api.w.org\/{rel}","templated":true}]}}