{"id":59664,"date":"2022-08-03T04:30:34","date_gmt":"2022-08-03T02:30:34","guid":{"rendered":"https:\/\/vosgesinfo.fr\/remiremontinfo\/2022\/08\/sante-vegetaux-mouche-orientale-fruits-detectee-premiere-grand\/"},"modified":"2022-08-03T04:30:34","modified_gmt":"2022-08-03T02:30:34","slug":"sante-vegetaux-mouche-orientale-fruits-detectee-premiere-grand","status":"publish","type":"post","link":"https:\/\/vosgesinfo.fr\/remiremontinfo\/2022\/08\/sante-vegetaux-mouche-orientale-fruits-detectee-premiere-grand\/","title":{"rendered":"Sant\u00e9 des v\u00e9g\u00e9taux : la mouche orientale des fruits d\u00e9tect\u00e9e pour la premi\u00e8re fois, dans le Grand Est"},"content":{"rendered":"<h2><strong>Le r\u00e9seau de surveillance r\u00e9gional des organismes nuisibles aux v\u00e9g\u00e9taux a captur\u00e9 \u00e0 la mi-juillet dans l\u2019agglom\u00e9ration de Mulhouse un sp\u00e9cimen adulte de la mouche orientale des fruits (nom latin Bactrocera dorsalis), une petite mouche de 5 mm qui peut s\u2019attaquer \u00e0 plusieurs centaines d\u2019esp\u00e8ces de plantes cultiv\u00e9es et sauvages.<\/strong><\/h2>\n<p>D\u00e9tect\u00e9 pour la premi\u00e8re fois en France en 2019, cet insecte n\u2019avait \u00e9t\u00e9 captur\u00e9 jusqu\u2019ici ponctuellement qu\u2019en r\u00e9gion parisienne et dans le sud de l\u2019hexagone. Professionnels et particuliers sont appel\u00e9s \u00e0 respecter des mesures de pr\u00e9vention.<\/p>\n<p>Originaire d\u2019Asie, la mouche orientale des fruits s\u2019est propag\u00e9e depuis le d\u00e9but des ann\u00e9es 2000 vers le Moyen-Orient et dans presque toute l\u2019Afrique. Sa pr\u00e9sence a \u00e9t\u00e9 signal\u00e9e en Europe pour la premi\u00e8re fois dans le sud de l\u2019Italie en 2018.<\/p>\n","protected":false},"excerpt":{"rendered":"<p>Le r\u00e9seau de surveillance r\u00e9gional des organismes nuisibles aux v\u00e9g\u00e9taux a captur\u00e9 \u00e0 la mi-juillet dans l\u2019agglom\u00e9ration de Mulhouse un [&hellip;]<\/p>\n","protected":false},"author":407,"featured_media":59665,"comment_status":"open","ping_status":"open","sticky":false,"template":"","format":"standard","meta":{"footnotes":""},"categories":[26,12],"tags":[4035,281,4344],"class_list":["post-59664","post","type-post","status-publish","format-standard","has-post-thumbnail","hentry","category-a-la-une","category-sante","tag-fruits","tag-grand-est","tag-vegetaux"],"acf":[],"yoast_head":"<!-- This site is optimized with the Yoast SEO plugin v22.5 - https:\/\/yoast.com\/wordpress\/plugins\/seo\/ -->\n<title>Sant\u00e9 des v\u00e9g\u00e9taux : la mouche orientale des fruits d\u00e9tect\u00e9e pour la premi\u00e8re fois, dans le Grand Est - Remiremont Info<\/title>\n<meta name=\"robots\" content=\"index, follow, max-snippet:-1, max-image-preview:large, max-video-preview:-1\" \/>\n<link rel=\"canonical\" href=\"https:\/\/vosgesinfo.fr\/remiremontinfo\/2022\/08\/sante-vegetaux-mouche-orientale-fruits-detectee-premiere-grand\/\" \/>\n<meta name=\"twitter:card\" content=\"summary_large_image\" \/>\n<meta name=\"twitter:title\" content=\"Sant\u00e9 des v\u00e9g\u00e9taux : la mouche orientale des fruits d\u00e9tect\u00e9e pour la premi\u00e8re fois, dans le Grand Est - Remiremont Info\" \/>\n<meta name=\"twitter:description\" content=\"Le r\u00e9seau de surveillance r\u00e9gional des organismes nuisibles aux v\u00e9g\u00e9taux a captur\u00e9 \u00e0 la mi-juillet dans l\u2019agglom\u00e9ration de Mulhouse un [&hellip;]\" \/>\n<meta name=\"twitter:image\" content=\"https:\/\/vosgesinfo.fr\/app\/uploads\/sites\/5\/2024\/09\/202208fruits-g1f909366c-1920.jpg\" \/>\n<meta name=\"twitter:creator\" content=\"@VosgesInfo88\" \/>\n<meta name=\"twitter:site\" content=\"@VosgesInfo88\" \/>\n<meta name=\"twitter:label1\" content=\"\u00c9crit par\" \/>\n\t<meta name=\"twitter:data1\" content=\"C D\" \/>\n\t<meta name=\"twitter:label2\" content=\"Dur\u00e9e de lecture estim\u00e9e\" \/>\n\t<meta name=\"twitter:data2\" content=\"1 minute\" \/>\n<script type=\"application\/ld+json\" class=\"yoast-schema-graph\">{\"@context\":\"https:\/\/schema.org\",\"@graph\":[{\"@type\":\"Article\",\"@id\":\"https:\/\/vosgesinfo.fr\/remiremontinfo\/2022\/08\/sante-vegetaux-mouche-orientale-fruits-detectee-premiere-grand\/#article\",\"isPartOf\":{\"@id\":\"https:\/\/vosgesinfo.fr\/remiremontinfo\/2022\/08\/sante-vegetaux-mouche-orientale-fruits-detectee-premiere-grand\/\"},\"author\":{\"name\":\"C D\",\"@id\":\"https:\/\/vosgesinfo.fr\/remiremontinfo\/#\/schema\/person\/3bfd164d5218a185b1db68655a265316\"},\"headline\":\"Sant\u00e9 des v\u00e9g\u00e9taux : la mouche orientale des fruits d\u00e9tect\u00e9e pour la premi\u00e8re fois, dans le Grand Est\",\"datePublished\":\"2022-08-03T02:30:34+00:00\",\"dateModified\":\"2022-08-03T02:30:34+00:00\",\"mainEntityOfPage\":{\"@id\":\"https:\/\/vosgesinfo.fr\/remiremontinfo\/2022\/08\/sante-vegetaux-mouche-orientale-fruits-detectee-premiere-grand\/\"},\"wordCount\":172,\"commentCount\":0,\"publisher\":{\"@id\":\"https:\/\/vosgesinfo.fr\/remiremontinfo\/#organization\"},\"image\":{\"@id\":\"https:\/\/vosgesinfo.fr\/remiremontinfo\/2022\/08\/sante-vegetaux-mouche-orientale-fruits-detectee-premiere-grand\/#primaryimage\"},\"thumbnailUrl\":\"https:\/\/vosgesinfo.fr\/app\/uploads\/sites\/5\/2024\/09\/202208fruits-g1f909366c-1920.jpg\",\"keywords\":[\"fruits\",\"Grand Est\",\"vegetaux\"],\"articleSection\":[\"A la Une\",\"Sant\u00e9\"],\"inLanguage\":\"fr-FR\",\"potentialAction\":[{\"@type\":\"CommentAction\",\"name\":\"Comment\",\"target\":[\"https:\/\/vosgesinfo.fr\/remiremontinfo\/2022\/08\/sante-vegetaux-mouche-orientale-fruits-detectee-premiere-grand\/#respond\"]}]},{\"@type\":\"WebPage\",\"@id\":\"https:\/\/vosgesinfo.fr\/remiremontinfo\/2022\/08\/sante-vegetaux-mouche-orientale-fruits-detectee-premiere-grand\/\",\"url\":\"https:\/\/vosgesinfo.fr\/remiremontinfo\/2022\/08\/sante-vegetaux-mouche-orientale-fruits-detectee-premiere-grand\/\",\"name\":\"Sant\u00e9 des v\u00e9g\u00e9taux : la mouche orientale des fruits d\u00e9tect\u00e9e pour la premi\u00e8re fois, dans le Grand Est - Remiremont Info\",\"isPartOf\":{\"@id\":\"https:\/\/vosgesinfo.fr\/remiremontinfo\/#website\"},\"primaryImageOfPage\":{\"@id\":\"https:\/\/vosgesinfo.fr\/remiremontinfo\/2022\/08\/sante-vegetaux-mouche-orientale-fruits-detectee-premiere-grand\/#primaryimage\"},\"image\":{\"@id\":\"https:\/\/vosgesinfo.fr\/remiremontinfo\/2022\/08\/sante-vegetaux-mouche-orientale-fruits-detectee-premiere-grand\/#primaryimage\"},\"thumbnailUrl\":\"https:\/\/vosgesinfo.fr\/app\/uploads\/sites\/5\/2024\/09\/202208fruits-g1f909366c-1920.jpg\",\"datePublished\":\"2022-08-03T02:30:34+00:00\",\"dateModified\":\"2022-08-03T02:30:34+00:00\",\"breadcrumb\":{\"@id\":\"https:\/\/vosgesinfo.fr\/remiremontinfo\/2022\/08\/sante-vegetaux-mouche-orientale-fruits-detectee-premiere-grand\/#breadcrumb\"},\"inLanguage\":\"fr-FR\",\"potentialAction\":[{\"@type\":\"ReadAction\",\"target\":[\"https:\/\/vosgesinfo.fr\/remiremontinfo\/2022\/08\/sante-vegetaux-mouche-orientale-fruits-detectee-premiere-grand\/\"]}]},{\"@type\":\"ImageObject\",\"inLanguage\":\"fr-FR\",\"@id\":\"https:\/\/vosgesinfo.fr\/remiremontinfo\/2022\/08\/sante-vegetaux-mouche-orientale-fruits-detectee-premiere-grand\/#primaryimage\",\"url\":\"https:\/\/vosgesinfo.fr\/app\/uploads\/sites\/5\/2024\/09\/202208fruits-g1f909366c-1920.jpg\",\"contentUrl\":\"https:\/\/vosgesinfo.fr\/app\/uploads\/sites\/5\/2024\/09\/202208fruits-g1f909366c-1920.jpg\",\"width\":800,\"height\":533},{\"@type\":\"BreadcrumbList\",\"@id\":\"https:\/\/vosgesinfo.fr\/remiremontinfo\/2022\/08\/sante-vegetaux-mouche-orientale-fruits-detectee-premiere-grand\/#breadcrumb\",\"itemListElement\":[{\"@type\":\"ListItem\",\"position\":1,\"name\":\"Home\",\"item\":\"https:\/\/vosgesinfo.fr\/remiremontinfo\/\"},{\"@type\":\"ListItem\",\"position\":2,\"name\":\"Sant\u00e9 des v\u00e9g\u00e9taux : la mouche orientale des fruits d\u00e9tect\u00e9e pour la premi\u00e8re fois, dans le Grand Est\"}]},{\"@type\":\"WebSite\",\"@id\":\"https:\/\/vosgesinfo.fr\/remiremontinfo\/#website\",\"url\":\"https:\/\/vosgesinfo.fr\/remiremontinfo\/\",\"name\":\"Remiremont Info\",\"description\":\"Toute l&#039;actualit\u00e9 de Remiremont\",\"publisher\":{\"@id\":\"https:\/\/vosgesinfo.fr\/remiremontinfo\/#organization\"},\"alternateName\":\"Toute l'actualit\u00e9 de Remiremont\",\"potentialAction\":[{\"@type\":\"SearchAction\",\"target\":{\"@type\":\"EntryPoint\",\"urlTemplate\":\"https:\/\/vosgesinfo.fr\/remiremontinfo\/?s={search_term_string}\"},\"query-input\":\"required name=search_term_string\"}],\"inLanguage\":\"fr-FR\"},{\"@type\":\"Organization\",\"@id\":\"https:\/\/vosgesinfo.fr\/remiremontinfo\/#organization\",\"name\":\"Remiremont Info\",\"url\":\"https:\/\/vosgesinfo.fr\/remiremontinfo\/\",\"logo\":{\"@type\":\"ImageObject\",\"inLanguage\":\"fr-FR\",\"@id\":\"https:\/\/vosgesinfo.fr\/remiremontinfo\/#\/schema\/logo\/image\/\",\"url\":\"https:\/\/vosgesinfo.fr\/app\/uploads\/sites\/5\/2023\/08\/favicon-remiremontinfo.png\",\"contentUrl\":\"https:\/\/vosgesinfo.fr\/app\/uploads\/sites\/5\/2023\/08\/favicon-remiremontinfo.png\",\"width\":512,\"height\":512,\"caption\":\"Remiremont Info\"},\"image\":{\"@id\":\"https:\/\/vosgesinfo.fr\/remiremontinfo\/#\/schema\/logo\/image\/\"},\"sameAs\":[\"https:\/\/www.facebook.com\/remiremontinfo\",\"https:\/\/x.com\/VosgesInfo88\",\"https:\/\/www.youtube.com\/@vosgesinfo\"]},{\"@type\":\"Person\",\"@id\":\"https:\/\/vosgesinfo.fr\/remiremontinfo\/#\/schema\/person\/3bfd164d5218a185b1db68655a265316\",\"name\":\"C D\",\"image\":{\"@type\":\"ImageObject\",\"inLanguage\":\"fr-FR\",\"@id\":\"https:\/\/vosgesinfo.fr\/remiremontinfo\/#\/schema\/person\/image\/\",\"url\":\"https:\/\/secure.gravatar.com\/avatar\/1f9a70007336511a47468b8f1c66f922b8b7cf617b02a31149ada43893a5d48f?s=96&d=mm&r=g\",\"contentUrl\":\"https:\/\/secure.gravatar.com\/avatar\/1f9a70007336511a47468b8f1c66f922b8b7cf617b02a31149ada43893a5d48f?s=96&d=mm&r=g\",\"caption\":\"C D\"},\"url\":\"https:\/\/vosgesinfo.fr\/remiremontinfo\/author\/cedric-drevet\/\"}]}<\/script>\n<!-- \/ Yoast SEO plugin. -->","yoast_head_json":{"title":"Sant\u00e9 des v\u00e9g\u00e9taux : la mouche orientale des fruits d\u00e9tect\u00e9e pour la premi\u00e8re fois, dans le Grand Est - Remiremont Info","robots":{"index":"index","follow":"follow","max-snippet":"max-snippet:-1","max-image-preview":"max-image-preview:large","max-video-preview":"max-video-preview:-1"},"canonical":"https:\/\/vosgesinfo.fr\/remiremontinfo\/2022\/08\/sante-vegetaux-mouche-orientale-fruits-detectee-premiere-grand\/","twitter_card":"summary_large_image","twitter_title":"Sant\u00e9 des v\u00e9g\u00e9taux : la mouche orientale des fruits d\u00e9tect\u00e9e pour la premi\u00e8re fois, dans le Grand Est - Remiremont Info","twitter_description":"Le r\u00e9seau de surveillance r\u00e9gional des organismes nuisibles aux v\u00e9g\u00e9taux a captur\u00e9 \u00e0 la mi-juillet dans l\u2019agglom\u00e9ration de Mulhouse un [&hellip;]","twitter_image":"https:\/\/vosgesinfo.fr\/app\/uploads\/sites\/5\/2024\/09\/202208fruits-g1f909366c-1920.jpg","twitter_creator":"@VosgesInfo88","twitter_site":"@VosgesInfo88","twitter_misc":{"\u00c9crit par":"C D","Dur\u00e9e de lecture estim\u00e9e":"1 minute"},"schema":{"@context":"https:\/\/schema.org","@graph":[{"@type":"Article","@id":"https:\/\/vosgesinfo.fr\/remiremontinfo\/2022\/08\/sante-vegetaux-mouche-orientale-fruits-detectee-premiere-grand\/#article","isPartOf":{"@id":"https:\/\/vosgesinfo.fr\/remiremontinfo\/2022\/08\/sante-vegetaux-mouche-orientale-fruits-detectee-premiere-grand\/"},"author":{"name":"C D","@id":"https:\/\/vosgesinfo.fr\/remiremontinfo\/#\/schema\/person\/3bfd164d5218a185b1db68655a265316"},"headline":"Sant\u00e9 des v\u00e9g\u00e9taux : la mouche orientale des fruits d\u00e9tect\u00e9e pour la premi\u00e8re fois, dans le Grand Est","datePublished":"2022-08-03T02:30:34+00:00","dateModified":"2022-08-03T02:30:34+00:00","mainEntityOfPage":{"@id":"https:\/\/vosgesinfo.fr\/remiremontinfo\/2022\/08\/sante-vegetaux-mouche-orientale-fruits-detectee-premiere-grand\/"},"wordCount":172,"commentCount":0,"publisher":{"@id":"https:\/\/vosgesinfo.fr\/remiremontinfo\/#organization"},"image":{"@id":"https:\/\/vosgesinfo.fr\/remiremontinfo\/2022\/08\/sante-vegetaux-mouche-orientale-fruits-detectee-premiere-grand\/#primaryimage"},"thumbnailUrl":"https:\/\/vosgesinfo.fr\/app\/uploads\/sites\/5\/2024\/09\/202208fruits-g1f909366c-1920.jpg","keywords":["fruits","Grand Est","vegetaux"],"articleSection":["A la Une","Sant\u00e9"],"inLanguage":"fr-FR","potentialAction":[{"@type":"CommentAction","name":"Comment","target":["https:\/\/vosgesinfo.fr\/remiremontinfo\/2022\/08\/sante-vegetaux-mouche-orientale-fruits-detectee-premiere-grand\/#respond"]}]},{"@type":"WebPage","@id":"https:\/\/vosgesinfo.fr\/remiremontinfo\/2022\/08\/sante-vegetaux-mouche-orientale-fruits-detectee-premiere-grand\/","url":"https:\/\/vosgesinfo.fr\/remiremontinfo\/2022\/08\/sante-vegetaux-mouche-orientale-fruits-detectee-premiere-grand\/","name":"Sant\u00e9 des v\u00e9g\u00e9taux : la mouche orientale des fruits d\u00e9tect\u00e9e pour la premi\u00e8re fois, dans le Grand Est - Remiremont Info","isPartOf":{"@id":"https:\/\/vosgesinfo.fr\/remiremontinfo\/#website"},"primaryImageOfPage":{"@id":"https:\/\/vosgesinfo.fr\/remiremontinfo\/2022\/08\/sante-vegetaux-mouche-orientale-fruits-detectee-premiere-grand\/#primaryimage"},"image":{"@id":"https:\/\/vosgesinfo.fr\/remiremontinfo\/2022\/08\/sante-vegetaux-mouche-orientale-fruits-detectee-premiere-grand\/#primaryimage"},"thumbnailUrl":"https:\/\/vosgesinfo.fr\/app\/uploads\/sites\/5\/2024\/09\/202208fruits-g1f909366c-1920.jpg","datePublished":"2022-08-03T02:30:34+00:00","dateModified":"2022-08-03T02:30:34+00:00","breadcrumb":{"@id":"https:\/\/vosgesinfo.fr\/remiremontinfo\/2022\/08\/sante-vegetaux-mouche-orientale-fruits-detectee-premiere-grand\/#breadcrumb"},"inLanguage":"fr-FR","potentialAction":[{"@type":"ReadAction","target":["https:\/\/vosgesinfo.fr\/remiremontinfo\/2022\/08\/sante-vegetaux-mouche-orientale-fruits-detectee-premiere-grand\/"]}]},{"@type":"ImageObject","inLanguage":"fr-FR","@id":"https:\/\/vosgesinfo.fr\/remiremontinfo\/2022\/08\/sante-vegetaux-mouche-orientale-fruits-detectee-premiere-grand\/#primaryimage","url":"https:\/\/vosgesinfo.fr\/app\/uploads\/sites\/5\/2024\/09\/202208fruits-g1f909366c-1920.jpg","contentUrl":"https:\/\/vosgesinfo.fr\/app\/uploads\/sites\/5\/2024\/09\/202208fruits-g1f909366c-1920.jpg","width":800,"height":533},{"@type":"BreadcrumbList","@id":"https:\/\/vosgesinfo.fr\/remiremontinfo\/2022\/08\/sante-vegetaux-mouche-orientale-fruits-detectee-premiere-grand\/#breadcrumb","itemListElement":[{"@type":"ListItem","position":1,"name":"Home","item":"https:\/\/vosgesinfo.fr\/remiremontinfo\/"},{"@type":"ListItem","position":2,"name":"Sant\u00e9 des v\u00e9g\u00e9taux : la mouche orientale des fruits d\u00e9tect\u00e9e pour la premi\u00e8re fois, dans le Grand Est"}]},{"@type":"WebSite","@id":"https:\/\/vosgesinfo.fr\/remiremontinfo\/#website","url":"https:\/\/vosgesinfo.fr\/remiremontinfo\/","name":"Remiremont Info","description":"Toute l&#039;actualit\u00e9 de Remiremont","publisher":{"@id":"https:\/\/vosgesinfo.fr\/remiremontinfo\/#organization"},"alternateName":"Toute l'actualit\u00e9 de Remiremont","potentialAction":[{"@type":"SearchAction","target":{"@type":"EntryPoint","urlTemplate":"https:\/\/vosgesinfo.fr\/remiremontinfo\/?s={search_term_string}"},"query-input":"required name=search_term_string"}],"inLanguage":"fr-FR"},{"@type":"Organization","@id":"https:\/\/vosgesinfo.fr\/remiremontinfo\/#organization","name":"Remiremont Info","url":"https:\/\/vosgesinfo.fr\/remiremontinfo\/","logo":{"@type":"ImageObject","inLanguage":"fr-FR","@id":"https:\/\/vosgesinfo.fr\/remiremontinfo\/#\/schema\/logo\/image\/","url":"https:\/\/vosgesinfo.fr\/app\/uploads\/sites\/5\/2023\/08\/favicon-remiremontinfo.png","contentUrl":"https:\/\/vosgesinfo.fr\/app\/uploads\/sites\/5\/2023\/08\/favicon-remiremontinfo.png","width":512,"height":512,"caption":"Remiremont Info"},"image":{"@id":"https:\/\/vosgesinfo.fr\/remiremontinfo\/#\/schema\/logo\/image\/"},"sameAs":["https:\/\/www.facebook.com\/remiremontinfo","https:\/\/x.com\/VosgesInfo88","https:\/\/www.youtube.com\/@vosgesinfo"]},{"@type":"Person","@id":"https:\/\/vosgesinfo.fr\/remiremontinfo\/#\/schema\/person\/3bfd164d5218a185b1db68655a265316","name":"C D","image":{"@type":"ImageObject","inLanguage":"fr-FR","@id":"https:\/\/vosgesinfo.fr\/remiremontinfo\/#\/schema\/person\/image\/","url":"https:\/\/secure.gravatar.com\/avatar\/1f9a70007336511a47468b8f1c66f922b8b7cf617b02a31149ada43893a5d48f?s=96&d=mm&r=g","contentUrl":"https:\/\/secure.gravatar.com\/avatar\/1f9a70007336511a47468b8f1c66f922b8b7cf617b02a31149ada43893a5d48f?s=96&d=mm&r=g","caption":"C D"},"url":"https:\/\/vosgesinfo.fr\/remiremontinfo\/author\/cedric-drevet\/"}]}},"_links":{"self":[{"href":"https:\/\/vosgesinfo.fr\/remiremontinfo\/wp-json\/wp\/v2\/posts\/59664","targetHints":{"allow":["GET"]}}],"collection":[{"href":"https:\/\/vosgesinfo.fr\/remiremontinfo\/wp-json\/wp\/v2\/posts"}],"about":[{"href":"https:\/\/vosgesinfo.fr\/remiremontinfo\/wp-json\/wp\/v2\/types\/post"}],"author":[{"embeddable":true,"href":"https:\/\/vosgesinfo.fr\/remiremontinfo\/wp-json\/wp\/v2\/users\/407"}],"replies":[{"embeddable":true,"href":"https:\/\/vosgesinfo.fr\/remiremontinfo\/wp-json\/wp\/v2\/comments?post=59664"}],"version-history":[{"count":0,"href":"https:\/\/vosgesinfo.fr\/remiremontinfo\/wp-json\/wp\/v2\/posts\/59664\/revisions"}],"wp:featuredmedia":[{"embeddable":true,"href":"https:\/\/vosgesinfo.fr\/remiremontinfo\/wp-json\/wp\/v2\/media\/59665"}],"wp:attachment":[{"href":"https:\/\/vosgesinfo.fr\/remiremontinfo\/wp-json\/wp\/v2\/media?parent=59664"}],"wp:term":[{"taxonomy":"category","embeddable":true,"href":"https:\/\/vosgesinfo.fr\/remiremontinfo\/wp-json\/wp\/v2\/categories?post=59664"},{"taxonomy":"post_tag","embeddable":true,"href":"https:\/\/vosgesinfo.fr\/remiremontinfo\/wp-json\/wp\/v2\/tags?post=59664"}],"curies":[{"name":"wp","href":"https:\/\/api.w.org\/{rel}","templated":true}]}}