{"id":59668,"date":"2022-08-03T07:35:14","date_gmt":"2022-08-03T05:35:14","guid":{"rendered":"https:\/\/vosgesinfo.fr\/remiremontinfo\/2022\/08\/sculpture-ballon-dalsace-commemorer-passage-tour-de-france-femmes\/"},"modified":"2022-08-03T07:35:14","modified_gmt":"2022-08-03T05:35:14","slug":"sculpture-ballon-dalsace-commemorer-passage-tour-de-france-femmes","status":"publish","type":"post","link":"https:\/\/vosgesinfo.fr\/remiremontinfo\/2022\/08\/sculpture-ballon-dalsace-commemorer-passage-tour-de-france-femmes\/","title":{"rendered":"Une sculpture au Ballon d\u2019Alsace pour comm\u00e9morer le passage du Tour de France Femmes"},"content":{"rendered":"<p><a href=\"\/2022\/08\/tourdefrancef2-1024x576.jpg\"><img decoding=\"async\" class=\"alignnone size-large wp-image-350005\" src=\"\/2022\/08\/tourdefrancef2-1024x576-1024x576.jpg\" alt=\"tourdefrancef2-1024x576\" width=\"960\" height=\"540\" \/><\/a><\/p>\n<div dir=\"auto\">\n<div id=\"jsc_c_hx\" class=\"ecm0bbzt hv4rvrfc ihqw7lf3 dati1w0a\" data-ad-comet-preview=\"message\" data-ad-preview=\"message\">\n<div class=\"j83agx80 cbu4d94t ew0dbk1b irj2b8pg\">\n<div class=\"qzhwtbm6 knvmm38d\">\n<div class=\"kvgmc6g5 cxmmr5t8 oygrvhab hcukyx3x c1et5uql ii04i59q\">\n<div dir=\"auto\"><\/div>\n<h2 dir=\"auto\"><span style=\"font-size: 12pt;\"><strong>A l\u2019occasion du passage du Tour de France f\u00e9minin, le week-end dernier, une st\u00e8le de l\u2019artiste<span class=\"d2edcug0 hpfvmrgz qv66sw1b c1et5uql lr9zc1uh a8c37x1j fe6kdd0r mau55g9w c8b282yb keod5gw0 nxhoafnm aigsh9s9 d3f4x2em iv3no6db jq4qci2q a3bd9o3v b1v8xokw oo9gr5id hzawbc8m\" dir=\"auto\">\u00a0Agn\u00e8s Descamps \u0153uvre d\u2019art r\u00e9alis\u00e9e dans le cadre des festivit\u00e9s du centenaire du Territoire de Belfort a \u00e9t\u00e9 inaugur\u00e9e en pr\u00e9sence de l\u2019artiste mais aussi de\u00a0Christian Prudhomme, directeur du tour de France masculin, Florian Bouquet, Pr\u00e9sident du Conseil d\u00e9partemental du Territoire de Belfort, et Fran\u00e7ois Vannson, Pr\u00e9sident du D\u00e9partement des Vosges.<\/span><\/strong><\/span><\/h2>\n<\/div>\n<\/div>\n<\/div>\n<\/div>\n<\/div>\n<div dir=\"auto\">\n<div id=\"jsc_c_hx\" class=\"ecm0bbzt hv4rvrfc ihqw7lf3 dati1w0a\" data-ad-comet-preview=\"message\" data-ad-preview=\"message\">\n<div class=\"j83agx80 cbu4d94t ew0dbk1b irj2b8pg\">\n<div class=\"qzhwtbm6 knvmm38d\">\n<div class=\"kvgmc6g5 cxmmr5t8 oygrvhab hcukyx3x c1et5uql ii04i59q\">\n<div dir=\"auto\"><span class=\"d2edcug0 hpfvmrgz qv66sw1b c1et5uql lr9zc1uh a8c37x1j fe6kdd0r mau55g9w c8b282yb keod5gw0 nxhoafnm aigsh9s9 d3f4x2em iv3no6db jq4qci2q a3bd9o3v b1v8xokw oo9gr5id hzawbc8m\" dir=\"auto\" style=\"font-size: 12pt;\">L\u2019oeuvre repr\u00e9sente une cycliste et un lion embl\u00e8me du Territoire de Belfort. \u00ab\u00a0Outre le fait d\u2019\u00eatre un haut lieu du cyclisme, le Ballon d\u2019Alsace est un lieu qui nous rassemble, il est l\u2019intersection du d\u00e9partement des Vosges, du Territoire de Belfort, du Haut Rhin et de la Haute Sa\u00f4ne. Nous aurons de beaux projets \u00e0 mener ensemble. Un tr\u00e8s grand bravo aux organisateurs du Tour de France f\u00e9minin, \u00e0 Marion Rousse la directrice de l\u2019\u00e9preuve, \u00e0 ces remarquables championnes et un bravo tout particulier \u00e0 Annemiek Van Vleuten vainqueur de l\u2019\u00e9tape \u00e0 la super planche des belles filles et du Tour\u00a0\u00bb indique Fran\u00e7ois Vannson.<\/span><\/div>\n<div dir=\"auto\"><span style=\"font-size: 12pt;\">\u00a0<\/span><\/div>\n<div dir=\"auto\"><span class=\"d2edcug0 hpfvmrgz qv66sw1b c1et5uql lr9zc1uh a8c37x1j fe6kdd0r mau55g9w c8b282yb keod5gw0 nxhoafnm aigsh9s9 d3f4x2em iv3no6db jq4qci2q a3bd9o3v b1v8xokw oo9gr5id hzawbc8m\" dir=\"auto\" style=\"font-size: 12pt;\">Ce dernier ajoute : \u00ab\u00a0En 2005 c\u2019est avec Jean Claude C\u00f4me maire du M\u00e9nil \u00e0 l\u2019\u00e9poque que je m\u2019\u00e9tais battu en tant que d\u00e9put\u00e9 pour faire passer le tour au Ballon. Le Ballon d\u2019Alsace a \u00e9t\u00e9 le premier col franchit par le tour en 1905. De bons souvenirs que nous nous sommes rem\u00e9mor\u00e9s avec Christian Prudhomme.\u00a0\u00bb<\/span><\/div>\n<\/div>\n<\/div>\n<\/div>\n<\/div>\n<\/div>\n<p><span style=\"font-size: 12pt;\">\u2013<\/span><\/p>\n<p><span style=\"font-size: 12pt;\">Source :\u00a0<a href=\"https:\/\/www.vosgesmag.fr\/\" target=\"_blank\" rel=\"noopener\">www.vosgesmag.fr<\/a><\/span><\/p>\n","protected":false},"excerpt":{"rendered":"<p>A l\u2019occasion du passage du Tour de France f\u00e9minin, le week-end dernier, une st\u00e8le de l\u2019artiste\u00a0Agn\u00e8s Descamps \u0153uvre d\u2019art r\u00e9alis\u00e9e [&hellip;]<\/p>\n","protected":false},"author":407,"featured_media":59669,"comment_status":"open","ping_status":"open","sticky":false,"template":"","format":"standard","meta":{"footnotes":""},"categories":[26,37,39,14],"tags":[61,4278,32],"class_list":["post-59668","post","type-post","status-publish","format-standard","has-post-thumbnail","hentry","category-a-la-une","category-le-thillot-son-canton","category-saint-maurice-moselle","category-sport","tag-sport","tag-tour-de-france-femmes","tag-vosges"],"acf":[],"yoast_head":"<!-- This site is optimized with the Yoast SEO plugin v22.5 - https:\/\/yoast.com\/wordpress\/plugins\/seo\/ -->\n<title>Une sculpture au Ballon d\u2019Alsace pour comm\u00e9morer le passage du Tour de France Femmes - Remiremont Info<\/title>\n<meta name=\"robots\" content=\"index, follow, max-snippet:-1, max-image-preview:large, max-video-preview:-1\" \/>\n<link rel=\"canonical\" href=\"https:\/\/vosgesinfo.fr\/remiremontinfo\/2022\/08\/sculpture-ballon-dalsace-commemorer-passage-tour-de-france-femmes\/\" \/>\n<meta name=\"twitter:card\" content=\"summary_large_image\" \/>\n<meta name=\"twitter:title\" content=\"Une sculpture au Ballon d\u2019Alsace pour comm\u00e9morer le passage du Tour de France Femmes - Remiremont Info\" \/>\n<meta name=\"twitter:description\" content=\"A l\u2019occasion du passage du Tour de France f\u00e9minin, le week-end dernier, une st\u00e8le de l\u2019artiste\u00a0Agn\u00e8s Descamps \u0153uvre d\u2019art r\u00e9alis\u00e9e [&hellip;]\" \/>\n<meta name=\"twitter:image\" content=\"https:\/\/vosgesinfo.fr\/app\/uploads\/sites\/5\/2024\/09\/202208tourdefrancef2-1024x576-1.jpg\" \/>\n<meta name=\"twitter:creator\" content=\"@VosgesInfo88\" \/>\n<meta name=\"twitter:site\" content=\"@VosgesInfo88\" \/>\n<meta name=\"twitter:label1\" content=\"\u00c9crit par\" \/>\n\t<meta name=\"twitter:data1\" content=\"C D\" \/>\n\t<meta name=\"twitter:label2\" content=\"Dur\u00e9e de lecture estim\u00e9e\" \/>\n\t<meta name=\"twitter:data2\" content=\"1 minute\" \/>\n<script type=\"application\/ld+json\" class=\"yoast-schema-graph\">{\"@context\":\"https:\/\/schema.org\",\"@graph\":[{\"@type\":\"Article\",\"@id\":\"https:\/\/vosgesinfo.fr\/remiremontinfo\/2022\/08\/sculpture-ballon-dalsace-commemorer-passage-tour-de-france-femmes\/#article\",\"isPartOf\":{\"@id\":\"https:\/\/vosgesinfo.fr\/remiremontinfo\/2022\/08\/sculpture-ballon-dalsace-commemorer-passage-tour-de-france-femmes\/\"},\"author\":{\"name\":\"C D\",\"@id\":\"https:\/\/vosgesinfo.fr\/remiremontinfo\/#\/schema\/person\/3bfd164d5218a185b1db68655a265316\"},\"headline\":\"Une sculpture au Ballon d\u2019Alsace pour comm\u00e9morer le passage du Tour de France Femmes\",\"datePublished\":\"2022-08-03T05:35:14+00:00\",\"dateModified\":\"2022-08-03T05:35:14+00:00\",\"mainEntityOfPage\":{\"@id\":\"https:\/\/vosgesinfo.fr\/remiremontinfo\/2022\/08\/sculpture-ballon-dalsace-commemorer-passage-tour-de-france-femmes\/\"},\"wordCount\":278,\"commentCount\":0,\"publisher\":{\"@id\":\"https:\/\/vosgesinfo.fr\/remiremontinfo\/#organization\"},\"image\":{\"@id\":\"https:\/\/vosgesinfo.fr\/remiremontinfo\/2022\/08\/sculpture-ballon-dalsace-commemorer-passage-tour-de-france-femmes\/#primaryimage\"},\"thumbnailUrl\":\"https:\/\/vosgesinfo.fr\/app\/uploads\/sites\/5\/2024\/09\/202208tourdefrancef2-1024x576-1.jpg\",\"keywords\":[\"sport\",\"tour de france femmes\",\"Vosges\"],\"articleSection\":[\"A la Une\",\"Le Thillot &amp; son canton\",\"Saint-Maurice\/Moselle\",\"Sport\"],\"inLanguage\":\"fr-FR\",\"potentialAction\":[{\"@type\":\"CommentAction\",\"name\":\"Comment\",\"target\":[\"https:\/\/vosgesinfo.fr\/remiremontinfo\/2022\/08\/sculpture-ballon-dalsace-commemorer-passage-tour-de-france-femmes\/#respond\"]}]},{\"@type\":\"WebPage\",\"@id\":\"https:\/\/vosgesinfo.fr\/remiremontinfo\/2022\/08\/sculpture-ballon-dalsace-commemorer-passage-tour-de-france-femmes\/\",\"url\":\"https:\/\/vosgesinfo.fr\/remiremontinfo\/2022\/08\/sculpture-ballon-dalsace-commemorer-passage-tour-de-france-femmes\/\",\"name\":\"Une sculpture au Ballon d\u2019Alsace pour comm\u00e9morer le passage du Tour de France Femmes - Remiremont Info\",\"isPartOf\":{\"@id\":\"https:\/\/vosgesinfo.fr\/remiremontinfo\/#website\"},\"primaryImageOfPage\":{\"@id\":\"https:\/\/vosgesinfo.fr\/remiremontinfo\/2022\/08\/sculpture-ballon-dalsace-commemorer-passage-tour-de-france-femmes\/#primaryimage\"},\"image\":{\"@id\":\"https:\/\/vosgesinfo.fr\/remiremontinfo\/2022\/08\/sculpture-ballon-dalsace-commemorer-passage-tour-de-france-femmes\/#primaryimage\"},\"thumbnailUrl\":\"https:\/\/vosgesinfo.fr\/app\/uploads\/sites\/5\/2024\/09\/202208tourdefrancef2-1024x576-1.jpg\",\"datePublished\":\"2022-08-03T05:35:14+00:00\",\"dateModified\":\"2022-08-03T05:35:14+00:00\",\"breadcrumb\":{\"@id\":\"https:\/\/vosgesinfo.fr\/remiremontinfo\/2022\/08\/sculpture-ballon-dalsace-commemorer-passage-tour-de-france-femmes\/#breadcrumb\"},\"inLanguage\":\"fr-FR\",\"potentialAction\":[{\"@type\":\"ReadAction\",\"target\":[\"https:\/\/vosgesinfo.fr\/remiremontinfo\/2022\/08\/sculpture-ballon-dalsace-commemorer-passage-tour-de-france-femmes\/\"]}]},{\"@type\":\"ImageObject\",\"inLanguage\":\"fr-FR\",\"@id\":\"https:\/\/vosgesinfo.fr\/remiremontinfo\/2022\/08\/sculpture-ballon-dalsace-commemorer-passage-tour-de-france-femmes\/#primaryimage\",\"url\":\"https:\/\/vosgesinfo.fr\/app\/uploads\/sites\/5\/2024\/09\/202208tourdefrancef2-1024x576-1.jpg\",\"contentUrl\":\"https:\/\/vosgesinfo.fr\/app\/uploads\/sites\/5\/2024\/09\/202208tourdefrancef2-1024x576-1.jpg\",\"width\":1024,\"height\":576},{\"@type\":\"BreadcrumbList\",\"@id\":\"https:\/\/vosgesinfo.fr\/remiremontinfo\/2022\/08\/sculpture-ballon-dalsace-commemorer-passage-tour-de-france-femmes\/#breadcrumb\",\"itemListElement\":[{\"@type\":\"ListItem\",\"position\":1,\"name\":\"Home\",\"item\":\"https:\/\/vosgesinfo.fr\/remiremontinfo\/\"},{\"@type\":\"ListItem\",\"position\":2,\"name\":\"Une sculpture au Ballon d\u2019Alsace pour comm\u00e9morer le passage du Tour de France Femmes\"}]},{\"@type\":\"WebSite\",\"@id\":\"https:\/\/vosgesinfo.fr\/remiremontinfo\/#website\",\"url\":\"https:\/\/vosgesinfo.fr\/remiremontinfo\/\",\"name\":\"Remiremont Info\",\"description\":\"Toute l&#039;actualit\u00e9 de Remiremont\",\"publisher\":{\"@id\":\"https:\/\/vosgesinfo.fr\/remiremontinfo\/#organization\"},\"alternateName\":\"Toute l'actualit\u00e9 de Remiremont\",\"potentialAction\":[{\"@type\":\"SearchAction\",\"target\":{\"@type\":\"EntryPoint\",\"urlTemplate\":\"https:\/\/vosgesinfo.fr\/remiremontinfo\/?s={search_term_string}\"},\"query-input\":\"required name=search_term_string\"}],\"inLanguage\":\"fr-FR\"},{\"@type\":\"Organization\",\"@id\":\"https:\/\/vosgesinfo.fr\/remiremontinfo\/#organization\",\"name\":\"Remiremont Info\",\"url\":\"https:\/\/vosgesinfo.fr\/remiremontinfo\/\",\"logo\":{\"@type\":\"ImageObject\",\"inLanguage\":\"fr-FR\",\"@id\":\"https:\/\/vosgesinfo.fr\/remiremontinfo\/#\/schema\/logo\/image\/\",\"url\":\"https:\/\/vosgesinfo.fr\/app\/uploads\/sites\/5\/2023\/08\/favicon-remiremontinfo.png\",\"contentUrl\":\"https:\/\/vosgesinfo.fr\/app\/uploads\/sites\/5\/2023\/08\/favicon-remiremontinfo.png\",\"width\":512,\"height\":512,\"caption\":\"Remiremont Info\"},\"image\":{\"@id\":\"https:\/\/vosgesinfo.fr\/remiremontinfo\/#\/schema\/logo\/image\/\"},\"sameAs\":[\"https:\/\/www.facebook.com\/remiremontinfo\",\"https:\/\/x.com\/VosgesInfo88\",\"https:\/\/www.youtube.com\/@vosgesinfo\"]},{\"@type\":\"Person\",\"@id\":\"https:\/\/vosgesinfo.fr\/remiremontinfo\/#\/schema\/person\/3bfd164d5218a185b1db68655a265316\",\"name\":\"C D\",\"image\":{\"@type\":\"ImageObject\",\"inLanguage\":\"fr-FR\",\"@id\":\"https:\/\/vosgesinfo.fr\/remiremontinfo\/#\/schema\/person\/image\/\",\"url\":\"https:\/\/secure.gravatar.com\/avatar\/1f9a70007336511a47468b8f1c66f922b8b7cf617b02a31149ada43893a5d48f?s=96&d=mm&r=g\",\"contentUrl\":\"https:\/\/secure.gravatar.com\/avatar\/1f9a70007336511a47468b8f1c66f922b8b7cf617b02a31149ada43893a5d48f?s=96&d=mm&r=g\",\"caption\":\"C D\"},\"url\":\"https:\/\/vosgesinfo.fr\/remiremontinfo\/author\/cedric-drevet\/\"}]}<\/script>\n<!-- \/ Yoast SEO plugin. -->","yoast_head_json":{"title":"Une sculpture au Ballon d\u2019Alsace pour comm\u00e9morer le passage du Tour de France Femmes - Remiremont Info","robots":{"index":"index","follow":"follow","max-snippet":"max-snippet:-1","max-image-preview":"max-image-preview:large","max-video-preview":"max-video-preview:-1"},"canonical":"https:\/\/vosgesinfo.fr\/remiremontinfo\/2022\/08\/sculpture-ballon-dalsace-commemorer-passage-tour-de-france-femmes\/","twitter_card":"summary_large_image","twitter_title":"Une sculpture au Ballon d\u2019Alsace pour comm\u00e9morer le passage du Tour de France Femmes - Remiremont Info","twitter_description":"A l\u2019occasion du passage du Tour de France f\u00e9minin, le week-end dernier, une st\u00e8le de l\u2019artiste\u00a0Agn\u00e8s Descamps \u0153uvre d\u2019art r\u00e9alis\u00e9e [&hellip;]","twitter_image":"https:\/\/vosgesinfo.fr\/app\/uploads\/sites\/5\/2024\/09\/202208tourdefrancef2-1024x576-1.jpg","twitter_creator":"@VosgesInfo88","twitter_site":"@VosgesInfo88","twitter_misc":{"\u00c9crit par":"C D","Dur\u00e9e de lecture estim\u00e9e":"1 minute"},"schema":{"@context":"https:\/\/schema.org","@graph":[{"@type":"Article","@id":"https:\/\/vosgesinfo.fr\/remiremontinfo\/2022\/08\/sculpture-ballon-dalsace-commemorer-passage-tour-de-france-femmes\/#article","isPartOf":{"@id":"https:\/\/vosgesinfo.fr\/remiremontinfo\/2022\/08\/sculpture-ballon-dalsace-commemorer-passage-tour-de-france-femmes\/"},"author":{"name":"C D","@id":"https:\/\/vosgesinfo.fr\/remiremontinfo\/#\/schema\/person\/3bfd164d5218a185b1db68655a265316"},"headline":"Une sculpture au Ballon d\u2019Alsace pour comm\u00e9morer le passage du Tour de France Femmes","datePublished":"2022-08-03T05:35:14+00:00","dateModified":"2022-08-03T05:35:14+00:00","mainEntityOfPage":{"@id":"https:\/\/vosgesinfo.fr\/remiremontinfo\/2022\/08\/sculpture-ballon-dalsace-commemorer-passage-tour-de-france-femmes\/"},"wordCount":278,"commentCount":0,"publisher":{"@id":"https:\/\/vosgesinfo.fr\/remiremontinfo\/#organization"},"image":{"@id":"https:\/\/vosgesinfo.fr\/remiremontinfo\/2022\/08\/sculpture-ballon-dalsace-commemorer-passage-tour-de-france-femmes\/#primaryimage"},"thumbnailUrl":"https:\/\/vosgesinfo.fr\/app\/uploads\/sites\/5\/2024\/09\/202208tourdefrancef2-1024x576-1.jpg","keywords":["sport","tour de france femmes","Vosges"],"articleSection":["A la Une","Le Thillot &amp; son canton","Saint-Maurice\/Moselle","Sport"],"inLanguage":"fr-FR","potentialAction":[{"@type":"CommentAction","name":"Comment","target":["https:\/\/vosgesinfo.fr\/remiremontinfo\/2022\/08\/sculpture-ballon-dalsace-commemorer-passage-tour-de-france-femmes\/#respond"]}]},{"@type":"WebPage","@id":"https:\/\/vosgesinfo.fr\/remiremontinfo\/2022\/08\/sculpture-ballon-dalsace-commemorer-passage-tour-de-france-femmes\/","url":"https:\/\/vosgesinfo.fr\/remiremontinfo\/2022\/08\/sculpture-ballon-dalsace-commemorer-passage-tour-de-france-femmes\/","name":"Une sculpture au Ballon d\u2019Alsace pour comm\u00e9morer le passage du Tour de France Femmes - Remiremont Info","isPartOf":{"@id":"https:\/\/vosgesinfo.fr\/remiremontinfo\/#website"},"primaryImageOfPage":{"@id":"https:\/\/vosgesinfo.fr\/remiremontinfo\/2022\/08\/sculpture-ballon-dalsace-commemorer-passage-tour-de-france-femmes\/#primaryimage"},"image":{"@id":"https:\/\/vosgesinfo.fr\/remiremontinfo\/2022\/08\/sculpture-ballon-dalsace-commemorer-passage-tour-de-france-femmes\/#primaryimage"},"thumbnailUrl":"https:\/\/vosgesinfo.fr\/app\/uploads\/sites\/5\/2024\/09\/202208tourdefrancef2-1024x576-1.jpg","datePublished":"2022-08-03T05:35:14+00:00","dateModified":"2022-08-03T05:35:14+00:00","breadcrumb":{"@id":"https:\/\/vosgesinfo.fr\/remiremontinfo\/2022\/08\/sculpture-ballon-dalsace-commemorer-passage-tour-de-france-femmes\/#breadcrumb"},"inLanguage":"fr-FR","potentialAction":[{"@type":"ReadAction","target":["https:\/\/vosgesinfo.fr\/remiremontinfo\/2022\/08\/sculpture-ballon-dalsace-commemorer-passage-tour-de-france-femmes\/"]}]},{"@type":"ImageObject","inLanguage":"fr-FR","@id":"https:\/\/vosgesinfo.fr\/remiremontinfo\/2022\/08\/sculpture-ballon-dalsace-commemorer-passage-tour-de-france-femmes\/#primaryimage","url":"https:\/\/vosgesinfo.fr\/app\/uploads\/sites\/5\/2024\/09\/202208tourdefrancef2-1024x576-1.jpg","contentUrl":"https:\/\/vosgesinfo.fr\/app\/uploads\/sites\/5\/2024\/09\/202208tourdefrancef2-1024x576-1.jpg","width":1024,"height":576},{"@type":"BreadcrumbList","@id":"https:\/\/vosgesinfo.fr\/remiremontinfo\/2022\/08\/sculpture-ballon-dalsace-commemorer-passage-tour-de-france-femmes\/#breadcrumb","itemListElement":[{"@type":"ListItem","position":1,"name":"Home","item":"https:\/\/vosgesinfo.fr\/remiremontinfo\/"},{"@type":"ListItem","position":2,"name":"Une sculpture au Ballon d\u2019Alsace pour comm\u00e9morer le passage du Tour de France Femmes"}]},{"@type":"WebSite","@id":"https:\/\/vosgesinfo.fr\/remiremontinfo\/#website","url":"https:\/\/vosgesinfo.fr\/remiremontinfo\/","name":"Remiremont Info","description":"Toute l&#039;actualit\u00e9 de Remiremont","publisher":{"@id":"https:\/\/vosgesinfo.fr\/remiremontinfo\/#organization"},"alternateName":"Toute l'actualit\u00e9 de Remiremont","potentialAction":[{"@type":"SearchAction","target":{"@type":"EntryPoint","urlTemplate":"https:\/\/vosgesinfo.fr\/remiremontinfo\/?s={search_term_string}"},"query-input":"required name=search_term_string"}],"inLanguage":"fr-FR"},{"@type":"Organization","@id":"https:\/\/vosgesinfo.fr\/remiremontinfo\/#organization","name":"Remiremont Info","url":"https:\/\/vosgesinfo.fr\/remiremontinfo\/","logo":{"@type":"ImageObject","inLanguage":"fr-FR","@id":"https:\/\/vosgesinfo.fr\/remiremontinfo\/#\/schema\/logo\/image\/","url":"https:\/\/vosgesinfo.fr\/app\/uploads\/sites\/5\/2023\/08\/favicon-remiremontinfo.png","contentUrl":"https:\/\/vosgesinfo.fr\/app\/uploads\/sites\/5\/2023\/08\/favicon-remiremontinfo.png","width":512,"height":512,"caption":"Remiremont Info"},"image":{"@id":"https:\/\/vosgesinfo.fr\/remiremontinfo\/#\/schema\/logo\/image\/"},"sameAs":["https:\/\/www.facebook.com\/remiremontinfo","https:\/\/x.com\/VosgesInfo88","https:\/\/www.youtube.com\/@vosgesinfo"]},{"@type":"Person","@id":"https:\/\/vosgesinfo.fr\/remiremontinfo\/#\/schema\/person\/3bfd164d5218a185b1db68655a265316","name":"C D","image":{"@type":"ImageObject","inLanguage":"fr-FR","@id":"https:\/\/vosgesinfo.fr\/remiremontinfo\/#\/schema\/person\/image\/","url":"https:\/\/secure.gravatar.com\/avatar\/1f9a70007336511a47468b8f1c66f922b8b7cf617b02a31149ada43893a5d48f?s=96&d=mm&r=g","contentUrl":"https:\/\/secure.gravatar.com\/avatar\/1f9a70007336511a47468b8f1c66f922b8b7cf617b02a31149ada43893a5d48f?s=96&d=mm&r=g","caption":"C D"},"url":"https:\/\/vosgesinfo.fr\/remiremontinfo\/author\/cedric-drevet\/"}]}},"_links":{"self":[{"href":"https:\/\/vosgesinfo.fr\/remiremontinfo\/wp-json\/wp\/v2\/posts\/59668","targetHints":{"allow":["GET"]}}],"collection":[{"href":"https:\/\/vosgesinfo.fr\/remiremontinfo\/wp-json\/wp\/v2\/posts"}],"about":[{"href":"https:\/\/vosgesinfo.fr\/remiremontinfo\/wp-json\/wp\/v2\/types\/post"}],"author":[{"embeddable":true,"href":"https:\/\/vosgesinfo.fr\/remiremontinfo\/wp-json\/wp\/v2\/users\/407"}],"replies":[{"embeddable":true,"href":"https:\/\/vosgesinfo.fr\/remiremontinfo\/wp-json\/wp\/v2\/comments?post=59668"}],"version-history":[{"count":0,"href":"https:\/\/vosgesinfo.fr\/remiremontinfo\/wp-json\/wp\/v2\/posts\/59668\/revisions"}],"wp:featuredmedia":[{"embeddable":true,"href":"https:\/\/vosgesinfo.fr\/remiremontinfo\/wp-json\/wp\/v2\/media\/59669"}],"wp:attachment":[{"href":"https:\/\/vosgesinfo.fr\/remiremontinfo\/wp-json\/wp\/v2\/media?parent=59668"}],"wp:term":[{"taxonomy":"category","embeddable":true,"href":"https:\/\/vosgesinfo.fr\/remiremontinfo\/wp-json\/wp\/v2\/categories?post=59668"},{"taxonomy":"post_tag","embeddable":true,"href":"https:\/\/vosgesinfo.fr\/remiremontinfo\/wp-json\/wp\/v2\/tags?post=59668"}],"curies":[{"name":"wp","href":"https:\/\/api.w.org\/{rel}","templated":true}]}}